{"id":16844,"date":"2013-11-09T20:56:59","date_gmt":"2013-11-09T19:56:59","guid":{"rendered":"http:\/\/www.hohenlohe-ungefiltert.de\/?p=16844"},"modified":"2013-11-09T21:07:56","modified_gmt":"2013-11-09T20:07:56","slug":"faschismus-und-neofaschismus-organisieren-den-terror-systematisch-und-rucksichtslos-rede-von-jochen-durr-bei-demonstration-in-heilbronnno","status":"publish","type":"post","link":"https:\/\/www.hohenlohe-ungefiltert.de\/?p=16844","title":{"rendered":"&#8222;Faschismus und Neofaschismus organisieren den Terror: systematisch und r\u00fccksichtslos&#8220; \u2013\u00a0Rede von Jochen D\u00fcrr bei einer Demonstration in Heilbronn"},"content":{"rendered":"<p><strong>Bei der Demonstration &#8222;Naziterror und Rassismus bek\u00e4mpfen! Verfassungsschutz aufl\u00f6sen&#8220; am 2. November 2013 in Heilbronn hat Jochen D\u00fcrr aus Schw\u00e4bisch Hall gesprochen. Jochen D\u00fcrr ist Landessprecher der VVN-BdA Baden-W\u00fcrttemberg.<\/strong><\/p>\n<p><em>Von Jochen D\u00fcrr, Landessprecher der VVN-BdA Baden-W\u00fcrttemberg<\/em><\/p>\n<p><strong>Liebe Freundinnen, liebe Freunde, liebe Antifaschistinnen, liebe Antifaschisten,<\/strong><\/p>\n<p>f\u00fcr uns als \u00e4lteste antifaschistische Vereinigung war es schon immer klar: Faschismus ist ein Verbrechen, dazu bedurfte es keiner Naziterrorzelle.<\/p>\n<p><strong>Leichenberge der von deutschen Faschisten zu Tode gequ\u00e4lten Menschen<\/strong><\/p>\n<p>Jeder, der das wissen will, wei\u00df dass seit den 1920iger Jahren faschistische Bewegungen in Europa entstanden sind und zur Macht gelangten. Wer es zuvor nicht wissen wollte, erfuhr es sp\u00e4testens 1945 als die von den Befreiern gemachten Bilder der Leichenberge der vom deutschen Faschismus zu Tode gequ\u00e4lten Menschen ver\u00f6ffentlicht wurden.<\/p>\n<p><strong>PolitikerInnen, Beh\u00f6rden und Geheimdienste geben sich ahnungslos<\/strong><\/p>\n<p>Man sollte also davon ausgehen, dass dies auch deutsche PolitikerInnen, Beh\u00f6rden und Geheimdienste wissen k\u00f6nnen. Die aber gaben und geben sich auf vielfache Weise ahnungslos:<\/p>\n<p>\u2013 Beim M\u00fcnchner Oktoberfestattentat, das 13 Todesopfer forderte, sollten die T\u00e4ter zun\u00e4chst aus dem linken politischen Umfeld sein und dann einigte man sich, wie so oft, wenn Bomben geschmissen, Wohnheime angez\u00fcndet oder Menschen totgeschlagen wurden, auf einen fehlgeleiteten jugendlichen Einzelt\u00e4ter.<\/p>\n<p>\u2013 Solche Einzelt\u00e4ter kamen zum Einsatz, als ein NPD-Jugendfunktion\u00e4r vor drei Jahren in L\u00f6rrach dabei war eine Splitterbombe zu basteln \u2013 er wurde freigesprochen.<\/p>\n<p>\u2013 Als ein pressebekannter Nazi in S\u00fcdbaden einen Antifaschisten \u00fcber den Haufen fuhr und lebensbedrohend verletzte \u2013 er wurde freigesprochen.<\/p>\n<p>\u2013 Als Nazis in Schorndorf Migranten in eine Gartenh\u00fctte trieben und diese anz\u00fcndeten \u2013 die Schuldigen konnten erst gar nicht \u00fcberf\u00fchrt werden.<\/p>\n<p><strong>Dies sind nur einige Beipiele aus der j\u00fcngeren Vergangenheit.<\/strong><\/p>\n<p>Bei keinem der ann\u00e4hernd 200 Todesopfer, die faschistischer und rassistischer Terror seit 1990 in diesem Lande gefordert haben, gingen die damit befassten Beh\u00f6rden davon aus, was viele wissen:<\/p>\n<p>\u2013 Faschismus und Neofaschismus bringen keine fehlgeleiteten Einzelt\u00e4ter hervor.<\/p>\n<p>\u2013 Faschismus und Neofaschismus organisieren den Terror, systematisch, geplant und r\u00fccksichtslos.<\/p>\n<p>Weil Terrorismus verboten ist, sind wir auch der Meinung, dass Faschismus und Faschisten verboten sind und verboten geh\u00f6ren!<\/p>\n<p><strong>Besch\u00e4mend schleppender Umgang mit dem Verbot der faschistischen NPD<\/strong><\/p>\n<p>Das f\u00e4ngt an bei der deutschlandweit \u00e4ltesten und gr\u00f6\u00dften Organisation in der sich Faschisten organisieren: Der NPD. Der besch\u00e4mend schleppende Umgang mit dem seit Jahren h\u00e4ufig lippenbekenntnishaft geforderten Verbot dieser faschistischen Partei ist beispielhaft f\u00fcr den Umgang mit dem Verbrechen des Faschismus in diesem Land.<\/p>\n<p><strong>Verfahren gegen die Naziverbrecher verschleppt<\/strong><\/p>\n<p>Es ist auch diese Systematik, in die in Stuttgart ein Staatsanwalt H\u00e4u\u00dfler passt, der AntifaschistInnen jahrelang kriminalisiert hat, weil sie Buttons mit durchgestrichenen Hakenkreuze trugen und die Verfahren gegen die Naziverbrecher von St\u2019 Anna verschleppte. Wer es ernst damit meint, dass Faschismus ein Verbrechen ist, der muss auch ernst machen mit dem NPD-Verbot.<\/p>\n<p><strong>Schluss mit den st\u00e4ndigen Naziaufm\u00e4rschen<\/strong><\/p>\n<p>Faschistische Bet\u00e4tigung und Propaganda d\u00fcrfen auch keinen legalen Raum auf Stra\u00dfen und Pl\u00e4tzen haben. Es muss Schluss sein mit den st\u00e4ndigen Naziaufm\u00e4rschen und ihren menschenfeindlichen Hetzparolen.<\/p>\n<p><strong>W\u00fcrde des Menschen ist unantastbar<\/strong><\/p>\n<p>Es kann nicht sein, dass B\u00fcrgermeister und Gemeinden, diese Aufm\u00e4rsche verbieten, Gerichte sie dann aber wieder zulassen. Die W\u00fcrde des Menschen muss auch dort als unantastbar verteidigt werden.<\/p>\n<p><strong> Artikel 139 Grundgesetz: Faschismus ist verboten<\/strong><\/p>\n<p>Es muss auch Schluss damit sein, dass AntifaschistInnen im Widerstand gegen diese Aufm\u00e4rsche stundenlang gekesselt werden. Artikel 139 des Grundgesetzes sagt, dass der Faschismus verboten ist und nicht die antifaschistischen Proteste. Nach dem Bekanntwerden der Mordserie der faschistischen Terrorbande erleben wir dasselbe Spiel, das sich uns seit Jahren nach jedem rechtsterroristischen Anschlag bietet:<\/p>\n<p>\u2013 Wieder sollen es isolierte fehlgeleitete Einzelt\u00e4ter sein, am liebsten nur jene drei, notfalls eine Handvoll mehr, wie sie im Prozess in M\u00fcnchen angeklagt sind.<\/p>\n<p><strong>Mindestens f\u00fcnf V-Leute von Geheimdienst und Polizei auf Theresienwiese<\/strong><\/p>\n<p>Es wird immer offensichtlicher, dass es sich um ein weitverzweigtes Netz des organisierten Terrors handelt, in das weite Teile des staatlichen Sicherheitapparates verwoben sind. Das zeigt sich auch am Tatort hier in Heilbronn auf der Theresienwiese. Der hier begangene Mord weicht deutlich vom Muster der andereren rassistischen Bluttaten ab. Hier wurde eine Polizistin, deren Gruppenleiter Mitglied des Ku-Klux-Klans war, erschossen. An diesem Tag wimmelte es auf der Heilbronner Theresienwiese nur so von Geheimdienstmitarbeitern. Mindestens f\u00fcnf V-Leute von Geheimdienst und Polizei gaben sich dort ein Stelldichein.<\/p>\n<p><strong>Phantombild \u00e4hnelt Neonazi Alexander Neidlein<\/strong><\/p>\n<p>Der baden-w\u00fcrttembergische Verfassungsschutz wurde wenige Tage nach dem Mord von einer V-Frau auf Zusammenh\u00e4nge mit der \u00f6rtlichen Neonaziszene hingewiesen. Alle vier\u00a0 Phantombilder, die mit Hilfe von Zeugen nach der Tat erstellt wurden, \u00e4hneln weder B\u00f6hnhardt, noch Mundlos, eines jedoch auffallend dem baden-w\u00fcrttembergischen Neonazi, Ex-S\u00f6ldner, JN-Funktion\u00e4r und mutma\u00dflichen V-Mann Alexander Neidlein.<\/p>\n<p><strong>Als S\u00f6ldner f\u00fcr die HOS-Miliz der kroatischen Faschisten gek\u00e4mpft<\/strong><\/p>\n<p>Der aus Crailsheim stammende Alexander Neidlein wurde bekannt, nachdem er als 19-J\u00e4hriger 1993 einige Monate in Bosnien als S\u00f6ldner f\u00fcr die HOS-Miliz der kroatischen Faschisten k\u00e4mpfte. Hier kn\u00fcpfte er Kontakte zu einer rechtsextremen S\u00f6ldnertruppe. Am Flughafen von Johannesburg wurde er von einem Mitglied des Ku-Klux-Klan empfangen. Neidlein wurde in S\u00fcdafrika wegen illegalen Waffenbesitzes zu drei Jahren Haft auf Bew\u00e4hrung verurteilt und in die Bundesrepublik Deutschland abgeschoben. Hier ging er ebenfalls in Haft, da er sich seine Reise nach S\u00fcdafrika durch einen \u00dcberfall finanziert hatte. Nach seinem Aufenthalt in Bosnien hatte Neidlein im Dezember 1993 ein L\u00fcbecker Postamt \u00fcberfallen und 8.500 D-Mark erbeutet. Daf\u00fcr wurde Neidlein Ende 1994 in L\u00fcbeck zu einer Jugendstrafe von zweieinhalb Jahren verurteilt. Seit Ende der 1990er Jahre machte er schnell Karriere bei der JN, der Jugendorganisation der NPD und ist zwischenzeitlich der Landesvorsitzende der NPD Baden-W\u00fcrttemberg. Bei einer NPD-Bustour im Bundestagswahlkampf auch hier in Heilbronn im September 2013 trat er auch als Redner auf.<\/p>\n<p><strong>Aber damit noch noch nicht genug an Auff\u00e4lligkeiten:<\/strong><\/p>\n<p>Vor wenigen Wochen verbrannte auf dem Cannstatter Wasen ein beh\u00f6rdenbekannter Neonazi in seinem Auto. Er war nach Stuttgart gefahren, um Aussagen zum Heilbronner Mordfall und \u00fcber eine ihm bekannte weitere Neonaziterrortruppe, die &#8222;Neoschutzstaffel, NSS&#8220; zu machen. Statt zum Termin beim Landeskriminalamt, so die schnellen Ermittlungsergebnisse, fuhr er auf den Wasen und begann angeschnallt Selbstmord, wegen angeblicher &#8222;Beziehungsprobleme&#8220;.<\/p>\n<p><strong>Bisher kein parlamentarischer Untersuchungsausschuss<\/strong><\/p>\n<p>Trotz vieler anderer Hinweise auf enge Zusammenh\u00e4nge zwischen dem Terrornetzwerk NSU, der Neonaziszene in Baden-W\u00fcrttemberg und dem baden-w\u00fcrttembergischen Landesamt f\u00fcr Verfassungsschutz, gibt es im Unterschied zu anderen betroffenen Bundesl\u00e4ndern in Baden-W\u00fcrttemberg bisher keinen parlamentarischen Untersuchungsausschuss, um das Ausma\u00df dieser Verflechtungen zu untersuchen.<\/p>\n<p><strong>Wir fordern, dass das anders wird:<\/strong><\/p>\n<p>\u2013 Im Landtag von Baden-W\u00fcrttemberg m\u00fcssen in einem Untersuchungsausschuss die Verbrechen der NaziterroristInnen aufgearbeitet und die Verbindungen nach und in Baden-W\u00fcrttemberg untersucht werden.<\/p>\n<p><strong>Und noch eine Forderung ist im Lichte des neofaschistischen Terrors unausweichlich:<\/strong><\/p>\n<p>\u2013 Verboten und aufgel\u00f6st geh\u00f6ren nicht allein die NPD und alle anderen faschistischen Organisationen und Umtriebe.<\/p>\n<p>\u2013 Verboten und aufgel\u00f6st, geh\u00f6rt auch eine Beh\u00f6rde, die die Demokratie nicht sch\u00fctzt, weil sie Verbrechen zumindest verschleiert, wenn nicht aktiv f\u00f6rdert, weil sie den neofaschistischen Terror finanziert und damit auch unterst\u00fctzt.<\/p>\n<p>\u2013 Verboten und aufgel\u00f6st geh\u00f6rt der Geheimdienst Verfassungsschutz und zwar sofort.<\/p>\n<p>\u2013 Die seit zwei Jahren nicht mehr zu verschleiernede und besch\u00f6nigende Erkenntnis, dass neun Jahre lang eine faschistische Terrorgruppe unentdeckt, unverfolgt und unbestraft morden konnte, hat bewiesen, dass Faschismus keine Meinung, sondern ein Verbrechen ist!<\/p>\n<p>Dazu stehen wir heute hier in Heilbronn und am 16. November 2013 in Schw\u00e4bisch Hall auf der Stra\u00dfe!<\/p>\n<p>Vielen Dank f\u00fcr Eure Aufmerksamkeit!<\/p>\n<p><strong>Weitere Informationen \u00fcber die Demonstration am Samstag, 16. November 2013, um 11 Uhr in Schw\u00e4bisch Hall:<\/strong><\/p>\n<p><a href=\"http:\/\/www.clubalpha60.de\/events\/event.php?event=2013-11-16-naziterror-und-rassismus-bekaempfen \" target=\"_blank\">http:\/\/www.clubalpha60.de\/events\/event.php?event=2013-11-16-naziterror-und-rassismus-bekaempfen<\/a><\/p>\n<p><strong>Weitere Informationen im Internet \u00fcber die VVN-BdA:<\/strong><\/p>\n<p><a href=\"http:\/\/schwaebisch-hall.vvn-bda.de\/category\/artikel\/\" target=\"_blank\">http:\/\/schwaebisch-hall.vvn-bda.de\/category\/artikel\/<\/a><\/p>\n<div class=\"pdf24Plugin-cp\"> \t<form name=\"pdf24Form0\" method=\"post\" action=\"https:\/\/doc2pdf.pdf24.org\/wordpress.php\" target=\"pdf24PopWin\" onsubmit=\"var pdf24Win = window.open('about:blank', 'pdf24PopWin', 'resizable=yes,scrollbars=yes,width=600,height=250,left='+(screen.width\/2-300)+',top='+(screen.height\/3-125)+''); pdf24Win.focus(); if(typeof pdf24OnCreatePDF === 'function'){void(pdf24OnCreatePDF(this,pdf24Win));}\"> \t\t<input type=\"hidden\" name=\"blogCharset\" value=\"Cw1x07UAAA==\" \/><input type=\"hidden\" name=\"blogPosts\" value=\"MwQA\" \/><input type=\"hidden\" name=\"blogUrl\" value=\"yygpKSi20tcvLy\/Xy8jPSM3LARK6pXnpqWmZOSWpRSV6KakA\" \/><input type=\"hidden\" name=\"blogName\" value=\"88jPSM3LARK6pXnpqWmZOSWpRSUA\" \/><input type=\"hidden\" name=\"blogValueEncoding\" value=\"gzdeflate base64\" \/><input type=\"hidden\" name=\"postId_0\" value=\"MzSzMDEBAA==\" \/><input type=\"hidden\" name=\"postTitle_0\" value=\"RYwxCgIxEEWvMiBsLanEbRcRCwvxAtlkNIObGZjJCnbewQt4kK3cm3gSo43Fbz7vvWaxcs61G28hkeXRYOQIe5TT\/xE9eyYjVGSIdUdUFV2D3axg9oUq+vN0nsLFKKRig1jzbS9beN8fr+cBI8JVGHYSUm1086QKPRIgMSp0mIWtaK1ViBi2SEOvwvwB\" \/><input type=\"hidden\" name=\"postLink_0\" value=\"yygpKSi20tcvLy\/Xy8jPSM3LARK6pXnpqWmZOSWpRSV6Kan69gW2hmYWJiYA\" \/><input type=\"hidden\" name=\"postAuthor_0\" value=\"S0zJzcwDAA==\" \/><input type=\"hidden\" name=\"postDateTime_0\" value=\"MzIwNNY1NNQ1sFQwMrAyNLQytQQA\" \/><input type=\"hidden\" name=\"postContent_0\" value=\"tVrBchs5kr3vV2B6I\/ZE0pJnpmPc4\/aGNLbb7bbcjpYtR8xlA6UCWTBRKC4KJfbwNP+wp43YiN6DvsEnn5Z\/Ml+y7yVQpaKKnnVPxB4sWWQRQL7MfPkywcebJ4\/bGBq\/enJurCpNUE9N3Xi8pqNtvPqXf\/7Dw4cP\/\/ha72w0ITRBdb5UP+m2tW3dtaow6\/1tvVka\/xt1ZcISb3R+1bbXVRd3SndLt\/\/YGi\/LnPxR6Vo9XKjXzY2pC+z18OT0t8p69cJYV+AUXlU6qpfNdWW8err\/FAKWaNXldbXd3xYWq6oX2jm1Mu0myFOLw6dtG9Ur7UvT4gGDN4LYdHX1en5enqlzXRo\/f49HY5QTrBaPH2T7Hz\/YPPmnx8DD1E+uYPl43dmvW\/TxA6wxrJfXf2VNYdTzYACg9d74mXKjl0z\/55mPFjBeV7Dl4LnxG3h1cvAlTgDvtEq7Vu1vXTR4Tunxcvhl6CZjvV3BT2qrgzKtwuuw2NY1zFo7Hb5Rz9NH6GJiig\/wc4WYjxOVetfB92UXltgDK6zxBD58Fyc745xZTEAwlgsQJCMg3mDf0nSxFbCfD+YprP+2KQ1c\/e+dGOPVhfHy2MTylwZLzWS9Urdqa1uEHH45N1NbY\/e\/8GVYaWzEQ16dPnp4Yld4+qWuAv4+xOfcbA3BwRuw+lkXmo1Wxsc2Mga8ai0ygFmw64K60NdVxCGd9qvIcHxvBNFdd4Nc8Zbv9udpHMyYKWRJVyXYN\/tb8RKcdvrod78Xz5XWZFQ8jrKEr0zw2KHmTnzNujJH4BE06yma9OHfQVPdmLD\/uEQGR5eO2wXsPXHdm8bZaNcmfJ+C8txU+498UrD4zlTG1ji7Z9CtEK8ECvmqK09CcE07cduFxjMCCg1v4CTajYRfmRxkrcCBiO6wUm+Y+jUnydiv9x\/57EI9Bbqa1LPSRf7A+LDdUt1Y45aa+7w3tjUjA77pD\/63v\/4HNrW1uth\/8tcVA\/\/HdWyw7BLe1KABj59igALBEfm2AUcGtWxwzsAoSIZ7cfdbhkGAk\/z+9rpCupH0SlMj8f0az2zE4OStd\/XSuJKxnE5farCm5DOsrXUyBGGPZQFps4xMATxy3tQ0E8x5XdUCyky9bypPsMgSK7ODMaWJqmEkDdERmyifcZoJkWJjJkAx45E7pnIIf6SWoTkfOjxWOolL9cx60EAU6xZj8C4bR4DH76u1riXta77c6ribSTrQztdvns5fysLLzq9Zl\/a3DHZkAdKjz2I8+ApxEDRjBd61id1wSnW5AYDYpCAITIZCIzicVzwM9hazFHNtVFnGBz7LJwH\/AzoUPaAeM99x48v9p7JgHcioHHK12n8qJGVR6YAcUSMD0H2OwdeCSUODPUsmozNxB1\/+mqPxGK2cA0QefNmEpbqwqwDyT8AICt9pRJ6v9p8AhYrBmj4DmGOMgRwBJuHCyMR6nSstXb9uvKxmAgJ0pXtyE9NQeqoA5jBHmeMpU1hY03chxSpZ1m6QaSbHelAfsDk42UihWTEgGZtxWqApVKTc1PI5eGJ\/i5qM5R+enIySbSYWHHB7wjyIeulfeZtkjRSH00ePTgiXAFKnoo+UyVkLcVIw+FdWigNXL3WNjxWGukfIeaCigcyQf6CBG7E1sdEBj4xImmd7bZrl3StFSFuJufdT7SB7YAnyYfHFKzeE2LZWAOd5Ewzgpb\/AkFoLOjDVbFDZYoJt\/+l6TXaJJMNhK7Cky59OS98wzyTuWpCP+H1rQ8\/hpBZLRs38fu+UIwUwrDMU3OGVlcAMzXk\/1M5JVRCkTCWSltls8F9s+q5mSKlaFEAtWqaJcpyDABGumUTcUzhwub9FhUe0qSIL5VyPgE+5ZfD0kitXFRTV\/S\/868cEddLTDC58VqrNyNaxO76BBA88x0L+Uxw36b5FEr+ZCfF4t7QrlA8+C7ZCAYhYvtLLeBfOKdMEBob7BIk3pAsr8g8mt8xWWUB0ZimlaIJp0of488Cxhxk14QfpG+TgK9MnFhntpl8w0PPZ9jjxzrMkUVN8CZNd9jG8nuW9hRtjFyOIK6nZy6h1bLXfahfVCwC2\/8Vhow0TOUnJMYeL0lAfeEoqPbUOtrZeO3EZiUHKLBIBf6tz7IMWKgHThesKzA26JTJSAeCONTT\/jiTMqtZzsPoSIBoe\/W9\/\/U8cz+sxLmbQnuBC4JGoqYatcZpqh3o+ZSptxntZbaVFKDrxfu9iFuIUMxMnolI4frjOGrsFMflUOWgCyl6Non1cvz+\/p7\/Jaak\/ITJvKMARaaVWJUKP5VNOuE6l1pmVdvj9k4Z0oC65RO+6\/yXD+sZhrR1zgty9UAgWsbE\/ruioLzizLGbFN3WWRkt8tFc6L1CzNzo07kj5Y2dYGsmJQVUxYDsPZoUOKXQ4FtOUGLnG8pDZh+dYDFUSbm1jLmffGTpZZFkK\/7O7cwtlWpaLGZ5jDKL0t1K4sLoIYSjFUsSn0yxOSSIfO\/NdbEBfRBFnIxO4E+gC6H1WB6izQNnuoIkfqe8Czo7EAHCTbrPn+WOw3J2id2EK9BFG08SFVH9vSyoXLYI\/J9c9rNrIPtxLgq9AmoDDDcYcHJ64jAygvNGrPs2I5sigcTkUfyWfMrcnvblnsEsRWSACpV7WyAdRm+kcqYKCwEHY1hwrYKkUFyJdKCYLaYWlM4Y9BcUwmDw1J1KGODIYVw\/PjT8Ybk16iG3Mxb3f4cynfkBJZMUDOfM+RRO7G2pF+hPNC0PjUL4cqpfkPF3LpEMKIpXiB\/ClKPyZ8k1capdEuAGF+vIGOyAVq5B7HXJ8TfjgDak4qTcjWUBCrXHcKEJiEpUXzJ3Ug6Oy+aW6mr9CZU9N+LiZTHwCa3aoiiSatyBkg439lqF0LFiBe5nHKg07bFFPQhkhB4vpnVALJ1NIIGB2+I1+DsIe0SXRdicQ4uDjFqSGs7uYqhwnHwQX71qXcrdlkcsUdSnbUlLrDahKc3lstW2KLLGQ+Vhix537bpg\/avVWRyZ8hc0Ph3UEgd4+BCLJFnm6MEnIGwlZHk9CH\/DyUDKuuOiEyJKSx08RpGOFDlHtUFA17dbFQr2wQ1ckwSAekVmZlDA8hcyk7pFIQ7LYuEJYlQLID938B9f9jB8a\/kZ\/yHEMp1+J+s4GofIW4b2l51yab\/WmDsZPzJaQRct9P2xATjoUchbs8I9FWxpWiFOEe5OAMQ6tGRCyR4Y1iIyIZte6Erq08iQyNACe7eqZMz8L1HjFlkBpyrOiO2WsuR2NNYfx4b0pb3LG1khfB+BMohASiLidpqXx4NX8edCdgPnnrtWAF+0odLXJJTgoyPo+YPN52x3jp2IjJDjTTSAXdlThf\/5bjSztWz6u9cK6ZQL1z0Y0Vj5SYDRLDwv04jDPSBgx\/\/jI+f5j5Ssdykjmwecu4Az0PDMxoyU5NmlaRFKiMKetnwFsMGSmnv08v9x\/dKXnSV++nj8fTTPo7rqLNaRLtv9qfsEiPXXXxNscAfQLZ3kOGF78eDm\/sAggMXsdGt0n1KjxWOX5fTwaA+zN\/xS0dS0Dk3RCl8HZ00PlKMijkZngTVS4iuN4c\/4SIAcZu6LN\/m0\/B7gANlH0+XnTessk\/8etybaYzBJrv\/+0kQF1UD80UCrrKNOfFIypuJmfYzCcPPVbRmEPBFmtnrtuhZaHvahcCCDU4P6iC6uegMIQ3PXniUYZHEp4cHEfrjw60stg1xrRJ0Nn10va95pFAw2gFY2Bk4\/nXS\/YjDGVzs2W0FIvg9A7yjCX+CM3P+fUNW0wm65wdg16HhpXMKpM9xoRxwIapxs0jMIh1Vyb9mLFUn3v2gr3\/iQTUkmtkRnS8+RB2P6\/OB7inc0S\/ZLf9e3SoHDaBN4Zx2KxYjM2CgV58A4zhOBTs0tXR30MqVecQF2v8dKbhgHaj6QkMwWFPyx+f3KiniKdwhoGFOTbyGonwZUcMezxjOGNxX+n7ta+i5k0heTtWGYXVmq8hYMXvV\/ufLBQl9RVsmSZznzS3zqoNM8XQDlCBkI\/6BA4ARgmDC9fp64s7dqM5whlGhEkL6Na7LYpG1AtUm2V+wG5tLqBUmAA9afgx45chHEil61km3eOutygogHzFD5Rr9qtrtxaI5qTNpgqAjx9aTZxdLvHi0QhARETiKafjCQ2AnfKYzIlFTkvtJt+2HTD4rsVpy8IlOX+1jm7WrOmcph2j7iumpCLETKo6a84iiAj21zIa\/Un\/Jlm9QF51qbJLZDP87vRiDeXTbw7xGps0EkGmS+n4B9GCyuTOvgZFd0Z2hMZm3OqPVYOLIuSFHRfGg5LPtmq7hnUJDEXTH+ApMITO6U619\/NmiYVYpgDvoC0f3152V+4InJTD7\/gxCNGOQrkYy3G2jzjbPt5BtKHVxOyfA5LThrxeIyOJZ9XTYXnGHOWhtjJldI+Jxhpkui+pLy5imapvUTzATUEy2eZ6Ph2kdRwb8u5AUNU3GgTmsKBmLMhk1g5ty0\/t5apvA6OtwcQWnmo+46uaxFyXApVjAC10xuot+i2dmk2O8hPsKDfppsfXnJQnNzTKn2uSRwlKe6h09GgrQH9u5SzB+qFlDbJuDT2+XvCIfmGlCZMNVFeHEUXUbqsOpuMSmh4M5mtoZNhMssIhbQksuOQg3eKx09V3AFrptD6z0Ar8c4WBDFPDdPPFHlmx0KbLlRxsK7\/\/LFRie2vyIbrPywppqRmaprtbDq\/T2EMhhJOPmJUvf8k94C2L9bHreincHdzzPGV9jBOQGCsTBb1cTy9K6Duk6FCC7kEH3V93v6zw5J3nBQ0uY6q5wIKKzzJnmmbRjmUGn4Y7B+OAGQ807XSdDHLjmN31Y8neFgxjN\/YiMOIPfMvq2lWE33Z4UtDmN07wXjmndd+V6crp8UX7D7L2+eprkDQX60k7uM\/flNlze+pmH5Ods3Lrd14FjtyJpgvNV\/D1JRiJF+PZishx2+QbB9lQD5ahvT2OZzHyibdyLKAycGTm6McavHlqKdW6KAbnHZd8g0EVqC2QcocLs8Rnox0KE+GuY6YyJEJ03CEgUfTk2mbCH6U0omXnoX+4iAnozedz+pFhmTpVupgeJsgWUmVwpogjhICClB2HjsuG7dKIHWUtZRROFEjg610vziTbwAVudWbDq7TTdhwhdQ2icqm8+zf3F3ewFp0B1Weg1XSbk+li3iiVqdfH\/l+0uQLSP04IM+ah82uWEo8pKVfJ85+1oU0ZERxAJNTs0wurd7nQv+9hyPrPmfynXGO87tvZOGMl7qmHJtNDys0fHqq3lXh2LmnFPBYK7hz+e1XVYybbx482G63i2vXFdptKv31yaI0D8wNv\/ySfi021eZf5X\/fcrv56en89Ov5nTyZA8V56L8dNqeWMfLtMPWVQglZmfjtV\/9WIHjWXz35f97x8QP95MuQBp1+z0RFER+hnr\/e9X9DBnC32gjIc\/QBbnFz4+dFqWnJNXrbVRP+8kCn6fGDz8Lwq1YZbPtf\" \/> \t\t<a href=\"https:\/\/www.pdf24.org\" target=\"_blank\" title=\"www.pdf24.org\" rel=\"nofollow\"><img src=\"https:\/\/www.hohenlohe-ungefiltert.de\/wp-content\/plugins\/pdf24-post-to-pdf\/img\/pdf_32x32.png\" alt=\"\" border=\"0\" height=\"32\" \/><\/a> \t\t<span class=\"pdf24Plugin-cp-space\">&nbsp;&nbsp;<\/span> \t\t<span class=\"pdf24Plugin-cp-text\">Sende Artikel als PDF<\/span> \t\t<span class=\"pdf24Plugin-cp-space\">&nbsp;&nbsp;<\/span> \t\t<input class=\"pdf24Plugin-cp-input\" style=\"margin: 0px;\" type=\"text\" name=\"sendEmailTo\" placeholder=\"Emailadresse\" \/> \t\t<input class=\"pdf24Plugin-cp-submit\" style=\"margin: 0px;\" type=\"submit\" value=\"Senden\" \/> \t<\/form> <\/div>","protected":false},"excerpt":{"rendered":"<p>Bei der Demonstration &#8222;Naziterror und Rassismus bek\u00e4mpfen! Verfassungsschutz aufl\u00f6sen&#8220; am 2. November 2013 in Heilbronn hat Jochen D\u00fcrr aus Schw\u00e4bisch Hall gesprochen. Jochen D\u00fcrr ist Landessprecher der VVN-BdA Baden-W\u00fcrttemberg. Von Jochen D\u00fcrr, Landessprecher der VVN-BdA Baden-W\u00fcrttemberg Liebe Freundinnen, liebe Freunde, liebe Antifaschistinnen, liebe Antifaschisten, f\u00fcr uns als \u00e4lteste antifaschistische Vereinigung war es schon immer klar: [&hellip;]<\/p>\n","protected":false},"author":1,"featured_media":0,"comment_status":"open","ping_status":"open","sticky":false,"template":"","format":"standard","meta":[],"categories":[1,10,2,7],"tags":[],"_links":{"self":[{"href":"https:\/\/www.hohenlohe-ungefiltert.de\/index.php?rest_route=\/wp\/v2\/posts\/16844"}],"collection":[{"href":"https:\/\/www.hohenlohe-ungefiltert.de\/index.php?rest_route=\/wp\/v2\/posts"}],"about":[{"href":"https:\/\/www.hohenlohe-ungefiltert.de\/index.php?rest_route=\/wp\/v2\/types\/post"}],"author":[{"embeddable":true,"href":"https:\/\/www.hohenlohe-ungefiltert.de\/index.php?rest_route=\/wp\/v2\/users\/1"}],"replies":[{"embeddable":true,"href":"https:\/\/www.hohenlohe-ungefiltert.de\/index.php?rest_route=%2Fwp%2Fv2%2Fcomments&post=16844"}],"version-history":[{"count":7,"href":"https:\/\/www.hohenlohe-ungefiltert.de\/index.php?rest_route=\/wp\/v2\/posts\/16844\/revisions"}],"predecessor-version":[{"id":16847,"href":"https:\/\/www.hohenlohe-ungefiltert.de\/index.php?rest_route=\/wp\/v2\/posts\/16844\/revisions\/16847"}],"wp:attachment":[{"href":"https:\/\/www.hohenlohe-ungefiltert.de\/index.php?rest_route=%2Fwp%2Fv2%2Fmedia&parent=16844"}],"wp:term":[{"taxonomy":"category","embeddable":true,"href":"https:\/\/www.hohenlohe-ungefiltert.de\/index.php?rest_route=%2Fwp%2Fv2%2Fcategories&post=16844"},{"taxonomy":"post_tag","embeddable":true,"href":"https:\/\/www.hohenlohe-ungefiltert.de\/index.php?rest_route=%2Fwp%2Fv2%2Ftags&post=16844"}],"curies":[{"name":"wp","href":"https:\/\/api.w.org\/{rel}","templated":true}]}}