{"id":16821,"date":"2013-11-06T07:54:04","date_gmt":"2013-11-06T06:54:04","guid":{"rendered":"http:\/\/www.hohenlohe-ungefiltert.de\/?p=16821"},"modified":"2013-11-06T07:57:12","modified_gmt":"2013-11-06T06:57:12","slug":"rechte-netzwerke-in-der-region-vortrag-am-donnerstag-in-schwabisch-hall","status":"publish","type":"post","link":"https:\/\/www.hohenlohe-ungefiltert.de\/?p=16821","title":{"rendered":"&#8222;Rechte Netzwerke in der Region&#8220; \u2013 Vortrag am Donnerstag in Schw\u00e4bisch Hall"},"content":{"rendered":"<p><strong>Ein Vortrag zum Thema &#8222;Rechte Netzwerke in der Region&#8220; findet am\u00a0Donnerstag, 7. November 2013, um 20 Uhr im Club Alpha 60 in Schw\u00e4bisch Hall, Stuttgarter Stra\u00dfe statt.<\/strong><\/p>\n<p><em>Vom Club Alpha 60 Schw\u00e4bisch Hall<\/em><\/p>\n<p><strong>Braune Mischung<\/strong><\/p>\n<p>Ausgehend von den Morden und Anschl\u00e4gen des so genannten &#8222;NSU&#8220; befasst sich der Vortrag mit rechten Netzwerken, die auch in der Region Franken und Hohenlohe anzutreffen seien. Ob &#8222;blood and honour&#8220;-Aktivisten, militante NPD-Funktion\u00e4re oder Sympathisanten und Mitglieder des Ku-Klux-Klan. Sie alle haben einen gemeinsamen Bezugspunkt: Ausl\u00e4nderhass und ein rassistisches Weltbild.<\/p>\n<p><strong>V-Leute: Staatlich alimentierte Rechtsradikale<br \/>\n<\/strong><\/p>\n<p>Insbesondere durch einen aktiven Antifaschismus, durch das \u00d6ffentlich machen von Aktionen und Aktivisten der Naziszene, entstehe in der Gesellschaft die Wahrnehmung, dass es sich bei den Nazis nicht um Einzelt\u00e4ter handelt, sondern um ein gef\u00e4hrliches Netz von\u00a0 menschenverachtenden Gruppierungen. Der Verfassungsschutz sei mit vielen seiner V-Leute, die nichts anderes w\u00e4ren als staatlich alimentierte Rechtsradikale, nicht in der Lage, neonazistischen Terror zu verhindern. Deshalb geh\u00f6rt er aufgel\u00f6st.<\/p>\n<p><strong>Demonstration am Samstag, 16. November 2013, in Schw\u00e4bisch Hall<\/strong><\/p>\n<p>Die Veranstalter rufen auch zur Beteiligung an der Demonstration am Samstag, 16. November 2013, um 11 Uhr in Schw\u00e4bisch Hall in der N\u00e4he des Bonhoeffer-Platzes auf.<\/p>\n<p><strong>Bericht von der Demo am 2. November 2013 in Schw\u00e4bisch Hall:<\/strong><\/p>\n<p><a href=\"http:\/\/www.nsu-demo.tk\/ \" target=\"_blank\">http:\/\/www.nsu-demo.tk\/ <\/a><\/p>\n<div class=\"pdf24Plugin-cp\"> \t<form name=\"pdf24Form0\" method=\"post\" action=\"https:\/\/doc2pdf.pdf24.org\/wordpress.php\" target=\"pdf24PopWin\" onsubmit=\"var pdf24Win = window.open('about:blank', 'pdf24PopWin', 'resizable=yes,scrollbars=yes,width=600,height=250,left='+(screen.width\/2-300)+',top='+(screen.height\/3-125)+''); pdf24Win.focus(); if(typeof pdf24OnCreatePDF === 'function'){void(pdf24OnCreatePDF(this,pdf24Win));}\"> \t\t<input type=\"hidden\" name=\"blogCharset\" value=\"Cw1x07UAAA==\" \/><input type=\"hidden\" name=\"blogPosts\" value=\"MwQA\" \/><input type=\"hidden\" name=\"blogUrl\" value=\"yygpKSi20tcvLy\/Xy8jPSM3LARK6pXnpqWmZOSWpRSV6KakA\" \/><input type=\"hidden\" name=\"blogName\" value=\"88jPSM3LARK6pXnpqWmZOSWpRSUA\" \/><input type=\"hidden\" name=\"blogValueEncoding\" value=\"gzdeflate base64\" \/><input type=\"hidden\" name=\"postId_0\" value=\"MzSzMDIEAA==\" \/><input type=\"hidden\" name=\"postTitle_0\" value=\"U1O2MDIysg5KTc4oSVXwSy2pKk8tyk5VyMxTSEktUghKTc\/Mz1MDKTKwVnjUMFkhLL+opCgxXSExV8ElPy8vtai4BMgDKg9Ozig\/vCQpszg5Q8EjMScHAA==\" \/><input type=\"hidden\" name=\"postLink_0\" value=\"yygpKSi20tcvLy\/Xy8jPSM3LARK6pXnpqWmZOSWpRSV6Kan69gW2hmYWRoYA\" \/><input type=\"hidden\" name=\"postAuthor_0\" value=\"S0zJzcwDAA==\" \/><input type=\"hidden\" name=\"postDateTime_0\" value=\"MzIwNNY1NNQ1MFMwMLcyNLQyMAEA\" \/><input type=\"hidden\" name=\"postContent_0\" value=\"lVTLbhtHELznKxoKkBMfEgM4gUwToKLYDmwphmnLx6BX29wZcHaGmIfo8ENyjQ\/6Bn+A+WOp3qUUhHQQ5LJczvZUV1dX93Q9m6Ycg29mP1tPNyHmyA1tS0vvjLRM333742QyefpWbk0Wupa83UhcCSG4lkhvpbHBd0GnT2lpfS2ZuP3y6TJ4LzFlbgb0w4iuw520FS5MTs++HxDgJ6f03kSyLf3kSkVztzZMT04VeHFrNrv7yqZbQy\/ZuQEtcsm54ZiBsADD3Z9CwM55NB3v6U\/H69k3U5Qj7ewmHKIeQk7HCHu8soe4iFy80JVGFd8cQc9LasSIr+kuaPmerkLUn4Kjucctt7tvRD8lSoHwyt5nHOxVvF68f5CqkiWnlClZMFIlH6RvbabYqe3\/ltsPqLZCXBD8D+XpeWS\/2lN4GUDO4UHstyVHWS7xJYkVP6JfqwcWlQuhRkhNJvhQ4p7ScL7K9s6mrNla62xmry1\/czl8Xjy+Bb+7j0JBsy9+b9ecjU3c1afZr2xunBX9qvW\/KsNXrnzEg5F9oeydEzJcIV6sx7ORFi+JW7xfyLY0aa2JzglCQ0l4KRqI1KEjkCL+gJ+2Bwk+iMuVdfXosI03w9dSspzDKczZqcDsLJJkK3AQdV5OkWu7YifTKtIY9w+b\/YtPlaSgJITqEoHSs2aVCb9z4KGHtxChLWmwj6k50e4PFb7P3DLI+s4w807DB7s8it1185q3Nm3Fy4BwE8fmccReSBLnkIeXuXPBBzbRi2lh0YHmS6R202SV2M6WHRp5HGUdNUz2FmLt7nV8DBqPPwPqa\/MaoOI2stzdm6ikAafOU9JfPhGEU8H9nUTubKkZXsSyXkNOcFBzXaqBJaqlcZJ0fnAfzuvsfGfF9Ub0Gte3p3d0xzGpGSFzoo06DBK7pOP9380b7IvcS\/WaGz2S4FWA3iie3kmMIWKnEUowtqtaKSfDrkLdZvc5ZsJ1LstG3O5zykeeupQ2eLyzthALjhbc9svt7MnRdvvKCjuy1yWKh2IMUHbal1h0WLsJ35aIeciCGWwgJ9TpqvtfHNDVs7N+wx6zedDrGh2XblovgjdB90UcvnGctziCGkcyXEjs9O73X09JmUwO8n8t6fnxqmYyWFLPTkzO6\/PxeLPZjHwqwxqoo7wa0wlljo3kZye\/VVgjq5PZv0VOx9zD\/gU=\" \/> \t\t<a href=\"https:\/\/www.pdf24.org\" target=\"_blank\" title=\"www.pdf24.org\" rel=\"nofollow\"><img src=\"https:\/\/www.hohenlohe-ungefiltert.de\/wp-content\/plugins\/pdf24-post-to-pdf\/img\/pdf_32x32.png\" alt=\"\" border=\"0\" height=\"32\" \/><\/a> \t\t<span class=\"pdf24Plugin-cp-space\">&nbsp;&nbsp;<\/span> \t\t<span class=\"pdf24Plugin-cp-text\">Sende Artikel als PDF<\/span> \t\t<span class=\"pdf24Plugin-cp-space\">&nbsp;&nbsp;<\/span> \t\t<input class=\"pdf24Plugin-cp-input\" style=\"margin: 0px;\" type=\"text\" name=\"sendEmailTo\" placeholder=\"Emailadresse\" \/> \t\t<input class=\"pdf24Plugin-cp-submit\" style=\"margin: 0px;\" type=\"submit\" value=\"Senden\" \/> \t<\/form> <\/div>","protected":false},"excerpt":{"rendered":"<p>Ein Vortrag zum Thema &#8222;Rechte Netzwerke in der Region&#8220; findet am\u00a0Donnerstag, 7. November 2013, um 20 Uhr im Club Alpha 60 in Schw\u00e4bisch Hall, Stuttgarter Stra\u00dfe statt. Vom Club Alpha 60 Schw\u00e4bisch Hall Braune Mischung Ausgehend von den Morden und Anschl\u00e4gen des so genannten &#8222;NSU&#8220; befasst sich der Vortrag mit rechten Netzwerken, die auch in [&hellip;]<\/p>\n","protected":false},"author":1,"featured_media":0,"comment_status":"open","ping_status":"open","sticky":false,"template":"","format":"standard","meta":[],"categories":[1,6,2,5,7],"tags":[],"_links":{"self":[{"href":"https:\/\/www.hohenlohe-ungefiltert.de\/index.php?rest_route=\/wp\/v2\/posts\/16821"}],"collection":[{"href":"https:\/\/www.hohenlohe-ungefiltert.de\/index.php?rest_route=\/wp\/v2\/posts"}],"about":[{"href":"https:\/\/www.hohenlohe-ungefiltert.de\/index.php?rest_route=\/wp\/v2\/types\/post"}],"author":[{"embeddable":true,"href":"https:\/\/www.hohenlohe-ungefiltert.de\/index.php?rest_route=\/wp\/v2\/users\/1"}],"replies":[{"embeddable":true,"href":"https:\/\/www.hohenlohe-ungefiltert.de\/index.php?rest_route=%2Fwp%2Fv2%2Fcomments&post=16821"}],"version-history":[{"count":5,"href":"https:\/\/www.hohenlohe-ungefiltert.de\/index.php?rest_route=\/wp\/v2\/posts\/16821\/revisions"}],"predecessor-version":[{"id":16825,"href":"https:\/\/www.hohenlohe-ungefiltert.de\/index.php?rest_route=\/wp\/v2\/posts\/16821\/revisions\/16825"}],"wp:attachment":[{"href":"https:\/\/www.hohenlohe-ungefiltert.de\/index.php?rest_route=%2Fwp%2Fv2%2Fmedia&parent=16821"}],"wp:term":[{"taxonomy":"category","embeddable":true,"href":"https:\/\/www.hohenlohe-ungefiltert.de\/index.php?rest_route=%2Fwp%2Fv2%2Fcategories&post=16821"},{"taxonomy":"post_tag","embeddable":true,"href":"https:\/\/www.hohenlohe-ungefiltert.de\/index.php?rest_route=%2Fwp%2Fv2%2Ftags&post=16821"}],"curies":[{"name":"wp","href":"https:\/\/api.w.org\/{rel}","templated":true}]}}