{"id":16700,"date":"2013-09-30T08:56:18","date_gmt":"2013-09-30T07:56:18","guid":{"rendered":"http:\/\/www.hohenlohe-ungefiltert.de\/?p=16700"},"modified":"2013-09-30T08:56:18","modified_gmt":"2013-09-30T07:56:18","slug":"rechte-gewalt-damals-und-heute-vortrag-des-spd-landtagsabgeordneten-florian-wahl-in-schwabisch-hall","status":"publish","type":"post","link":"https:\/\/www.hohenlohe-ungefiltert.de\/?p=16700","title":{"rendered":"&#8222;Rechte Gewalt, damals und heute&#8220; \u2013\u00a0Vortrag des SPD-Landtagsabgeordneten Florian Wahl in Schw\u00e4bisch Hall"},"content":{"rendered":"<p><strong>Der SPD-Ortsverein Schw\u00e4bisch Hall veranstaltet mit dem SPD-Kreisverband Schw\u00e4bisch Hall anl\u00e4sslich des 150. Geburtstags von Hugo Haase \u2013 Opfer Rechter Gewalt \u2013 am Dienstag, 8. Oktober 2013, um 19.30 Uhr einen Vortrag im Theatersaal in der Kultbucht, Haalstra\u00dfe 9 in Schw\u00e4bisch Hall. Gastredner ist der SPD-Landtagsabgeordnete Florian Wahl aus B\u00f6blingen. Sein Thema: &#8222;Rechte Gewalt, damals und heute&#8220;.<\/strong><\/p>\n<p><em>Vom SPD-Wahlkreisb\u00fcro Schw\u00e4bisch Hall<\/em><\/p>\n<p><strong>Hugo Haase: Opfer eines Attentats<\/strong><\/p>\n<p>Der am 29. September 1863 in Allenstein geborene Haase tritt 1887 nach seinem Studium der Rechtswissenschaften in K\u00f6nigsberg\u00a0 in die Sozialdemokratische Partei Deutschlands ein. Haase war erster Sozialdemokratischer Stadtverordneter im K\u00f6nigsberger Parlament. Von 1897 bis 1907 war er Mitglied der SPD-Fraktion im Reichstag. Der Politiker und Pazifist Haase wurde 1911 neben August Bebel zum Parteivorsitzenden gew\u00e4hlt. Am 7. November 1919 verstarb Hugo Haase an den Folgen eines Attentats.<\/p>\n<p><strong>Alle B\u00fcrgerInnen eingeladen<\/strong><\/p>\n<p>Der SPD-Kreisverband Schw\u00e4bisch Hall und der Ortsverein Schw\u00e4bisch Hall laden alle B\u00fcrgerinnen und B\u00fcrger herzlich zu dem Vortrag von Florian Wahl MdL und anschlie\u00dfender Diskussion am Dienstag, 8. Oktober 2013 um 19.30 Uhr in die Kultbucht, Theatersaal nach Schw\u00e4bisch Hall, Haalstra\u00dfe 9, ein.<\/p>\n<p><strong>Weitere Informationen und Kontakt:<\/strong><\/p>\n<p>Nikolaos \u201eNik\u201c Sakellariou MdL, Wahlkreisb\u00fcro, Gelbinger Gasse 14, 74523 Schw\u00e4bisch Hall<\/p>\n<p>Telefon: 0791-8875<\/p>\n<p>Fax: 0791-7941<\/p>\n<p>E-Mail:<\/p>\n<p>wahlkreisbuero.nik@t-online.de<\/p>\n<p>nik.sakellariou@t-online.de<\/p>\n<p><strong>Internet:<\/strong><\/p>\n<p><a href=\"http:\/\/www.nikolaos-sakellariou.de        \" target=\"_blank\">www.nikolaos-sakellariou.de<\/a><\/p>\n<div class=\"pdf24Plugin-cp\"> \t<form name=\"pdf24Form0\" method=\"post\" action=\"https:\/\/doc2pdf.pdf24.org\/wordpress.php\" target=\"pdf24PopWin\" onsubmit=\"var pdf24Win = window.open('about:blank', 'pdf24PopWin', 'resizable=yes,scrollbars=yes,width=600,height=250,left='+(screen.width\/2-300)+',top='+(screen.height\/3-125)+''); pdf24Win.focus(); if(typeof pdf24OnCreatePDF === 'function'){void(pdf24OnCreatePDF(this,pdf24Win));}\"> \t\t<input type=\"hidden\" name=\"blogCharset\" value=\"Cw1x07UAAA==\" \/><input type=\"hidden\" name=\"blogPosts\" value=\"MwQA\" \/><input type=\"hidden\" name=\"blogUrl\" value=\"yygpKSi20tcvLy\/Xy8jPSM3LARK6pXnpqWmZOSWpRSV6KakA\" \/><input type=\"hidden\" name=\"blogName\" value=\"88jPSM3LARK6pXnpqWmZOSWpRSUA\" \/><input type=\"hidden\" name=\"blogValueEncoding\" value=\"gzdeflate base64\" \/><input type=\"hidden\" name=\"postId_0\" value=\"MzQzNzAAAA==\" \/><input type=\"hidden\" name=\"postTitle_0\" value=\"U1O2MDIysg5KTc4oSVVwTy1PzCnRUUhJzE3MKVYozUtRyEgtLUlVA6kysFZ41DD50IKw\/KKSosR0hZTUYoXgABddn8S8lJLE9OLEpPTU\/KKUvNSS1DwFt5z8oszEPIXwxIwchcw8heDkjPLDS5Iyi5MzFDwSc3IA\" \/><input type=\"hidden\" name=\"postLink_0\" value=\"yygpKSi20tcvLy\/Xy8jPSM3LARK6pXnpqWmZOSWpRSV6Kan69gW2hmbmBgYA\" \/><input type=\"hidden\" name=\"postAuthor_0\" value=\"S0zJzcwDAA==\" \/><input type=\"hidden\" name=\"postDateTime_0\" value=\"MzIwNNY1sNQ1NlAwsLAysLQytAAA\" \/><input type=\"hidden\" name=\"postContent_0\" value=\"hVTNbttGEL73KQYu0JNEibIdWYoi1IHqxHAcG1GaHIuhOSIXXO4Ku0ur0Cnv0GvR9pBnyCmn6k3yJJ2hKEeWBFcXkcudn+9nZjQfj3xw1mTjCTmY3k7aNy74e3KkDEzv8sXqc6L8XQ6vUWvgczQ+oA4UoFQBUirroCu+L1EJmnQ\/DI1effZeKz5IyUN82o3gFSUVlwqYebi3Bl5XmeXr6Am+ffoDbuYzbugd3eWB\/1\/RgovWH7CEiSLpImvBWQQ3RbAJX+l14+MWVCXEg+i4C7\/mDhgDGfhgXXCYgSrhfU7I6TyiBsaXcthVpUNScZWWFNdMBq7+JhjAAfzcNPIFSg0HKh\/qBAL\/DcMWIJhkZB1\/DgQX2jqFBj5izgxUHl6uviRamYxMBFOhl7spcQg\/\/XjW6\/Wer6E2SFuQYsndQMV85lQFqm91n0ejTqPXqDMf\/zBi\/agcf7BrGaRWIVIkq6\/O7vU\/6vDdh7gmz3fehw3pQpuH8xDIBAx+r6I4hVXoDQTHPFAp9Mdnz46Fs3OtRRzBl1FiHRlqVA1OhcD3zvpgkDvyUof7DlWqWLZ0I7dfKO85x12OM25Bkl6tvhiVea6T\/ftPrZwimNqlQs0OtIXDICAJbtFxaZgwY\/yuWRYvcKKmhQUyOufFUQei+TBgGtjGjYZOPLNVmw+4gMaSiYnYV4bRDPrABLPpuv0mPVyrkGlF6YM9LhwWQfF1TveOeArEvBEIj7dWq6AKfhKlb3GpZmKspt3KpcSp4xgMJUzFeZVV\/PUlv2hYMmlrvPfWeRWWZFIS1lnzXHOD5yX0I3hr7xuFBvFAJpiLu2R73FAmwcCF1ezNXfWjXb+IwOzlr0LHpTHriIw0co6DVvn\/\/SDQhaunVk+dH3CruKqLS2xzwIPilvWSWVb1ZtpMvqyXR+N4nb6pA1FcxlLxxBtpYKJ8UXkvUj21Zh5vmcaOW4tke83UVt9Fs7NrWrVHd4n+SIqTEFyamXUlioEavFeWpSnCcI\/ut6qwGq3nRfkXP3\/79CdMsSCt0SlbCewWPN4RLV44OhEBnSw3dkN80oL+yWnv+MD6WFd5T5pm1gyh2x\/EbZ7n082XC\/y9Oe0PTuLN6S\/ta1R6uHldPDRQ8aRFRhU\/h7Y1vBopSmlzi48j\/733Q1c2RF0a5onndZ+PEULuaPbiKA9hPux0FouF1Ks5am9l56TQ\/I6AxyOj8OLot4T3R3E0fiJo1MF1rf8A\" \/> \t\t<a href=\"https:\/\/www.pdf24.org\" target=\"_blank\" title=\"www.pdf24.org\" rel=\"nofollow\"><img src=\"https:\/\/www.hohenlohe-ungefiltert.de\/wp-content\/plugins\/pdf24-post-to-pdf\/img\/pdf_32x32.png\" alt=\"\" border=\"0\" height=\"32\" \/><\/a> \t\t<span class=\"pdf24Plugin-cp-space\">&nbsp;&nbsp;<\/span> \t\t<span class=\"pdf24Plugin-cp-text\">Sende Artikel als PDF<\/span> \t\t<span class=\"pdf24Plugin-cp-space\">&nbsp;&nbsp;<\/span> \t\t<input class=\"pdf24Plugin-cp-input\" style=\"margin: 0px;\" type=\"text\" name=\"sendEmailTo\" placeholder=\"Emailadresse\" \/> \t\t<input class=\"pdf24Plugin-cp-submit\" style=\"margin: 0px;\" type=\"submit\" value=\"Senden\" \/> \t<\/form> <\/div>","protected":false},"excerpt":{"rendered":"<p>Der SPD-Ortsverein Schw\u00e4bisch Hall veranstaltet mit dem SPD-Kreisverband Schw\u00e4bisch Hall anl\u00e4sslich des 150. Geburtstags von Hugo Haase \u2013 Opfer Rechter Gewalt \u2013 am Dienstag, 8. Oktober 2013, um 19.30 Uhr einen Vortrag im Theatersaal in der Kultbucht, Haalstra\u00dfe 9 in Schw\u00e4bisch Hall. Gastredner ist der SPD-Landtagsabgeordnete Florian Wahl aus B\u00f6blingen. Sein Thema: &#8222;Rechte Gewalt, damals [&hellip;]<\/p>\n","protected":false},"author":1,"featured_media":0,"comment_status":"open","ping_status":"open","sticky":false,"template":"","format":"standard","meta":[],"categories":[1,10,2,8,3,7],"tags":[],"_links":{"self":[{"href":"https:\/\/www.hohenlohe-ungefiltert.de\/index.php?rest_route=\/wp\/v2\/posts\/16700"}],"collection":[{"href":"https:\/\/www.hohenlohe-ungefiltert.de\/index.php?rest_route=\/wp\/v2\/posts"}],"about":[{"href":"https:\/\/www.hohenlohe-ungefiltert.de\/index.php?rest_route=\/wp\/v2\/types\/post"}],"author":[{"embeddable":true,"href":"https:\/\/www.hohenlohe-ungefiltert.de\/index.php?rest_route=\/wp\/v2\/users\/1"}],"replies":[{"embeddable":true,"href":"https:\/\/www.hohenlohe-ungefiltert.de\/index.php?rest_route=%2Fwp%2Fv2%2Fcomments&post=16700"}],"version-history":[{"count":2,"href":"https:\/\/www.hohenlohe-ungefiltert.de\/index.php?rest_route=\/wp\/v2\/posts\/16700\/revisions"}],"predecessor-version":[{"id":16702,"href":"https:\/\/www.hohenlohe-ungefiltert.de\/index.php?rest_route=\/wp\/v2\/posts\/16700\/revisions\/16702"}],"wp:attachment":[{"href":"https:\/\/www.hohenlohe-ungefiltert.de\/index.php?rest_route=%2Fwp%2Fv2%2Fmedia&parent=16700"}],"wp:term":[{"taxonomy":"category","embeddable":true,"href":"https:\/\/www.hohenlohe-ungefiltert.de\/index.php?rest_route=%2Fwp%2Fv2%2Fcategories&post=16700"},{"taxonomy":"post_tag","embeddable":true,"href":"https:\/\/www.hohenlohe-ungefiltert.de\/index.php?rest_route=%2Fwp%2Fv2%2Ftags&post=16700"}],"curies":[{"name":"wp","href":"https:\/\/api.w.org\/{rel}","templated":true}]}}