{"id":16660,"date":"2013-09-23T09:08:33","date_gmt":"2013-09-23T08:08:33","guid":{"rendered":"http:\/\/www.hohenlohe-ungefiltert.de\/?p=16660"},"modified":"2013-09-24T07:44:23","modified_gmt":"2013-09-24T06:44:23","slug":"link-zur-internetseite-des-hohenlohekreises-die-vorlaufigen-wahlergebnisse-des-wahlkreises-schwabisch-hall-hohenlohe","status":"publish","type":"post","link":"https:\/\/www.hohenlohe-ungefiltert.de\/?p=16660","title":{"rendered":"&#8222;Sawade (SPD), Ebner (Gr\u00fcne) und von Stetten (CDU) sind im Bundestag&#8220; \u2013\u00a0Die Ergebnisse des Wahlkreises Schw\u00e4bisch Hall-Hohenlohe"},"content":{"rendered":"<p><strong>Den Wahlkreis Schw\u00e4bisch Hall-Hohenlohe vertreten auch weiterhin drei Abgeordnete im Bundestag. Annette Sawade (SPD) und Harald Ebner (B\u00fcndnis 90\/Die Gr\u00fcnen) schafften es \u00fcber die Landesliste ihrer Parteien. Christian von Stetten (CDU) errang das Direktmandat.<\/strong><\/p>\n<p><em>Von Ralf Garmatter, Hohenlohe-ungefiltert<\/em><\/p>\n<p><strong>Die Wahlergebnisse des Wahlbezirks Schw\u00e4bisch Hall-Hohenlohe:<\/strong><\/p>\n<p><a href=\"http:\/\/5.9.32.134\/htdocs\/wahl2013\/hohenlohekreis\/126000b-2013.htm\" target=\"_blank\">http:\/\/5.9.32.134\/htdocs\/wahl2013\/hohenlohekreis\/126000b-2013.htm<\/a><\/p>\n<p><strong>Die Wahlergebnisse der einzelnen Gemeinden des Wahlkreises Schw\u00e4bisch Hall-Hohenlohe:<\/strong><\/p>\n<p><a href=\"http:\/\/www.statistik.baden-wuerttemberg.de\/Wahlen\/Bundestagswahl_2013\/GemWkr.asp?268\" target=\"_blank\">http:\/\/www.statistik.baden-wuerttemberg.de\/Wahlen\/Bundestagswahl_2013\/GemWkr.asp?268<\/a><\/p>\n<p><a href=\"http:\/\/5.9.32.134\/htdocs\/wahl2013\/hohenlohekreis\/126000bg-2013.htm\" target=\"_blank\">http:\/\/5.9.32.134\/htdocs\/wahl2013\/hohenlohekreis\/126000bg-2013.htm<\/a><\/p>\n<p><strong>Die Ergebnisse aller Wahlkreise in Baden-W\u00fcrttemberg:<\/strong><\/p>\n<p><a href=\"http:\/\/www.statistik.baden-wuerttemberg.de\/Wahlen\/Bundestagswahl_2013\/alleWahlkr.asp\" target=\"_blank\">http:\/\/www.statistik.baden-wuerttemberg.de\/Wahlen\/Bundestagswahl_2013\/alleWahlkr.asp<\/a><\/p>\n<p><strong>Gew\u00e4hlte LandeslistenbewerberInnen in Baden-W\u00fcrttemberg:<\/strong><\/p>\n<p><a href=\"http:\/\/www.statistik.baden-wuerttemberg.de\/Wahlen\/Bundestagswahl_2013\/LlGew.asp\" target=\"_blank\">http:\/\/www.statistik.baden-wuerttemberg.de\/Wahlen\/Bundestagswahl_2013\/LlGew.asp<\/a><\/p>\n<p><strong>Gew\u00e4hlte WahlkreisbewerberInnen in Baden-W\u00fcrttemberg:<\/strong><\/p>\n<p><a href=\"http:\/\/www.statistik.baden-wuerttemberg.de\/Wahlen\/Bundestagswahl_2013\/WkGew.asp\" target=\"_blank\">http:\/\/www.statistik.baden-wuerttemberg.de\/Wahlen\/Bundestagswahl_2013\/WkGew.asp<\/a><\/p>\n<p><strong>Bundesergebnis (alle 16 L\u00e4nder):<\/strong><\/p>\n<p><a href=\"http:\/\/www.statistik.baden-wuerttemberg.de\/Wahlen\/Bundestagswahl_2013\/Bund.asp\" target=\"_blank\">http:\/\/www.statistik.baden-wuerttemberg.de\/Wahlen\/Bundestagswahl_2013\/Bund.asp<\/a><\/p>\n<p><strong>Pressemitteilung von Harald Ebner (B\u00fcndnis 90\/Die Gr\u00fcnen):<\/strong><\/p>\n<p><strong>Politik ist keine Einbahnstra\u00dfe<\/strong><\/p>\n<p>Kurze Info als Nachklapp zum n\u00e4chtlichen Wahlkrimi: ich werde wieder im n\u00e4chsten Bundestag vertreten sein (Liste hat bis Platz 10 gezogen, damit war Platz 8 doch ungef\u00e4hrdet). Das freut mich sehr, auch weil dadurch der Wahlkreis noch besser in Berlin vertreten ist und weil auch Berlin damit noch besser im Wahlkreis vertreten ist. Beides ist wichtig, denn Politik ist keine Einbahnstra\u00dfe.<\/p>\n<p><strong>F\u00fcr eine Politik der Nachhaltigkeit einsetzen<\/strong><\/p>\n<p>Ich werde mich weiterhin f\u00fcr eine Politik der Nachhaltigkeit einsetzen, die auf Erhaltung unserer Lebensgrundlagen setzt. Das wird auch weiterhin manchmal unbequem sein. Diese verantwortungsvolle Aufgabe nehme ich aber gerne an.<\/p>\n<p>Mit freundlichen Gr\u00fc\u00dfen<br \/>\nHarald Ebner MdB<\/p>\n<p>Platz der Republik 1, 11011 Berlin<br \/>\nTelefon: +49 (0) 30 227 73025<\/p>\n<p>E-Mail: Harald.ebner@bundestag.de<\/p>\n<p><strong>Internet:<\/strong> <a href=\"http:\/\/www.harald-ebner.de\" target=\"_blank\">www.harald-ebner.de<\/a><\/p>\n<p><strong>Pressemitteilung von Annette Sawade (SPD):<\/strong><\/p>\n<p>Die SPD-Bundestagsabgeordnete Annette Sawade geh\u00f6rt auch dem 18. Deutschen Bundestag an: &#8222;Ich danke allen W\u00e4hlerinnen und W\u00e4hlern, die mir Ihre Stimme und damit Ihr Vertrauen gegeben haben. Ich werde mein M\u00f6glichstes tun, in Ihrem Sinn in Berlin und hier vor Ort aktiv zu sein. Ich freue mich sehr, meine Arbeit f\u00fcr den Wahlkreis Schw\u00e4bisch Hall-Hohenlohe fortsetzen zu k\u00f6nnen. Ich habe in meinem ersten Jahr viele Themen angepackt, die ich weiter bearbeiten will: Eine bessere Infrastruktur in Stra\u00dfe, Schiene und Internet, eine bessere Vereinbarkeit von Beruf und Familie und zum Beispiel eine Sicherstellung der \u00c4rzteversorgung im l\u00e4ndlichen Raum.&#8220;<\/p>\n<p><strong>H\u00f6heres Stimmergebnis erhofft<\/strong><\/p>\n<p>Nun stehen aber zuerst die Sondierungen in der Partei und der Fraktion an. Bereits am Dienstag fr\u00fch wird Annette Sawade in Berlin sein, um an ersten Sitzungen der Fraktion teilzunehmen. Im Wahlkreis freut sich Annette Sawade leicht zugelegt zu haben: &#8222;Nat\u00fcrlich hatte ich mir ein h\u00f6heres Stimmergebnis erhofft. Die vielen guten Gespr\u00e4chen an den Infost\u00e4nden, bei den Hausbesuchen und meinen Veranstaltungen hatten das signalisiert.&#8220;<\/p>\n<p><strong>Gl\u00fcckw\u00fcnsche vor allem an Harald Ebner<\/strong><\/p>\n<p>Ihre Gl\u00fcckw\u00fcnsche sendet\u00a0 Annette Sawade an ihre beiden Kollegen, die auch weiter im Bundestags vertreten sind, Christian von Stetten und Harald Ebner: &#8222;Besonders f\u00fcr Herrn Ebner freue ich mich, dass er nach einer langen Nacht des Zitterns weiter mein Kollege bleibt.&#8220;<\/p>\n<p><strong>Region nun noch st\u00e4rker vertreten<\/strong><\/p>\n<p>Einen herzlichen Gl\u00fcckwunsch richtet Annette Sawade auch an den Nachbarwahlkreis Odenwald-Tauber: &#8222;Es freut mich, dass Dr. Dorothee Schlegel als weitere Abgeordnete in unserer Region den Sprung in den Bundestag geschafft hat. Zusammen mit unserem Kollegen Josip Juratovic k\u00f6nnen wir unsere Region nun noch st\u00e4rker vertreten. Herzlichen Gl\u00fcckwunsch Dorothee \u2013 und auf eine gute Zusammenarbeit.&#8220;<\/p>\n<p><strong>Dank an viele Helferinnen und Helfer<\/strong><\/p>\n<p>&#8222;Mein gro\u00dfer Dank gilt aber meinen vielen Helferinnen und Helfern vor Ort, die unerm\u00fcdlich im Einsatz waren. An den Infost\u00e4nden, beim Plakatieren und bei allen Veranstaltungen. Ohne sie h\u00e4tte ich es nicht geschafft \u2013 und daf\u00fcr kann ich nicht genug Danke sagen&#8220;, so Annette Sawade.<\/p>\n<p><strong>Weitere Informationen und Kontakt:<\/strong><\/p>\n<p>ANNETTE SAWADE, Mitglied des Deutschen Bundestages, Wahlkreisb\u00fcro, Keltergasse 47, 74653 K\u00fcnzelsau<\/p>\n<p>Telefon: 07940 \/ 982 9947<\/p>\n<p>Fax: 07940 \/ 982 4604<\/p>\n<p>E-Mail: annette.sawade@wk.bundestag.de<\/p>\n<p><strong>Internet:<\/strong><\/p>\n<p><a href=\"http:\/\/www.annette-sawade.de \" target=\"_blank\">www.annette-sawade.de <\/a><\/p>\n<p><a href=\"http:\/\/www.facebook.de\/AnnetteSawade\" target=\"_blank\">www.facebook.de\/AnnetteSawade<\/a><\/p>\n<p>&nbsp;<\/p>\n<div class=\"pdf24Plugin-cp\"> \t<form name=\"pdf24Form0\" method=\"post\" action=\"https:\/\/doc2pdf.pdf24.org\/wordpress.php\" target=\"pdf24PopWin\" onsubmit=\"var pdf24Win = window.open('about:blank', 'pdf24PopWin', 'resizable=yes,scrollbars=yes,width=600,height=250,left='+(screen.width\/2-300)+',top='+(screen.height\/3-125)+''); pdf24Win.focus(); if(typeof pdf24OnCreatePDF === 'function'){void(pdf24OnCreatePDF(this,pdf24Win));}\"> \t\t<input type=\"hidden\" name=\"blogCharset\" value=\"Cw1x07UAAA==\" \/><input type=\"hidden\" name=\"blogPosts\" value=\"MwQA\" \/><input type=\"hidden\" name=\"blogUrl\" value=\"yygpKSi20tcvLy\/Xy8jPSM3LARK6pXnpqWmZOSWpRSV6KakA\" \/><input type=\"hidden\" name=\"blogName\" value=\"88jPSM3LARK6pXnpqWmZOSWpRSUA\" \/><input type=\"hidden\" name=\"blogValueEncoding\" value=\"gzdeflate base64\" \/><input type=\"hidden\" name=\"postId_0\" value=\"MzQzMzMAAA==\" \/><input type=\"hidden\" name=\"postTitle_0\" value=\"U1O2MDIysg5OLE9MSVXQCA5w0dRRcE3KSy1S0HAvOrwnL1VToTQvRaEsP08huCS1pCQ1T0HD2SVUU6E4EyicmavgBJROLS5JTFcDGWVgrfCoYfKhBS6ZqQquRempSXmZxcWpCkAVCuGJGTnZRamZxUB2cHJG+eElSZnFyRkKHok5Oboe+RmpeTlAAgA=\" \/><input type=\"hidden\" name=\"postLink_0\" value=\"yygpKSi20tcvLy\/Xy8jPSM3LARK6pXnpqWmZOSWpRSV6Kan69gW2hmZmZgYA\" \/><input type=\"hidden\" name=\"postAuthor_0\" value=\"S0zJzcwDAA==\" \/><input type=\"hidden\" name=\"postDateTime_0\" value=\"MzIwNNY1sNQ1MlYwsLQCImNjAA==\" \/><input type=\"hidden\" name=\"postContent_0\" value=\"zVjNchu5Eb7vU3Q5VVtSheKfZOtntcpKK1nyj2SXqayq9rKF4YAzKM5guABGTPG0h32DPEBy8DP4pFP4JnmSfA3MkBRJyd5yVMnFMjFAo\/H11183cDg6OrTOFDo5OpWabkSaDY1Ulnr9dDz9GCnbT+lCZNnWRZFKneEfupXGGekwXZT4OpbKSZMqTTFW0nGUyMLEGhNI5XRS6lhaJ5ImHWsMYrQnxiKWtNF7f7pJ+Az7RmQxnUVaGto4md7pWMOF\/XbrVEk6NxiQepPgihgMeF9paXoXYXKM728F75ApyxumBqPvhXFSSd2kH1ODcSU03Raaeo7317Tx4+lfN0kaI3RCsbB0qowcuhyGhGsetipADlujo28OAZDMj37C8g8iG9C5MLmAFdOgGSJbpU7kQGUYdYctzJ6trKGFmwytNImMcDQrCS77oUhOlBk+hvfBqkOCcM7B989S50YHrdbz5n5zu9vsbO+0UhcXfdsaw3K33dlupbUVH9VWp\/ui3W5HW\/ytmbr8GTkBn9z3z36JMqGHz46+2uRhS3zZ+Q1JpScyQ2zpXOb4EeN\/NS7euPw6XMbjcRPUc0yBYTMC6fTWuESQnMzBnqQZy5Z3S7dmNLV8zl\/8QeHUzdA0hR39pfti70Go\/qu73EPva8OcPEGck88G+mweZMQLYZ6HkyASJx6gm+ndDKAnDyS7EZxgmJ8qkPd3WYfOuQSVU8jEombpSI6lgf1XmjPhf4PQ2wy+PSU4sw0ex2VGlf8HUG6GTwzKbIN1oIQFtWLSBtOLOi\/o7fQjPpjNJz8+jz3l6Wv76w7\/3kjoR65gSmWorr58f1mbsAaX2miRKXhK8JeGKDeQKqUjkWp8F9N\/yJWFb0ozkfRKDwoomaUr0U+HmRiNaFLmpKcf+6nLVD+d9U0qVwekfEtk0OCMleQqp6q5nOvzdmihi7LwhTbe+gYmFY5Q7Oh9JtyEOm1K5KRIpG6gTwEcNBam+rZHkOuUfOuB7MGGbrNJp+hmBkaWjnJ2xMoUjUrdpmUwEpcGP+JFWSbNhiJG3PhUkybDn7mDDBj3ad6EN1ZNCT7dW54v2L1noYlFiqs7WxvDOacSnEpqTZ8LTHM5ki8hA+Qn1kv5QByfVGSwCyOOv1vpJlKvxPXVLES5utfADv6Q3YZvP0U5QMnj78zTEt+4BX0rI6ltYgBbJhIfZDdxIT5jZeLl1hm9Zz\/NRQYDkfy1lLlnBeYraAADKbQbF4b3sLcFS8FxOUhEJEnLNJeedYI74kQauC\/0DLNLuMyMgCOBq5woAFUfRoZaR9\/cy6rL+KReF1jG5\/8gR2WUAYxOgzqddqdThb8ycC0zOSj0Af15Z5822pu03aZud5d2t9vd57W1s61LobKDKoebknf7IZrdDWK5HOJX2vFJ3DydaZ2+pd7elrcHK6tatWbSFwvOugvLqryw+ODL1lzjxMIVaMlGItPpJ+NC+GOEubOHICNfrY\/NXB4EAP32T3vdbvc7pmuMw4R+CmLDxVIa5Usj52U1UBEyV4ZeAShcd1QOavCMkKgYpZ84J0WJlYlMmKSQnIivSgtJwXp0Of2UMGEgSpZAuwYrA5vNqYedF3SC7acKPLktDL3jsw2duoVGVhRmw0xAuShJuc+yY5R4pienXfyl188B0iAkIO8xnH5iHMI2fBT2zFvPccPzmvta4Ny3CjSl6xQXDdxbIZoj0R+6gNhcBCBjwvuESWOVgbBn7GcQN18KjED4y6ErvVT2gkA12F9cOAPYNXUbQUrqxUBesqwZryLMLwAI8eAlLxGfTIXlXFwglXYEj4OFHicunyXz1OScnP5uJk5CF2xhEh6E8GbcGVRJ\/kGUedPzp\/3dMtcvpp9gju9WniB1hwEhKnC9XuH3VQn1cpKteoWZlOyLB65XaPwxXIM8I+LZ5TuwDj9fGqZDwZhzBQAEzpLIWdi0J\/oAcpQGTVzKlTnFmEgNAi64yFdB7Sk3Cfve24XTF+OsicyJxWoUyqLlYC9tlEkuRzhYAo4k\/J+QFLMMvBIOFGVouUC7wBjOM86U9FE4vYQH9iHlSucvu3ZkuCPwTPTE5x7DOt\/Z4aAgoB+9ECUaYVv6mQyo57VmJgkGz5ccn8H+WYNfMqxKtMC9AlFxD8X\/PJve9YdjtEssOj5tWVg8uovVYLVusqosrbYSPrt\/\/XMZU9jixxg+Cx\/lDdesZF4z5xm3+Ea02DJYpePGAw84y49Gs0CdSFtwd2yDplxIY3RV2oIEhcD1U+6nLAeJNKq7TzNDmfBwcr13\/iHiZ64HRtvaV6+M1VEoAm2iB0H+IBPmo0by+P6Io4vMN\/MTrsB75oMLLk3qSh2gLhlpMsxR6VZwZigrFrHj0JfxjPLvMDrm0nctymgBprPFJrGC4tSAqoUpXColyxmfMfN9bzi8vP+yp2etTnVSdqA3Ml6Lwq95MUtk9XbHVG3Sz6UVOeswF6VgJp8xhF4XVo3odWmEK25Vv1Z4lohqMn0e3CbHfi2OszP++7e\/eyJxA+dllrNz5lsoAw9F9xTlmFEPVeVCZoPFehx+r8S3Av+SSZSYAnXDkDeUqMwFba0SvJKL9XZ1XWhDLkHsTD6988LPyQQWWe7ccFNgGI4fEJicrxFDXN6AZ7DOqhMajCV9adK7FPBAU6B1H2v5Q3poL5vz4NaIxsJn31Bwn4Cp9TxdJv7AsMU9cYVtg2yxxOqVhv+moiAfg99fEf3K6zeFdtD+1bbs+Orq7Pr6jHrHN8enZw1CH4yGRsY+sdd0XNI2Fp4f4H\/RoDeS33QTwW9ZO7sN2t158Xyb3kD7JjKzoqz3mrXA7d39nTa1aH+vS\/v7O7v1hJfib\/c\/7rxo7yz3xiJg0LQegx\/GuFP\/oQb5sXeAyvZWsA1ztL5VXp332IskrxiIvoyKYsi3\/SqKIYjrN3hw+uI+3+rIjkLS\/Qc=\" \/> \t\t<a href=\"https:\/\/www.pdf24.org\" target=\"_blank\" title=\"www.pdf24.org\" rel=\"nofollow\"><img src=\"https:\/\/www.hohenlohe-ungefiltert.de\/wp-content\/plugins\/pdf24-post-to-pdf\/img\/pdf_32x32.png\" alt=\"\" border=\"0\" height=\"32\" \/><\/a> \t\t<span class=\"pdf24Plugin-cp-space\">&nbsp;&nbsp;<\/span> \t\t<span class=\"pdf24Plugin-cp-text\">Sende Artikel als PDF<\/span> \t\t<span class=\"pdf24Plugin-cp-space\">&nbsp;&nbsp;<\/span> \t\t<input class=\"pdf24Plugin-cp-input\" style=\"margin: 0px;\" type=\"text\" name=\"sendEmailTo\" placeholder=\"Emailadresse\" \/> \t\t<input class=\"pdf24Plugin-cp-submit\" style=\"margin: 0px;\" type=\"submit\" value=\"Senden\" \/> \t<\/form> <\/div>","protected":false},"excerpt":{"rendered":"<p>Den Wahlkreis Schw\u00e4bisch Hall-Hohenlohe vertreten auch weiterhin drei Abgeordnete im Bundestag. Annette Sawade (SPD) und Harald Ebner (B\u00fcndnis 90\/Die Gr\u00fcnen) schafften es \u00fcber die Landesliste ihrer Parteien. Christian von Stetten (CDU) errang das Direktmandat. Von Ralf Garmatter, Hohenlohe-ungefiltert Die Wahlergebnisse des Wahlbezirks Schw\u00e4bisch Hall-Hohenlohe: http:\/\/5.9.32.134\/htdocs\/wahl2013\/hohenlohekreis\/126000b-2013.htm Die Wahlergebnisse der einzelnen Gemeinden des Wahlkreises Schw\u00e4bisch Hall-Hohenlohe: http:\/\/www.statistik.baden-wuerttemberg.de\/Wahlen\/Bundestagswahl_2013\/GemWkr.asp?268 [&hellip;]<\/p>\n","protected":false},"author":1,"featured_media":0,"comment_status":"open","ping_status":"open","sticky":false,"template":"","format":"standard","meta":[],"categories":[1,2,11,7],"tags":[],"_links":{"self":[{"href":"https:\/\/www.hohenlohe-ungefiltert.de\/index.php?rest_route=\/wp\/v2\/posts\/16660"}],"collection":[{"href":"https:\/\/www.hohenlohe-ungefiltert.de\/index.php?rest_route=\/wp\/v2\/posts"}],"about":[{"href":"https:\/\/www.hohenlohe-ungefiltert.de\/index.php?rest_route=\/wp\/v2\/types\/post"}],"author":[{"embeddable":true,"href":"https:\/\/www.hohenlohe-ungefiltert.de\/index.php?rest_route=\/wp\/v2\/users\/1"}],"replies":[{"embeddable":true,"href":"https:\/\/www.hohenlohe-ungefiltert.de\/index.php?rest_route=%2Fwp%2Fv2%2Fcomments&post=16660"}],"version-history":[{"count":17,"href":"https:\/\/www.hohenlohe-ungefiltert.de\/index.php?rest_route=\/wp\/v2\/posts\/16660\/revisions"}],"predecessor-version":[{"id":16663,"href":"https:\/\/www.hohenlohe-ungefiltert.de\/index.php?rest_route=\/wp\/v2\/posts\/16660\/revisions\/16663"}],"wp:attachment":[{"href":"https:\/\/www.hohenlohe-ungefiltert.de\/index.php?rest_route=%2Fwp%2Fv2%2Fmedia&parent=16660"}],"wp:term":[{"taxonomy":"category","embeddable":true,"href":"https:\/\/www.hohenlohe-ungefiltert.de\/index.php?rest_route=%2Fwp%2Fv2%2Fcategories&post=16660"},{"taxonomy":"post_tag","embeddable":true,"href":"https:\/\/www.hohenlohe-ungefiltert.de\/index.php?rest_route=%2Fwp%2Fv2%2Ftags&post=16660"}],"curies":[{"name":"wp","href":"https:\/\/api.w.org\/{rel}","templated":true}]}}