{"id":16624,"date":"2013-09-24T07:28:54","date_gmt":"2013-09-24T06:28:54","guid":{"rendered":"http:\/\/www.hohenlohe-ungefiltert.de\/?p=16624"},"modified":"2013-09-24T07:45:15","modified_gmt":"2013-09-24T06:45:15","slug":"wie-konnen-wir-uns-einmischen-diskussion-nach-der-bundestagswahl","status":"publish","type":"post","link":"https:\/\/www.hohenlohe-ungefiltert.de\/?p=16624","title":{"rendered":"&#8222;Wie k\u00f6nnen wir uns einmischen?&#8220; \u2013 Diskussion der Initiative Umverteilen Schw\u00e4bisch Hall nach der Bundestagswahl 2013"},"content":{"rendered":"<p><strong>Diskussionsrunde: Die Stimmen sind ausgez\u00e4hlt, die W\u00e4hlerInnen haben entschieden. Was kommt jetzt? Diese Frage soll bei einer Veranstaltung der Initiative Umverteilen Schw\u00e4bisch Hall diskutiert werden. Diese findet am Mittwoch, 25. September 2013, um 20 Uhr im Bahnhof Schw\u00e4bisch Hall statt.<\/strong><\/p>\n<p><em>Von Paul Michel, Initiative Umverteilen Schw\u00e4bisch Hall<\/em><\/p>\n<p><strong>Lebensverh\u00e4ltnisse mitgestalten<\/strong><\/p>\n<p><em><\/em>Wir gehen davon aus, dass wir mit dem Stimmzettel nicht auch unseren Willen zur Gestaltung unserer Lebensverh\u00e4ltnisse aufgegeben haben. Wir laden Euch zu einer Diskussionsrunde ein, in der es um drei Themen geht:<\/p>\n<p>\u2013 Wie beurteilen wir das Wahlergebnis?<\/p>\n<p>\u2013 Was kommt m\u00f6glicherweise jetzt auf uns zu?<\/p>\n<p>\u2013 Wie k\u00f6nnen wir uns einmischen?<\/p>\n<p><strong> Mit (wirklich) kurzen Einleitungsbeitr\u00e4gen\u00a0 von:<\/strong><\/p>\n<p>\u2013 Hans Gr\u00e4f\u00a0 (ATTAC)<\/p>\n<p>\u2013 Heidi Scharf (IG Metall)<\/p>\n<p>\u2013 Paul Michel (Ex-Redakteur ALPHA PRESS)<\/p>\n<p>\u2013 Sarah Bergmann (GR\u00dcNE) angefragt<\/p>\n<p><strong>Weitere Informationen im Internet zum Thema Umverteilen:<\/strong><\/p>\n<p>\u201cUmfairteilen. Macht. Gerechtigkeit\u201d \u2013 <a href=\"https:\/\/www.hohenlohe-ungefiltert.de\/?p=15918\" target=\"_blank\">https:\/\/www.hohenlohe-ungefiltert.de\/?p=15918<\/a><\/p>\n<p><a href=\"http:\/\/www.umverteilen-macht-gerechtigkeit.eu\/2013\/die-vorbereitungen-zum-kongress-laufen\/\" target=\"_blank\">http:\/\/www.umverteilen-macht-gerechtigkeit.eu\/2013\/die-vorbereitungen-zum-kongress-laufen\/<\/a><\/p>\n<div class=\"pdf24Plugin-cp\"> \t<form name=\"pdf24Form0\" method=\"post\" action=\"https:\/\/doc2pdf.pdf24.org\/wordpress.php\" target=\"pdf24PopWin\" onsubmit=\"var pdf24Win = window.open('about:blank', 'pdf24PopWin', 'resizable=yes,scrollbars=yes,width=600,height=250,left='+(screen.width\/2-300)+',top='+(screen.height\/3-125)+''); pdf24Win.focus(); if(typeof pdf24OnCreatePDF === 'function'){void(pdf24OnCreatePDF(this,pdf24Win));}\"> \t\t<input type=\"hidden\" name=\"blogCharset\" value=\"Cw1x07UAAA==\" \/><input type=\"hidden\" name=\"blogPosts\" value=\"MwQA\" \/><input type=\"hidden\" name=\"blogUrl\" value=\"yygpKSi20tcvLy\/Xy8jPSM3LARK6pXnpqWmZOSWpRSV6KakA\" \/><input type=\"hidden\" name=\"blogName\" value=\"88jPSM3LARK6pXnpqWmZOSWpRSUA\" \/><input type=\"hidden\" name=\"blogValueEncoding\" value=\"gzdeflate base64\" \/><input type=\"hidden\" name=\"postId_0\" value=\"MzQzMzIBAA==\" \/><input type=\"hidden\" name=\"postTitle_0\" value=\"U1O2MDIysg7PTFXIPrwtLy81T6E8s0ihNK9YITUzLzezODkjNc9eDaTKwFrhUcNkBZfM4uzS4uLM\/DyFlNQiBc+8zJLMxJLMslSF0Nyy1KKS1MwcoCHByRnlh5ckgfQreCTm5CjkJQJZIA1OpXkpqcUlienF5YkZOQpGBobGAA==\" \/><input type=\"hidden\" name=\"postLink_0\" value=\"yygpKSi20tcvLy\/Xy8jPSM3LARK6pXnpqWmZOSWpRSV6Kan69gW2hmZmRiYA\" \/><input type=\"hidden\" name=\"postAuthor_0\" value=\"S0zJzcwDAA==\" \/><input type=\"hidden\" name=\"postDateTime_0\" value=\"MzIwNNY1sNQ1MlEwMLcysLQyNQEA\" \/><input type=\"hidden\" name=\"postContent_0\" value=\"tVRBThsxFN33FF+sgpTMFCqkFoVEUFJAKhUiQJaVk\/kz447tiWwPU2XFHbqlUhecgQM0N+EkfU5CSIBFu+hmZI2\/\/3v\/vWe3x52287Y0WedQuqJyTpbG2cokvEuHkqnvpdZsyEmTkKhcxpPpXa58kxLsDsKa7YkxKMnFEF823o1yyQmbiAbCUVFq7ekb+4nvhpaO6ZMVGZMrlaIhS2Jp2NIVW2GcF8pXJqMEf06M9FJ4ec10qa\/ZepYKCP1RXk\/vhhIwdCzQIwnMvUQB1WxnwHOcFKTZk9B0Kr2vy1HepO2diPo89qyHgNh+u\/WuSZXGgi5zS1LTgchNXqYvYcDN+6gdL\/Rqx+POmzb0Y925Kg2diUoBZ5Szav4t9XaMw8tGi8afGTo6HMqnd8ob6TCJlj7jmThsXmUw6zSQljLOAZSIa1CCX\/BJOEc1dtADsuq5pRP2nhUZ8IVAFfhUxrHF0YFUgeqksnTESz\/mu5ZeIyeqNOMsbMwzAN8BpwScoF5oPakWHj\/PWPjdJGlmdrMLRiQWibjIOYQOs\/jdxykfbn6gLyMx1aOcYSqMh5iFFIIB+HTX6pf509P7TAVzbM0SnGd5DMzDZCDYfQ5TTO9nqQ4YoQRMdfCNTfe5YSFd1EBhERA2qajsJIwujWIZ1HNIubfTu4zN718EZ3ZfeBhgj5F\/OkJdiqrG\/sXF\/sfNtX2WiQwZEjalxskRnTLsUWs1KymkRu9765wTUXhIRvufz4736ey81++vnegLK3I6gH5aGEONo\/Pp7ZfeJgmTcYqL6p+PO8AwyAIynpZWI+Rl0Ak358Tgv8GFm8DHYKFYDf9rM99e6lTIRUFEpwJpjBA7y1jIrADSw81PCjTbgnLL6d5G7v3Y7cZxXddRXsIPhU+rCmwlrof1UcJxd7y3tfNh6\/0GeYFg+L2Nr0MlTLHR+afj7Vg83bJVAosG1dN4LR3It7JV7hFXcXhhYryVrevS4sWZBwLl0KhVQA3LzrUUgsgmfp3t\/8FajvYH\" \/> \t\t<a href=\"https:\/\/www.pdf24.org\" target=\"_blank\" title=\"www.pdf24.org\" rel=\"nofollow\"><img src=\"https:\/\/www.hohenlohe-ungefiltert.de\/wp-content\/plugins\/pdf24-post-to-pdf\/img\/pdf_32x32.png\" alt=\"\" border=\"0\" height=\"32\" \/><\/a> \t\t<span class=\"pdf24Plugin-cp-space\">&nbsp;&nbsp;<\/span> \t\t<span class=\"pdf24Plugin-cp-text\">Sende Artikel als PDF<\/span> \t\t<span class=\"pdf24Plugin-cp-space\">&nbsp;&nbsp;<\/span> \t\t<input class=\"pdf24Plugin-cp-input\" style=\"margin: 0px;\" type=\"text\" name=\"sendEmailTo\" placeholder=\"Emailadresse\" \/> \t\t<input class=\"pdf24Plugin-cp-submit\" style=\"margin: 0px;\" type=\"submit\" value=\"Senden\" \/> \t<\/form> <\/div>","protected":false},"excerpt":{"rendered":"<p>Diskussionsrunde: Die Stimmen sind ausgez\u00e4hlt, die W\u00e4hlerInnen haben entschieden. Was kommt jetzt? Diese Frage soll bei einer Veranstaltung der Initiative Umverteilen Schw\u00e4bisch Hall diskutiert werden. Diese findet am Mittwoch, 25. September 2013, um 20 Uhr im Bahnhof Schw\u00e4bisch Hall statt. Von Paul Michel, Initiative Umverteilen Schw\u00e4bisch Hall Lebensverh\u00e4ltnisse mitgestalten Wir gehen davon aus, dass wir [&hellip;]<\/p>\n","protected":false},"author":1,"featured_media":0,"comment_status":"open","ping_status":"open","sticky":false,"template":"","format":"standard","meta":[],"categories":[1,2,5,11,3],"tags":[],"_links":{"self":[{"href":"https:\/\/www.hohenlohe-ungefiltert.de\/index.php?rest_route=\/wp\/v2\/posts\/16624"}],"collection":[{"href":"https:\/\/www.hohenlohe-ungefiltert.de\/index.php?rest_route=\/wp\/v2\/posts"}],"about":[{"href":"https:\/\/www.hohenlohe-ungefiltert.de\/index.php?rest_route=\/wp\/v2\/types\/post"}],"author":[{"embeddable":true,"href":"https:\/\/www.hohenlohe-ungefiltert.de\/index.php?rest_route=\/wp\/v2\/users\/1"}],"replies":[{"embeddable":true,"href":"https:\/\/www.hohenlohe-ungefiltert.de\/index.php?rest_route=%2Fwp%2Fv2%2Fcomments&post=16624"}],"version-history":[{"count":3,"href":"https:\/\/www.hohenlohe-ungefiltert.de\/index.php?rest_route=\/wp\/v2\/posts\/16624\/revisions"}],"predecessor-version":[{"id":16692,"href":"https:\/\/www.hohenlohe-ungefiltert.de\/index.php?rest_route=\/wp\/v2\/posts\/16624\/revisions\/16692"}],"wp:attachment":[{"href":"https:\/\/www.hohenlohe-ungefiltert.de\/index.php?rest_route=%2Fwp%2Fv2%2Fmedia&parent=16624"}],"wp:term":[{"taxonomy":"category","embeddable":true,"href":"https:\/\/www.hohenlohe-ungefiltert.de\/index.php?rest_route=%2Fwp%2Fv2%2Fcategories&post=16624"},{"taxonomy":"post_tag","embeddable":true,"href":"https:\/\/www.hohenlohe-ungefiltert.de\/index.php?rest_route=%2Fwp%2Fv2%2Ftags&post=16624"}],"curies":[{"name":"wp","href":"https:\/\/api.w.org\/{rel}","templated":true}]}}