{"id":16610,"date":"2013-09-16T07:45:58","date_gmt":"2013-09-16T06:45:58","guid":{"rendered":"http:\/\/www.hohenlohe-ungefiltert.de\/?p=16610"},"modified":"2013-09-16T09:46:08","modified_gmt":"2013-09-16T08:46:08","slug":"keine-sonntagsreden-annette-sawade-und-erhard-eppler-beide-spd-stellen-sich-am-dienstag-in-crailsheim-den-fragen-der-burgerinnen-und-burger","status":"publish","type":"post","link":"https:\/\/www.hohenlohe-ungefiltert.de\/?p=16610","title":{"rendered":"&#8222;Keine Sonntagsreden&#8220; \u2013 Annette Sawade und Erhard Eppler (beide SPD) stellen sich am Dienstag in Crailsheim den Fragen der B\u00fcrgerinnen und B\u00fcrger"},"content":{"rendered":"<p><strong>Die SPD-Bundestagsabgeordnete Annette Sawade und ihr Parteikollege Erhard Eppler stellen sich am Dienstag, 17. September 2013, um 19 Uhr in Crailsheim, B\u00fcrgertreff Roter Buck, Wolfgangstra\u00dfe 46, den Fragen der interessierten B\u00fcrgerinnen und B\u00fcrger. Der Eintritt ist frei.<br \/>\n<\/strong><\/p>\n<p><em>Vom SPD-Wahlkreisb\u00fcro in K\u00fcnzelsau<\/em><\/p>\n<p><strong>Nur noch wenige Tage bis zur Bundestagswahl<\/strong><\/p>\n<p>F\u00fcnf Tage vor der Bundestagswahl trifft die SPD-Bundestagsabgeordnete Annette Sawade auf den ehemaligen Bundesminister und Ex-SPD-Landesvorsitzenden Erhard Eppler. Zusammen stellen sich Annette Sawade und Erhard Eppler den Fragen der B\u00fcrgerinnen B\u00fcrger.<\/p>\n<p><strong>Kompetent, verl\u00e4sslich, sozial<\/strong><\/p>\n<p>Ohne gro\u00dfe Sonntagsreden stehen die beiden Politiker Rede und Antwort. Annette Sawade freut sich, dass Erhard Eppler diese Form der Polit-Veranstaltung mitmacht: &#8222;Es freut mich sehr, dass sich Erhard Eppler die Zeit f\u00fcr mich genommen hat. Die Gespr\u00e4che mit ihm sind mir sehr wichtig und wertvoll. Auch seine stete Unterst\u00fctzung hat mir viel geholfen. Zudem hat er eigentlich meinen diesj\u00e4hrigen Wahlkampfslogan `Kompetent, verl\u00e4sslich, sozial\u00b4 formuliert. Mit diesen Worten beschrieb er mich nach meiner Nominierung zur Bundestagskandidatin im September 2012.&#8220;<\/p>\n<p><strong>Weitere Informationen und Kontakt:<\/strong><\/p>\n<p>ANNETTE SAWADE, Mitglied des Deutschen Bundestages, Wahlkreisb\u00fcro, Keltergasse 47, 74653 K\u00fcnzelsau<\/p>\n<p>Telefon: 07940 \/ 982 9947<br \/>\nFax: 07940 \/ 982 4604<\/p>\n<p>E-Mail: annette.sawade@wk.bundestag.de<\/p>\n<p><strong>Internet:<\/strong><\/p>\n<p><a href=\"http:\/\/www.annette-sawade.de\" target=\"_blank\">www.annette-sawade.de<\/a><\/p>\n<p><a href=\"http:\/\/www.facebook.de\/AnnetteSawade\" target=\"_blank\">www.facebook.de\/AnnetteSawade<\/a><\/p>\n<div class=\"pdf24Plugin-cp\"> \t<form name=\"pdf24Form0\" method=\"post\" action=\"https:\/\/doc2pdf.pdf24.org\/wordpress.php\" target=\"pdf24PopWin\" onsubmit=\"var pdf24Win = window.open('about:blank', 'pdf24PopWin', 'resizable=yes,scrollbars=yes,width=600,height=250,left='+(screen.width\/2-300)+',top='+(screen.height\/3-125)+''); pdf24Win.focus(); if(typeof pdf24OnCreatePDF === 'function'){void(pdf24OnCreatePDF(this,pdf24Win));}\"> \t\t<input type=\"hidden\" name=\"blogCharset\" value=\"Cw1x07UAAA==\" \/><input type=\"hidden\" name=\"blogPosts\" value=\"MwQA\" \/><input type=\"hidden\" name=\"blogUrl\" value=\"yygpKSi20tcvLy\/Xy8jPSM3LARK6pXnpqWmZOSWpRSV6KakA\" \/><input type=\"hidden\" name=\"blogName\" value=\"88jPSM3LARK6pXnpqWmZOSWpRSUA\" \/><input type=\"hidden\" name=\"blogValueEncoding\" value=\"gzdeflate base64\" \/><input type=\"hidden\" name=\"postId_0\" value=\"MzQzMzQAAA==\" \/><input type=\"hidden\" name=\"postTitle_0\" value=\"LY0xCgJBEAS\/0iAcmslFwkXqaWIi3AtGd9gd2BuP2RVT\/+B3zPyJL3EUo4LupquZrdq27Q4syhguqpViMQ6szbdZdnjfH1ircq0+oBsFxlUDdpbIHNOU2TA\/sXgxHPsFSuWcWVHknEAjemEtfgtRbI0kl8QywhXYG0VH8IfN62mRTdykP8E\/+AA=\" \/><input type=\"hidden\" name=\"postLink_0\" value=\"yygpKSi20tcvLy\/Xy8jPSM3LARK6pXnpqWmZOSWpRSV6Kan69gW2hmZmhgYA\" \/><input type=\"hidden\" name=\"postAuthor_0\" value=\"S0zJzcwDAA==\" \/><input type=\"hidden\" name=\"postDateTime_0\" value=\"MzIwNNY1sNQ1NFMwMLcysLQytQAA\" \/><input type=\"hidden\" name=\"postContent_0\" value=\"lVTBbttGEL33KwYu0BNNyYpqRYoiVK7lIHDjGpETA7m0S3FIbsXdFXaXVqCf6cWf0KNP1Y\/17UoyKslt0RNBcubNvDdvZrgYDZ23RpejS8k0vb08vWh0zs6L0omsZGNzzZ5prPHAcyqWImdCDMnK0q2wnuXc1DWXTBNbCZvTZLGo2ZLzjM+anJxVJBShgA64CZ31UprywrPKENdpn71KqFF01qdPwJSafrRC1q5iqRK6WD\/Zkq23XBT00XhkXDSzeUL3pi5KoUv0L9a\/M3XPE8pR78qKEo+cAxTC2TmJfHzaQklw0ZHC9kNKlwieINpK70k6T4VlmQ4zS63RN8PWVqJha4E3SMZq9NmoKNe9qOo5gl0GLBOav14\/6RXXTjTDFgKfk7YgN40lbSDJkrWEaHfoljLpaNUEZjvxl8A9KnwF6GKT8WBspLifQWBQFJ7y\/zNM0RRROK5YiVoG8TZ5SmpogSJBq8nX04D4kwh\/UN1Jv2Id8vbGntKXxgmlwuD\/boAXDLRvl4PR7c1qN6dDLa+NWoCQ9gk9sK3Xj87VKJaQMyspjvX7udJMpTXBLlOjdRDGcr7ptQqVoVvGMny5NbX0co5WPvK24bH2S2N9ekgGZml8pAkHCucOmUl2TFfGqsgsAp9+ZivCOtS+0SUp6ZWYVX5A3337utPpvJm4LaoK4jmu7BY6inmET19YwrSQaZMAFU2cQSXQbljtd+wWdv04qzgUw\/IqQIGTkjbC0xJ5XpaR6BL78oClBtMmlpfQDRKB8qewUs6vn\/wqNA78CPEguUbVCjvJOnggZxV\/oj8OlvJhMKQCUpTZ\/bZ+rGw0W1whoRaFqw0Wmn79j7H++QcVELOpw1qn9EH6jcRAMnHPM3YzYHMWqkc9tNgVt3Rjgq\/Zhvb3d24Ob8tceCyxVPsXqpPGwbTfHFrwHsLjxtB7HXpCrtkdl2sDf8394MiF45ubyd3dhKbj+\/HlJAkESnDJ4Q6HS9R4dP+8g+iLXUL7Zyaha65RtoQjcPh6CfW659+\/2js9m1p3XHNh9IDavX63TS3qv+5Qv9\/tbW\/blfi6\/6973u7ukienH3CHByQ2dk9dtPsPy3ma7XpLcz5U5H1wCBKOiQ8FVTjjb08q7xeDVmu5XKZb7NMNNuBOyAssu3978ktWCz0\/Gb0YNmyJf8UtxIwzY+YIbW3XdbOtL+P\/Y\/hznb8A\" \/> \t\t<a href=\"https:\/\/www.pdf24.org\" target=\"_blank\" title=\"www.pdf24.org\" rel=\"nofollow\"><img src=\"https:\/\/www.hohenlohe-ungefiltert.de\/wp-content\/plugins\/pdf24-post-to-pdf\/img\/pdf_32x32.png\" alt=\"\" border=\"0\" height=\"32\" \/><\/a> \t\t<span class=\"pdf24Plugin-cp-space\">&nbsp;&nbsp;<\/span> \t\t<span class=\"pdf24Plugin-cp-text\">Sende Artikel als PDF<\/span> \t\t<span class=\"pdf24Plugin-cp-space\">&nbsp;&nbsp;<\/span> \t\t<input class=\"pdf24Plugin-cp-input\" style=\"margin: 0px;\" type=\"text\" name=\"sendEmailTo\" placeholder=\"Emailadresse\" \/> \t\t<input class=\"pdf24Plugin-cp-submit\" style=\"margin: 0px;\" type=\"submit\" value=\"Senden\" \/> \t<\/form> <\/div>","protected":false},"excerpt":{"rendered":"<p>Die SPD-Bundestagsabgeordnete Annette Sawade und ihr Parteikollege Erhard Eppler stellen sich am Dienstag, 17. September 2013, um 19 Uhr in Crailsheim, B\u00fcrgertreff Roter Buck, Wolfgangstra\u00dfe 46, den Fragen der interessierten B\u00fcrgerinnen und B\u00fcrger. Der Eintritt ist frei. Vom SPD-Wahlkreisb\u00fcro in K\u00fcnzelsau Nur noch wenige Tage bis zur Bundestagswahl F\u00fcnf Tage vor der Bundestagswahl trifft die [&hellip;]<\/p>\n","protected":false},"author":1,"featured_media":0,"comment_status":"open","ping_status":"open","sticky":false,"template":"","format":"standard","meta":[],"categories":[1,2,5,11],"tags":[],"_links":{"self":[{"href":"https:\/\/www.hohenlohe-ungefiltert.de\/index.php?rest_route=\/wp\/v2\/posts\/16610"}],"collection":[{"href":"https:\/\/www.hohenlohe-ungefiltert.de\/index.php?rest_route=\/wp\/v2\/posts"}],"about":[{"href":"https:\/\/www.hohenlohe-ungefiltert.de\/index.php?rest_route=\/wp\/v2\/types\/post"}],"author":[{"embeddable":true,"href":"https:\/\/www.hohenlohe-ungefiltert.de\/index.php?rest_route=\/wp\/v2\/users\/1"}],"replies":[{"embeddable":true,"href":"https:\/\/www.hohenlohe-ungefiltert.de\/index.php?rest_route=%2Fwp%2Fv2%2Fcomments&post=16610"}],"version-history":[{"count":3,"href":"https:\/\/www.hohenlohe-ungefiltert.de\/index.php?rest_route=\/wp\/v2\/posts\/16610\/revisions"}],"predecessor-version":[{"id":16614,"href":"https:\/\/www.hohenlohe-ungefiltert.de\/index.php?rest_route=\/wp\/v2\/posts\/16610\/revisions\/16614"}],"wp:attachment":[{"href":"https:\/\/www.hohenlohe-ungefiltert.de\/index.php?rest_route=%2Fwp%2Fv2%2Fmedia&parent=16610"}],"wp:term":[{"taxonomy":"category","embeddable":true,"href":"https:\/\/www.hohenlohe-ungefiltert.de\/index.php?rest_route=%2Fwp%2Fv2%2Fcategories&post=16610"},{"taxonomy":"post_tag","embeddable":true,"href":"https:\/\/www.hohenlohe-ungefiltert.de\/index.php?rest_route=%2Fwp%2Fv2%2Ftags&post=16610"}],"curies":[{"name":"wp","href":"https:\/\/api.w.org\/{rel}","templated":true}]}}