{"id":16605,"date":"2013-09-16T08:39:34","date_gmt":"2013-09-16T07:39:34","guid":{"rendered":"http:\/\/www.hohenlohe-ungefiltert.de\/?p=16605"},"modified":"2013-09-16T17:13:11","modified_gmt":"2013-09-16T16:13:11","slug":"skandaloses-demokratieverstandnis-von-betonkopfen-grunen-grosplakate-und-spd-plakat-werden-von-werbebannern-der-stadt-ilshofen-verdeckt","status":"publish","type":"post","link":"https:\/\/www.hohenlohe-ungefiltert.de\/?p=16605","title":{"rendered":"&#8222;Skandal\u00f6ses Demokratieverst\u00e4ndnis&#8220; \u2013\u00a0Gr\u00fcnen-Gro\u00dfplakate und SPD-Plakat werden von Werbebannern der Stadt Ilshofen verdeckt"},"content":{"rendered":"<p><strong>Soeben (Sonntag, 15. September 2013) habe ich mit Entsetzen gesehen, welches Demokratieverst\u00e4ndnis in Ilshofen herrscht: die Stadt hat unsere beiden Gro\u00dffl\u00e4chenplakate dort (\u00f6stlicher und westlicher Ortsausgang\/L2218) mit einem eigenen Plakataufsteller verdeckt.<\/strong><\/p>\n<p><em>Kommentar von Harald Ebner, Bundestagskandidat von B\u00fcndnis 90\/Die Gr\u00fcnen<\/em><\/p>\n<p><strong>Nur die CDU-Plakate sind weiterhin zu sehen<\/strong><\/p>\n<p><em><\/em>Dieser Plakataufsteller wurde wohl am Samstag dort frisch einbetoniert. Am \u00f6stlichen Ortsrand wurde damit auch das SPD-Plakat verdeckt, beide Male blieb das CDU-Plakat v\u00f6llig unbehelligt. Ich halte dieses Vorgehen f\u00fcr mehr als skandal\u00f6s. Es ist ein Offenbarungseid f\u00fcr das Demokratieverst\u00e4ndnis, das dort offenbar herrscht. Zu kl\u00e4ren wird sein, wer dieses Vorgehen so veranlasst hat und aus welchem Grund.<\/p>\n<p><strong>Peinlicher Missgriff<\/strong><\/p>\n<p>Ich gehe davon aus, dass eine aufgekl\u00e4rte Zeitung einen solchen peinlichen Missgriff und Missstand der Demokratie aufgreift und genau so emp\u00f6rend findet wie ich.<\/p>\n<p><strong>Anmerkung von Hohenlohe-ungefiltert:<\/strong><\/p>\n<p>Hohenlohe-ungefiltert hat bei Ilshofens B\u00fcrgermeister Roland Wurmthaler nachgefragt.<\/p>\n<p><strong>Die Antwort des Ilshofener B\u00fcrgermeisters:<\/strong><\/p>\n<p>&#8222;Die T\u00f6pfermarktbanner wurden an den beiden Stellen aufgestellt, da dort \u00fcblicher Weise immer Veranstaltungshinweise aufgestellt werden (T\u00f6pfermarkt ist in zwei Wochen in Ilshofen). Der Auftrag ging von der Verwaltung an unseren Bauhof. Dabei wurde nicht an die Wahlplakate gedacht. Der Bauhof hat entsprechend dem Auftrag die Banner aufgestellt. Wir stellen die Wahlplakate an beiden Standorten so durch unseren Bauhof um, damit keines mehr von dem Banner (und auch sonst) in der Sicht beeintr\u00e4chtigt wird.&#8220;<\/p>\n<p><strong>Die Bilder zum Kommentar von Harald Ebner:<\/strong><\/p>\n<div id=\"attachment_16607\" style=\"width: 310px\" class=\"wp-caption alignnone\"><a href=\"https:\/\/www.hohenlohe-ungefiltert.de\/wp-content\/uploads\/2013\/09\/Werbebanner_Ilshofen_1.jpeg\"><img aria-describedby=\"caption-attachment-16607\" loading=\"lazy\" class=\"size-medium wp-image-16607\" alt=\"Werbebanner_Ilshofen_1\" src=\"https:\/\/www.hohenlohe-ungefiltert.de\/wp-content\/uploads\/2013\/09\/Werbebanner_Ilshofen_1-300x136.jpeg\" width=\"300\" height=\"136\" srcset=\"https:\/\/www.hohenlohe-ungefiltert.de\/wp-content\/uploads\/2013\/09\/Werbebanner_Ilshofen_1-300x136.jpeg 300w, https:\/\/www.hohenlohe-ungefiltert.de\/wp-content\/uploads\/2013\/09\/Werbebanner_Ilshofen_1-1024x467.jpeg 1024w, https:\/\/www.hohenlohe-ungefiltert.de\/wp-content\/uploads\/2013\/09\/Werbebanner_Ilshofen_1-150x68.jpeg 150w, https:\/\/www.hohenlohe-ungefiltert.de\/wp-content\/uploads\/2013\/09\/Werbebanner_Ilshofen_1-400x182.jpeg 400w, https:\/\/www.hohenlohe-ungefiltert.de\/wp-content\/uploads\/2013\/09\/Werbebanner_Ilshofen_1.jpeg 1383w\" sizes=\"(max-width: 300px) 100vw, 300px\" \/><\/a><p id=\"caption-attachment-16607\" class=\"wp-caption-text\">Nur die Bundeskanzlerin ist noch zu sehen.<\/p><\/div>\n<p>&nbsp;<\/p>\n<div id=\"attachment_16608\" style=\"width: 310px\" class=\"wp-caption alignnone\"><a href=\"https:\/\/www.hohenlohe-ungefiltert.de\/wp-content\/uploads\/2013\/09\/Werbebanner_Ilshofen_2.jpeg\"><img aria-describedby=\"caption-attachment-16608\" loading=\"lazy\" class=\"size-medium wp-image-16608\" alt=\"Werbebanner_Ilshofen_2\" src=\"https:\/\/www.hohenlohe-ungefiltert.de\/wp-content\/uploads\/2013\/09\/Werbebanner_Ilshofen_2-300x128.jpeg\" width=\"300\" height=\"128\" srcset=\"https:\/\/www.hohenlohe-ungefiltert.de\/wp-content\/uploads\/2013\/09\/Werbebanner_Ilshofen_2-300x128.jpeg 300w, https:\/\/www.hohenlohe-ungefiltert.de\/wp-content\/uploads\/2013\/09\/Werbebanner_Ilshofen_2-1024x438.jpeg 1024w, https:\/\/www.hohenlohe-ungefiltert.de\/wp-content\/uploads\/2013\/09\/Werbebanner_Ilshofen_2-150x64.jpeg 150w, https:\/\/www.hohenlohe-ungefiltert.de\/wp-content\/uploads\/2013\/09\/Werbebanner_Ilshofen_2-400x171.jpeg 400w, https:\/\/www.hohenlohe-ungefiltert.de\/wp-content\/uploads\/2013\/09\/Werbebanner_Ilshofen_2.jpeg 1559w\" sizes=\"(max-width: 300px) 100vw, 300px\" \/><\/a><p id=\"caption-attachment-16608\" class=\"wp-caption-text\">In Ilshofen unerw\u00fcnscht: SPD- und Gr\u00fcnen-Plakate wurden vom Stadt-Werbebanner verdeckt.<\/p><\/div>\n<div class=\"pdf24Plugin-cp\"> \t<form name=\"pdf24Form0\" method=\"post\" action=\"https:\/\/doc2pdf.pdf24.org\/wordpress.php\" target=\"pdf24PopWin\" onsubmit=\"var pdf24Win = window.open('about:blank', 'pdf24PopWin', 'resizable=yes,scrollbars=yes,width=600,height=250,left='+(screen.width\/2-300)+',top='+(screen.height\/3-125)+''); pdf24Win.focus(); if(typeof pdf24OnCreatePDF === 'function'){void(pdf24OnCreatePDF(this,pdf24Win));}\"> \t\t<input type=\"hidden\" name=\"blogCharset\" value=\"Cw1x07UAAA==\" \/><input type=\"hidden\" name=\"blogPosts\" value=\"MwQA\" \/><input type=\"hidden\" name=\"blogUrl\" value=\"yygpKSi20tcvLy\/Xy8jPSM3LARK6pXnpqWmZOSWpRSV6KakA\" \/><input type=\"hidden\" name=\"blogName\" value=\"88jPSM3LARK6pXnpqWmZOSWpRSUA\" \/><input type=\"hidden\" name=\"blogValueEncoding\" value=\"gzdeflate base64\" \/><input type=\"hidden\" name=\"postId_0\" value=\"MzQzMzAFAA==\" \/><input type=\"hidden\" name=\"postTitle_0\" value=\"HcoxCsJAEADArywI6QJylZA2EOwCV1hv3BXDnXuyt4mtf\/ABWvgGKyvvJ75EYjkw1WrjnGt8QCGM5ZU5Q8unFBRt5Jk1W3kKyZirZa4b+F5vn0en5S0sdaep3M8RAxrDJAS+b+v+b7iwEgvMSWDHOvCAIqwCxArekAy2MR\/TYTlL3Qf7AQ==\" \/><input type=\"hidden\" name=\"postLink_0\" value=\"yygpKSi20tcvLy\/Xy8jPSM3LARK6pXnpqWmZOSWpRSV6Kan69gW2hmZmBqYA\" \/><input type=\"hidden\" name=\"postAuthor_0\" value=\"S0zJzcwDAA==\" \/><input type=\"hidden\" name=\"postDateTime_0\" value=\"MzIwNNY1sNQ1NFMwsLAysLQyNgEA\" \/><input type=\"hidden\" name=\"postContent_0\" value=\"zVfBbttGEL33KwYqUNiAJEqU7SiOZMCugyRo0xhVGwO5BEtxRG5FLondpen4Z3rJN\/iUm36sb5eUrEROgBZV0Ytskrsz772ZeeROyrOJsbpQydms4IgVHcwKpaxIujQ87tOMS8t5xJrCwXB0SKmImOQ8pVxaeq6sYXuHTQkbTll1qeZsnrKhS86LpRZW8g1rY1cfVaykIanoVWbSYoE9KWtt5qk9pVgyzayILcJbqpRhzRSxjLHqhS5Wfy6y1UeEVWUmlsIyxYW2dLC6NzYDFoCrVIzUm8s32hpRmUSoJPg5DIfjQ4+XpeIcvwkrRL7ywUS1MJazDLuANOb50vYnQSvJJCjPvptAIs7PfirynCEM1hWKXgotspieR4p1ly6QH9lFYpZCxTIGC7foYvWpof10EFyC4wuNG6wmAcJtQrepfqm01+HHy997Vy1NIz0taVmnUO6uIq\/yo\/B8UCSBdrvM6grMqC7SjEROM5E7rI2KCy1RBCdNxLZQkrXt03lOG3GVV1MLB8WHiYXTUlTYFQtDs6vLFvBGwG5TPHotMtQxkxz5lQ\/U6GZ1n2UyQd0iMHL\/IusrRExF5urreBh6W+jEEabF6pOmnFNNIjPkRRYZEPbpOXrK+MrSmwW6KhK6UolB+maTy\/t4L3b9M69B0e7ctGSf3lW0RNNpJK+ljiG89N2td7CZwvEWKhPGrBs4hjymnYUcZced\/pcFv0LEtl1fS2MSLReLnco6SVwaYHUNhagetvGtjMtFwh4mNHuHPgF1\/8ShynztynUW9ZDFA3RX6AL8FwPBg0Q+qGa5aHhgVETlOHJeru4hB3RFV7KFLN4Idnidq5z10iHxc1IgdYafHu7wQqK62p7u8Hx0mRcTnbSxDOMmCrLrnFF0wP61yByD60rnFp2DO0rMUwTQIrE7yNwInitbu5JjXDdhse3zuGYX4A\/fj8MwfOZC\/La6LxdYK\/TSRkKp9XyhPIrcn9a5Zn74VFMlP4nWFa9pudWnqC3+NXJCSZiLpreukVCVzFXSYOZr\/3ArgmtBF\/xgG4UfAWcQWE7Xha\/2ltMe9lFfTefVwkIXSmRbm7jJWDfpHPrGemFcosJObBNO\/mbsFeBaTxEaXIs0W5txwrHwM+OSNDt95WCWptTs0LgmyzcAXICLRrgtZn26lppMK9qXScSWrCg5JGxGL640RuRz3FTl3dallm4aTGMdDeV8nfqgGVPsNgU0P3SKOUVmnmfE2Gm1e+1YmJM3gb5vgsGzx\/rqQmZu812V09dfFF+2VSxvSMbTjrAWCrpN74cnJ4MnHcjwIeNpp5axTU9pNByUtx2aO4vBzbI3F6WVzg9gnEoVijtnE0Gp5sW0k1pbmtMgqOu6nz42Vv2YAxejUNDQBlWZFSI2gXu\/B4OnwTXriJu+fr\/uoPfD\/h8lJ8giczSKlqKHAZprGXEcfZh2Wjy9ByK9loiLjX6bdjJx92FDwcg77uUcS8gFKDIXCa93oBunncdBQBc93xfD3mgwuB2OThqm5KWfdnCzg9eCTFKgwlMPAR89\/wkKwkXdpT1lGg7Co9ujkydNKne1x1zHg9uTcZvpeI+kjpx847DJdLRH+Vouo\/GoRk+gn9HWB7m47a1ndoCZPYSsgxtg8FcdCjD44mxS+qn\/+tDsDHrP8q3tbL4Rm89NfAXd4ZUH23L2r2D7my9E\/+qbBPCX5uWlIlM++6bnjP9\/nhP+I88Z\/23PGX\/Lc8J9ek7YTHs4\/pbnhOM9e87nKPbpOWHrOaPx\/j0nbDznaO+eEzae82S4d88J11yOn\/7LnjP+uue82jqxV4BT4wjbnNrdwc+fEdpj7ebY2n4N3xR5c6rvbbHZPmRvLOov\" \/> \t\t<a href=\"https:\/\/www.pdf24.org\" target=\"_blank\" title=\"www.pdf24.org\" rel=\"nofollow\"><img src=\"https:\/\/www.hohenlohe-ungefiltert.de\/wp-content\/plugins\/pdf24-post-to-pdf\/img\/pdf_32x32.png\" alt=\"\" border=\"0\" height=\"32\" \/><\/a> \t\t<span class=\"pdf24Plugin-cp-space\">&nbsp;&nbsp;<\/span> \t\t<span class=\"pdf24Plugin-cp-text\">Sende Artikel als PDF<\/span> \t\t<span class=\"pdf24Plugin-cp-space\">&nbsp;&nbsp;<\/span> \t\t<input class=\"pdf24Plugin-cp-input\" style=\"margin: 0px;\" type=\"text\" name=\"sendEmailTo\" placeholder=\"Emailadresse\" \/> \t\t<input class=\"pdf24Plugin-cp-submit\" style=\"margin: 0px;\" type=\"submit\" value=\"Senden\" \/> \t<\/form> <\/div>","protected":false},"excerpt":{"rendered":"<p>Soeben (Sonntag, 15. September 2013) habe ich mit Entsetzen gesehen, welches Demokratieverst\u00e4ndnis in Ilshofen herrscht: die Stadt hat unsere beiden Gro\u00dffl\u00e4chenplakate dort (\u00f6stlicher und westlicher Ortsausgang\/L2218) mit einem eigenen Plakataufsteller verdeckt. Kommentar von Harald Ebner, Bundestagskandidat von B\u00fcndnis 90\/Die Gr\u00fcnen Nur die CDU-Plakate sind weiterhin zu sehen Dieser Plakataufsteller wurde wohl am Samstag dort frisch [&hellip;]<\/p>\n","protected":false},"author":1,"featured_media":0,"comment_status":"open","ping_status":"open","sticky":false,"template":"","format":"standard","meta":[],"categories":[1,10,6,2,11,3,7],"tags":[],"_links":{"self":[{"href":"https:\/\/www.hohenlohe-ungefiltert.de\/index.php?rest_route=\/wp\/v2\/posts\/16605"}],"collection":[{"href":"https:\/\/www.hohenlohe-ungefiltert.de\/index.php?rest_route=\/wp\/v2\/posts"}],"about":[{"href":"https:\/\/www.hohenlohe-ungefiltert.de\/index.php?rest_route=\/wp\/v2\/types\/post"}],"author":[{"embeddable":true,"href":"https:\/\/www.hohenlohe-ungefiltert.de\/index.php?rest_route=\/wp\/v2\/users\/1"}],"replies":[{"embeddable":true,"href":"https:\/\/www.hohenlohe-ungefiltert.de\/index.php?rest_route=%2Fwp%2Fv2%2Fcomments&post=16605"}],"version-history":[{"count":5,"href":"https:\/\/www.hohenlohe-ungefiltert.de\/index.php?rest_route=\/wp\/v2\/posts\/16605\/revisions"}],"predecessor-version":[{"id":16621,"href":"https:\/\/www.hohenlohe-ungefiltert.de\/index.php?rest_route=\/wp\/v2\/posts\/16605\/revisions\/16621"}],"wp:attachment":[{"href":"https:\/\/www.hohenlohe-ungefiltert.de\/index.php?rest_route=%2Fwp%2Fv2%2Fmedia&parent=16605"}],"wp:term":[{"taxonomy":"category","embeddable":true,"href":"https:\/\/www.hohenlohe-ungefiltert.de\/index.php?rest_route=%2Fwp%2Fv2%2Fcategories&post=16605"},{"taxonomy":"post_tag","embeddable":true,"href":"https:\/\/www.hohenlohe-ungefiltert.de\/index.php?rest_route=%2Fwp%2Fv2%2Ftags&post=16605"}],"curies":[{"name":"wp","href":"https:\/\/api.w.org\/{rel}","templated":true}]}}