{"id":16595,"date":"2013-09-15T10:42:17","date_gmt":"2013-09-15T09:42:17","guid":{"rendered":"http:\/\/www.hohenlohe-ungefiltert.de\/?p=16595"},"modified":"2013-09-15T10:42:17","modified_gmt":"2013-09-15T09:42:17","slug":"ich-sehe-die-leistungen-meiner-generation-durch-sie-massiv-gefahrdet-offener-brief-von-peter-aichelin-an-den-bundestagsabgeordneten-christian-von-stetten-cdu","status":"publish","type":"post","link":"https:\/\/www.hohenlohe-ungefiltert.de\/?p=16595","title":{"rendered":"&#8222;Ich sehe die Leistungen meiner Generation durch Sie massiv gef\u00e4hrdet&#8220; \u2013\u00a0Offener Brief von Peter Aichelin an den Bundestagsabgeordneten Christian von Stetten (CDU)"},"content":{"rendered":"<p><strong>Einen Offenen Brief hat Peter Aichelin aus Schw\u00e4bisch Hall an den Bundestagsabgeordneten Christian von Stetten (CDU) geschrieben. Er antwortet damit auf ein Schreiben des CDU-Abgeordneten. Hohenlohe-ungefiltert ver\u00f6ffentlicht den Offenen Brief in voller L\u00e4nge. Die Zwischen\u00fcberschriften wurden zur besseren Lesbarkeit von der Redaktion eingef\u00fcgt.<\/strong><\/p>\n<p><em>Von Peter Aichelin, Schw\u00e4bisch Hall<\/em><\/p>\n<p><strong>Der Brief von Christian von Stetten (CDU) zum Herunterladen als PDF-Datei:<\/strong><\/p>\n<p><a href=\"https:\/\/www.hohenlohe-ungefiltert.de\/wp-content\/uploads\/2013\/09\/Brief-vStetten.pdf\">Brief_von_Stetten<\/a><\/p>\n<p><strong>Der Offene Brief von Peter Aichelin:<\/strong><\/p>\n<p>An<\/p>\n<p>Christian Freiherr von Stetten (MdB)<br \/>\nAmrichsh\u00e4user Str. 10<br \/>\n74653 K\u00fcnzelsau<\/p>\n<p>Offene Antwort auf Ihren Brief vom 7. September 2013<\/p>\n<p><strong>Sehr geehrter Herr von Stetten!<\/strong><\/p>\n<p>Vielen Dank f\u00fcr Ihren Brief. Wie Sie richtig geschrieben haben, geh\u00f6re ich \u201ezu den Personen, die dieses Land mit aufgebaut haben und denen &lt;meine&gt; Generation viel zu verdanken hat\u201c. Zur wirtschaftlichen Aufbaugeneration geh\u00f6re ich zwar nicht mehr, aber wir haben dem Land politisch wesentlich Gestalt gegeben.<\/p>\n<p><strong>\u00d6ffentlich f\u00fcr die Ostpolitik von Willy Brandt eingesetzt<\/strong><\/p>\n<p>Bei mir begann das schon in der Jugend, als ich mich \u00f6ffentlich f\u00fcr die Ostpolitik von Willy Brandt eingesetzt habe, gegen den gro\u00dfen Teil meiner Mitb\u00fcrger, der auch ein Vierteljahrhundert danach nicht akzeptieren wollte, dass Deutschland den 2. Weltkrieg verloren hat und viel Leid vor allem \u00fcber die \u00f6stlichen Nachbarv\u00f6lker gebracht hat. Besonders schwierig war die Diskussion bei Personen, die bruchlos ihre NS-Karriere in einer BRD-Karriere weiterf\u00fchren konnten. Konsequenterweise war ich danach und bis heute in der gewaltlosen Friedensbewegung aktiv und war 1981 einer der ersten Kasernenblockierer. Ein Freund, der neben mir sa\u00df, durfte deshalb nicht Lehrer werden. Ein hoher Einsatz.<\/p>\n<p><strong>CDU sa\u00df noch nach 1985 mit der SED in der DDR-Regierung<\/strong><\/p>\n<p>Es war \u00fcbrigens genau diese Friedensbewegung, die 1985 die Wahl Gorbatschows zum Chef der Sowjetunion m\u00f6glich machte, die das Ende des Kalten Krieges eingeleitet hat (so berichten jedenfalls Teilnehmer der Wahl). In dieser Friedensbewegung arbeiteten Menschen aus Ost und West, so gut es ging,\u00a0 zusammen, und so darf ich sagen: Es waren meine Freunde und Gesinnungsgenossen in der DDR, die die Mauer zum Einsturz brachten, als die CDU (Anmerkung von Hohenlohe-ungefiltert: CDU der DDR) noch mit der SED gemeinsam in der Regierung sa\u00df.<\/p>\n<p><strong>Ausstieg aus Irrsinnstechnologie Atomkraft wird von Regierung behindert<\/strong><\/p>\n<p>Auch gegen die Atomkraft habe ich mich schon sehr fr\u00fch und sehr ausdauernd eingesetzt. Zwar konnten wir diese Irrsinnstechnologie nicht verhindern, aber wenigstens ist nach zwei Totalkatastrophen der Ausstieg aus dieser Technologie beschlossen, wenn auch die Umsetzung von der jetzigen Regierung behindert und verschleppt wird.<\/p>\n<p><strong>Oberste 10 Prozent verf\u00fcgen \u00fcber mehr als 50 Prozent des Volksverm\u00f6gens<\/strong><\/p>\n<p>Ein weiteres Projekt meiner Generation war die soziale Gerechtigkeit. In den sp\u00e4ten Zeiten der Bonner Republik hatten wir da gro\u00dfe Erfolge: Die Altersarmut war weitgehend verschwunden, die Arbeitslosigkeit war niedrig und die Chancen zu sozialem Aufstieg waren recht gut.<br \/>\nInzwischen liegen diese Errungenschaften leider ziemlich darnieder: In keinem Land ist die Schulkarriere so vom Status und Einkommen der Eltern abh\u00e4ngig wie bei uns. Die obersten 10 Prozent verf\u00fcgen \u00fcber mehr als 50 Prozent des Volksverm\u00f6gens, w\u00e4hrend die H\u00e4lfte der Bev\u00f6lkerung gerade einmal 1 Prozent haben. Diese Entwicklung hat sich rasant unter der F\u00fchrung der Bundeskanzlerin verst\u00e4rkt.<\/p>\n<p><strong>Sie k\u00fcndigen die europ\u00e4ische Solidarit\u00e4t auf<\/strong><\/p>\n<p>Europa ist f\u00fcr meine Generation ebenfalls ein wichtiges Thema. Wir durften als erste Generation Freundschaft und ungehinderte Reisem\u00f6glichkeiten in Westeuropa genie\u00dfen. Dass dann die Osterweiterung unter Helmut Kohl so stark forciert wurde, war friedenspolitisch eine gro\u00dfe Tat, europa-innenpolitisch fragw\u00fcrdig und wirtschaftlich ein Fehler. Dass aber nun gerade aus der CDU (und dabei auch gerade von Ihnen) die europ\u00e4ische Solidarit\u00e4t, der wir einen Gro\u00dfteil unseren Wohlstandes verdanken, aufgek\u00fcndigt wird, halte ich schlicht f\u00fcr sch\u00e4big.<\/p>\n<p><strong>&#8222;Ich werde Sie am 22. September nicht w\u00e4hlen&#8220;<\/strong><\/p>\n<p>Wie Sie aus meinen Ausf\u00fchrungen entnehmen k\u00f6nnen, sehe ich die Leistungen von mir und meiner Generation durch Sie und Ihre Partei massiv gef\u00e4hrdet und werde Sie deshalb am 22. September 2013 nicht w\u00e4hlen.<\/p>\n<p><strong>Grandiose Sache: Haller aus Sri Lanka, Brasilien, Rum\u00e4nien und der T\u00fcrkei&#8230;<\/strong><\/p>\n<p>H\u00e4tte ich dieses Wochenende Zeit, w\u00fcrde ich auch mit Sicherheit nicht zu Ihrem Messestand kommen, sondern mir die Zeit auf angenehme Weise beim Freundschaftsfest der Stadt Schw\u00e4bisch Hall vertreiben, bei der sich die Haller, die aus unterschiedlichsten\u00a0 L\u00e4ndern stammen, \u00f6ffentlich pr\u00e4sentieren k\u00f6nnen. Dass es Haller aus Sri Lanka und aus Brasilien, aus Rum\u00e4nien und aus der T\u00fcrkei gibt, halte ich f\u00fcr eine grandiose Sache.<\/p>\n<p><strong>Wolfgang Bosbach ist gegen weltoffenes, tolerantes und buntes Deutschland<\/strong><\/p>\n<p>Deshalb werde ich nat\u00fcrlich auch nicht zu Ihrem Wahlkampfabschluss kommen. Denn Ihr Gast, Wolfgang Bosbach, dem ich seinen Ruhestand g\u00f6nne und hoffe, dass er trotz seiner schweren Krankheit noch das Leben nach der Politik genie\u00dfen kann, steht gegen alles, was zu einem weltoffenen, toleranten und bunten Deutschland des 21. Jahrhunderts geh\u00f6rt.<\/p>\n<p>Mit freundlichen Gr\u00fc\u00dfen<\/p>\n<p>Peter Aichelin<\/p>\n<div class=\"pdf24Plugin-cp\"> \t<form name=\"pdf24Form0\" method=\"post\" action=\"https:\/\/doc2pdf.pdf24.org\/wordpress.php\" target=\"pdf24PopWin\" onsubmit=\"var pdf24Win = window.open('about:blank', 'pdf24PopWin', 'resizable=yes,scrollbars=yes,width=600,height=250,left='+(screen.width\/2-300)+',top='+(screen.height\/3-125)+''); pdf24Win.focus(); if(typeof pdf24OnCreatePDF === 'function'){void(pdf24OnCreatePDF(this,pdf24Win));}\"> \t\t<input type=\"hidden\" name=\"blogCharset\" value=\"Cw1x07UAAA==\" \/><input type=\"hidden\" name=\"blogPosts\" value=\"MwQA\" \/><input type=\"hidden\" name=\"blogUrl\" value=\"yygpKSi20tcvLy\/Xy8jPSM3LARK6pXnpqWmZOSWpRSV6KakA\" \/><input type=\"hidden\" name=\"blogName\" value=\"88jPSM3LARK6pXnpqWmZOSWpRSUA\" \/><input type=\"hidden\" name=\"blogValueEncoding\" value=\"gzdeflate base64\" \/><input type=\"hidden\" name=\"postId_0\" value=\"MzQztTQFAA==\" \/><input type=\"hidden\" name=\"postTitle_0\" value=\"FY5BCsIwEEWvMiCI7qQroStbQQRBoXiA2PwkA3YKSdq1d\/ACLjyJ3sSTONkMzPDen79cbKuqqo99oIQAsgw6gVOexENoAAsiHaDTZB6F7BSV7RQbTEo8k4f7vkO0yMuStanp93h+XmfnikRNZDia1bwg677jPuDOQkaz9EMziUXKxidz8xijFcWE2hC1BCtU1C4jl+uq3V\/Xfw==\" \/><input type=\"hidden\" name=\"postLink_0\" value=\"yygpKSi20tcvLy\/Xy8jPSM3LARK6pXnpqWmZOSWpRSV6Kan69gW2hmamlqYA\" \/><input type=\"hidden\" name=\"postAuthor_0\" value=\"S0zJzcwDAA==\" \/><input type=\"hidden\" name=\"postDateTime_0\" value=\"MzIwNNY1sNQ1NFUwNLAysLQyNAcA\" \/><input type=\"hidden\" name=\"postContent_0\" value=\"pVhNb9xGEr3nV\/RmASMGRjOWvN4kslaA5JElRXYsSI4F+BI0xR6SJtmcdDdF7JzyK\/a02OxBv8Enn3b+SX7JvlfN+dIIARZ7sDzD6Y+qV69eVfFgenjgg2tsdnhSWGPVu8nE8P9jV5iJynVQlyYYp46K29xUhVW69er6Nu\/m90nhb3N1pqtKaatSbmptanzQmddJZhqXWuy16lXuCh8KLLprrLoOJvDpN6\/GPz1VmcEhuCsxdqhOHE4KXeOwRKW6LgKumyiDa3GlMwVW4SKvsHXnaO2KoTprcmMr\/NlpbWYmRQWjg7ozbv6ZHoUK9gcxctPDgkZVFTx8M7\/HzqEaF0Z97OibsfMviXFi4IQmd63jCbPWqcR4bxy+vDE+0a40sJXepTjpyqS6DAW+wXIYM\/+SheHBqMf5YDQ9\/OoAuJv68APWbOI72AL3YISFy039IWNsiQ7w0j8CeNbW6sy41uKWStN8XXl1OX69M9bBFPvbdmkFqCd\/+zoPYer3R6Ou64b5Y\/AOUzPqpju3Dc62YdROq0anfrT3bPf56Nn3I7Fv5643ZzhNJ18fyrOfYeXP\/eODkX7UuRilNR83Ydo2+8guPq3QeA3K5Ma5TVjepsdPDxKnRodfHdUOB\/p8ft8imljihmr3Wf\/jt3\/564vn6mL+xc5M5XW7OL837SgyVRh6nrslo+6aWn07VNdmGkwN+iji8dDFa5M7cB9\/6dXZAxv\/tOXdh8JUuGGsbanAJ7d+41DdgLLX+EdnQpGtJxVSGH8HeJTPPzujsEL9\/uu\/Zq3kwiXY3Vj+nmI7\/nkk1xttU9XnXmYS3YZ4iEJ2cxc+PanCyxrkNk+y8FKd4pnTQvg72AnKMfFS2Cr3h99\/\/edQfUTSdIULsExPJB3x41E7wfnZav+6mbNOO2Ulb2sANVCaaOKM3pzU1NHWaVMVQfKlgwMx12EUhKgKODETcXkYgfk\/lroQESUC73yIh5USjpuiqv4OkHFJiLnsTZiFregcmwKAURQybWGY9grW4IAiCsIPdDEdSObxvpp\/1oTpfzVAABiIa1F4M9fMf8P\/701RKQmMU2+LkODYzAA5GqFbXEQpBZfAuuqTzl1OwXbUWqvxawRblzNwtxB166CNAVfBJa\/GpmX4Kh15oPbAPFOFEkzLGPGqcTHgwhShwhtT4FOD26GxtRI9FUfnn\/2CBD\/iakjo3fxzVRpmReI07cBBQ3VsQFDYKIh2MAr0Ji94xrjwZes9eZMgAptkThz8rRoAjkxRP17vXGjn6BSDEhE6vhqvnnZQcOMQCEmssrFW6spFY735pTWUTyzxRm5nzHrM6CrEWuUAxywCnpkO3MPthiJUGKDlE9OZDOqpWBvuZB+P2v3+u93eHu6EDxSpCw09gi9J1dyWtA\/ChAJNRWvJJC61kt\/kndfz3\/CsdahSrI+5rpI+mG+QOcwaw8oVz6CWO37yOsy28gJFQ85TtiEj6CJMfCGCwFuvT8YLL8fjq50rkxWsLtlWUpx48Q8hR8zgP0Cxuo0iswVKjJlcxA83Oq\/UaeMSTcI1nZcy9iqHvIoNTffJhNYy8vX8cyY5VJM0plcyZOAJaCPNwgVCQUhJU3yVNKoYbaGY+sY3oI9IJ1Z9olkTsNVLMlmT131kaNPToTq30QX3SGBdIsfimLd4LuRmu4SklnDfQJIGCtdlkFRYksGSwX\/+Dd+8rmsSl6vwe6rdRDjmNUDbVxFKBptE6UlgZDVkrrAWt3usbDwJt4rOUtbVW93iEUFk3EPrZipmGW+lLHERQ\/\/NkYXDJd2hAD3aVu3Lyv6Op5Eo6\/TIDO2ETwtTliQRZm1R7ghJHKghBOvcOXqELLjNbVM12KmOQlOXDmWD6p+KYasjE5MXomLbLQEVrxfJjVMonyshjlLtWZEnDvkfo8CvsCclcPi+El+UMvK6VwipR5HTj1kekxDaGG20iyJmbJEx0SFPIIdk2Qzyot43KFqlDpquTHMT8dsAqGff+7VbEtb7SqI\/4Nk2ij2d\/qmm0Ytw8jBkzowJ+RiEUbil5a3MdBrx3orXu0RUCp2SunTNDNrIPWxzcWqU+FrgA69erNYwFz80VemxmFkL77dFA4yJSozF2PjJlGFR0NbajEUF8M2s0JXBT85I68M+POYoTPHT+T1D9JEHRuePETUh5LRNKhRZCMAyiLovoxhDJk2VmX0ZBY5Iea9djZzltbQOXYpZAtUxF\/uicyQK4BGKaIqKLYxJWbakfWKa5dreyhixsL9mIxQjHPNcvKFMDPte9NzO+pFEVcWC0Z6mMoAiNlpGFAgb\/ZwVpq5ilXK837h9olISyb5rIvFoDuaNFpTryyDUhw3sddABXKPJCEnZUJ4EwBPCAX4lOcclFmPhX4GlPs5OTdLXsP+fHiDz\/J71OAJ3Nr+vYoVDIE3fL5C\/6HEw2TBHa12p3eWR0ieKVYQK\/XpxW1bcQN33hMdpj4lTyXQk575mA8AlconMs6W2MwyInBTp2fzelWErJ9h+lxgV0mIhN6ZFBs\/vJWqoWFWBUBTYLX31NvG5WktQpBmMSr9GeRb7WJfYw3Wx0wdk73NTa44Arm8A4oAXM3RtfywakScSV\/KmT3uDhEBrsyilZcwXXMOKZaJlcKswbDKBJ5vBVDrd2LJKaxRiLCKUZ6Ziwlw0qOOgFFpxh8GlcbfsPeMcPZDkmPRFdNXDi+N9Jr7XKJjRgB1Iq7GrZROnsw5IpX1mbc4WAtJrAxVzvb2iuyiUC7KIlOKRFD1JTU0a61gzZAkV8zzHrU\/\/OKCxHaOGGHmHckrjA1txJIW00TfAARiQTavRaBAHrJ41UWsHoGYVYnGiCEv5EELgG98KZFvMe\/Ln7\/b29l6ey\/gDXGUSRO3d21sfQmMhYjphjpQtz15ukXAxRxKbOvqC0jPpUwLfkFTSEUFJ5p+t9NoolNFcQoR2H82FLCV47E0J7baAg6rYwrv4O4dZdalBRMxRCBbaY742QeqnJpJ15dmivd3ykGP2pptbUJ1ykCrQlatrVFwIPN+vyGjk1bUrqIulHnDe8gVkFt5dtTV0rlgOv6i7CAYShBA+fwRCaFQIS0A4Tt80lG3Dho2FiJr2hc5wibCNrdM1RyGXs2REF1AciEqNThJlXbijogyzg5ReQuAl6jxWXkNoIs\/4IHE5qoDQ9Ubi+4nxfZ8WNEbKrRd5IGeI79kGoupc6hfRjWjFSqelOgSpgMhgEpWij26W79HEPBgd7V2fdKdufs8ZPY6XPYv6FAVYjwVEoOeTtbjw62ZsFvncxwfNdRLWs0mSqNeWDRZsseSmqSaY4zM0Cz5hZ0ZRjm1kh3G3kdc\/qE2hgamoHibWyaSVj2tD8hY5xj13I5sLma8C7KqWXHgQfM4cpa6nE53wTLSBPQmAGNs8rFKnmlPFQ6MH8npEZCQm8lWb9zTKBHSxOacz\/XQP7GBtmMUNIjidBOkCTpaRmo10FB55ztFT2lZiftm\/sljWCIWaSaIGky+gY2BZ0DVnORX7kBWcdg1Ou4LTPnjn4NXe7lD9sHpz4fs3RquC\/BZ2ToTy\/euFU\/T0tGmxYPNFojz9Lw==\" \/> \t\t<a href=\"https:\/\/www.pdf24.org\" target=\"_blank\" title=\"www.pdf24.org\" rel=\"nofollow\"><img src=\"https:\/\/www.hohenlohe-ungefiltert.de\/wp-content\/plugins\/pdf24-post-to-pdf\/img\/pdf_32x32.png\" alt=\"\" border=\"0\" height=\"32\" \/><\/a> \t\t<span class=\"pdf24Plugin-cp-space\">&nbsp;&nbsp;<\/span> \t\t<span class=\"pdf24Plugin-cp-text\">Sende Artikel als PDF<\/span> \t\t<span class=\"pdf24Plugin-cp-space\">&nbsp;&nbsp;<\/span> \t\t<input class=\"pdf24Plugin-cp-input\" style=\"margin: 0px;\" type=\"text\" name=\"sendEmailTo\" placeholder=\"Emailadresse\" \/> \t\t<input class=\"pdf24Plugin-cp-submit\" style=\"margin: 0px;\" type=\"submit\" value=\"Senden\" \/> \t<\/form> <\/div>","protected":false},"excerpt":{"rendered":"<p>Einen Offenen Brief hat Peter Aichelin aus Schw\u00e4bisch Hall an den Bundestagsabgeordneten Christian von Stetten (CDU) geschrieben. Er antwortet damit auf ein Schreiben des CDU-Abgeordneten. Hohenlohe-ungefiltert ver\u00f6ffentlicht den Offenen Brief in voller L\u00e4nge. Die Zwischen\u00fcberschriften wurden zur besseren Lesbarkeit von der Redaktion eingef\u00fcgt. Von Peter Aichelin, Schw\u00e4bisch Hall Der Brief von Christian von Stetten (CDU) [&hellip;]<\/p>\n","protected":false},"author":1,"featured_media":0,"comment_status":"open","ping_status":"open","sticky":false,"template":"","format":"standard","meta":[],"categories":[1,6,2,11,3],"tags":[],"_links":{"self":[{"href":"https:\/\/www.hohenlohe-ungefiltert.de\/index.php?rest_route=\/wp\/v2\/posts\/16595"}],"collection":[{"href":"https:\/\/www.hohenlohe-ungefiltert.de\/index.php?rest_route=\/wp\/v2\/posts"}],"about":[{"href":"https:\/\/www.hohenlohe-ungefiltert.de\/index.php?rest_route=\/wp\/v2\/types\/post"}],"author":[{"embeddable":true,"href":"https:\/\/www.hohenlohe-ungefiltert.de\/index.php?rest_route=\/wp\/v2\/users\/1"}],"replies":[{"embeddable":true,"href":"https:\/\/www.hohenlohe-ungefiltert.de\/index.php?rest_route=%2Fwp%2Fv2%2Fcomments&post=16595"}],"version-history":[{"count":2,"href":"https:\/\/www.hohenlohe-ungefiltert.de\/index.php?rest_route=\/wp\/v2\/posts\/16595\/revisions"}],"predecessor-version":[{"id":16598,"href":"https:\/\/www.hohenlohe-ungefiltert.de\/index.php?rest_route=\/wp\/v2\/posts\/16595\/revisions\/16598"}],"wp:attachment":[{"href":"https:\/\/www.hohenlohe-ungefiltert.de\/index.php?rest_route=%2Fwp%2Fv2%2Fmedia&parent=16595"}],"wp:term":[{"taxonomy":"category","embeddable":true,"href":"https:\/\/www.hohenlohe-ungefiltert.de\/index.php?rest_route=%2Fwp%2Fv2%2Fcategories&post=16595"},{"taxonomy":"post_tag","embeddable":true,"href":"https:\/\/www.hohenlohe-ungefiltert.de\/index.php?rest_route=%2Fwp%2Fv2%2Ftags&post=16595"}],"curies":[{"name":"wp","href":"https:\/\/api.w.org\/{rel}","templated":true}]}}