{"id":16588,"date":"2013-09-12T14:41:28","date_gmt":"2013-09-12T13:41:28","guid":{"rendered":"http:\/\/www.hohenlohe-ungefiltert.de\/?p=16588"},"modified":"2013-09-12T16:42:53","modified_gmt":"2013-09-12T15:42:53","slug":"in-kunzelsau-annette-sawade-spricht-am-freitag-mit-der-eu-abgeordneten-evelyne-gebhardt","status":"publish","type":"post","link":"https:\/\/www.hohenlohe-ungefiltert.de\/?p=16588","title":{"rendered":"&#8222;Frauen und Politik in Europa&#8220; \u2013\u00a0Annette Sawade spricht am Freitag in K\u00fcnzelsau mit der EU-Abgeordneten Evelyne Gebhardt"},"content":{"rendered":"<p><strong>Die SPD-Bundestagsabgeordnete Annette Sawade spricht am Freitag, 13. September 2013, mit der EU-Abgeordneten Evelyne Gebhardt (SPD) \u00fcber &#8222;Frauen und Politik in Europa&#8220;. Die Veranstaltung findet um 19 Uhr in K\u00fcnzelsau im Kokolores, Bahnhofstra\u00dfe 1, statt. Eveleyne Gebhardt wohnt in Mulfingen und ist Landesvorsitzende der Europa-Union.<br \/>\n<\/strong><\/p>\n<p><em>Vom SPD-Wahlkreisb\u00fcro in K\u00fcnzelsau<\/em><\/p>\n<p><strong>Machen Frauen eine andere Politik?<\/strong><\/p>\n<p>&#8222;Wie steht es mit der Gleichstellung? Wie geht es weiter mit Europa? Wie bek\u00e4mpfen wir die Eurokrise und die Jugendarbeitslosigkeit? Machen Frauen eine andere Politik? Diese und andere Fragen stellen sich aktuell in der europapolitischen Arbeit. Ich bin froh, diese Fragen mit Evelyne Gebhardt zu besprechen&#8220;, so die SPD-Bundestagsabgeordnete Annette Sawade.<br \/>\nMit der Hohenloher Europaabgeordneten hat Annette Sawade eine Europaexpertin zu Gast. Evelyne Gebhardt ist seit 1994 Mitglied des Europ\u00e4ischen Parlaments und wurde bereits zweimal (2005 und 2006) zur Europ\u00e4erin des Jahres gew\u00e4hlt. Zudem geh\u00f6rt sie zu den zehn wichtigsten Deutschen in den Institutionen der Europ\u00e4ischen Union.<\/p>\n<p><strong>Fragen aus dem Publikum sind ausdr\u00fccklich erw\u00fcnscht<\/strong><\/p>\n<p>&#8222;Ich freue mich immer auf Veranstaltungen mit Evelyne Gebhardt. Da wei\u00df ich, dass ich sachkundige Informationen aus erster Hand bekomme und der Abend kurzweilig wird.&#8220; Wie immer sind alle Interessierten herzlich eingeladen und der Eintritt ist frei. Fragen aus dem Publikum sind ausdr\u00fccklich erw\u00fcnscht.<\/p>\n<p><strong>Weitere Informationen und Kontakt:<\/strong><\/p>\n<p><a href=\"http:\/\/www.annette-sawade.de\/\" target=\"_blank\">http:\/\/www.annette-sawade.de\/<\/a><\/p>\n<p><a href=\"http:\/\/www.evelyne-gebhardt.eu\/\" target=\"_blank\">http:\/\/www.evelyne-gebhardt.eu\/<\/a><\/p>\n<div class=\"pdf24Plugin-cp\"> \t<form name=\"pdf24Form0\" method=\"post\" action=\"https:\/\/doc2pdf.pdf24.org\/wordpress.php\" target=\"pdf24PopWin\" onsubmit=\"var pdf24Win = window.open('about:blank', 'pdf24PopWin', 'resizable=yes,scrollbars=yes,width=600,height=250,left='+(screen.width\/2-300)+',top='+(screen.height\/3-125)+''); pdf24Win.focus(); if(typeof pdf24OnCreatePDF === 'function'){void(pdf24OnCreatePDF(this,pdf24Win));}\"> \t\t<input type=\"hidden\" name=\"blogCharset\" value=\"Cw1x07UAAA==\" \/><input type=\"hidden\" name=\"blogPosts\" value=\"MwQA\" \/><input type=\"hidden\" name=\"blogUrl\" value=\"yygpKSi20tcvLy\/Xy8jPSM3LARK6pXnpqWmZOSWpRSV6KakA\" \/><input type=\"hidden\" name=\"blogName\" value=\"88jPSM3LARK6pXnpqWmZOSWpRSUA\" \/><input type=\"hidden\" name=\"blogValueEncoding\" value=\"gzdeflate base64\" \/><input type=\"hidden\" name=\"postId_0\" value=\"MzQztbAAAA==\" \/><input type=\"hidden\" name=\"postTitle_0\" value=\"Fc0xCsJAEEbhq\/wgpBMklZAqxcbCRpAcYOIOyeJmEiazilbewQt4ECu9iScx6d\/Hy1bbPM+LSimxIInHYYjBwhlB4JIOI2VLsinwezw\/r1KEzRhHupJnTKOGU2egHpVyMGoXt\/++5c5xooQ+GDwrXL0um5YH9bOfT+7C8SaMHTcdqbc\/\" \/><input type=\"hidden\" name=\"postLink_0\" value=\"yygpKSi20tcvLy\/Xy8jPSM3LARK6pXnpqWmZOSWpRSV6Kan69gW2hmamFhYA\" \/><input type=\"hidden\" name=\"postAuthor_0\" value=\"S0zJzcwDAA==\" \/><input type=\"hidden\" name=\"postDateTime_0\" value=\"MzIwNNY1sNQ1NFIwNLEysLQysgAA\" \/><input type=\"hidden\" name=\"postContent_0\" value=\"nVTbbtw2EH3vVwxcoEiAvdibtmiSzRoOnDiJa8CA4RjoS0FZsxIhihR4idL9mbz4G\/rkN\/1YDynuprYbt+iLRFHDmTNnzuGyWy2dt0ZXq2PJdHF+PH0ddMnOi8qJomJjS82e6UjjhfeF6EXJ5Dorr2tPoqW3liWiJ3TwbEYX3HluC7a02D94NqFWeirx9eZyevQ1m6Y3n1j9oZlOuKiFLT09QemnNNzGoz98\/8tisXj51oqAUMChc6Oklw1JnAzWdCKF7L+cUUT9ka3QQKx80BWtJfB7Ci0dPKfL2sZDp8Ot3rByIpBs6dQ0RhnLbkKvRa1rswYFYvjCdDAh5PF+lgDyHYS9qbWPyc6CQo0qQ5PO068iUvbJWCf9hrEee05Ip5daGj1bFpbmq++W88z2ct7hC+xzu\/po2sT8lahVAzZdMdxacxf3co7A3aGc5Exc14CRiWIJuBGJ5S1hhw\/qZW6vQJvzjAmy2w3pRDGGim2lQOQhxaAqx\/QYMkJi6NjX+LvgZrhpuzXK99JSia34u7HScaIn7nwIIKsUtkAOp4yTVYPVIf07\/DjenCj\/QXBkPoGMbwAm0fiAz0hYbIMTvi6lcKnCUSo9o\/cILhC1tqaeRGhulzA1dl+Um4AGIXWOWbLkoBCTuvqvXtmO\/iyz\/M4gmcJjqxDxd2PUwt\/3WiJmDOXPHVuPDoDsRLis0zuYox4duoX6n\/9IKFopyZgDZphyDDeZlHNhlWhZe5f47YMt4zyjmx1tMO9WKHqy2N\/\/Kf3H4uenqGu3adgmvh19EDW8BKX0w02tgOm3UHIblTP8aQEGXAFuiZIbrqNOcHHIysVujzn4EU3Kpek9fCx98LAM668u2oHOZrrngzxDERzFyuehULLBBeBkFE5wpR1urxsVtcK2h6eQzH\/LGlEka8uBoQksZdsChQjru9fMNySDC0lErwxfCIehMeFcXJGD1hvwKCtGk2tjW5GbjKjZuuiudxB5tJRBzdE92DwqYB5qgo0zUbKKRitnWY3JhCPEsVm4AvmRjB2It0lSbDdj7\/HWUqLMN1diV2pvpR9lg67ljP4XmQ9GcpXui\/u9xrKnRns49sXDq1AQhLR+tVd7372Yz\/u+n4nRClM3Wqnk+R55YSv2r\/Z+L5TQzd7q0fDlXDxagMcBTqvtADk8XuKfDuyK\/AU=\" \/> \t\t<a href=\"https:\/\/www.pdf24.org\" target=\"_blank\" title=\"www.pdf24.org\" rel=\"nofollow\"><img src=\"https:\/\/www.hohenlohe-ungefiltert.de\/wp-content\/plugins\/pdf24-post-to-pdf\/img\/pdf_32x32.png\" alt=\"\" border=\"0\" height=\"32\" \/><\/a> \t\t<span class=\"pdf24Plugin-cp-space\">&nbsp;&nbsp;<\/span> \t\t<span class=\"pdf24Plugin-cp-text\">Sende Artikel als PDF<\/span> \t\t<span class=\"pdf24Plugin-cp-space\">&nbsp;&nbsp;<\/span> \t\t<input class=\"pdf24Plugin-cp-input\" style=\"margin: 0px;\" type=\"text\" name=\"sendEmailTo\" placeholder=\"Emailadresse\" \/> \t\t<input class=\"pdf24Plugin-cp-submit\" style=\"margin: 0px;\" type=\"submit\" value=\"Senden\" \/> \t<\/form> <\/div>","protected":false},"excerpt":{"rendered":"<p>Die SPD-Bundestagsabgeordnete Annette Sawade spricht am Freitag, 13. September 2013, mit der EU-Abgeordneten Evelyne Gebhardt (SPD) \u00fcber &#8222;Frauen und Politik in Europa&#8220;. Die Veranstaltung findet um 19 Uhr in K\u00fcnzelsau im Kokolores, Bahnhofstra\u00dfe 1, statt. Eveleyne Gebhardt wohnt in Mulfingen und ist Landesvorsitzende der Europa-Union. Vom SPD-Wahlkreisb\u00fcro in K\u00fcnzelsau Machen Frauen eine andere Politik? &#8222;Wie [&hellip;]<\/p>\n","protected":false},"author":1,"featured_media":0,"comment_status":"open","ping_status":"open","sticky":false,"template":"","format":"standard","meta":[],"categories":[1,2,5,11],"tags":[],"_links":{"self":[{"href":"https:\/\/www.hohenlohe-ungefiltert.de\/index.php?rest_route=\/wp\/v2\/posts\/16588"}],"collection":[{"href":"https:\/\/www.hohenlohe-ungefiltert.de\/index.php?rest_route=\/wp\/v2\/posts"}],"about":[{"href":"https:\/\/www.hohenlohe-ungefiltert.de\/index.php?rest_route=\/wp\/v2\/types\/post"}],"author":[{"embeddable":true,"href":"https:\/\/www.hohenlohe-ungefiltert.de\/index.php?rest_route=\/wp\/v2\/users\/1"}],"replies":[{"embeddable":true,"href":"https:\/\/www.hohenlohe-ungefiltert.de\/index.php?rest_route=%2Fwp%2Fv2%2Fcomments&post=16588"}],"version-history":[{"count":4,"href":"https:\/\/www.hohenlohe-ungefiltert.de\/index.php?rest_route=\/wp\/v2\/posts\/16588\/revisions"}],"predecessor-version":[{"id":16592,"href":"https:\/\/www.hohenlohe-ungefiltert.de\/index.php?rest_route=\/wp\/v2\/posts\/16588\/revisions\/16592"}],"wp:attachment":[{"href":"https:\/\/www.hohenlohe-ungefiltert.de\/index.php?rest_route=%2Fwp%2Fv2%2Fmedia&parent=16588"}],"wp:term":[{"taxonomy":"category","embeddable":true,"href":"https:\/\/www.hohenlohe-ungefiltert.de\/index.php?rest_route=%2Fwp%2Fv2%2Fcategories&post=16588"},{"taxonomy":"post_tag","embeddable":true,"href":"https:\/\/www.hohenlohe-ungefiltert.de\/index.php?rest_route=%2Fwp%2Fv2%2Ftags&post=16588"}],"curies":[{"name":"wp","href":"https:\/\/api.w.org\/{rel}","templated":true}]}}