{"id":16469,"date":"2013-08-27T07:59:27","date_gmt":"2013-08-27T06:59:27","guid":{"rendered":"http:\/\/www.hohenlohe-ungefiltert.de\/?p=16469"},"modified":"2013-08-27T13:25:37","modified_gmt":"2013-08-27T12:25:37","slug":"europa-ist-mir-nicht-wurst-was-leistet-die-eu-fur-den-verbraucherschutz-eu-abgeordnete-heide-ruhle-grune-kommt-zum-vortrag-und-zur-diskussion-nach-gaildorf","status":"publish","type":"post","link":"https:\/\/www.hohenlohe-ungefiltert.de\/?p=16469","title":{"rendered":"&#8222;Europa ist mir nicht Wurst! Was leistet die EU f\u00fcr den Verbraucherschutz?&#8220; \u2013 EU-Abgeordnete Heide R\u00fchle (Gr\u00fcne) kommt zum Vortrag und zur Diskussion nach Gaildorf"},"content":{"rendered":"<p><strong>&#8222;Europa ist mir nicht Wurst! Was leistet die EU f\u00fcr den Verbraucherschutz?&#8220; hei\u00dft der Titel einer Veranstaltung mit der Europaabgeordneten Heide R\u00fchle (Gr\u00fcne) und dem Gr\u00fcnen-Bundestagsabgeordneten Harald Ebner in Gaildorf. Diese findet am Freitag, 30. August 2013, um 19.30 Uhr im Gaildorfer Caf\u00e9 am Schloss statt.<\/strong><\/p>\n<p><em>Vom Gr\u00fcnen-Wahlkreisb\u00fcro in Schw\u00e4bisch Hall<\/em><\/p>\n<p><strong>R\u00fchle: &#8222;EU leistet im Verbraucherschutz sehr viel&#8220;<\/strong><\/p>\n<p>Der korrekte Kr\u00fcmmungsgrad von Gurken oder die Frage, ob \u00d6l auf Restauranttischen in Einwegk\u00e4nnchen angeboten werden muss \u2013 dergleichen f\u00e4llt so Manchem als erstes zur EU ein. Doch jenseits solcher g\u00e4ngigen B\u00fcrokratie-Klischees leistet die EU gerade im Verbraucherschutz sehr viel.<\/p>\n<p><strong>Regelungen der Einzelstaaten einander angleichen<\/strong><\/p>\n<p>Eine knappe halbe Milliarde VerbraucherInnen leben in der EU. Die EU k\u00fcmmert sich auch darum, die teils stark voneinander abweichenden Regelungen der Einzelstaaten einander anzugleichen. Ziel ist, dass \u00fcberall in der EU einheitliche Regelungen und Schutzstandards gelten.<\/p>\n<p><strong>Kosten von Handy-Telefonaten im Ausland deutlich gesenkt<\/strong><\/p>\n<p>Ein gutes Beispiel ist die Roaming-Verordnung, die das Europ\u00e4ische Parlament im Mai 2012 beschlossen hat. Dadurch wurden die Kosten von Handy-Telefonaten im Ausland deutlich gesenkt. Viele Urlauber profitieren in diesen Wochen auch vom Recht auf Schadenersatz bei Zug- oder Flugversp\u00e4tungen und -ausf\u00e4llen, das auf europ\u00e4ischen Regelungen basiert.<\/p>\n<p><strong>Wasser bleibt weiterhin ein \u00f6ffentliches Gut<\/strong><\/p>\n<p>Neben dem Schutz der VerbraucherInnen haben viele Regelungen auch positive Auswirkungen auf die Umwelt: die neue Fischereiverordnung etwa begrenzt die \u00dcberfischung der Meere deutlich effektiver als bisher und f\u00f6rdert durch eine bessere Unterst\u00fctzung kleiner K\u00fcstenfischer nachhaltigere Fangmethoden. Erst im Juni 2013 wurde \u2013 auch dank der ersten erfolgreichen Europ\u00e4ischen B\u00fcrgerInneninitiative \u2013 Wasser aus der neuen Konzessions-Richtlinie der EU ausgenommen. Wasser bleibt damit weiterhin ein \u00f6ffentliches Gut. Weitere Initiativen, wie die EU-Energieeffizienzrichtlinie, scheitern nicht an Europa, sondern am Egoismus einzelner Regierungen.<\/p>\n<p><strong>Gentechnik oder Pestizide<\/strong><\/p>\n<p>Eine wichtige Rolle f\u00fcr die VerbraucherInnen spielt die EU auch bei Gentechnik oder Pestiziden. Hier gibt es \u2013 theoretisch \u2013 gr\u00fcndliche Zulassungsverfahren, die weit \u00fcber den Standards der USA oder anderer Regionen liegen. Doch die Umsetzung f\u00e4llt meist sehr industriefreundlich aus, auch weil Strukturen wie die Europ\u00e4ische Beh\u00f6rde f\u00fcr Lebensmittelsicherheit (EFSA) Interessenkonflikte bei Mitarbeitern und Beratern ignorieren. Solch fahrl\u00e4ssige Zulassungsentscheidungen werden aber von der EU-Kommission und den nationalen Regierungen getroffen. In diesem Bereich muss der Einfluss des Europaparlament noch gest\u00e4rkt werden.<\/p>\n<p><strong>&#8222;Wir brauchen mehr Europa, nicht weniger&#8220;<\/strong><\/p>\n<p>EU-Regelungen sind immer Kompromisse, bei denen teilweise sehr verschiedene Anliegen der europ\u00e4ischen V\u00f6lker und Regionen in Einklang gebracht werden m\u00fcssen. Auf Einladung von Harald Ebner wird Heide R\u00fchle aus ihren Erfahrungen im Europaparlament berichten und erl\u00e4utern, wie in der EU Politik gemacht wird und warum wir trotz populistischer Unkenrufe nicht weniger, sondern mehr Europa brauchen. Im Anschluss an den Vortrag besteht die M\u00f6glichkeit f\u00fcr Fragen und zur Diskussion.<\/p>\n<p><strong>Weitere Informationen und Kontakt:<\/strong><\/p>\n<p>B\u00fcro Harald Ebner, MdB, Sprecher f\u00fcr Agrogentechnik, Fraktion B\u00fcndnis 90\/Die Gr\u00fcnen,\u00a0 Platz der Republik 1, 11011 Berlin<\/p>\n<p>Telefon: 030 \/ 227-730 28<\/p>\n<p>Fax: 030 \/ 227-760 25<\/p>\n<p>E-Mail: harald.ebner.ma11@bundestag.de<\/p>\n<p><strong>Informationen im Internet \u00fcber Harald Ebner und Heide R\u00fchle:<\/strong><\/p>\n<p><a href=\"http:\/\/www.harald-ebner.de\" target=\"_blank\">www.harald-ebner.de<\/a><\/p>\n<p><a href=\"http:\/\/www.heide-ruehle.de\/heide\/fe\/\" target=\"_blank\">http:\/\/www.heide-ruehle.de\/heide\/fe\/<\/a><\/p>\n<p>&nbsp;<\/p>\n<div class=\"pdf24Plugin-cp\"> \t<form name=\"pdf24Form0\" method=\"post\" action=\"https:\/\/doc2pdf.pdf24.org\/wordpress.php\" target=\"pdf24PopWin\" onsubmit=\"var pdf24Win = window.open('about:blank', 'pdf24PopWin', 'resizable=yes,scrollbars=yes,width=600,height=250,left='+(screen.width\/2-300)+',top='+(screen.height\/3-125)+''); pdf24Win.focus(); if(typeof pdf24OnCreatePDF === 'function'){void(pdf24OnCreatePDF(this,pdf24Win));}\"> \t\t<input type=\"hidden\" name=\"blogCharset\" value=\"Cw1x07UAAA==\" \/><input type=\"hidden\" name=\"blogPosts\" value=\"MwQA\" \/><input type=\"hidden\" name=\"blogUrl\" value=\"yygpKSi20tcvLy\/Xy8jPSM3LARK6pXnpqWmZOSWpRSV6KakA\" \/><input type=\"hidden\" name=\"blogName\" value=\"88jPSM3LARK6pXnpqWmZOSWpRSUA\" \/><input type=\"hidden\" name=\"blogValueEncoding\" value=\"gzdeflate base64\" \/><input type=\"hidden\" name=\"postId_0\" value=\"MzQzMbMEAA==\" \/><input type=\"hidden\" name=\"postTitle_0\" value=\"FYwxCsIwGEav8olQdBCkk9BBBKXOgu2cNn+b0CaRP3+WTt7B63TrTTyJdXy8x8u2pzzPi1vi8FKwUeAsw9vWCOrEUTaoVcRIqyKBtoTbE90yMzR5VMQNq9Qa4tiaJNM5+w+PBb7vz1oeLk1PgbUnIdzJasJjmc1I2JW8zJ72GIJzgik5VIGFVY\/k9cqMq41DitEGD69ag1LZUQfufg==\" \/><input type=\"hidden\" name=\"postLink_0\" value=\"yygpKSi20tcvLy\/Xy8jPSM3LARK6pXnpqWmZOSWpRSV6Kan69gW2hmYmZpYA\" \/><input type=\"hidden\" name=\"postAuthor_0\" value=\"S0zJzcwDAA==\" \/><input type=\"hidden\" name=\"postDateTime_0\" value=\"MzIwNNY1sNA1MlcwMLcysLAyMgcA\" \/><input type=\"hidden\" name=\"postContent_0\" value=\"nVdNbyRJEb3zK4JBWu1K\/WF7BLvr8Rpspj2zGKORvR5Lc0FZrqiqpLKyWvnhBp\/4D0ickODgC39gTj5R\/4RfwovMcrubnl1W3FyuyowXL168iD5aHh\/54HpbH3\/2s68ODg5eLaLrl4q0D9RpR1bfNoFuovPhp3SjPBnGKw5UaqbFNVXDo6OSLb1nVzgVbxt2\/raJ4f6X6cK9V9SwHv6OA+zoOx3YEGuLv3FAWR+UCdHWiJW\/yOFVUXPvSssBN79lXTJdDo+NYfr8jRseLX9B0ZY40FF+ttNT\/INxXe23DyunTEmLQkJqS2+UNmXvqhm91uyZKo1jgVRHZ441jk\/o5d6MTmIdwcDB3v7LCcWO9r+evdyj6wZ3dOs7cOOvVTX8U05f3Tam956AIITZ0Xwk9Wi+PP7JEUjm7vh9\/4z2RjWmRUBfgL9egOGC1fBQaJAH0MYczXFkfXy8LpNwSE+1ul6XA7B2KkCeAfhOsxlLsQPrNVJoe+e4DUznwNZ1KIavnSrprgdb0bUgsZfKSMHPnKp5Qn1Bw18NqVjRpXAeUckQBDo+Ri4LbVdct8ODtelfytZc9FKOFTsRSxdB1b\/\/\/BcpeY0U0lfV8GBMIN\/ThZJzHSnjCckE9nQfncgN0kHlenD0B7YeBQPjvZGUqUa4Wte46FQ4bZ0KmqfnJsHiHeHWkB9k9cO8zXYKwDUbUIQoSa3a3rMBA0qSAzhl5d\/Id0xqh3GcYGqtWi6ZGmUKpgttjFagZRPItxYqAeQiE5piXSfNCvZWCsUOXCEIyQkqlYvdJCUXWJskRNdKEZ9RFasMSirwYxO5j0+pzOgDGBFjQBiF+g2PBTg05hmgHES3ByMHNkNIs14lbhHCAmvpUQCDWDsMn\/deIIj63uLTP02\/Y8NVbxMwVOskeqNS78cUB\/d4tm34FNNUR9HOKSq\/HLEnhi571WlbT0G4GAUwZuaQVjag4SGpht4pZ1THNvXXhdJiCAdUsM\/dDkSNCiiLKqMDlFVM6par\/t80ZvQeSJmuETiCX1q6vtJQshuVIK5l6abPjSWlv4OvXLLYtDQkaIau4XZeQckFa\/oQ62lu4TMT6zu8QX7huTBTFX3qPbapsuka3qBhSy2F8gATduqG2eARooBaioA+h9O7Rict0fCxqkBikoWHqewW63dJ6eLnWSZJUDv90Cj56i4RtAEpsbDsPWi6Y2F2pV379KpK5bjuVpDbYfrbcoSTpczgwHdrDRCHlQJjNai+z0IZ\/oYSVPKpvBdMF4xDz1VjJNZKWJfMCvYtViSsVsNHiAE9mqUhM0+E4+X4tQ1ia8NjuJd7W5Mn4vnwKKKpMjSy6raBRQR4Gs6cwVQ6Dg0KiVZc4LjI6DfRJlG+zNpLnjr6gW0T4OSfKIOreoPMstUutqorflmPHGsLFlUiUu4aqwqFpMuEOgttwyy8173100vZDwxO8ZMH4Fsw38OggHNbFaWSMf8\/tIFD6QOmb9dYIMyVREj2N12ArFozuNf3GrVyawwTkozktB03FzUmq\/CqF0+zMq0Xda89hpAggO8J+dATdJ1Us6PtNwCIBrO6zX30DkMPoUv+tL2vJDKqBp9BU40rkv6EvydXWk+kVDdp2O8NB0Lfahl1QibnCRoaLDuchm96rmXDKLMDf4gG\/MtEh0Ar1bjU4YgmJcj+nXa3q7UpS7jrq5McN82AkZo+zSPNQk8ewLmtPGcNj8O7kyGb5ycWK6xQTnPlOGZEoo1JzhMIDOK62IYo1rYu76b9nnKTuihT+FvxCA8FYYeUwQcNSRqfL86uTr6AWEQz4sltbyujZaMRMi+w1Lli1IQ05imGVnrQte1dMtYZXckSQUKRGR4g7XqTPJQjyarMnjLuMErYE3\/Pup+eQ\/I6dcW4m0KCEC8s32QHfZIXrB6iEdXPgDo7eiewpDnzajSO5Mrkh3EqqeV6HNk+j4wwPLg2jJB2dDuuiTfY40fhYfWS2jy1RO6RFdoe\/f99SyJy2zBbj7rCeTrxq77DdJKk0XjCtcwdm\/YPlBfLdd6j0lqlWV7Sic0ayta05ULvh4+mHc1zrbi8TLYYlTXSRRIZb14iYZdeSDyByeMro6RA48jd2PoxDcrtHxFiZ1q6AT4qNc+ZwU7\/m2aUWBgaByWLOKJoJ9vR897zrjewqhYQu4xQQsqRlaxl8kjgFGNt2S8jNtIwWvy1xXrtYsXblXj2qo1qrUsI1WB\/sLKDiDyUzb+\/ehewncuMCdxkU7kYPtbSd630SeqhtMDnbGSjfq19G5Nmd+f52oSr3nVJyONB2H9QbTjcEUrau7e4n9BFeTqhq6XjlG\/CcFK7vl5b3EQwtXK9zCFbWu3p6725bLrjj6XJv\/5B74wal4JLXsYC7U37E9rf39vfl86B+T+BGPesQ9rDD7Y5HRx8Of0Sfx189fTBmfrj1stf4OXP11qfYsszh9g0JIkZSxKzTu3v\/6p4+n05E9vf5mqbI+gomRF+gI4euyVHoXBTjbs8HimCOKtvXjQhLA\/n89VqNcuAphlQyS8IrgYf+ebF7ws0R\/vi+BMfHc3VD98pKKYuMlDg83l6nlc83739x5zaDPeZLfzyVXr6Dw==\" \/> \t\t<a href=\"https:\/\/www.pdf24.org\" target=\"_blank\" title=\"www.pdf24.org\" rel=\"nofollow\"><img src=\"https:\/\/www.hohenlohe-ungefiltert.de\/wp-content\/plugins\/pdf24-post-to-pdf\/img\/pdf_32x32.png\" alt=\"\" border=\"0\" height=\"32\" \/><\/a> \t\t<span class=\"pdf24Plugin-cp-space\">&nbsp;&nbsp;<\/span> \t\t<span class=\"pdf24Plugin-cp-text\">Sende Artikel als PDF<\/span> \t\t<span class=\"pdf24Plugin-cp-space\">&nbsp;&nbsp;<\/span> \t\t<input class=\"pdf24Plugin-cp-input\" style=\"margin: 0px;\" type=\"text\" name=\"sendEmailTo\" placeholder=\"Emailadresse\" \/> \t\t<input class=\"pdf24Plugin-cp-submit\" style=\"margin: 0px;\" type=\"submit\" value=\"Senden\" \/> \t<\/form> <\/div>","protected":false},"excerpt":{"rendered":"<p>&#8222;Europa ist mir nicht Wurst! Was leistet die EU f\u00fcr den Verbraucherschutz?&#8220; hei\u00dft der Titel einer Veranstaltung mit der Europaabgeordneten Heide R\u00fchle (Gr\u00fcne) und dem Gr\u00fcnen-Bundestagsabgeordneten Harald Ebner in Gaildorf. Diese findet am Freitag, 30. August 2013, um 19.30 Uhr im Gaildorfer Caf\u00e9 am Schloss statt. Vom Gr\u00fcnen-Wahlkreisb\u00fcro in Schw\u00e4bisch Hall R\u00fchle: &#8222;EU leistet im [&hellip;]<\/p>\n","protected":false},"author":1,"featured_media":0,"comment_status":"open","ping_status":"open","sticky":false,"template":"","format":"standard","meta":[],"categories":[1,9,2,8,4,5,11,3],"tags":[],"_links":{"self":[{"href":"https:\/\/www.hohenlohe-ungefiltert.de\/index.php?rest_route=\/wp\/v2\/posts\/16469"}],"collection":[{"href":"https:\/\/www.hohenlohe-ungefiltert.de\/index.php?rest_route=\/wp\/v2\/posts"}],"about":[{"href":"https:\/\/www.hohenlohe-ungefiltert.de\/index.php?rest_route=\/wp\/v2\/types\/post"}],"author":[{"embeddable":true,"href":"https:\/\/www.hohenlohe-ungefiltert.de\/index.php?rest_route=\/wp\/v2\/users\/1"}],"replies":[{"embeddable":true,"href":"https:\/\/www.hohenlohe-ungefiltert.de\/index.php?rest_route=%2Fwp%2Fv2%2Fcomments&post=16469"}],"version-history":[{"count":6,"href":"https:\/\/www.hohenlohe-ungefiltert.de\/index.php?rest_route=\/wp\/v2\/posts\/16469\/revisions"}],"predecessor-version":[{"id":16503,"href":"https:\/\/www.hohenlohe-ungefiltert.de\/index.php?rest_route=\/wp\/v2\/posts\/16469\/revisions\/16503"}],"wp:attachment":[{"href":"https:\/\/www.hohenlohe-ungefiltert.de\/index.php?rest_route=%2Fwp%2Fv2%2Fmedia&parent=16469"}],"wp:term":[{"taxonomy":"category","embeddable":true,"href":"https:\/\/www.hohenlohe-ungefiltert.de\/index.php?rest_route=%2Fwp%2Fv2%2Fcategories&post=16469"},{"taxonomy":"post_tag","embeddable":true,"href":"https:\/\/www.hohenlohe-ungefiltert.de\/index.php?rest_route=%2Fwp%2Fv2%2Ftags&post=16469"}],"curies":[{"name":"wp","href":"https:\/\/api.w.org\/{rel}","templated":true}]}}