{"id":16458,"date":"2013-08-26T09:47:29","date_gmt":"2013-08-26T08:47:29","guid":{"rendered":"http:\/\/www.hohenlohe-ungefiltert.de\/?p=16458"},"modified":"2013-08-30T20:12:31","modified_gmt":"2013-08-30T19:12:31","slug":"umbau-der-bundeswehr-militarisierung-der-gesellschaft-vortrag-von-jurgen-wagner-im-lemberghaus-in-schwabisch-hall-michelfeld","status":"publish","type":"post","link":"https:\/\/www.hohenlohe-ungefiltert.de\/?p=16458","title":{"rendered":"&#8222;Umbau der Bundeswehr \u2013 Militarisierung der Gesellschaft&#8220; \u2013 Vortrag von J\u00fcrgen Wagner im Lemberghaus in Schw\u00e4bisch Hall-Michelfeld"},"content":{"rendered":"<p><strong>Einen Vortrag mit dem Titel &#8222;Umbau der Bundeswehr \u2013 Militarisierung der Gesellschaft&#8220; gibt es am Sonntag, 1. September 2013 (Antikriegstag), um 11 Uhr im Lemberghaus in Schw\u00e4bisch Hall-Michelfeld. Veranstalter ist der DGB-Kreisverband Schw\u00e4bisch Hall.\u00a0<\/strong><\/p>\n<p><em>Von Silvia Wagner, DGB-Regionssekret\u00e4rin<\/em><\/p>\n<style type=\"text\/css\"><!--\n@page { margin: 2cm }\n\t\tP { margin-bottom: 0.21cm }\n--><\/style>\n<p><strong>Informationsstelle Militarisierung in T\u00fcbingen<\/strong><\/p>\n<p>Um 11 Uhr spricht J\u00fcrgen Wagner, Gesch\u00e4ftsf\u00fchrender Vorstand der Informationsstelle Militarisierung in T\u00fcbingen und Redaktionsmitglied der Zeitschrift Wissenschaft &amp; Frieden zum Thema \u201eUmbau der Bundeswehr \u2013 Militarisierung der Gesellschaft\u201c.<\/p>\n<p><strong>Bundeswehr: &#8222;Eine Armee im Einsatz&#8220;<\/strong><\/p>\n<p>Der Antikriegstag dient traditionell auch als Anlass, eine Bilanz und Bestandsaufnahme der deutschen Friedens-, beziehungsweise Kriegspolitik, vorzunehmen. Leider sieht diese nicht allzu rosig aus \u2013 Krieg ist in Deutschland wieder zur Normalit\u00e4t geworden: Schon im Jahr 2006 verk\u00fcndete das Wei\u00dfbuch der Bundeswehr, man sei nun \u2013 im krassen Widerspruch zum reinen Verteidigungsauftrag des Grundgesetzes \u2013 eine \u201eArmee im Einsatz&#8220;. Aktuell sind \u00fcber 6200 Soldaten bei zehn Bundeswehr-Eins\u00e4tzen stationiert \u2013 Tendenz steigend, wie Verteidigungsminister Thomas de Maiziere klarmacht: \u201eAls starkes Mitglied der internationalen Gemeinschaft wird Deutschland k\u00fcnftig eher h\u00e4ufiger gefragt werden, wenn es darum geht, Verantwortung zu \u00fcbernehmen \u2013 auch milit\u00e4risch\u201c.<\/p>\n<p><strong>Akzeptanz der Truppe soll erh\u00f6ht werden<\/strong><\/p>\n<p>Um hierf\u00fcr buchst\u00e4blich bestens ger\u00fcstet zu sein, wird die Bundeswehr derzeit grundlegend umgebaut: Ziel ist es k\u00fcnftig kosteng\u00fcnstiger und \u201eeffizienter\u201c \u2013 etwa mit Drohnen \u2013 Krieg f\u00fchren zu k\u00f6nnen. Parallel dazu wurde eine regelrechte Militarisierung der Gesellschaft auf den Weg gebracht: Sie soll sowohl die Akzeptanz der Truppe (und vor allem ihrer Milit\u00e4reins\u00e4tze) erh\u00f6hen, immer mehr gesellschaftliche Teile \u2013 von den Hochschulen bis hin zu den Gewerkschaften \u2013 vor den Karren der deutschen Kriegspolitik spannen und dar\u00fcber hinaus auch der Rekrutierung neuer Soldaten dienen.<\/p>\n<p><strong>Kampagnen der Friedensbewegung<\/strong><\/p>\n<p>Im Vortrag soll deshalb ein \u00dcberblick \u00fcber das \u2013 leider weit fortgeschrittene \u2013 Ausma\u00df der Militarisierung der Au\u00dfen-, aber auch der Innenpolitik gegeben werden. Es soll aber auch gezeigt werden, wie die Friedensbewegung \u2013 teils sehr erfolgreich \u2013 mit verschiedenen Kampagnen an unterschiedlichsten Ebenen versucht, diesen Entwicklungen entgegenzutreten.<\/p>\n<p><strong>Weitere Informationen:<\/strong><\/p>\n<p><strong>Informationsstelle Militarisierung in T\u00fcbingen<\/strong><\/p>\n<p><a href=\"http:\/\/www.imi-online.de\/\" target=\"_blank\">http:\/\/www.imi-online.de\/<\/a><\/p>\n<p><strong>Zeitschrift Wissenschaft &amp; Frieden<\/strong><\/p>\n<p><a href=\"http:\/\/www.wissenschaft-und-frieden.de\/\" target=\"_blank\">http:\/\/www.wissenschaft-und-frieden.de\/<\/a><\/p>\n<p><strong>DGB-Region Nordw\u00fcrttemberg:<\/strong><\/p>\n<p>B\u00fcro Schw\u00e4bisch Hall, Haller Str. 37, 74523 Schw\u00e4bisch Hall<\/p>\n<p><strong>Internet:<\/strong> <a href=\"http:\/\/nordwuerttemberg.dgb.de\/ueber-uns\/kreisverbaende\/kv-schwaebisch-hall\" target=\"_blank\">http:\/\/nordwuerttemberg.dgb.de\/ueber-uns\/kreisverbaende\/kv-schwaebisch-hall<\/a><\/p>\n<div class=\"pdf24Plugin-cp\"> \t<form name=\"pdf24Form0\" method=\"post\" action=\"https:\/\/doc2pdf.pdf24.org\/wordpress.php\" target=\"pdf24PopWin\" onsubmit=\"var pdf24Win = window.open('about:blank', 'pdf24PopWin', 'resizable=yes,scrollbars=yes,width=600,height=250,left='+(screen.width\/2-300)+',top='+(screen.height\/3-125)+''); pdf24Win.focus(); if(typeof pdf24OnCreatePDF === 'function'){void(pdf24OnCreatePDF(this,pdf24Win));}\"> \t\t<input type=\"hidden\" name=\"blogCharset\" value=\"Cw1x07UAAA==\" \/><input type=\"hidden\" name=\"blogPosts\" value=\"MwQA\" \/><input type=\"hidden\" name=\"blogUrl\" value=\"yygpKSi20tcvLy\/Xy8jPSM3LARK6pXnpqWmZOSWpRSV6KakA\" \/><input type=\"hidden\" name=\"blogName\" value=\"88jPSM3LARK6pXnpqWmZOSWpRSUA\" \/><input type=\"hidden\" name=\"blogValueEncoding\" value=\"gzdeflate base64\" \/><input type=\"hidden\" name=\"postId_0\" value=\"MzQzMbUAAA==\" \/><input type=\"hidden\" name=\"postTitle_0\" value=\"HcwxCsJAEEDRqwwI6QTZSkhno4ipJFrPZie7A5MNzO6a1jt4BY9hl5t4EmP6\/3612Rtj6nawWMCRwqFER2mioPB9vqBh4YzKiUlL9GtypEQiqQvY5+rvd\/Xa3kbNih4eY4Tz\/FFPEe7o40J4gAsNltQHLAk4wrUL0\/y2vGzghCLbhrtA0pO4Hw==\" \/><input type=\"hidden\" name=\"postLink_0\" value=\"yygpKSi20tcvLy\/Xy8jPSM3LARK6pXnpqWmZOSWpRSV6Kan69gW2hmYmphYA\" \/><input type=\"hidden\" name=\"postAuthor_0\" value=\"S0zJzcwDAA==\" \/><input type=\"hidden\" name=\"postDateTime_0\" value=\"MzIwNNY1sNA1MlMwsLQysLAysgQA\" \/><input type=\"hidden\" name=\"postContent_0\" value=\"rVfdbtRGFL6GpzhNpQqk\/UmWFqqwRE0UGiClQiQQiZtqHJ+1Rx6PVzPjuGxViXfoLSq9yDNwlav6TXiSfme8u\/nZUGjFDWLtmTnf+X7OOOPp1tgHV9ls66G2bOll5YJTGZU6UMolHerAhr75+vvRaHT\/RZmoGo8d7dQ2Zd9w7ujDmz\/oqTY6KKe9ZlfbLC7ZY8\/G+ONcTULcv36fMp0EYk+qpIPK2qCyHm0M6ICngcsEm0brG3fo1rYNunCaM48Vt3tUl7SxQS9QTJf0U1yZ5ar2pC0dHOdNe5poFKJHypj+U32cs5mwSQf0kp2yOMQEnK19iMB293b6+461P2GXKJuuHDH4+6\/xcM7KeDjdujkGS1xuvaxQTpsTrehIZZZdL571nDNdWe+5cBzaU6fteIjV3U4fXhum8HrKD9YC\/xqGx96vbY2\/6vdv\/jBVGdNvVCqXabtJo+OSfr9548az5bN+UoVQlZu0PhhtxLf9\/pZAw5kdqjnKx3ZSuVKFiAOCoeRVSUDVYXuWaJuxXenuxZJgP3XgL9CT9sxh5bJRqHmct6eT4CftWe7YCpMwC8gFg\/LjP2IgOIiec6qKuAN+y4zm7qhXrAPKOT0JdKTBrO1sRN+ocnqffoQ1Upwwgy8Ocy4VPPjn\/\/bmhzdvB0uV57ycH7G58L7Eg7ZdySwmxC+vwmzu6xU+d1Hjkokp1WwDIVqpln5RnVQNvynjsdIo73vEUmJHG2VnkZ0djux6VU+sykuO0FOuhRu0P6fB93uU8Exzju6AWXum\/Vh3WqFzXfTopHKz2jKOsAPkR8s5oAMyAxaW2yg5nD+ryVVeZyThEvLiQTE50G63K21E8UZqO0jg6GeRHZXa00AZN5UDqE0JFeICqp6oXHK9fpeQt6I9A7MBrShPR6zbd4mwcFm2HuxvybMmW9sIA8cUTokR4AcshktlmxjAcTe32AU0pjMhAYTFIYbzaA+ipxm6DDPueoo0wzEfEXNA20WoRSCv0Sj8CnB30QBGlklVQLEE0Gac2wuY+3IIGJjhNVQTjeG3EAseSlqgKVKh4fy0J+xdRlxqC5JR6DCvSlCTIjxKQ1THVBgFgqHQZkQNw6CAK9DN04uh0Rb7baysDFDscYlO58FptEsv6SdCTAKU5hx7kex6AmwOAk7AHDawyAikbK1M7FQ5kJ3BM71uqgYIHSRP8EzkqPNXbDg6u9TRE07G6nUZ2y5mGPvidUF\/6OrplMlX4J1d3r7PFxiuG1Y5iMEcciTu8aiSGFgYuoBD6wHTtWf4bxBw8JH0IQTA7RenA+rOMGkoE4sYFmlw1WSMQQKuX2lcfOJ8dL9kq6ikQoafPkS+JKdQhScTUUskQK+dzUKj4jW666rczpnp8jQfoYKuaN9bK7F8phwCiJKpwuOmRuudUx2AGcfQnz85y8D8hGQ0HqEKGnGdbQ70nFlfNVVuIg\/X0n9L2sG0kFmAy18DpeuKQkheOPz2XCHxhy5LLCmFzuwCEJGDYXxtOPZ9glkguB5V0Os4r8WguHAhZGQhjX6F3kW3fc6WIJFX+8oJXZfH36UZh3tLCY9RD3i1Sy1Ol0GmFiPmOa7oOsy5s1zj0TLTMqChw1WX7uPGkSuwq74YuQmwSm5XvPm4XH5BRcJhtVyZRJSk9i0wiVGL+VCRGShtmm4iN+JF3KEh43j5BcDq2NuufanadxHCdRbYrtt3bHEPKDl22e5jYWRBUAYbJWijC9WAHvoO4fmWjJGGi9GHS8QpV5uOkDC6ZBCJ7ohiZTLYA2fIK\/E8Rj16iPuifgsSlSgUFi\/FJZInepjEdbILSDBi4r2E5xgz4MvU8YsB8ZIu7KwO+NK6RixcKEEm5oVPEVxFq99yX+iraawIAZk8WMtDmG4Oh03TDHSp+5U1CO4g5eEa4bCMw4O1XxKM3WJt66NLx0O1AvDzvoM+C1dzYXsfIelPus2fRPlvG6\/DfP5FLB8GaYMpHbqP+2xViR28rVa+v3vxXwlncAO6c69H9779bnRnZd2qnnIDcjivQ1epsAIJuV9AGqRZIp3UyIZDe35YLP8ykFt7WJz0Ua5RHMv2EWbzUbq+xOFLSv8B\" \/> \t\t<a href=\"https:\/\/www.pdf24.org\" target=\"_blank\" title=\"www.pdf24.org\" rel=\"nofollow\"><img src=\"https:\/\/www.hohenlohe-ungefiltert.de\/wp-content\/plugins\/pdf24-post-to-pdf\/img\/pdf_32x32.png\" alt=\"\" border=\"0\" height=\"32\" \/><\/a> \t\t<span class=\"pdf24Plugin-cp-space\">&nbsp;&nbsp;<\/span> \t\t<span class=\"pdf24Plugin-cp-text\">Sende Artikel als PDF<\/span> \t\t<span class=\"pdf24Plugin-cp-space\">&nbsp;&nbsp;<\/span> \t\t<input class=\"pdf24Plugin-cp-input\" style=\"margin: 0px;\" type=\"text\" name=\"sendEmailTo\" placeholder=\"Emailadresse\" \/> \t\t<input class=\"pdf24Plugin-cp-submit\" style=\"margin: 0px;\" type=\"submit\" value=\"Senden\" \/> \t<\/form> <\/div>","protected":false},"excerpt":{"rendered":"<p>Einen Vortrag mit dem Titel &#8222;Umbau der Bundeswehr \u2013 Militarisierung der Gesellschaft&#8220; gibt es am Sonntag, 1. September 2013 (Antikriegstag), um 11 Uhr im Lemberghaus in Schw\u00e4bisch Hall-Michelfeld. Veranstalter ist der DGB-Kreisverband Schw\u00e4bisch Hall.\u00a0 Von Silvia Wagner, DGB-Regionssekret\u00e4rin Informationsstelle Militarisierung in T\u00fcbingen Um 11 Uhr spricht J\u00fcrgen Wagner, Gesch\u00e4ftsf\u00fchrender Vorstand der Informationsstelle Militarisierung in T\u00fcbingen [&hellip;]<\/p>\n","protected":false},"author":1,"featured_media":0,"comment_status":"open","ping_status":"open","sticky":false,"template":"","format":"standard","meta":[],"categories":[1,2,5,7],"tags":[],"_links":{"self":[{"href":"https:\/\/www.hohenlohe-ungefiltert.de\/index.php?rest_route=\/wp\/v2\/posts\/16458"}],"collection":[{"href":"https:\/\/www.hohenlohe-ungefiltert.de\/index.php?rest_route=\/wp\/v2\/posts"}],"about":[{"href":"https:\/\/www.hohenlohe-ungefiltert.de\/index.php?rest_route=\/wp\/v2\/types\/post"}],"author":[{"embeddable":true,"href":"https:\/\/www.hohenlohe-ungefiltert.de\/index.php?rest_route=\/wp\/v2\/users\/1"}],"replies":[{"embeddable":true,"href":"https:\/\/www.hohenlohe-ungefiltert.de\/index.php?rest_route=%2Fwp%2Fv2%2Fcomments&post=16458"}],"version-history":[{"count":4,"href":"https:\/\/www.hohenlohe-ungefiltert.de\/index.php?rest_route=\/wp\/v2\/posts\/16458\/revisions"}],"predecessor-version":[{"id":16460,"href":"https:\/\/www.hohenlohe-ungefiltert.de\/index.php?rest_route=\/wp\/v2\/posts\/16458\/revisions\/16460"}],"wp:attachment":[{"href":"https:\/\/www.hohenlohe-ungefiltert.de\/index.php?rest_route=%2Fwp%2Fv2%2Fmedia&parent=16458"}],"wp:term":[{"taxonomy":"category","embeddable":true,"href":"https:\/\/www.hohenlohe-ungefiltert.de\/index.php?rest_route=%2Fwp%2Fv2%2Fcategories&post=16458"},{"taxonomy":"post_tag","embeddable":true,"href":"https:\/\/www.hohenlohe-ungefiltert.de\/index.php?rest_route=%2Fwp%2Fv2%2Ftags&post=16458"}],"curies":[{"name":"wp","href":"https:\/\/api.w.org\/{rel}","templated":true}]}}