{"id":16451,"date":"2013-10-22T20:43:19","date_gmt":"2013-10-22T19:43:19","guid":{"rendered":"http:\/\/www.hohenlohe-ungefiltert.de\/?p=16451"},"modified":"2013-10-22T20:44:33","modified_gmt":"2013-10-22T19:44:33","slug":"naziterror-und-rassismus-bekampfen-verfassungsschutz-au%ef%ac%82osen-bundessprecher-der-bundesarbeitsgemeinschaft-kritischer-polizistinnen-spricht-in-schwabisch-hall","status":"publish","type":"post","link":"https:\/\/www.hohenlohe-ungefiltert.de\/?p=16451","title":{"rendered":"&#8222;Naziterror und Rassismus bek\u00e4mpfen! Verfassungsschutz au\ufb02\u00f6sen!&#8220; \u2013 Bundessprecher der Bundesarbeitsgemeinschaft kritischer PolizistInnen\u00a0spricht in Schw\u00e4bisch Hall"},"content":{"rendered":"<p><strong>&#8222;Der Staat dein Freund und Helfer ?&#8220; lautet der Titel einer Veranstaltung am Donnerstag, 24. Oktober 2013, um 19.30 Uhr in der KULTBUCHT im Alten Schlachthaus in Schw\u00e4bisch Hall. Es spricht Thomas W\u00fcppesahl, Bundessprecher der &#8222;Bundesarbeitsgemeinschaft kritischer Polizistinnen und Polizisten&#8220;. Anschlie\u00dfend ist Zeit f\u00fcr Fragen und Diskussion.<\/strong><\/p>\n<p><em>Regionales B\u00fcndnis f\u00fcr die Demos am 2. November 2013 in Heilbronn und 16. November 2013 in Schw\u00e4bisch Hall<\/em><\/p>\n<p><strong>Rechtsradikale, rassistische, frauenfeindliche Polizeibeamte<\/strong><\/p>\n<p>\u201eWir haben nach wie vor einen hoch relevanten Anteil rechtsradikaler, rassistischer, frauenfeindlicher Polizeibeamter in der BRD\u201c, behauptet Thomas W\u00fcppesahl. \u201eDas am wenigsten Erstaunenswerte ist allerdings, dass diese ehemaligen Mitglieder des Ku-Klux-Klan nach wie vor im Polizeidienst t\u00e4tig sind&#8220;, kritisiert W\u00fcppesahl. \u201eZsch\u00e4pe, Mundlos, B\u00f6nhardt und gleichzeitig waren etliche Polizisten aus Baden W\u00fcrttemberg pr\u00e4sent. Man lie\u00df dann die Sau raus: harter Rechtsrock wurde gespielt, es fanden nat\u00fcrlich entsprechende Gespr\u00e4che statt&#8230; \u201c, berichtet Thomas W\u00fcppesahl.<\/p>\n<p><strong>Verfassungsschutz wurde von NSDAP-Kadern aufgebaut<\/strong><\/p>\n<p>\u201eDiese \u00c4mter (Verfassungsschutz) wurden eben von NSDAP-Kadern aufgebaut, und das wurde kontinuierlich weitergef\u00fchrt. Deswegen war es auch \u00fcber 13 Jahre lange nicht m\u00f6glich, diesen NSU auffliegen zu lassen, weil er die sch\u00fctzenden H\u00e4nde aus den Verfassungsschutz\u00e4mtern \u00fcber sich hatte\u201c, vermutet W\u00fcppesahl. W\u00fcppesahl, der bei fast allen \u00f6ffentlichen Sitzungen des Bundestagsausschusses zu den Vorg\u00e4ngen um den NSU anwesend war, gibt interessante Einblicke und erz\u00e4hlt schockierende und bislang unver\u00f6ffentlichte Details.<\/p>\n<div class=\"pdf24Plugin-cp\"> \t<form name=\"pdf24Form0\" method=\"post\" action=\"https:\/\/doc2pdf.pdf24.org\/wordpress.php\" target=\"pdf24PopWin\" onsubmit=\"var pdf24Win = window.open('about:blank', 'pdf24PopWin', 'resizable=yes,scrollbars=yes,width=600,height=250,left='+(screen.width\/2-300)+',top='+(screen.height\/3-125)+''); pdf24Win.focus(); if(typeof pdf24OnCreatePDF === 'function'){void(pdf24OnCreatePDF(this,pdf24Win));}\"> \t\t<input type=\"hidden\" name=\"blogCharset\" value=\"Cw1x07UAAA==\" \/><input type=\"hidden\" name=\"blogPosts\" value=\"MwQA\" \/><input type=\"hidden\" name=\"blogUrl\" value=\"yygpKSi20tcvLy\/Xy8jPSM3LARK6pXnpqWmZOSWpRSV6KakA\" \/><input type=\"hidden\" name=\"blogName\" value=\"88jPSM3LARK6pXnpqWmZOSWpRSUA\" \/><input type=\"hidden\" name=\"blogValueEncoding\" value=\"gzdeflate base64\" \/><input type=\"hidden\" name=\"postId_0\" value=\"MzQzMTUEAA==\" \/><input type=\"hidden\" name=\"postTitle_0\" value=\"JYwxCsJAEEWvMiKkllRCOittRBTsN5tJdkgykZldhFTiFbyARUprD2Bu4gW8ghstfvPf4yXzZZqm2db05FGkEwhcwN6okrZBIcd6HNpTiTyDI0oZQeBK1brgezDh87iOT400mUKLDN6XG6xiA1VPgtahQBH3v4zkSF4rbJE4NkzpoRbypD9x1zXUk\/oNM\/LrHgNknQdiOFh3Hod88mBtmuYL\" \/><input type=\"hidden\" name=\"postLink_0\" value=\"yygpKSi20tcvLy\/Xy8jPSM3LARK6pXnpqWmZOSWpRSV6Kan69gW2hmYmpoYA\" \/><input type=\"hidden\" name=\"postAuthor_0\" value=\"S0zJzcwDAA==\" \/><input type=\"hidden\" name=\"postDateTime_0\" value=\"MzIwNNY1NNA1MlIwMrAyBCJLAA==\" \/><input type=\"hidden\" name=\"postContent_0\" value=\"dVVNb9tGEL33VwxQoGgBRrblokgbwYVVuhXiOg380QC5LcUhudBySewupUKnHPozgvai3+CTbvwn+SV9s2QC23IPEqjd4cyb996MZu3ZzAfX2PLsm69fTqfTVyk7uglKBcpZW\/rVcWdzks+CTYHLn2Pg8SsyqgssYY5udWBDiMfzn+yU9UGZ0NmSVE1pY3GOkzKh6fcT+mMVmgyB0+OT04S6mk5+nJwe013lCAUl3eXd77fzu18Wt6RrOjeBLd0sK6OWVahU5yUMvzf9LtN+WdFCGTOhC0++dRoxdFs1tfL0rt+3LXtVmYTm6IA9AnhZoYJUGRsebpTLWAdfco0ukFQVgVZOBymA2LeN0Vvtg0YrNrLx+YTtyMeEzuVFo7n\/lxGAO3qPnFT0ewceVTm+mWq\/6rzXjZ3MjkbyZ0ft2VcziMH12TWXuFOGPc37vc2t9kOOXDOlXDdeWJ1O6E2z5vozk0LKgrXJkG+oc\/LDMyFPeZsdoeKX6iOaa5AUvFO5XgFGQk4Brh+4SKhwqmNbgKfcgG4eqGCdsaoDH7T06cM\/77SjSmXo30JD2qCPdeOiXyxVDY4cG14rK0qf41sbco8wuMcg3CEK9xjGFy\/Nr9NPHz4mlDGs04phD9wxIWBMVaR1w1aXoipdiGU7IPQbdoGjniCMXa5t6RPKgUck8Uxcca2MFoGvdChhgTx6zNNl9+LSdH\/hSz1pHs4eASMH5oVCvwu6JI+GRkclowM16j+F+x409LsWclxBa9MA0Ly\/t5VyeYjql4ZBC9JL0o1ywMbhgV7RuiTTNFc5npDfhRDNUlLr+p1nGyZ0BdzR0ugXvhIL3qgOYnT+J2jqhOnRLs1yRZvO5Uwl+1azCQmBgkLZPCofUEEAEBKPg4gb+g3BKCfAQHgI0vwp1suoWpzoZ1V76losngKaYOt4kNOF7Yhm3Vh6c5Oev31xiU6dNF2UnGF7PefVNCra\/x099O1Bzu+GpCBT7Pz\/qZMoAjwyglg1Fsujg5SRgg10AdGMua4caE4ZLhP\/QCkhTXUI6vcyuZjb16pyjH1rSyYbN1zd35eSKBkcKCjupHgBrSTNtkO4x0UipbCah+0hptmHLUdFFv1O+BcLyM+DVvudcGBHGF5gV9CHozBrdnVc\/w99+XDhygRgpUL+cW6Q6L4ooH00ITaRDlsUYxsHZdjC+I\/wwCP1Ad5LGxFa40qAjQu0jiexXbuR1nPhLKFSZwEzD8RY87JJ6ELbDLVWHKVgh4YqE4QDOBVCRPfJFbahcItndPUAZJB1G5Q2fvDafw==\" \/> \t\t<a href=\"https:\/\/www.pdf24.org\" target=\"_blank\" title=\"www.pdf24.org\" rel=\"nofollow\"><img src=\"https:\/\/www.hohenlohe-ungefiltert.de\/wp-content\/plugins\/pdf24-post-to-pdf\/img\/pdf_32x32.png\" alt=\"\" border=\"0\" height=\"32\" \/><\/a> \t\t<span class=\"pdf24Plugin-cp-space\">&nbsp;&nbsp;<\/span> \t\t<span class=\"pdf24Plugin-cp-text\">Sende Artikel als PDF<\/span> \t\t<span class=\"pdf24Plugin-cp-space\">&nbsp;&nbsp;<\/span> \t\t<input class=\"pdf24Plugin-cp-input\" style=\"margin: 0px;\" type=\"text\" name=\"sendEmailTo\" placeholder=\"Emailadresse\" \/> \t\t<input class=\"pdf24Plugin-cp-submit\" style=\"margin: 0px;\" type=\"submit\" value=\"Senden\" \/> \t<\/form> <\/div>","protected":false},"excerpt":{"rendered":"<p>&#8222;Der Staat dein Freund und Helfer ?&#8220; lautet der Titel einer Veranstaltung am Donnerstag, 24. Oktober 2013, um 19.30 Uhr in der KULTBUCHT im Alten Schlachthaus in Schw\u00e4bisch Hall. Es spricht Thomas W\u00fcppesahl, Bundessprecher der &#8222;Bundesarbeitsgemeinschaft kritischer Polizistinnen und Polizisten&#8220;. Anschlie\u00dfend ist Zeit f\u00fcr Fragen und Diskussion. Regionales B\u00fcndnis f\u00fcr die Demos am 2. November [&hellip;]<\/p>\n","protected":false},"author":1,"featured_media":0,"comment_status":"open","ping_status":"open","sticky":false,"template":"","format":"standard","meta":[],"categories":[1,2,5,7],"tags":[],"_links":{"self":[{"href":"https:\/\/www.hohenlohe-ungefiltert.de\/index.php?rest_route=\/wp\/v2\/posts\/16451"}],"collection":[{"href":"https:\/\/www.hohenlohe-ungefiltert.de\/index.php?rest_route=\/wp\/v2\/posts"}],"about":[{"href":"https:\/\/www.hohenlohe-ungefiltert.de\/index.php?rest_route=\/wp\/v2\/types\/post"}],"author":[{"embeddable":true,"href":"https:\/\/www.hohenlohe-ungefiltert.de\/index.php?rest_route=\/wp\/v2\/users\/1"}],"replies":[{"embeddable":true,"href":"https:\/\/www.hohenlohe-ungefiltert.de\/index.php?rest_route=%2Fwp%2Fv2%2Fcomments&post=16451"}],"version-history":[{"count":3,"href":"https:\/\/www.hohenlohe-ungefiltert.de\/index.php?rest_route=\/wp\/v2\/posts\/16451\/revisions"}],"predecessor-version":[{"id":16759,"href":"https:\/\/www.hohenlohe-ungefiltert.de\/index.php?rest_route=\/wp\/v2\/posts\/16451\/revisions\/16759"}],"wp:attachment":[{"href":"https:\/\/www.hohenlohe-ungefiltert.de\/index.php?rest_route=%2Fwp%2Fv2%2Fmedia&parent=16451"}],"wp:term":[{"taxonomy":"category","embeddable":true,"href":"https:\/\/www.hohenlohe-ungefiltert.de\/index.php?rest_route=%2Fwp%2Fv2%2Fcategories&post=16451"},{"taxonomy":"post_tag","embeddable":true,"href":"https:\/\/www.hohenlohe-ungefiltert.de\/index.php?rest_route=%2Fwp%2Fv2%2Ftags&post=16451"}],"curies":[{"name":"wp","href":"https:\/\/api.w.org\/{rel}","templated":true}]}}