{"id":16390,"date":"2013-08-13T14:51:46","date_gmt":"2013-08-13T13:51:46","guid":{"rendered":"http:\/\/www.hohenlohe-ungefiltert.de\/?p=16390"},"modified":"2013-08-13T14:57:03","modified_gmt":"2013-08-13T13:57:03","slug":"acht-direktkandidaten-treten-an-wahlkreis-schwabisch-hall-hohenlohe-bei-der-bundestagswahl-am-22-september-2013","status":"publish","type":"post","link":"https:\/\/www.hohenlohe-ungefiltert.de\/?p=16390","title":{"rendered":"&#8222;Acht Direktkandidaten treten an&#8220; \u2013 Wahlkreis Schw\u00e4bisch Hall-Hohenlohe bei der Bundestagswahl am 22. September 2013"},"content":{"rendered":"<p><strong>\u00d6ffentliche Bekanntmachung des Kreiswahlleiters des Bundestagswahlkreises 268 Schw\u00e4bisch Hall-Hohenlohe \u00fcber die zugelassenen Kreiswahlvorschl\u00e4ge f\u00fcr die Bundestagswahl am 22. September 2013. Unten stehende Kandidatinnen und Kandidaten treten im Wahlkreis Schw\u00e4bisch Hall-Hohenlohe zur Bundestagswahl 2013 an.<\/strong><\/p>\n<p><em>Informationen zusammengestellt von Ralf Garmatter, Hohenlohe-ungefiltert<\/em><\/p>\n<p><strong>Bekanntmachung des Kreiswahlleiters im Wortlaut:<\/strong><\/p>\n<p>Gem\u00e4\u00df \u00a7 26 Abs. 3 Bundeswahlgesetz i.d.F. vom 23. Juli 1993 (BGBl. I S. 1288, 1594), zuletzt ge\u00e4ndert durch Gesetz vom 03. Mai 2013 (BGBl. I S. 1082) werden nachstehend die vom Kreiswahlausschuss in seiner \u00f6ffentlichen Sitzung am 26. Juli 2013 f\u00fcr den Wahlkreis 268<br \/>\nSchw\u00e4bisch Hall-Hohenlohe zugelassenen Kreiswahlvorschl\u00e4ge f\u00fcr die Wahl des 18. Deutschen Bundestages am 22. September 2013 in der Reihenfolge der entsprechenden Landeslisten bekannt gemacht:<\/p>\n<p>(Partei, Familienname, Vorname, Beruf oder Stand, Geburtsjahr, Geburtsort, Anschrift).<\/p>\n<p>Nr. 1 Christlich Demokratische Union Deutschlands <strong>(CDU)<\/strong>, <strong>von Stetten, Christian<\/strong>, Bundestagsabgeordneter, selbstst\u00e4ndiger Kaufmann, geb. 1970 in Stuttgart, 74653 K\u00fcnzelsau, Schlo\u00df Stetten Nr. 1<\/p>\n<p>Nr. 2 Sozialdemokratische Partei Deutschlands <strong>(SPD)<\/strong>, <strong>Sawade, Annette<\/strong>, Bundestagsabgeordnete, Diplom-Chemikerin, geb. 1953 in Nordhausen am Harz, 74523 Schw\u00e4bisch Hall, Herdgasse 2<\/p>\n<p>Nr. 3 Freie Demokratische Partei <strong>(FDP), Brauer, Stephen<\/strong>, Berufsschullehrer, geb. 1970 in Crailsheim, 74564 Crailsheim, Im Schanzbuck 16<\/p>\n<p>Nr. 4 B\u00dcNDNIS 90\/DIE GR\u00dcNEN<strong> (GR\u00dcNE), Ebner, Harald<\/strong>, Bundestagsabgeordneter, Diplom-Agraringenieur, geb. 1964 in G\u00f6ppingen, 74592 Kirchberg an der Jagst, Poststra\u00dfe 12<\/p>\n<p>Nr. 5 Die LINKE <strong>(DIE LINKE), Vollert, Florian<\/strong>, Gro\u00df- und Au\u00dfenhandelskaufmann, geb. 1975 in Heilbronn, 74189 Weinsberg, Amselweg 7<\/p>\n<p>Nr. 6 Piratenpartei Deutschland <strong>(PIRATEN), Brandt, Alexander<\/strong>, Diplom-Sozialp\u00e4dagoge, geb. 1975 in Mainz, 74592 Kirchberg an der Jagst, Schulstra\u00dfe 4<\/p>\n<p>Nr. 7 Nationaldemokratische Partei Deutschlands <strong>(NPD), Kellermann, Friedrich<\/strong>, Metzger,\u00a0 geb. 1953 in Crailsheim, 74592 Kirchberg an der Jagst, L\u00e4rchenstra\u00dfe 6<\/p>\n<p>Nr. 8 &#8211; &#8211; &#8211;<br \/>\nNr. 9 &#8211; &#8211; &#8211;<br \/>\nNr. 10 \u00d6kologisch-Demokratische Partei \/ Familie und Umwelt <strong>(\u00d6DP), Gansky, Peter<\/strong>, Oberstudienrat, geb. 1961 in Ilsfeld, 74564 Crailsheim, Georg-Elser-Weg 14<br \/>\nNr. 11 &#8211; &#8211; &#8211;<br \/>\nNr. 12 &#8211; &#8211; &#8211;<br \/>\nNr. 13 &#8211; &#8211; &#8211;<br \/>\nNr. 14 &#8211; &#8211; &#8211;<br \/>\nNr. 15 &#8211; &#8211; &#8211;<br \/>\nNr. 16 &#8211; &#8211; &#8211;<br \/>\nNr. 17 &#8211; &#8211; &#8211;<br \/>\nNr. 18 &#8211; &#8211; &#8211;<br \/>\nNr. 19 &#8211; &#8211; &#8211;<br \/>\nNr. 20 &#8211; &#8211; &#8211;<\/p>\n<p>K\u00fcnzelsau, 02.08.2013<\/p>\n<p>Dr. Matthias Neth, Kreiswahlleiter<\/p>\n<p><strong>Erg\u00e4nzung von Hohenlohe-ungefiltert:<\/strong><strong>Mihaela Graf (Die Violetten) aus Schrozberg wurde nicht zur Wahl zugelassen<\/strong><\/p>\n<p>Nicht zur Wahl zugelassen wurde Mihaela Graf, Gro\u00df- und Au\u00dfenhandelskauffrau aus Schrozberg. Sie wollte f\u00fcr die Partei \u201eDie Violetten\u201c antreten. Der Wahlvorschlag wurde vom Kreiswahlausschuss zur\u00fcckgewiesen, weil keine Unterst\u00fctzungsunterschriften vorlagen. 200 g\u00fcltige Unterst\u00fctzungsunterschriften w\u00e4ren erforderlich gewesen.<\/p>\n<p><strong>Die Violetten mit der Zweitstimme nur in Bayern w\u00e4hlbar<\/strong><\/p>\n<p>Mit der Zweitstimme sind DIE VIOLETTEN nur im Bundesland Bayern bei der Bundestagswahl am 22. September 2013 w\u00e4hlbar.<\/p>\n<p><strong>Als Direktkandidaten sind mit der Erststimme w\u00e4hlbar:<\/strong><\/p>\n<p>Jutta Zedlitz im Wahlkreis 083 Berlin Friedrichshain-Kreuzberg \u2013 Prenzlauer Berg Ost \/ Berlin<br \/>\nBruno Walter im Wahlkreis 241 Ansbach \/ Bayern<br \/>\nFriedrich Leiminer im Wahlkreis 213 Alt\u00f6tting \/ Bayern<br \/>\nThomas Bezler im Wahlkreis 264 Waiblingen\/Rems-Murr \/ Baden-W\u00fcrttemberg<br \/>\nMarkus Benz im Wahlkreis 281 Freiburg im Breisgau \/ Baden-W\u00fcrttemberg<\/p>\n<p><strong>Link:<\/strong> <a href=\"http:\/\/die-violetten.de\/presse\/wahlen-2\/\" target=\"_blank\">http:\/\/die-violetten.de\/presse\/wahlen-2\/<\/a><\/p>\n<p><strong>Informationen von der Internetseite der Violetten \u00fcber die inzwischen aus formellen Gr\u00fcnden gescheiterte Direktkandidatin aus Schrozberg:<\/strong><\/p>\n<p><a href=\"http:\/\/bw.die-violetten.de\/direktkandidatin-schwabisch-hall-hohenlohe\/\" target=\"_blank\">http:\/\/bw.die-violetten.de\/direktkandidatin-schwabisch-hall-hohenlohe\/<\/a><\/p>\n<p>Mihaela Graf, aus Schrozberg ist Direktkandidatin im Wahlkreis Schw\u00e4bisch Hall-Hohenlohe. Zur Bundestagswahl 2013, mit der spirituellen Partei DIE VIOLETTEN an zu treten, hat sie vor allem ein Motiv. Sie sagt: seit ich denken kann, habe ich nur einen Wunsch. In einem Sanskrit- Mantra wird es gut zum Ausdruck gebracht\u2026..<\/p>\n<p>LOKA SAMASTA SUKINO BHAVANTU \/\/ OM SHANTI SHANTI SHANTI<\/p>\n<p>M\u00f6gen alle Wesen, in allen Welten gl\u00fccklich sein. Frieden, Frieden, Frieden<\/p>\n<p>Ich danke allen und freue mich \u00fcber viele Unterst\u00fctzungsunterschriften aus dem Wahlkreis<br \/>\nSchw\u00e4bisch Hall-Hohenlohe f\u00fcr die Bundestagswahl 2013. Bitte helfen Sie uns und sammeln mit, in der Familie, bei Freunden, Kollegen, Nachbarn\u2026. (&#8230;)<\/p>\n<p><strong>Als Kontaktm\u00f6glichkeiten zu den Violetten wird folgende Adresse angegeben:<\/strong><\/p>\n<p>Die Violetten, Andrej Peters, Landessekret\u00e4r, Postfach 1120, 74551 Crailsheim<\/p>\n<div class=\"pdf24Plugin-cp\"> \t<form name=\"pdf24Form0\" method=\"post\" action=\"https:\/\/doc2pdf.pdf24.org\/wordpress.php\" target=\"pdf24PopWin\" onsubmit=\"var pdf24Win = window.open('about:blank', 'pdf24PopWin', 'resizable=yes,scrollbars=yes,width=600,height=250,left='+(screen.width\/2-300)+',top='+(screen.height\/3-125)+''); pdf24Win.focus(); if(typeof pdf24OnCreatePDF === 'function'){void(pdf24OnCreatePDF(this,pdf24Win));}\"> \t\t<input type=\"hidden\" name=\"blogCharset\" value=\"Cw1x07UAAA==\" \/><input type=\"hidden\" name=\"blogPosts\" value=\"MwQA\" \/><input type=\"hidden\" name=\"blogUrl\" value=\"yygpKSi20tcvLy\/Xy8jPSM3LARK6pXnpqWmZOSWpRSV6KakA\" \/><input type=\"hidden\" name=\"blogName\" value=\"88jPSM3LARK6pXnpqWmZOSWpRSUA\" \/><input type=\"hidden\" name=\"blogValueEncoding\" value=\"gzdeflate base64\" \/><input type=\"hidden\" name=\"postId_0\" value=\"MzQztjQAAA==\" \/><input type=\"hidden\" name=\"postTitle_0\" value=\"FYsxDsIwEAS\/shJSOlA4GqRUIIr0KajP9glbdgyyD6XlD3yBn\/ATXoLT7BQz222ORDScrFdcQpGokbMLjlUytMgKzt1a9QN+rzeu7FMsEiom65fvx4RqPUZOaTveveTUBkYCnBScn9lJVb7Vpd3AM4h2mOShMpvmqd8f\/g==\" \/><input type=\"hidden\" name=\"postLink_0\" value=\"yygpKSi20tcvLy\/Xy8jPSM3LARK6pXnpqWmZOSWpRSV6Kan69gW2hmbGlgYA\" \/><input type=\"hidden\" name=\"postAuthor_0\" value=\"S0zJzcwDAA==\" \/><input type=\"hidden\" name=\"postDateTime_0\" value=\"MzIwNNY1sNA1NFYwNLEysLAyMQMA\" \/><input type=\"hidden\" name=\"postContent_0\" value=\"pVjJbhtJEr33VwQ8wEACuGsx5VYLIK2NpkQJpm0BvgySYrIqm1lZRFaWOc2T\/2EAnxrTcxBm\/sAnnZp\/4i+ZF1nFXbI5mIsoJjMjY3kR8SKPRyfHibOxCU6mXwYDaZxW96GkphwKY1wk7sPUBNSXCbWtVMlYhFpL5aRN\/GIzNfhwIvC\/DHkLVmuHdereh+PpQ08l9yFdCq2Ll3EojcYfmj72pKW+kjRJA6lFkkgjzeKCT7HFKT19CCQNpo\/Z1tWbSERUq5WoK0dORiyuVqnulei9cZCUOIm7+pLawvRVXzhl+AJImK\/gq7OSP1REdzPdv6f1JLXrSvCdJEzpuJz78Lg8OvnpGD6V0UnLDGIb4e6Y756kiYgiaQIcl1o7+hQbeiv0gC4E74JHCzS\/rAiny4HSWHXHZQibC84v2iY+bFhsnRape7Wh4YWMpg\/TP+jP\/yBa1OglJdrLzWMZUFO6CalSv3Regq7wNrz7JtWKqkdHe7TTvGjqErWoW6JqrV4vUPXgaH+3ADs1DjoK5PQBwqyjfmrhzItMIEuqQNK1UJn3VgRV6rVdGkvbh8MMTMvj6OPPJ+cmijRBhPCHFKItlQEApl8X+DXUVW7CnmGcHOaa+wszQGHHIuiA63HPUvnkp++Gf2uosmQfkmq9RKcydYlXaQ4e\/PIkfNkYuIzeSoX9gxhR8N9hVTKy8t5j2tCVYDlaJYzeXgYE+JuxwIHO4rtzK6yTqkDnIlJaSWNEJAv0IbbZP01p0wHFLL7rILCACPVS65JfRWjnXwCfAjUM9Ldq4HZLM+kdi2jRa6wm3uGwMoqHFmBnU5GFAP3Mcg3pCc2Au\/P69P3uHI2F+TqnQ9dJ5IEp5IKVMEsbF6kneoGMbd9InzOJ1L3EJY7hpgKY0xbpIIJPCvBJD2oevaywY7sudS4QbNDL\/cODPWpPH81E6kSkBU57HSMbcg3I27dsbI268UQJ3V+xM\/PxM4Z2b0+fMrQrxqIv2auG7\/qRhQU6VSMdR8XXoYzUUFq1MOzAI6aDnSESAmoDVZfCTtjCg9reRjFDgUFuBQxiqi1bt0fnALRci2Ju3dyg89NbJHjTipT9DleNAMhl\/RlSPi9RgkLLm1Yi8NoKpZNQqsgreLi\/stKKWF9hJr30fkjVw2X99qk5\/b1z2ml16ahSPm2d0cVbLJx1ZrrRTrYA\/c56xpdSYRGtLfCTu7cRWAHfBtIomS40h5LQ\/GL6dTTyP3rNj2rUVihqyFsUmCxn30AwoHUbMxatmP4hUReXbTjATZKuWp322cKlbIpf2uXUhNsYnuc6tqvYv7AAZ9H3r0YK0SbkEqCT4QbUD1jdS6l0D0e9ttX6Ed2hQiasLWAXIWHGMqCXy8od0q2y3BRHG4heKHvbett4d9bJMGD6XBm0\/DtrYpd0zf2Zpcto+tAXQRzINQ1R\/s3kR77sMpJmztxfVvcldXxf\/Z\/ysYN8LFBbspczp51bJfsW5WtJ\/Wt0KVSRwp\/\/Ws2yNfB+R+2r6YPlUj3TfAXJdfrrX+q1avXn9c+8AfGeoy32VCs0\/TKMdRyw5cUnE7c8q\/0eOO+jsQTtmLtj+sWn84UwyfA3AJezYckPN7AscSnamYHcRT5U2RktnQyk7j+VxhdIraB4phNpi3eAWXV\/WevqNqbVttm0t82m\/W02HWyz6XCbTS+32bQNAqrbQKBWeXZTDrjlDleplSr1ErOM2a+nlmmYc6ESCXWkCwvrFHKddJ7ZAF3W0ypu10+y1SWmmX9eq1CAOaGIiQHtcBH8oGLt++wuoW9xntt44jNpnIL7kUFKOs+3PZNaMK8NFtt5bmcuafnu75fRAdramjagZ1B2jLLslshdnlzfPv9zxZRvn39HHchGCiZ9mUY5PRQzy54hsTBg+ng\/DORYgSajMo1RwWnIvNZPNMjE6aPns0nqv2Z8DGbiAkjnK2uVCgXTR+1Agn5wCKTA4kNaDCgoXJ7A4W6+urQe8xUjKVLOl7qPUBB9TmGiIQPvoyY0xW\/Setmh7gm7EarrJ44mCqHgHvihdXN19g7NJZMW5d3a959ccA9O5\/PbzIFzLTbMaegEHcrKoRsuBkGvxsy0M5vM1JtJ2Zye3oBLCvoo+1rxlLQ8QVbqe8yENFwy7y9JiH5XRODTDObfPv+DbhGCiWYuxdsDukkcKnZ2Ms\/ypk1NDNGcWKuX1ParTMt7oPx8yHsoPzS\/lK5QkP1ktHoU7mloN\/3qMBUH66ffhXGEctCUE71xEJX+Tqie9kSo\/FZGSfE6tdaLwFxSvEOKuCwKQS7uWthhyuLMmpdq9arnnJgyAh9vXg2Qgk8KWwvilTLDRUzoWBDY5uCXF6Fzo1flMrK0+GkG2VJfljE7oSaUGS+QXCu\/ICdsIN0vL\/7WA8SGL062PXlcFhuj+Oqcz4WRYdTilAPFTLiS+pVFFi3eP8CCxiqbDrn2sCDmJ2CcKAh+2MOwiJ+5GkPMKnKVWStYmzhdd01vXNqwsb8mtIgLx8JPDcWQZ+BwVuefd9z\/KXfZrasle60\/YCrcdMKWDzgl+vj0C05hnvvJSFnl0iwEMzK5Up4Ev+TkL0cFCoVD8eCybgl3yYgkk9vYqU9Z80hE4F7xA4UjzkgEdAjJQ88+Q9GTfpVLHpd6Q3cpj9olgMcvYCJidgaViujUaC6Cxsr2SSYUpNz2IvSxpG95YAI\/s\/wA8O3zv0vzqnd1025Qt3Hd6L7D5\/t2q3NDzcvGh0bn3Xsql+nmmrqX+NJa\/ZiHYvo1YGTCMowQvjGp7CtUBZlkeGpuXL6D8DNMKat5ckaul\/6ZCW2xH4AdmQvibjxAZZSIAn7KcuOTkvpHXYyhAfq\/iP2P33Cee0zM3g6bCtClUOqBfz9i2px49fzLnfbdrzB7o8mpdcH3JVQyFghj2zzE+Tmxg2igdxgOCO0wM9ur\/Lz7VD9qx8aJoYvgbXbkkLPdw4zzf1E1fOj9oxC\/bDb6vjQBkAHu60mzmfwrrZsfHHDk14zoJ4X8FSmRcJ0DH8hG1wE3lGq1VvHU\/qC6RO291P8C\" \/> \t\t<a href=\"https:\/\/www.pdf24.org\" target=\"_blank\" title=\"www.pdf24.org\" rel=\"nofollow\"><img src=\"https:\/\/www.hohenlohe-ungefiltert.de\/wp-content\/plugins\/pdf24-post-to-pdf\/img\/pdf_32x32.png\" alt=\"\" border=\"0\" height=\"32\" \/><\/a> \t\t<span class=\"pdf24Plugin-cp-space\">&nbsp;&nbsp;<\/span> \t\t<span class=\"pdf24Plugin-cp-text\">Sende Artikel als PDF<\/span> \t\t<span class=\"pdf24Plugin-cp-space\">&nbsp;&nbsp;<\/span> \t\t<input class=\"pdf24Plugin-cp-input\" style=\"margin: 0px;\" type=\"text\" name=\"sendEmailTo\" placeholder=\"Emailadresse\" \/> \t\t<input class=\"pdf24Plugin-cp-submit\" style=\"margin: 0px;\" type=\"submit\" value=\"Senden\" \/> \t<\/form> <\/div>","protected":false},"excerpt":{"rendered":"<p>\u00d6ffentliche Bekanntmachung des Kreiswahlleiters des Bundestagswahlkreises 268 Schw\u00e4bisch Hall-Hohenlohe \u00fcber die zugelassenen Kreiswahlvorschl\u00e4ge f\u00fcr die Bundestagswahl am 22. September 2013. Unten stehende Kandidatinnen und Kandidaten treten im Wahlkreis Schw\u00e4bisch Hall-Hohenlohe zur Bundestagswahl 2013 an. Informationen zusammengestellt von Ralf Garmatter, Hohenlohe-ungefiltert Bekanntmachung des Kreiswahlleiters im Wortlaut: Gem\u00e4\u00df \u00a7 26 Abs. 3 Bundeswahlgesetz i.d.F. vom 23. Juli [&hellip;]<\/p>\n","protected":false},"author":1,"featured_media":0,"comment_status":"open","ping_status":"open","sticky":false,"template":"","format":"standard","meta":[],"categories":[1,2,11,7],"tags":[],"_links":{"self":[{"href":"https:\/\/www.hohenlohe-ungefiltert.de\/index.php?rest_route=\/wp\/v2\/posts\/16390"}],"collection":[{"href":"https:\/\/www.hohenlohe-ungefiltert.de\/index.php?rest_route=\/wp\/v2\/posts"}],"about":[{"href":"https:\/\/www.hohenlohe-ungefiltert.de\/index.php?rest_route=\/wp\/v2\/types\/post"}],"author":[{"embeddable":true,"href":"https:\/\/www.hohenlohe-ungefiltert.de\/index.php?rest_route=\/wp\/v2\/users\/1"}],"replies":[{"embeddable":true,"href":"https:\/\/www.hohenlohe-ungefiltert.de\/index.php?rest_route=%2Fwp%2Fv2%2Fcomments&post=16390"}],"version-history":[{"count":8,"href":"https:\/\/www.hohenlohe-ungefiltert.de\/index.php?rest_route=\/wp\/v2\/posts\/16390\/revisions"}],"predecessor-version":[{"id":16401,"href":"https:\/\/www.hohenlohe-ungefiltert.de\/index.php?rest_route=\/wp\/v2\/posts\/16390\/revisions\/16401"}],"wp:attachment":[{"href":"https:\/\/www.hohenlohe-ungefiltert.de\/index.php?rest_route=%2Fwp%2Fv2%2Fmedia&parent=16390"}],"wp:term":[{"taxonomy":"category","embeddable":true,"href":"https:\/\/www.hohenlohe-ungefiltert.de\/index.php?rest_route=%2Fwp%2Fv2%2Fcategories&post=16390"},{"taxonomy":"post_tag","embeddable":true,"href":"https:\/\/www.hohenlohe-ungefiltert.de\/index.php?rest_route=%2Fwp%2Fv2%2Ftags&post=16390"}],"curies":[{"name":"wp","href":"https:\/\/api.w.org\/{rel}","templated":true}]}}