{"id":16309,"date":"2013-07-29T18:02:19","date_gmt":"2013-07-29T17:02:19","guid":{"rendered":"http:\/\/www.hohenlohe-ungefiltert.de\/?p=16309"},"modified":"2013-07-29T18:04:14","modified_gmt":"2013-07-29T17:04:14","slug":"den-bahnknotenpunkt-crailsheim-aufwerten-podiumsdiskussion-im-rathaussaal-am-donnerstag","status":"publish","type":"post","link":"https:\/\/www.hohenlohe-ungefiltert.de\/?p=16309","title":{"rendered":"&#8222;Crailsheim: Zukunftsf\u00e4higer Bahnknoten oder abgeh\u00e4ngter Regionalbahnhof?&#8220;&#8220; \u2013 Podiumsdiskussion im Rathaussaal am Donnerstag"},"content":{"rendered":"<p><strong>Eine Podiumsdiskussion mit dem Titel &#8222;Crailsheim \u2013 Zukunftsf\u00e4higer Bahnknoten oder abgeh\u00e4ngter Regionalbahnhof?&#8220; findet am Donnerstag, 1. August 2013, um 19.30 Uhr im Rathaussaal Crailsheim statt.<\/strong><\/p>\n<p><em>Vom Gr\u00fcnen-Wahlkreisb\u00fcro Schw\u00e4bisch Hall<\/em><\/p>\n<p><strong>Auf dem Podium sitzen folgende Personen:<\/strong><\/p>\n<p>Gr\u00fcnen-Bundestagsabgeordneter Dr. Anton Hofreiter (Vorsitzender des Verkehrsausschusses des Deutschen Bundestags), Eckart Fricke (Deutsche Bahn Baden-W\u00fcrttemberg), Gr\u00fcnen-Bundestagsabgeordneter Harald Ebner (Wahlkreis Schw\u00e4bisch Hall-Hohenlohe).<\/p>\n<p><strong>Gro\u00dfes Potential des Knotenpunkts Crailsheim<\/strong><\/p>\n<p>Der Bahnhof Crailsheim ist ein zentraler Verkehrsknoten f\u00fcr die Mobilit\u00e4t in der l\u00e4ndlichen Region Schw\u00e4bisch Hall-Hohenlohe. Hier laufen drei Ost-West-Verbindungen von Karlsruhe \u00fcber Schw\u00e4bisch Gm\u00fcnd, aus Stuttgart \u00fcber Backnang und aus Heilbronn in Richtung N\u00fcrnberg und die Nord-S\u00fcd-Verbindung aus Richtung Ulm \u00fcber Aalen nach Tauberbischofsheim zusammen. Damit befindet sich in Crailsheim der gr\u00f6\u00dfte Bahnhof im Landkreis Schw\u00e4bisch Hall. Der Ausbau der Fernverkehrsachse (Z\u00fcrich-) Stuttgart-N\u00fcrnberg (-Berlin) als auch die Anmeldungen des Landes Baden-W\u00fcrttemberg f\u00fcr den neuen Bundesverkehrswegeplan f\u00fcr den Bereich des Schienenverkehrs machen das gro\u00dfe Potential des Knotenpunkts Crailsheim deutlich.<\/p>\n<p><strong>Zeitgem\u00e4\u00dfes Wagenmaterial erforderlich<\/strong><\/p>\n<p>Neben der Elektrifizierung der Hohenlohe-, Murr- und Brenzbahn erfordert es ein zeitgem\u00e4\u00dfes Wagenmaterial auf allen Strecken. Als Knotenpunkt mit \u00fcberregionaler Bedeutung k\u00f6nnte Crailsheim an das Hochgeschwindigkeitsnetz der Bahn mittels eines ICE-Halts angebunden werden. Die Versorgung und Anbindung der ganzen Region w\u00fcrde damit eine neue Qualit\u00e4t erreichen. Unser Mobilit\u00e4tskonzept m\u00f6chte den Verkehr auf der Schiene st\u00e4rken. Zur Verlagerung des Personenverkehrs auf die Schiene braucht es eine attraktive Bahn. Deshalb spielen Qualit\u00e4t der Bahnh\u00f6fe, Z\u00fcge und Vertaktung bei der Frage der Zukunft der Bahn eine gro\u00dfe Rolle.<\/p>\n<p><strong>Was muss getan werden?<\/strong><\/p>\n<p>Was muss getan werden, damit es tats\u00e4chlich wieder zu einer Aufwertung des Knotenpunkts Crailsheim kommen wird und der Bahnhof damit wieder an seine vergangene \u00fcberregionale Bedeutung im Personen- und G\u00fcterverkehr ankn\u00fcpfen kann? Welche Perspektiven bestehen hier f\u00fcr die Region vor dem Hintergrund der notwendigen Verkehrsverlagerung und der gegens\u00e4tzlichen Forderung nach st\u00e4ndigem Aus- und Neubau der Stra\u00dfeninfrastruktur?<\/p>\n<p><strong>Podiumsdiskussion mit:<\/strong><\/p>\n<p>Gr\u00fcnen-Bundestagsabgeordneter Dr. Anton Hofreiter (Vorsitzender des Verkehrsausschusses des Deutschen Bundestags), Eckart Fricke (Deutsche Bahn Baden-W\u00fcrttemberg), Gr\u00fcnen-Bundestagsabgeordneter Harald Ebner (Wahlkreis Schw\u00e4bisch Hall-Hohenlohe).<\/p>\n<p><strong>Kurzinformation:<\/strong><\/p>\n<p>Veranstaltungsdatum: Donnerstag, 1. August 2013, ab 19.30 Uhr<\/p>\n<p>Veranstaltungsort: Rathaus Crailsheim, Marktplatz 1<\/p>\n<p><strong>Weitere Informationen und Kontakt:<\/strong><\/p>\n<p>Gudrun Merkle, Telefon 0791-97 82 37 31<\/p>\n<p>E-Mail: harald.ebner@wk.bundestag.de<\/p>\n<p><strong>Internet:<\/strong><\/p>\n<p><a href=\"http:\/\/www.harald-ebner.de\" target=\"_blank\">www.harald-ebner.de<\/a><\/p>\n<div class=\"pdf24Plugin-cp\"> \t<form name=\"pdf24Form0\" method=\"post\" action=\"https:\/\/doc2pdf.pdf24.org\/wordpress.php\" target=\"pdf24PopWin\" onsubmit=\"var pdf24Win = window.open('about:blank', 'pdf24PopWin', 'resizable=yes,scrollbars=yes,width=600,height=250,left='+(screen.width\/2-300)+',top='+(screen.height\/3-125)+''); pdf24Win.focus(); if(typeof pdf24OnCreatePDF === 'function'){void(pdf24OnCreatePDF(this,pdf24Win));}\"> \t\t<input type=\"hidden\" name=\"blogCharset\" value=\"Cw1x07UAAA==\" \/><input type=\"hidden\" name=\"blogPosts\" value=\"MwQA\" \/><input type=\"hidden\" name=\"blogUrl\" value=\"yygpKSi20tcvLy\/Xy8jPSM3LARK6pXnpqWmZOSWpRSV6KakA\" \/><input type=\"hidden\" name=\"blogName\" value=\"88jPSM3LARK6pXnpqWmZOSWpRSUA\" \/><input type=\"hidden\" name=\"blogValueEncoding\" value=\"gzdeflate base64\" \/><input type=\"hidden\" name=\"postId_0\" value=\"MzQzNrAEAA==\" \/><input type=\"hidden\" name=\"postTitle_0\" value=\"Lcw9CgIxEIbhqwwIW0sqcQtBPYBsaTdL\/oYkM5BJeu\/gFfYmexNPYgSrjwdevulwMsbMt4qUNToqZ3j21Nk39fsWKbgKV4ycWJpjEDuMa3Bx3zi0gcUFEsa8jiiKv0y\/w+P8H\/i83vAQS72oJU1dddRABRZsEQcRM2CBuzC7qg3DFw==\" \/><input type=\"hidden\" name=\"postLink_0\" value=\"yygpKSi20tcvLy\/Xy8jPSM3LARK6pXnpqWmZOSWpRSV6Kan69gW2hmbGBpYA\" \/><input type=\"hidden\" name=\"postAuthor_0\" value=\"S0zJzcwDAA==\" \/><input type=\"hidden\" name=\"postDateTime_0\" value=\"MzIwNNY1MNc1slQwtLAyMLcytAQA\" \/><input type=\"hidden\" name=\"postContent_0\" value=\"7VbNbttGEL73KQYuUMSAJf8dkjiKXTt2rMC1m9qJDfhSLMUhuSC5FHaXFqBT3qEPkIufwSff+CZ9kn6zIiXFctI+QC+SRc\/OzvczMxyM9wfO28qk+yfaMH2sYl2XLtYur53TlaFSe4q5pE\/ac0G\/\/PxqZ2fnzTurdOEy1iX9\/eUvuq3z2iTeJc19plO2dKQyk5vKs6Eqxm8VpZw19yb1+HHJKRKrIkJQViUHIefWG0q0idmTKum4Moat8yrdoO0+HdZp7TztbG3vblBd0vbr\/u4Wfc4s4f5L5TOFWpUqaKksHPa+P9hswQ02x\/s\/DQCWy\/3rqqRT2zwaNr0blRW5Ze2i5tFWdDXKJs19pN0oo6EqisEm4udn21yHdRIYmXFFTvspcCZVkTIA0EdUXiH33srl3aVHNeIEnRNeKhsbFl6OLaAaD86HVYKa5NmL68rOLhAacYqu2eacWSeYRxk+8EyeH3Pt8QCVLNKvb9DJKFfW03urRznTiy4qKISPWDgAdO+5jNimOPEvVQ6VVUVMJ5GR8ub8rVDXG1YopsDHev8pg6e2ar6i5o\/iEK+hnCA4C4YZ1yb3bknKFRqPW4PBO8uKa1iEtSFw5VEigjqqWicmwEmxZjqvIl1o39x7QrwQW8CbcaEDfTN7\/gBPn4Zazqg6QXgM9PS7870bkNXDlRFsXBt4ge6Q5kzZwtkajDePIPibtKclmI43CFLSla+9T0WqWdyRGuVGmZSgQggYsi4i8GCk5kuU6nEJXQCTEeFCnIC7gFK9q+YxXqolJJif+VyU7SWHoMmQUajlk6ojiUddVTIjdFo7VZZs+nSsZApE3HaoQyapYol8ITG1zUPz1fNcHDz\/TZn4eX8gq1RQu0jV4fh7tuauM\/coc3DrLdDhrt76gp7eAvGL3hHbQpt1UoUDRCQWAg5NyUWrgNhKSsDXqtdbQwgDXM\/7pithwimPC2UWUbiNBblkAxrN6JIumkoVzBMrBx7E3f\/N3Phf7cV4Kz1yiwGQctnch065UYBTKjSgJGSbQGUBP8pW2uOCI565+qTg3Fud6Cn8KsrLw7mNext0XlvbC845smymMpDnudFMru2n7xeCFgD5YqIrbxkTBmY5LL5BGxZIsJtt5764mwW3lJQ3D8bAM0uUqBmNw2qUpQy7TOA6neYow2EETQOKML6QGTspVInKPrw76cFYoBdtw5GIaWjCwCIOhjGuZTDbtG6b6tB03RHMq8x00fwTaI5RHgffS\/pgEfqjVu3cEDRhXPTps3E4v5gpLq+QagzgzQM6joN32lEUCItnY0D8gzXV3NtA220dBlYBflut3HyVzF0WjgNKdzyyYvtOKibsPKtyr+9mTSg95jJsWnJjzSLTAkHHYtY8JLxBaLWUAy8owiOH1BBhtIXWtKgq\/NVu+oUG4drW8ZcVrLBi5BtoWWJPUcpedYocrNj22bCNTgJH2OeuuR9l4nmaaJYKpnW4X8ZIggO+4+17zZZXMs9w2sazebm0SWYXtYlRgAvIwHwqdjL8xMNLFkbiTqhZM502j+iPu05yvAk1j2PZFbky5oBuuJANLGfGHMQyYNp5lgGSyWqZb6rWjneVDW8cQ41WsantagfMCUtzLBwm82vuoS4uxSwzYM9P2x33PrS4hIThLy4MaUoZyDMQF1x3kxm9raCv0SaxCrLVcIc9eKrzs6+O\/78Effcl6Ky2UzBaWUxTsLXKFEAqg7sLcZmLla\/LvR++Gqto8Wr8fJLK+r3ujXmpMbAJlM091h3G6\/ZKAwcVmD4sigXB4pGzysioeEbkOoa76BwyFRgunzB7Eki69fL1du\/1S3q1Q7svaXd+00nvHKXsURZo7bPQ+usk70cd+\/2Yn1b1QVoBaqxePlCUWU7ermXej\/c2NyeTSX+WuRcyI9kaxonFoHm79meEHZ+v7T8TNNhUs5z\/AA==\" \/> \t\t<a href=\"https:\/\/www.pdf24.org\" target=\"_blank\" title=\"www.pdf24.org\" rel=\"nofollow\"><img src=\"https:\/\/www.hohenlohe-ungefiltert.de\/wp-content\/plugins\/pdf24-post-to-pdf\/img\/pdf_32x32.png\" alt=\"\" border=\"0\" height=\"32\" \/><\/a> \t\t<span class=\"pdf24Plugin-cp-space\">&nbsp;&nbsp;<\/span> \t\t<span class=\"pdf24Plugin-cp-text\">Sende Artikel als PDF<\/span> \t\t<span class=\"pdf24Plugin-cp-space\">&nbsp;&nbsp;<\/span> \t\t<input class=\"pdf24Plugin-cp-input\" style=\"margin: 0px;\" type=\"text\" name=\"sendEmailTo\" placeholder=\"Emailadresse\" \/> \t\t<input class=\"pdf24Plugin-cp-submit\" style=\"margin: 0px;\" type=\"submit\" value=\"Senden\" \/> \t<\/form> <\/div>","protected":false},"excerpt":{"rendered":"<p>Eine Podiumsdiskussion mit dem Titel &#8222;Crailsheim \u2013 Zukunftsf\u00e4higer Bahnknoten oder abgeh\u00e4ngter Regionalbahnhof?&#8220; findet am Donnerstag, 1. August 2013, um 19.30 Uhr im Rathaussaal Crailsheim statt. Vom Gr\u00fcnen-Wahlkreisb\u00fcro Schw\u00e4bisch Hall Auf dem Podium sitzen folgende Personen: Gr\u00fcnen-Bundestagsabgeordneter Dr. Anton Hofreiter (Vorsitzender des Verkehrsausschusses des Deutschen Bundestags), Eckart Fricke (Deutsche Bahn Baden-W\u00fcrttemberg), Gr\u00fcnen-Bundestagsabgeordneter Harald Ebner (Wahlkreis Schw\u00e4bisch [&hellip;]<\/p>\n","protected":false},"author":1,"featured_media":0,"comment_status":"open","ping_status":"open","sticky":false,"template":"","format":"standard","meta":[],"categories":[1,2,4,5,11,3],"tags":[],"_links":{"self":[{"href":"https:\/\/www.hohenlohe-ungefiltert.de\/index.php?rest_route=\/wp\/v2\/posts\/16309"}],"collection":[{"href":"https:\/\/www.hohenlohe-ungefiltert.de\/index.php?rest_route=\/wp\/v2\/posts"}],"about":[{"href":"https:\/\/www.hohenlohe-ungefiltert.de\/index.php?rest_route=\/wp\/v2\/types\/post"}],"author":[{"embeddable":true,"href":"https:\/\/www.hohenlohe-ungefiltert.de\/index.php?rest_route=\/wp\/v2\/users\/1"}],"replies":[{"embeddable":true,"href":"https:\/\/www.hohenlohe-ungefiltert.de\/index.php?rest_route=%2Fwp%2Fv2%2Fcomments&post=16309"}],"version-history":[{"count":5,"href":"https:\/\/www.hohenlohe-ungefiltert.de\/index.php?rest_route=\/wp\/v2\/posts\/16309\/revisions"}],"predecessor-version":[{"id":16312,"href":"https:\/\/www.hohenlohe-ungefiltert.de\/index.php?rest_route=\/wp\/v2\/posts\/16309\/revisions\/16312"}],"wp:attachment":[{"href":"https:\/\/www.hohenlohe-ungefiltert.de\/index.php?rest_route=%2Fwp%2Fv2%2Fmedia&parent=16309"}],"wp:term":[{"taxonomy":"category","embeddable":true,"href":"https:\/\/www.hohenlohe-ungefiltert.de\/index.php?rest_route=%2Fwp%2Fv2%2Fcategories&post=16309"},{"taxonomy":"post_tag","embeddable":true,"href":"https:\/\/www.hohenlohe-ungefiltert.de\/index.php?rest_route=%2Fwp%2Fv2%2Ftags&post=16309"}],"curies":[{"name":"wp","href":"https:\/\/api.w.org\/{rel}","templated":true}]}}