{"id":16267,"date":"2013-07-22T08:59:31","date_gmt":"2013-07-22T07:59:31","guid":{"rendered":"http:\/\/www.hohenlohe-ungefiltert.de\/?p=16267"},"modified":"2013-07-22T09:18:36","modified_gmt":"2013-07-22T08:18:36","slug":"die-zukunft-der-landwirtschaft-ist-grun-hofgesprach-am-mittwoch-in-neuenstein-steinsfurtle","status":"publish","type":"post","link":"https:\/\/www.hohenlohe-ungefiltert.de\/?p=16267","title":{"rendered":"&#8222;Die Zukunft der Landwirtschaft ist Gr\u00fcn&#8220; \u2013\u00a0Hofgespr\u00e4ch am Mittwoch in Neuenstein-Steinsf\u00fcrtle"},"content":{"rendered":"<p><b>&#8222;Die Zukunft der Landwirtschaft ist Gr\u00fcn&#8220; lautet der Titel eines Hofgespr\u00e4ch am Mittwoch, 24. Juli 2013, um 15 Uhr in Steinsf\u00fcrtle 3 bei Neuenstein.<\/b><\/p>\n<p><em>Vom Gr\u00fcnen-Wahlkreisb\u00fcro in Schw\u00e4bisch Hall<\/em><\/p>\n<p><strong>Gerechtere Verteilung der Agrargelder<\/strong><\/p>\n<p>Seit kurzem stehen die Eckpunkte zur Ausgestaltung der EU-Agrarpolitik ab 2013 fest. Mit den Vorgaben zum \u201eGreening\u201c scheint ein erster Einstieg in eine umweltfreundlichere Landwirtschaft und in eine gerechtere Verteilung der Agrargelder gelungen. Aber was bedeuten die bisherigen Verhandlungsergebnisse konkret f\u00fcr die b\u00e4uerliche Landwirtschaft (unter anderem die Milcherzeuger), den \u00d6kolandbau und die Verbraucher in unserer Region? Wo besteht aus Sicht der Gr\u00fcnen Nachbesserungsbedarf, um eine echte Agrarwende zu erreichen? Worauf kommt es jetzt bei der Umsetzung auf nationaler Ebene an? Und wie sieht die bisherige Politik der Bundesregierung in diesen Bereichen aus?<\/p>\n<p><strong>Agrarpolitisches Hofgespr\u00e4ch<\/strong><\/p>\n<p>Diese und weitere aktuelle Punkte wollen die gr\u00fcnen Agrarpolitiker Harald Ebner (Mitglied des Bundestags) und Martin H\u00e4usling (Mitglied des Europ\u00e4ischen Parlaments) in einem agrarpolitischen Hofgespr\u00e4ch mit\u00a0 Landwirten und weiteren Interessierten der Region diskutieren. Gastgeber und Gespr\u00e4chsteilnehmer ist der Demeter-Landwirt Martin Sch\u00e4fer, dessen Hof im Rahmen der Veranstaltung besichtigt wird.<\/p>\n<p><strong>Veranstaltung: <\/strong>Mittwoch, 24. Juli 2013, ab 15 Uhr<\/p>\n<p><strong>Veranstaltungsort: <\/strong>Demeter-Hof von Martin Sch\u00e4fer, Steinsf\u00fcrtle 3, 74632 Neuenstein<\/p>\n<p><strong>Weitere Informationen und Kontakt:<\/strong><\/p>\n<p>Harald Ebner ist Mitglied des Bundestagsausschusses f\u00fcr Ern\u00e4hrung, Landwirtschaft und Verbraucherschutz und Sprecher f\u00fcr den Bereich Agrogentechnik. Martin H\u00e4usling ist Koordinator der Gr\u00fcnen\/EFA im Agrarausschuss des Europaparlamentes und Biolandwirt in Hessen. Martin Sch\u00e4fer ist Vorsitzender der Arbeitsgemeinschaft b\u00e4uerliche Landwirtschaft Baden-W\u00fcrttemberg und Mitglied im Bund Deutscher Milchviehhalter (BDM).<\/p>\n<p><strong>Bitte melden Sie sich zur Teilnahme am Gespr\u00e4ch im Wahlkreisb\u00fcro von Harald Ebner an:<\/strong><\/p>\n<p>Wahlkreisb\u00fcro, Gudrun Merkle, Gelbinger Gasse 87, 74523 Schw\u00e4bisch Hall<\/p>\n<p>Telefon: 0791 978237 31<\/p>\n<p>Fax: 0791 978237 33<\/p>\n<p>E-Mail: <a href=\"mailto:harald.ebner@wk.bundestag.de\">harald.ebner@wk.bundestag.de<\/a><\/p>\n<p><strong>Internet:<\/strong><\/p>\n<p><a href=\"http:\/\/www.gruene-sha.de\/\" target=\"_blank\">http:\/\/www.gruene-sha.de\/<\/a><\/p>\n<div class=\"pdf24Plugin-cp\"> \t<form name=\"pdf24Form0\" method=\"post\" action=\"https:\/\/doc2pdf.pdf24.org\/wordpress.php\" target=\"pdf24PopWin\" onsubmit=\"var pdf24Win = window.open('about:blank', 'pdf24PopWin', 'resizable=yes,scrollbars=yes,width=600,height=250,left='+(screen.width\/2-300)+',top='+(screen.height\/3-125)+''); pdf24Win.focus(); if(typeof pdf24OnCreatePDF === 'function'){void(pdf24OnCreatePDF(this,pdf24Win));}\"> \t\t<input type=\"hidden\" name=\"blogCharset\" value=\"Cw1x07UAAA==\" \/><input type=\"hidden\" name=\"blogPosts\" value=\"MwQA\" \/><input type=\"hidden\" name=\"blogUrl\" value=\"yygpKSi20tcvLy\/Xy8jPSM3LARK6pXnpqWmZOSWpRSV6KakA\" \/><input type=\"hidden\" name=\"blogName\" value=\"88jPSM3LARK6pXnpqWmZOSWpRSUA\" \/><input type=\"hidden\" name=\"blogValueEncoding\" value=\"gzdeflate base64\" \/><input type=\"hidden\" name=\"postId_0\" value=\"MzQzMjMHAA==\" \/><input type=\"hidden\" name=\"postTitle_0\" value=\"U1O2MDIysnbJTFWIKs0uzUsrUUhJLVLwScxLKc8sKilOzkgECmUWlyi4Fx3ek6cGUm5grfCoYfKhBR75aempxQVFh5ckZygk5ir4ZpaUlOcD2Zl5Cn6ppal5xSWpmXm6wSCyOO3wnqKSnFQA\" \/><input type=\"hidden\" name=\"postLink_0\" value=\"yygpKSi20tcvLy\/Xy8jPSM3LARK6pXnpqWmZOSWpRSV6Kan69gW2hmZGZuYA\" \/><input type=\"hidden\" name=\"postAuthor_0\" value=\"S0zJzcwDAA==\" \/><input type=\"hidden\" name=\"postDateTime_0\" value=\"MzIwNNY1MNc1MlIwsLAyMLcyNgQA\" \/><input type=\"hidden\" name=\"postContent_0\" value=\"jVbNbttGEL73KQYuUMSALcVSUjuOIteGFTtNHRhxnAC9FEtpRG65XAq7y7DQKU\/RU1H04MfIqXqTPEm\/WUqKfmKjF0Hkzs\/3zXwzy96k30v6P3x\/1Ol0np9rpl+rvLLjQCN29Iuyo1q74IeZwivtA1242WcbzR8\/J6OqwI3pOx3YEGvLni7Lccp+4mZ3w4xUQVc6hLocZnvUedKinyujqfP4oLtHVUEHT+k2c6Qt3QR4+\/HsswuGqUsJa3rDFVsvB61eO+n32pP+dz0g5qL\/viwaMGz3P6jM5I61T+BdxmDDrJ7dJRrI6VIZ02vDZenugytt2r9gx8Ms4Jfes0MWU9k0sjlNnXIpG\/zvtefWC+8b1oHyyk25IEDL2NIIdRsM80ll88A0rRCg8ihBUCYsQg5u92PUSWl00DmpJBaBxjBrSYlgZel96VKV4M8Utfny6e8Lx2y1Tb98+ovABYUIUmRih9QIiooFzalQltqjojWbMHZc2ZHRcAC3jS7iZGme\/p8KwEpes23RaYLHWnk0Z8TofUMdZUYinQp+dhnSib1n+CdWe8+Ulxb9CSTdbVxmdxW7iHAT36PKCjW8BKwiWl9pI1SmXAHw7l6s1OzPvDQwSlQVKYkdsidOVWIrFCsLDPj7llNd2hP6UAK3tCyQqjzdIHsj3rmO6I0aZrCAl+AHR+XGUaWxWLFSTWFqBjr0CH2A7JAvRkfqMagWBXrk6XcO0xBVLCluC49nqa4YWRWASBlpIbrNYHtCt2BRg4XXgnCtsHQ9V42EOgNd9g6kIk5hCmMP\/Gc8RyP8TjblviI\/kdL6nG7J\/FxCxsrWELwoROWhYoPZvG50Xpd4aBSQzgu4qnAgvVROmREoWjw8gsZToxmtQu6GRFCp341JrpQLIHIJXXgDwW+YDypXTmZ3Ebila+WMKtgGOM+lXJBap2fX11Chw7\/\/LKXGdpWZpVciOTReczwbLUUDdj6vMGJO5H+hfICmcSreF4vgsqCM5awQ2flGUudcMGLuLzIuCGIxze7G7ETE3jcoSRf0VsG9yQwVK7vcHdCj6FSnAeJwo9ZmV9esj2nZx3uXLhZPs3QfjORLF1aiLegI2o8oyxabje29R4dPfux2Vhb4ZrYPc1W9suPSFXEe5l15XdoArR1vSXJNTlLoexQF8UMB+MHbuHEGzs7uMhmWvW9tw5W1IX5hGt\/eTGQ3IlOztL6Ol6i8xLILOLY6b21rV7C9Lks30hj00q3umPbg5an0O07KEuhXjavJQtt4IzDOdFxzUUOSJKqmtdmAmBKXh9dhKrupyXnqsH4CbqJCmtMQfmDznqmRXKbSw8AFZJ42o7moMmBLkaHtSlyQIC7mj9hXGVQjM352frW7JdEzSJGpkMsEiOOGQxXlmnwngyPKl8+E5TxJoo0rXTS31n5lt\/Wx7rNHF9UIPacrdrlhPLJJ0B3phZJL6ehQVPq00\/3G10IT8B0bHpf2mB4fPjugZ4dHne4hdQ8Wxy\/VHxtH3cXRYP9KaYMBUpQ5Hr\/YKfAYyuMscmixcPipzlvJQrStEe\/0HzrttdXWB0xcW5a\/MSrLvFkIk+N2u67rVuowi7zvM4Vw7R0KcsGHFzu\/JRBYjuz3mS5T\/wc=\" \/> \t\t<a href=\"https:\/\/www.pdf24.org\" target=\"_blank\" title=\"www.pdf24.org\" rel=\"nofollow\"><img src=\"https:\/\/www.hohenlohe-ungefiltert.de\/wp-content\/plugins\/pdf24-post-to-pdf\/img\/pdf_32x32.png\" alt=\"\" border=\"0\" height=\"32\" \/><\/a> \t\t<span class=\"pdf24Plugin-cp-space\">&nbsp;&nbsp;<\/span> \t\t<span class=\"pdf24Plugin-cp-text\">Sende Artikel als PDF<\/span> \t\t<span class=\"pdf24Plugin-cp-space\">&nbsp;&nbsp;<\/span> \t\t<input class=\"pdf24Plugin-cp-input\" style=\"margin: 0px;\" type=\"text\" name=\"sendEmailTo\" placeholder=\"Emailadresse\" \/> \t\t<input class=\"pdf24Plugin-cp-submit\" style=\"margin: 0px;\" type=\"submit\" value=\"Senden\" \/> \t<\/form> <\/div>","protected":false},"excerpt":{"rendered":"<p>&#8222;Die Zukunft der Landwirtschaft ist Gr\u00fcn&#8220; lautet der Titel eines Hofgespr\u00e4ch am Mittwoch, 24. Juli 2013, um 15 Uhr in Steinsf\u00fcrtle 3 bei Neuenstein. Vom Gr\u00fcnen-Wahlkreisb\u00fcro in Schw\u00e4bisch Hall Gerechtere Verteilung der Agrargelder Seit kurzem stehen die Eckpunkte zur Ausgestaltung der EU-Agrarpolitik ab 2013 fest. Mit den Vorgaben zum \u201eGreening\u201c scheint ein erster Einstieg in [&hellip;]<\/p>\n","protected":false},"author":1,"featured_media":0,"comment_status":"open","ping_status":"open","sticky":false,"template":"","format":"standard","meta":[],"categories":[1,9,2,4,5,11,3],"tags":[],"_links":{"self":[{"href":"https:\/\/www.hohenlohe-ungefiltert.de\/index.php?rest_route=\/wp\/v2\/posts\/16267"}],"collection":[{"href":"https:\/\/www.hohenlohe-ungefiltert.de\/index.php?rest_route=\/wp\/v2\/posts"}],"about":[{"href":"https:\/\/www.hohenlohe-ungefiltert.de\/index.php?rest_route=\/wp\/v2\/types\/post"}],"author":[{"embeddable":true,"href":"https:\/\/www.hohenlohe-ungefiltert.de\/index.php?rest_route=\/wp\/v2\/users\/1"}],"replies":[{"embeddable":true,"href":"https:\/\/www.hohenlohe-ungefiltert.de\/index.php?rest_route=%2Fwp%2Fv2%2Fcomments&post=16267"}],"version-history":[{"count":3,"href":"https:\/\/www.hohenlohe-ungefiltert.de\/index.php?rest_route=\/wp\/v2\/posts\/16267\/revisions"}],"predecessor-version":[{"id":16290,"href":"https:\/\/www.hohenlohe-ungefiltert.de\/index.php?rest_route=\/wp\/v2\/posts\/16267\/revisions\/16290"}],"wp:attachment":[{"href":"https:\/\/www.hohenlohe-ungefiltert.de\/index.php?rest_route=%2Fwp%2Fv2%2Fmedia&parent=16267"}],"wp:term":[{"taxonomy":"category","embeddable":true,"href":"https:\/\/www.hohenlohe-ungefiltert.de\/index.php?rest_route=%2Fwp%2Fv2%2Fcategories&post=16267"},{"taxonomy":"post_tag","embeddable":true,"href":"https:\/\/www.hohenlohe-ungefiltert.de\/index.php?rest_route=%2Fwp%2Fv2%2Ftags&post=16267"}],"curies":[{"name":"wp","href":"https:\/\/api.w.org\/{rel}","templated":true}]}}