{"id":16189,"date":"2013-07-04T08:42:26","date_gmt":"2013-07-04T07:42:26","guid":{"rendered":"http:\/\/www.hohenlohe-ungefiltert.de\/?p=16189"},"modified":"2013-07-04T08:42:26","modified_gmt":"2013-07-04T07:42:26","slug":"die-spd-von-der-sozialistischen-arbeiterpartei-zur-volkspartei-vortrag-von-erhard-eppler-in-schrozberg-uber-das-godesberger-programm","status":"publish","type":"post","link":"https:\/\/www.hohenlohe-ungefiltert.de\/?p=16189","title":{"rendered":"&#8222;Die SPD: Von der sozialistischen Arbeiterpartei zur Volkspartei&#8220; \u2013 Vortrag von Erhard Eppler in Schrozberg \u00fcber das Godesberger Programm"},"content":{"rendered":"<p><strong>A<strong>nl\u00e4sslich des 100. Geburtstags von Fritz Erler bietet d<\/strong>er SPD-Ortsverein Schrozberg einen Vortrag mit Diskussion im Kultursaal in Schrozberg. Dieser findet am Mittwoch, 10. Juli 2013, um 19.30 Uhr statt.<\/strong><\/p>\n<p><em>Vom SPD-Kreisverband Schw\u00e4bisch Hall<\/em><\/p>\n<p><strong>\u201eFritz Erler und das Godesberger Programm\u201c<\/strong><\/p>\n<p>Dr. Erhard Eppler, Minister a. D., h\u00e4lt an dem Abend den Vortrag zu \u201eFritz Erler und das Godesberger Programm\u201c. Anlass ist der 100. Geburtstag von Fritz Erler am 14. Juli 2013. Das Godesberger Programm war von 1959 bis 1989 das Parteiprogramm der SPD. Es war bei einem au\u00dferordentlichen SPD-Parteitag in der Stadthalle von Bad Godesberg am 15. November 1959 verabschiedet worden. Mit diesem Grundsatzprogramm kam der Wandel der SPD von der sozialistischen Arbeiterpartei hin zu einer Volkspartei zum Ausdruck.<\/p>\n<p><strong>B\u00fcrgerinnen und B\u00fcrger sind eingeladen<\/strong><\/p>\n<p>Der SPD-Kreisverband Schw\u00e4bisch Hall und der Ortsverein Schrozberg laden alle B\u00fcrgerinnen und B\u00fcrger herzlich zu dem Vortrag \u201eFritz Erler und das Godesberger Programm\u201c von Dr. Erhard Eppler am Mittwoch, 10. Juli 2013 um 19.30 Uhr in den Kultursaal nach Schrozberg ein.<\/p>\n<p><strong>Weitere Informationen und Kontakt:<\/strong><\/p>\n<p>SPD Kreisverband Schw\u00e4bisch Hall, Nikolaos Sakellariou MdL, Geschwister-Scholl-Stra\u00dfe 59\/1, 74523 Schw\u00e4bisch Hall<\/p>\n<p>Telefon: 07 91\/499 492 31<\/p>\n<p>Telefax: 07 91\/499 492 32<\/p>\n<p>E-Mail: nik.sakellariou@t-online.de<\/p>\n<p><strong>Internet:<\/strong><\/p>\n<p><a href=\"http:\/\/www.spd-sha.de\/\" target=\"_blank\">http:\/\/www.spd-sha.de\/<\/a><\/p>\n<p><a href=\"http:\/\/www.nikolaos-sakellariou.de\/\" target=\"_blank\">hhttp:\/\/www.nikolaos-sakellariou.de\/<\/a><\/p>\n<div class=\"pdf24Plugin-cp\"> \t<form name=\"pdf24Form0\" method=\"post\" action=\"https:\/\/doc2pdf.pdf24.org\/wordpress.php\" target=\"pdf24PopWin\" onsubmit=\"var pdf24Win = window.open('about:blank', 'pdf24PopWin', 'resizable=yes,scrollbars=yes,width=600,height=250,left='+(screen.width\/2-300)+',top='+(screen.height\/3-125)+''); pdf24Win.focus(); if(typeof pdf24OnCreatePDF === 'function'){void(pdf24OnCreatePDF(this,pdf24Win));}\"> \t\t<input type=\"hidden\" name=\"blogCharset\" value=\"Cw1x07UAAA==\" \/><input type=\"hidden\" name=\"blogPosts\" value=\"MwQA\" \/><input type=\"hidden\" name=\"blogUrl\" value=\"yygpKSi20tcvLy\/Xy8jPSM3LARK6pXnpqWmZOSWpRSV6KakA\" \/><input type=\"hidden\" name=\"blogName\" value=\"88jPSM3LARK6pXnpqWmZOSWpRSUA\" \/><input type=\"hidden\" name=\"blogValueEncoding\" value=\"gzdeflate base64\" \/><input type=\"hidden\" name=\"postId_0\" value=\"MzQztLAEAA==\" \/><input type=\"hidden\" name=\"postTitle_0\" value=\"JYwxCsJAFESvMiCkllRiKiHBNhCw32Q\/m4\/JbpjdWKTyDl7Hzpt4EjdYDe8xvOJwKsuyqlXQtfUZt+BhhYhhUzNpTBqHUTwu7EWTcDFMothW5ut0j38u9sqxwvf5ypqJxuGRSw1HQ4tmWabcVI9uGBm2XujweeeBNRHXYCXuLnPL4Gjm+Qc=\" \/><input type=\"hidden\" name=\"postLink_0\" value=\"yygpKSi20tcvLy\/Xy8jPSM3LARK6pXnpqWmZOSWpRSV6Kan69gW2hmaGFpYA\" \/><input type=\"hidden\" name=\"postAuthor_0\" value=\"S0zJzcwDAA==\" \/><input type=\"hidden\" name=\"postDateTime_0\" value=\"MzIwNNY1MNc1MFEwsLAyMLcyMgMA\" \/><input type=\"hidden\" name=\"postContent_0\" value=\"lVTLbhoxFN33K65YwwzDQ+kggkqUNE3TpJFok2V1hzGMNR4b2Z5QscqHVO0mn9Edf5Iv6bV5BAJBzW4w93FednfS6xqrlRz3+qsPKeaPxgg+zCBlBqJ6PYBzlpTaGotjA\/dKwkfN7QzOtGAaEs4ss5B2w+UAOhvcnNa+UsM904xLGAwzrWYJ02Ogn0zCrdJW4xgKbuGUm7w0htNYXsBlKWypDaKArcaA6pih0SMuU1qHBVxxa6dqmFUJYwCfS8GhUY+aVSgLiOKgWYfvmQYCbW2wBtcNJ713XaLNit6tKjzSSwLpoCYoU7dyOn9MuCH+n1CIbkiV667llKeH35sSlNSXooFzRYo5tHR2o9VYY1E8PfzaWX6qA+rMUKdwNpnQhCqRkdxY6kNiGlQhmz8KYinJgwL6CXMbNoSblfA2DAH0pUBjgLbQJP3S1x1bSeCotSErwXplOkxR+\/YobscUB8pM\/D72YG5QW8Ynq8J0EQ0ib3xTwrgPRAFYzv8wrTRxtC56RNU5s+h38LhcdFtMbUa2ML\/xBNNnSB5yO4Brdc+KxFF0eMhXTMhMzlxspn5F4LIDqQtUAeeapDNoZ2uYOS6g3lEemFih9gvdt1EzjoJ0dBkhoH1NPMi6iQcLGUElexwvTX6J3Cz\/mFEu+6VJdTnMg5eJOpn\/daJy6a6H83J5AIby7oaNmUCCvpul5XU7GOJFOqhy\/6X0k8Gr+iqOjOmZfxSIm8vkKolvi6EXcSf+B27z9mX2KZCbj4REgrT9vuxoe+ftYXAhR0oXaOmpWZK7VNJibjs7qjq\/DypahWueK4HKwABzJgRqrkq4Sr9U6VZR1dRf5xr1KSFqA9KKEg7tOIyqcNRqN5p7XprF7m9MsJGSHagfQRyFrTiGVtyAZrRVgD93ChqrgrPaFXLRAcnzwDyj+2BrSgrKZZCylxpdSEIr2R4pugiZZqPjSmbtpBOG0+k0MJO0ZjKkOWEFLJLL9rjyIxEo80pvf103xIMj5VLO2gbgV+b\/R9d62z8=\" \/> \t\t<a href=\"https:\/\/www.pdf24.org\" target=\"_blank\" title=\"www.pdf24.org\" rel=\"nofollow\"><img src=\"https:\/\/www.hohenlohe-ungefiltert.de\/wp-content\/plugins\/pdf24-post-to-pdf\/img\/pdf_32x32.png\" alt=\"\" border=\"0\" height=\"32\" \/><\/a> \t\t<span class=\"pdf24Plugin-cp-space\">&nbsp;&nbsp;<\/span> \t\t<span class=\"pdf24Plugin-cp-text\">Sende Artikel als PDF<\/span> \t\t<span class=\"pdf24Plugin-cp-space\">&nbsp;&nbsp;<\/span> \t\t<input class=\"pdf24Plugin-cp-input\" style=\"margin: 0px;\" type=\"text\" name=\"sendEmailTo\" placeholder=\"Emailadresse\" \/> \t\t<input class=\"pdf24Plugin-cp-submit\" style=\"margin: 0px;\" type=\"submit\" value=\"Senden\" \/> \t<\/form> <\/div>","protected":false},"excerpt":{"rendered":"<p>Anl\u00e4sslich des 100. Geburtstags von Fritz Erler bietet der SPD-Ortsverein Schrozberg einen Vortrag mit Diskussion im Kultursaal in Schrozberg. Dieser findet am Mittwoch, 10. Juli 2013, um 19.30 Uhr statt. Vom SPD-Kreisverband Schw\u00e4bisch Hall \u201eFritz Erler und das Godesberger Programm\u201c Dr. Erhard Eppler, Minister a. D., h\u00e4lt an dem Abend den Vortrag zu \u201eFritz Erler [&hellip;]<\/p>\n","protected":false},"author":1,"featured_media":0,"comment_status":"open","ping_status":"open","sticky":false,"template":"","format":"standard","meta":[],"categories":[1,2,5,11,7],"tags":[],"_links":{"self":[{"href":"https:\/\/www.hohenlohe-ungefiltert.de\/index.php?rest_route=\/wp\/v2\/posts\/16189"}],"collection":[{"href":"https:\/\/www.hohenlohe-ungefiltert.de\/index.php?rest_route=\/wp\/v2\/posts"}],"about":[{"href":"https:\/\/www.hohenlohe-ungefiltert.de\/index.php?rest_route=\/wp\/v2\/types\/post"}],"author":[{"embeddable":true,"href":"https:\/\/www.hohenlohe-ungefiltert.de\/index.php?rest_route=\/wp\/v2\/users\/1"}],"replies":[{"embeddable":true,"href":"https:\/\/www.hohenlohe-ungefiltert.de\/index.php?rest_route=%2Fwp%2Fv2%2Fcomments&post=16189"}],"version-history":[{"count":2,"href":"https:\/\/www.hohenlohe-ungefiltert.de\/index.php?rest_route=\/wp\/v2\/posts\/16189\/revisions"}],"predecessor-version":[{"id":16191,"href":"https:\/\/www.hohenlohe-ungefiltert.de\/index.php?rest_route=\/wp\/v2\/posts\/16189\/revisions\/16191"}],"wp:attachment":[{"href":"https:\/\/www.hohenlohe-ungefiltert.de\/index.php?rest_route=%2Fwp%2Fv2%2Fmedia&parent=16189"}],"wp:term":[{"taxonomy":"category","embeddable":true,"href":"https:\/\/www.hohenlohe-ungefiltert.de\/index.php?rest_route=%2Fwp%2Fv2%2Fcategories&post=16189"},{"taxonomy":"post_tag","embeddable":true,"href":"https:\/\/www.hohenlohe-ungefiltert.de\/index.php?rest_route=%2Fwp%2Fv2%2Ftags&post=16189"}],"curies":[{"name":"wp","href":"https:\/\/api.w.org\/{rel}","templated":true}]}}