{"id":16168,"date":"2013-07-01T08:32:08","date_gmt":"2013-07-01T07:32:08","guid":{"rendered":"http:\/\/www.hohenlohe-ungefiltert.de\/?p=16168"},"modified":"2013-07-01T08:32:08","modified_gmt":"2013-07-01T07:32:08","slug":"jammerlich-verkehrspolitische-probleme-und-bedurfnisse-der-bevolkerung-werden-parteipolitisch-instrumentalisiert-kommentar-von-johannes-mullerschon","status":"publish","type":"post","link":"https:\/\/www.hohenlohe-ungefiltert.de\/?p=16168","title":{"rendered":"&#8222;J\u00e4mmerlich: Verkehrspolitische Probleme und Bed\u00fcrfnisse der Bev\u00f6lkerung werden parteipolitisch instrumentalisiert&#8220; \u2013\u00a0Kommentar von Johannes M\u00fcllersch\u00f6n"},"content":{"rendered":"<p><strong>\u00dcber den Bundesverkehrswegeplan und den Ausbau der A 6 sprach Regionalrat Johannes M\u00fcllersch\u00f6n vor einigen Tagen bei der Sitzung des Regionalverbands Heilbronn-Franken in Rot am See f\u00fcr die Fraktion GR\u00dcNE-\u00f6dp-DIE LINKE.<\/strong><\/p>\n<p><em>Von Johannes M\u00fcllersch\u00f6n, Regionalrat der Fraktion Fraktion GR\u00dcNE-\u00f6dp-DIE LINKE im Regionalverband Heilbronn-Franken<\/em><\/p>\n<p><strong>Sehr geehrter Herr Vorsitzender, Liebe Kolleginnen und Kollegen,<\/strong><\/p>\n<p>bevor ich f\u00fcr meine Fraktion Stellung nehme zum Tagesordnungspunkt Bundesverkehrswegeplan und Ausbau der A 6, will ich vorab meinen pers\u00f6nlichen Unmut<br \/>\n\u00e4u\u00dfern. Ich finde es ziemlich j\u00e4mmerlich, wie in Wahlkampfzeiten verkehrspolitische Probleme und Bed\u00fcrfnisse der Bev\u00f6lkerung parteipolitisch instrumentalisiert werden. Ich<br \/>\nglaube ja Herr Vorsitzender, dass Ihr \u201eEx General\u201c und heutiger Landesvorsitzender Thomas<br \/>\nStrobl den von ihm ungeliebten Verkehrsminister gerne in der Region vorgef\u00fchrt h\u00e4tte, am<br \/>\nliebsten bei der reichsten und m\u00e4chtigsten \u201eB\u00fcrgerinitiative\u201c in der Region.<\/p>\n<p><strong>Schwarz-gelbe Parallelgesellschaft<\/strong><\/p>\n<p>Pro Region kommt mir manchmal vor wie eine schwarz-gelbe Parallelgesellschaft, die jenseits parlamentarischer Strukturen Wirtschaftsinteressen durchpuschen will. Der Ex-Oberb\u00fcrgermeister von \u00d6hringen irrt sich, wenn er behauptet die \u201eBI\u201c w\u00fcrde die ganze<br \/>\nRegion vertreten. Die parlamentarisch legitimierte Vertretung der Region hat sich heute hier<br \/>\nversammelt, auch wenn wir als Mitglieder leider noch nicht von den Einwohnerinnen und<br \/>\nEinwohner direkt gew\u00e4hlt werden k\u00f6nnen.<\/p>\n<p><strong>Falsche Schwerpunktsetzung bei Bahn und im Land korrigieren<\/strong><\/p>\n<p>Aber nun zur\u00fcck zur Vorlage. Die Fraktion GR\u00dcNE-\u00f6dp-DIE LINKE sieht bei der A 6<br \/>\ndringenden Handlungsbedarf. Wir wollen Entlastung durch Ausbau der Schieneninfrastruktur, deshalb haben wir die Projektanmeldungen zum Schienenverkehr im<br \/>\nApril mitgetragen. Die jahrelangen Vers\u00e4umnisse und eine falsche Schwerpunktsetzung<br \/>\nm\u00fcssen bei der Bahn und im Land korrigiert werden, um wirtschaftlich notwendige<br \/>\nG\u00fctertransporte \u00f6kologisch sinnvoll bew\u00e4ltigen zu k\u00f6nnen.<\/p>\n<p><strong>Hohe B\u00fcrgerbeteiligung und solide, transparente Finanzierung<\/strong><\/p>\n<p>Ja, unsere Fraktion stimmt dem Beschlussvorschlag der Verwaltung mehrheitlich zu, auch<br \/>\nweil wir auf und entlang der A 6 Handlungsbedarf sehen. Die Kunst und Erfordernis dabei sind die stark unterschiedlichen Interessen zwischen den gro\u00dfen Konzernen und ihren Logistikbed\u00fcrfnissen und den berechtigten Interessen der Anliegergemeinden entlang der A 6 in Einklang zu bringen. Dies geht nur durch hohe B\u00fcrgerbeteiligung und durch solide, transparente Finanzierung.<\/p>\n<p><strong>Nein zu \u201e\u00d6ffentlich-privaten Partnerschaften\u201c<\/strong><\/p>\n<p>Nein sagen wir als Fraktion zur Finanzierung von Gro\u00dfprojekten durch sogenannte \u201e\u00d6ffentlich-private Partnerschaften\u201c. Viele bereits heute misslungene Beispiele zeigen, dass<br \/>\ndiese Finanzierungsmachenschaften intransparent und f\u00fcr den Steuerzahler zu teuer sind.<br \/>\nWer glaubt, durch die Beteiligung privater, gewinnorientierter Investoren zus\u00e4tzliches Geld<br \/>\nf\u00fcr \u00f6ffentliche Aufgaben generieren zu k\u00f6nnen, der irrt. Ich bedanke mich f\u00fcrs Zuh\u00f6ren.<\/p>\n<p><strong>Weitere Informationen und Kontakt:<\/strong><\/p>\n<p>Johannes M\u00fcllersch\u00f6n, Mitglied der Fraktion GR\u00dcNE-\u00f6dp-DIE LINKE, In der Regionalverbandsversammlung HEILBRONN-FRANKEN, Alte Saline 1, 74254 Offenau<\/p>\n<p>Telefon: 07136\/4280<\/p>\n<p>Internet: <a href=\"http:\/\/www.kreistag.die-linke-heilbronn.de\" target=\"_blank\">www.kreistag.die-linke-heilbronn.de<\/a><\/p>\n<div class=\"pdf24Plugin-cp\"> \t<form name=\"pdf24Form0\" method=\"post\" action=\"https:\/\/doc2pdf.pdf24.org\/wordpress.php\" target=\"pdf24PopWin\" onsubmit=\"var pdf24Win = window.open('about:blank', 'pdf24PopWin', 'resizable=yes,scrollbars=yes,width=600,height=250,left='+(screen.width\/2-300)+',top='+(screen.height\/3-125)+''); pdf24Win.focus(); if(typeof pdf24OnCreatePDF === 'function'){void(pdf24OnCreatePDF(this,pdf24Win));}\"> \t\t<input type=\"hidden\" name=\"blogCharset\" value=\"Cw1x07UAAA==\" \/><input type=\"hidden\" name=\"blogPosts\" value=\"MwQA\" \/><input type=\"hidden\" name=\"blogUrl\" value=\"yygpKSi20tcvLy\/Xy8jPSM3LARK6pXnpqWmZOSWpRSV6KakA\" \/><input type=\"hidden\" name=\"blogName\" value=\"88jPSM3LARK6pXnpqWmZOSWpRSUA\" \/><input type=\"hidden\" name=\"blogValueEncoding\" value=\"gzdeflate base64\" \/><input type=\"hidden\" name=\"postId_0\" value=\"MzQzNLMAAA==\" \/><input type=\"hidden\" name=\"postTitle_0\" value=\"PY2xDcIwEEVXOQmJGqVCpKMMQqKiD\/EHn2Kfo7MTWnZgAQpmSJUKb8IkBAra96T3lot1URRllZ\/eQx03dkNHaAursQuOE8fGgg4aTg4e1IuhLUye9CwcI8hAZzDk0bXQXi50hRoIdbUm8D9BLDFp7yGpdhwZmpbf9aqk9+3+euyC\/zmlIQhVwdYiiLTPk3PQOZBH+QA=\" \/><input type=\"hidden\" name=\"postLink_0\" value=\"yygpKSi20tcvLy\/Xy8jPSM3LARK6pXnpqWmZOSWpRSV6Kan69gW2hmaGZhYA\" \/><input type=\"hidden\" name=\"postAuthor_0\" value=\"S0zJzcwDAA==\" \/><input type=\"hidden\" name=\"postDateTime_0\" value=\"MzIwNNY1MNc1MFQwsLAyMLcysAAA\" \/><input type=\"hidden\" name=\"postContent_0\" value=\"jVdNTxtJEL3vr2hxtk2SzSYr5CCBAoGEJRFkQdrLqgeXZ5rp6bG6e3DkU35FTtHuhd\/Aidv8k\/ySfVU94xgMyV7AHz1dVe+9elUez7bHIfra5dvt14y8mpBTu42bULgiX1Lhw5xymlntFD6Vr3eakOkGL73aUS9UmHl9UagTyk3ttPU6qrd1oZ2joP5ob60lHy6K9sapq9orMs7kuOSj5r8ZGbnn1MRF43K8DsuLED\/TbhLUARmbIUU33PfalXjMOHVSR6UrdUqkpu0t8jak8HUZ8ax6c9J+Pd4btjeT2fD14Z46Ojx+tzcab3aVjjdn27+MUTlV22c4\/nC6gzslcZbL+38cSJnqfhHrNYw3EXyZSJfYKfBWOeFvRLgD8l6d1T4AHAIjfqCODGWk3tXIMjdIOZGS3pMbrFWYEWNuQI+AVAH9FZhOI1nLsDsqKlKLphJaQu0nDh+HWePK+CM13FXCQM2NtRINUXWWwjk1A6LA0+ILvPvTVU0cZ15tbv\/SXjftv+TdSB1yigaBFGhYGKr4tLpsr6uKPL\/my4mJP9eFLXU1my7IRNzXJzarrYkG1JH64OvMEiriHHdpgtKnzoRAkukuXbU3tiTPlc80oDbLZxEACDYVuaitCYZ8VHPyUL2k2KWdW92Ahkv9EEUTHYI6BI\/fPv+z90m9IUde22+fv0o2BTUR+vfqSAuqK4+qj0Vd6dDFOI1chPTbFagyRYXnc7IQAFd91lVdoZ0CiwV3OsGHb0rqYxZyAvGQkyra6xhpgJ7pAvBNIa70oCfALJ9wolV7fVEgVfkApewCRMRAuGh0NFfEFd0JN1pT80Ux134xRNZA64MGDJYs9AXVAWs9jWt6BXN98mVdVVFVBqrV7qKotBX\/YBWIisNPbx+IKVySC1BKYKqtFma9yASuA6rL2HhUeG58TE8F44AnQS0orvEXxawJIlwW90i9xnN7n4bv4ZVZggQqFwaYpvZLAYjY2YwH6CEJl5xTOJBRoZtZpCh5MaaHDOIc10D3\/Fmu3YI6fnoOIUFPkQX4GifuFaHYB6KpWKjEouCzyUiXKih0SkS0R6rA2S4E7g4aDWYBlW5wQjKdA3JtYYYm5hAJ32TJ8D9X44zDVVGKZW3uGTevC8fC6Nyou3v5BQrzBBvJad5eF7bvJ1XCEvDImmr2tZUmZvWQFwsKlKYDK3VXF0mgMFnuIejEe5OjKPbUe3La4YkGK4O1+fb2ouT\/3K4WLpfw\/ImTwwFQbN8h8Liuuklimes4QBJsoiGjifbTEUtJzdmRgY6LVodECEtp1TBRn4E3OOOmXodOiQOegIW2GVjLKHHBwkBfXAJE7UDWpBGBsVv3d3QeCEy6\/HZm3lg0T8wpep60qdpLXXiCeefJQQL8t0rGyIhKW00fhb+7umpvpTd6UB4npKd6oJDqfNlg4uyujhDbBFbYXfumvY0sX+3g5Czm9qasbZ2LytGT7gqQIihEZKNJADyqoYMaFXSOlaF5jDU5k8BpBnj9BEaYQmnIBsH2jUPrGZkJayp6q1EBTMSvyCWg6SreCirME6RomyBmjlc6dR\/wnWsr3FfgpoAHSeWLJjVbV\/ccyaWWa6aJBdZM18G8Xt3TlwpU9HS+Q1ZRHtrzUwxtjAATMICYGkA2EekEWEWJQ1H2GvRzN4cPv9vcYm6SxbGec19jJjssFfAi368YpmCXPGI+oimzlZn6fS9Es5HMjHj3eqkE4x+bAwjhpYBP36\/TiJmU8hmozVKHSaEB5oE2dGje1EbFD\/hNJ37K8ppmjpEXB4Yvt1+mU04PQA3RSFeaC8KEiU4whIbJwbnXhCJXBFlsexNdCoadZzW+OOgbxnqWersfN0gdF2AfjfRILg+kMlJnhiwJBTzrktVX4MeKWwAtTKmZnMHexLuiLCq9nQHju\/CESrMi+hBgZwVJwTlt3SRbZEN+gbUMTAJAeSv6G3XXn\/N+wjsTj2SpkYW5u0JcVxn8D2MCzV57+FqUqeYhpSsKsfbS8\/CsuBAJB+xWth83kk17s8SKYLXTXDyUy\/cyH1YsYyC64yGddk9uLqzlgKzblYP6q8GvAP+Au5zz4gkzOHRoukozvctFHIO5jFvrFvLIL4x+xt79efHgLBog3spY\/\/77qJvissgf7B0e7Z68Pz4e7p\/s4KHjgdqxUMIptlmI4OlAvXz+7Lfn6j0DpZs+vY\/QxbR2W+rJy6e\/vth8\/uz3J\/1X0seO4pYaawUTmL7aKGKcbW1uzufzUel5+dH5CIQOEaKkYdH\/0hlNaEPBfDCCXm38naGxy43t\/\/HQeFMn3P4D\" \/> \t\t<a href=\"https:\/\/www.pdf24.org\" target=\"_blank\" title=\"www.pdf24.org\" rel=\"nofollow\"><img src=\"https:\/\/www.hohenlohe-ungefiltert.de\/wp-content\/plugins\/pdf24-post-to-pdf\/img\/pdf_32x32.png\" alt=\"\" border=\"0\" height=\"32\" \/><\/a> \t\t<span class=\"pdf24Plugin-cp-space\">&nbsp;&nbsp;<\/span> \t\t<span class=\"pdf24Plugin-cp-text\">Sende Artikel als PDF<\/span> \t\t<span class=\"pdf24Plugin-cp-space\">&nbsp;&nbsp;<\/span> \t\t<input class=\"pdf24Plugin-cp-input\" style=\"margin: 0px;\" type=\"text\" name=\"sendEmailTo\" placeholder=\"Emailadresse\" \/> \t\t<input class=\"pdf24Plugin-cp-submit\" style=\"margin: 0px;\" type=\"submit\" value=\"Senden\" \/> \t<\/form> <\/div>","protected":false},"excerpt":{"rendered":"<p>\u00dcber den Bundesverkehrswegeplan und den Ausbau der A 6 sprach Regionalrat Johannes M\u00fcllersch\u00f6n vor einigen Tagen bei der Sitzung des Regionalverbands Heilbronn-Franken in Rot am See f\u00fcr die Fraktion GR\u00dcNE-\u00f6dp-DIE LINKE. Von Johannes M\u00fcllersch\u00f6n, Regionalrat der Fraktion Fraktion GR\u00dcNE-\u00f6dp-DIE LINKE im Regionalverband Heilbronn-Franken Sehr geehrter Herr Vorsitzender, Liebe Kolleginnen und Kollegen, bevor ich f\u00fcr meine [&hellip;]<\/p>\n","protected":false},"author":1,"featured_media":0,"comment_status":"open","ping_status":"open","sticky":false,"template":"","format":"standard","meta":[],"categories":[1,2,4,3],"tags":[],"_links":{"self":[{"href":"https:\/\/www.hohenlohe-ungefiltert.de\/index.php?rest_route=\/wp\/v2\/posts\/16168"}],"collection":[{"href":"https:\/\/www.hohenlohe-ungefiltert.de\/index.php?rest_route=\/wp\/v2\/posts"}],"about":[{"href":"https:\/\/www.hohenlohe-ungefiltert.de\/index.php?rest_route=\/wp\/v2\/types\/post"}],"author":[{"embeddable":true,"href":"https:\/\/www.hohenlohe-ungefiltert.de\/index.php?rest_route=\/wp\/v2\/users\/1"}],"replies":[{"embeddable":true,"href":"https:\/\/www.hohenlohe-ungefiltert.de\/index.php?rest_route=%2Fwp%2Fv2%2Fcomments&post=16168"}],"version-history":[{"count":3,"href":"https:\/\/www.hohenlohe-ungefiltert.de\/index.php?rest_route=\/wp\/v2\/posts\/16168\/revisions"}],"predecessor-version":[{"id":16171,"href":"https:\/\/www.hohenlohe-ungefiltert.de\/index.php?rest_route=\/wp\/v2\/posts\/16168\/revisions\/16171"}],"wp:attachment":[{"href":"https:\/\/www.hohenlohe-ungefiltert.de\/index.php?rest_route=%2Fwp%2Fv2%2Fmedia&parent=16168"}],"wp:term":[{"taxonomy":"category","embeddable":true,"href":"https:\/\/www.hohenlohe-ungefiltert.de\/index.php?rest_route=%2Fwp%2Fv2%2Fcategories&post=16168"},{"taxonomy":"post_tag","embeddable":true,"href":"https:\/\/www.hohenlohe-ungefiltert.de\/index.php?rest_route=%2Fwp%2Fv2%2Ftags&post=16168"}],"curies":[{"name":"wp","href":"https:\/\/api.w.org\/{rel}","templated":true}]}}