{"id":16160,"date":"2013-07-05T07:42:00","date_gmt":"2013-07-05T06:42:00","guid":{"rendered":"http:\/\/www.hohenlohe-ungefiltert.de\/?p=16160"},"modified":"2013-07-05T08:14:18","modified_gmt":"2013-07-05T07:14:18","slug":"der-ku-klux-klan-geschichte-gegenwart-und-gefahren-vortrag-in-schwabisch-hall-mit-rose-baaba-folson","status":"publish","type":"post","link":"https:\/\/www.hohenlohe-ungefiltert.de\/?p=16160","title":{"rendered":"&#8222;Der Ku-Klux-Klan \u2013 Geschichte, Gegenwart und Gefahren&#8220; \u2013\u00a0Vortrag heute (Freitag) in Schw\u00e4bisch Hall mit Rose Baaba Folson"},"content":{"rendered":"<p><strong>&#8222;Der Ku-Klux-Klan \u2013 Geschichte, Gegenwart und Gefahren&#8220; lautet der Titel eines Vortrags, der am Freitag, 5. Juli 2013, von 19 bis 21 Uhr im Schlachtsaal in der Kultbucht in Schw\u00e4bisch Hall stattfindet. Veranstalter ist die Rosa-Luxemburg-Stiftung in Zusammenarbeit mit dem Deutschen Gewerkschaftsbund (DGB) und dem Club alpha 60 Schw\u00e4bisch Hall.<\/strong><\/p>\n<p><em>Von den Veranstaltern<\/em><\/p>\n<p><strong>Ableger des KKK heute noch in Schw\u00e4bisch Hall<\/strong><\/p>\n<p>Der Ku-Klux-Klan (KKK) ist ein rassistischer Geheimbund, der am 24. Dezember 1865 in den S\u00fcdstaaten der USA gegr\u00fcndet wurde. Seine Gewalttaten richteten sich zun\u00e4chst gegen Schwarze und deren Besch\u00fctzerInnen, sp\u00e4ter auch gegen andere benachteiligte Gruppen in der Gesellschaft. Es gibt enge Verbindungen des KKK zu anderen rassistischen Gruppierungen in den USA und international. In Deutschland exisitierte bereits in den 1920er Jahren ein Ableger des KKK: Die Gruppe mit dem Namen \u00abRitter des Feurigen Kreuzes\u00bb soll etwa 1.000 Mitglieder gehabt haben. Ihre Ableger reichen bis in die Gegenwart, bis nach Schw\u00e4bisch Hall.<\/p>\n<p><strong>Jahrelange \u00fcber den KKK geforscht<\/strong><\/p>\n<p>Professorin Dr. Rose Baaba Folson beleuchtet den Ku-Klux-Klan von verschiedenen Seiten und diskutiert den Umgang mit dieser rassistischen Gruppierung. Rose Baaba Folson ist Bildungssoziologin und Politikwissenschaftlerin. Sie forscht seit vielen Jahren zum Ku-Klux-Klan und h\u00e4lt Vortr\u00e4ge zu diesem Thema. Dabei flie\u00dfen Erkenntnisse aus ihren anderen Forschungsgebieten ein: transnationale Migration, Menschenrechte, interkulturelle Kompetenz.<br \/>\n<strong><\/strong><\/p>\n<p><strong>Kommentar von Siegfried Hubele, Schw\u00e4bisch Hall:<\/strong><\/p>\n<p><strong>Einer der f\u00fchrenden KKKler wohnt in Gailenkirchen<\/strong><\/p>\n<p>Ich empfehle euch den Besuch dieser Veranstaltung. Sie bietet vielleicht auch ein Forum \u2013 ganz konkret hier in Hohenlohe, etwas gegen den europ\u00e4ischen Ableger des KKK zu unternehmen. Der KKK war und ist auch N\u00e4hrboden der Terrorzelle NSU und seiner Helfer und Helferinnen. Einer der f\u00fchrenden K\u00f6pfe des europ\u00e4ischen KKK wohnt in Gailenkirchen.<\/p>\n<p><strong>Rassismus der &#8222;gesellschaftlichen Mitte&#8220;<\/strong><\/p>\n<p>Rassismus ist\u00a0 auch ein Problem der sogenannten gesellschaftlichen MITTE. Was sich zum Beispiel dokumentiert in einem widerlichen &#8222;Festwagen&#8220; gegen die Asylbewerber-Unterkunft in Ottendorf und ihre Bewohner, auf dem &#8222;Festumzug&#8220; zum Gaildorfer Pferdemarkt 2013.<\/p>\n<div class=\"pdf24Plugin-cp\"> \t<form name=\"pdf24Form0\" method=\"post\" action=\"https:\/\/doc2pdf.pdf24.org\/wordpress.php\" target=\"pdf24PopWin\" onsubmit=\"var pdf24Win = window.open('about:blank', 'pdf24PopWin', 'resizable=yes,scrollbars=yes,width=600,height=250,left='+(screen.width\/2-300)+',top='+(screen.height\/3-125)+''); pdf24Win.focus(); if(typeof pdf24OnCreatePDF === 'function'){void(pdf24OnCreatePDF(this,pdf24Win));}\"> \t\t<input type=\"hidden\" name=\"blogCharset\" value=\"Cw1x07UAAA==\" \/><input type=\"hidden\" name=\"blogPosts\" value=\"MwQA\" \/><input type=\"hidden\" name=\"blogUrl\" value=\"yygpKSi20tcvLy\/Xy8jPSM3LARK6pXnpqWmZOSWpRSV6KakA\" \/><input type=\"hidden\" name=\"blogName\" value=\"88jPSM3LARK6pXnpqWmZOSWpRSUA\" \/><input type=\"hidden\" name=\"blogValueEncoding\" value=\"gzdeflate base64\" \/><input type=\"hidden\" name=\"postId_0\" value=\"MzQzNDMAAA==\" \/><input type=\"hidden\" name=\"postTitle_0\" value=\"U1O2MDIysnZJLVLwLtX1zimtABKJeQqPGiYruKcWJ2dkJmeUpOoA2empeeWJRSUKpXkpQF5aYkZRap4aSLeBNUj1oQVh+UUlRYnpChmppSWpChpuRamZJYnpmgqZeQrByRnlh5ckZQLNU\/BIzMlRyM0sUQjKL05VcEpMTEpUcMvPKc7PAwA=\" \/><input type=\"hidden\" name=\"postLink_0\" value=\"yygpKSi20tcvLy\/Xy8jPSM3LARK6pXnpqWmZOSWpRSV6Kan69gW2hmaGZgYA\" \/><input type=\"hidden\" name=\"postAuthor_0\" value=\"S0zJzcwDAA==\" \/><input type=\"hidden\" name=\"postDateTime_0\" value=\"MzIwNNY1MNc1MFUwMLcCIQMA\" \/><input type=\"hidden\" name=\"postContent_0\" value=\"dVbLbttGFN33Ky5QoEgAWZbVJshDMBDXz6hxjdhOge6G1iU50HBGmIeVatV\/6Ae0C++676ZehX\/SL+m5Q8qOI2dDDamZ+zjn3ENOFruTEL2z1e53374Yj8ev99nTNG1NTfqIi7L03+9\/0BGHq1pf1ZEHWFdsl8pHSnaGu1LVnm0+PXpNRqXIkWaIcqEjG2JtOdAH56NXVRjkf1RDh551VNWAng3pbTKaxqOd7wd07SztvKRCBxrv0GXtSTd0flUbheRBKUPa5hDTZGKR8FAeYMOyvcGhq5qOlTEUooqx1HbGcUgf2CuLJybinA4oTjO9d0Ft\/ZQ+clMkX22dR13GZCuJ9msKqmnYKl+gRmq0tNPQPqeIBGzR85L9HGtVxlAICk\/2j\/aeZjxk548mFaTMolb0fLRR3HCy3SM+2V7sfjMBA9zsfnDSl31QrJ1s45+7Xf2pN4UBAx67A02nU6pRF5N1CP8IFBvJNvh9giBPMy6girwKAWs5j41HXLNupMU74sY\/DAHFCrjhfufF82cdI8jc3s5QuIrcMXR5\/oYqrnx7KzTQMvkZD+lc9CAIosOY9\/qsK1kFrGiVbHtzVaOcSoSWG1J+xT26kBrtiRrb27hif2It2wGFRXsj7Coooj+nrGymAjxKfG10BZiOfFos8G+vIuiajemYHNJBoEoXwMFWLEQUEBA0kfvpsF6lPu5DoGwXV7PvtveICAJStbZCporaWWWGdGLXWgL8M+KPOuiIs1GqlbEI6wA7L8cjVPk2T1im5wvyX9G+Xjd1J9RTBfHSp7\/f6xj7rYecvJbKpp7TisOnfyk4zAnHpaKd4Wg0onc6VkazoFJxrQADLmxRLpLf5UV5uV8ZUClSsq\/9YJCfCtyPaf6hiHNLaB9At7dFrtJmhCsuncexuCHcM+9KDsF55N33Q5lgpj2lCkWHzgTMT8GGUxZTF+5zlYuxXLNElh6tCAtI4yfLSod5yhR0vDUVKuvw1FCI\/zrZj5Uho7SnjUgH5a60M67SXaIzZ0D1fKlDYNvJzjAawlwAyb5zCmI71xrd2DX3q9Q87Eei1e2NiZ21tjdAEurM9TZ0UXOjMKdgUFMJWts\/EeTAz9naaCU7RgUM5thrRR\/m9FJ1xYXOEwnJvaIojrSWL0Molc83A3qXm2DruXs1ZKHP4cwJ5GLr1DULibMaTgpP26DxjtMvLbC\/xwmINyqfCQMoVelBGB0nIXewIaxXX410AJ\/xecjL9lb67BUGvGnpaptfHEdKA+S59tLFRqgTJOFmUXKNXkRZWR1wn7zslHHv11kNQmPGriPQyLjEzpZkfAExiJQ3KhS2ormzc4+t0KSXco4dyjC4DPJkht7KJCsG2MHkegV++Q4A8ymbDNeNzGw2eTzHWHYOFPoiTtub2hdu1nv0BXvvYK5C1un5Zd4bOCN3zKbk7nS31GK1MMlHcW3\/AUy5nIeF5iIeRXvDEt7nGWsgSwnef41Unxm06aznndha\/7mxQdl9ELT86a975OEewKzJsYMDqgqTgGiPJTi5uDgY0i\/Av38jNSBdB4y8oZmbJ1FoNgudJwRRlxpx++N95YccQGF1\/2XUcwmBvAm\/mUK+IWB8W5fdzNgyh\/sZvdmZ82VHm1jvHguA7AdopswG\/1mG1KxStc4ghQrGch5tnuGC7crPY\/666hD\/Hw==\" \/> \t\t<a href=\"https:\/\/www.pdf24.org\" target=\"_blank\" title=\"www.pdf24.org\" rel=\"nofollow\"><img src=\"https:\/\/www.hohenlohe-ungefiltert.de\/wp-content\/plugins\/pdf24-post-to-pdf\/img\/pdf_32x32.png\" alt=\"\" border=\"0\" height=\"32\" \/><\/a> \t\t<span class=\"pdf24Plugin-cp-space\">&nbsp;&nbsp;<\/span> \t\t<span class=\"pdf24Plugin-cp-text\">Sende Artikel als PDF<\/span> \t\t<span class=\"pdf24Plugin-cp-space\">&nbsp;&nbsp;<\/span> \t\t<input class=\"pdf24Plugin-cp-input\" style=\"margin: 0px;\" type=\"text\" name=\"sendEmailTo\" placeholder=\"Emailadresse\" \/> \t\t<input class=\"pdf24Plugin-cp-submit\" style=\"margin: 0px;\" type=\"submit\" value=\"Senden\" \/> \t<\/form> <\/div>","protected":false},"excerpt":{"rendered":"<p>&#8222;Der Ku-Klux-Klan \u2013 Geschichte, Gegenwart und Gefahren&#8220; lautet der Titel eines Vortrags, der am Freitag, 5. Juli 2013, von 19 bis 21 Uhr im Schlachtsaal in der Kultbucht in Schw\u00e4bisch Hall stattfindet. Veranstalter ist die Rosa-Luxemburg-Stiftung in Zusammenarbeit mit dem Deutschen Gewerkschaftsbund (DGB) und dem Club alpha 60 Schw\u00e4bisch Hall. Von den Veranstaltern Ableger des [&hellip;]<\/p>\n","protected":false},"author":1,"featured_media":0,"comment_status":"open","ping_status":"open","sticky":false,"template":"","format":"standard","meta":[],"categories":[1,10,2,5,7],"tags":[],"_links":{"self":[{"href":"https:\/\/www.hohenlohe-ungefiltert.de\/index.php?rest_route=\/wp\/v2\/posts\/16160"}],"collection":[{"href":"https:\/\/www.hohenlohe-ungefiltert.de\/index.php?rest_route=\/wp\/v2\/posts"}],"about":[{"href":"https:\/\/www.hohenlohe-ungefiltert.de\/index.php?rest_route=\/wp\/v2\/types\/post"}],"author":[{"embeddable":true,"href":"https:\/\/www.hohenlohe-ungefiltert.de\/index.php?rest_route=\/wp\/v2\/users\/1"}],"replies":[{"embeddable":true,"href":"https:\/\/www.hohenlohe-ungefiltert.de\/index.php?rest_route=%2Fwp%2Fv2%2Fcomments&post=16160"}],"version-history":[{"count":4,"href":"https:\/\/www.hohenlohe-ungefiltert.de\/index.php?rest_route=\/wp\/v2\/posts\/16160\/revisions"}],"predecessor-version":[{"id":16201,"href":"https:\/\/www.hohenlohe-ungefiltert.de\/index.php?rest_route=\/wp\/v2\/posts\/16160\/revisions\/16201"}],"wp:attachment":[{"href":"https:\/\/www.hohenlohe-ungefiltert.de\/index.php?rest_route=%2Fwp%2Fv2%2Fmedia&parent=16160"}],"wp:term":[{"taxonomy":"category","embeddable":true,"href":"https:\/\/www.hohenlohe-ungefiltert.de\/index.php?rest_route=%2Fwp%2Fv2%2Fcategories&post=16160"},{"taxonomy":"post_tag","embeddable":true,"href":"https:\/\/www.hohenlohe-ungefiltert.de\/index.php?rest_route=%2Fwp%2Fv2%2Ftags&post=16160"}],"curies":[{"name":"wp","href":"https:\/\/api.w.org\/{rel}","templated":true}]}}