{"id":16123,"date":"2013-06-24T14:15:13","date_gmt":"2013-06-24T13:15:13","guid":{"rendered":"http:\/\/www.hohenlohe-ungefiltert.de\/?p=16123"},"modified":"2013-06-24T14:15:34","modified_gmt":"2013-06-24T13:15:34","slug":"uberaschungsgast-gernot-erler-europafest-von-evelyne-gebhardt-spd-in-kunzelsau","status":"publish","type":"post","link":"https:\/\/www.hohenlohe-ungefiltert.de\/?p=16123","title":{"rendered":"&#8222;\u00dcberaschungsgast Gernot Erler&#8220; \u2013\u00a0Europafest von Evelyne Gebhardt (SPD) in K\u00fcnzelsau"},"content":{"rendered":"<p><strong>Ein &#8222;Europafest&#8220; findet am Samstag, 29. Juni 2013, von 14 bis 18 Uhr in K\u00fcnzelsau (Keltergasse 47) statt. Es l\u00e4dt ein die Europaabgeordnete Evelyne Gebhardt (SPD). Zu Gast ist Gernot Erler, Spitzenkandidat der SPD Baden-W\u00fcrttemberg f\u00fcr die Bundestagswahl 2013.<\/strong><\/p>\n<p><em>Von Evelyne Gebhardt, SPD-Europaabgeordnete aus Mulfingen<\/em><\/p>\n<p><strong>MitarbeiterInnen aus K\u00fcnzelsau und Br\u00fcssel kennenlernen<\/strong><\/p>\n<p>&#8222;Diese Einladung ist als Dank an alle gedacht, die sich ins Zeug legen und meine Arbeit f\u00fcr die B\u00fcrger und B\u00fcrgerinnen im Europ\u00e4ischen Parlament mit Rat und Tat begleiten&#8220;, schreibt Evelyne Gebhardt in einer E-Mail. &#8222;Gleichzeitig m\u00f6chte ich allen Interessierten die M\u00f6glichkeit geben, einmal hinter die Kulissen meines B\u00fcros zu schauen und meine Mitarbeiter und Mitarbeiterinnen aus K\u00fcnzelsau und Br\u00fcssel kennenzulernen.&#8220;<\/p>\n<p><strong>Erwachsene sollten sich anmelden<\/strong><\/p>\n<p>Evelyne Gebhardt weiter: &#8222;Als \u00dcberraschungsgast konnte ich den Spitzenkandidaten der SPD-Baden-W\u00fcrttemberg f\u00fcr die Bundestagswahl, Gernot Erler, gewinnen. F\u00fcr den passenden Rahmen f\u00fcr zwanglose Gespr\u00e4che und gute Unterhaltung ist wie immer gesorgt und auch das leibliche Wohl wird nicht zu kurz kommen. Weitersagen und G\u00e4ste mitbringen \u2013 dann wird es wieder ein sch\u00f6nes Europafest, auf das ich mich schon heute freue. Die Erwachsenen sollten sich bitte im B\u00fcro kurz anmelden, damit wir f\u00fcr die Bewirtung<br \/>\nbesser planen k\u00f6nnen. Herzlich willkommen am 29. Juni 2013!&#8220;<\/p>\n<p><strong>Weitere Informationen und Kontakt:<\/strong><\/p>\n<p>EVELYNE GEBHARDT, Mitglied des Europ\u00e4ischen Parlaments, Fraktion\u00a0 der\u00a0 Progressiven\u00a0 Allianz\u00a0 der<br \/>\nSozialisten &amp; Demokraten im\u00a0 Europ\u00e4ischen\u00a0 Parlament, Europab\u00fcro, Keltergasse 47, 74653 <strong>K\u00fcnzelsau<\/strong><br \/>\nTelefon: 07940 \u2013 59122<\/p>\n<p>Fax: 07940 \u2013 59144<br \/>\nE-Mail: EGebhardt.MdEP@T-Online.de<\/p>\n<p>60, rue Wiertz, B-1047 <strong>Br\u00fcssel<\/strong><\/p>\n<p>Telefon: 0032.2.284 \u2013 5466<\/p>\n<p>Fax: 0032.2.284 \u2013 9466<\/p>\n<p>E-Mail: Evelyne.Gebhardt@europarl.europa.eu<\/p>\n<div class=\"pdf24Plugin-cp\"> \t<form name=\"pdf24Form0\" method=\"post\" action=\"https:\/\/doc2pdf.pdf24.org\/wordpress.php\" target=\"pdf24PopWin\" onsubmit=\"var pdf24Win = window.open('about:blank', 'pdf24PopWin', 'resizable=yes,scrollbars=yes,width=600,height=250,left='+(screen.width\/2-300)+',top='+(screen.height\/3-125)+''); pdf24Win.focus(); if(typeof pdf24OnCreatePDF === 'function'){void(pdf24OnCreatePDF(this,pdf24Win));}\"> \t\t<input type=\"hidden\" name=\"blogCharset\" value=\"Cw1x07UAAA==\" \/><input type=\"hidden\" name=\"blogPosts\" value=\"MwQA\" \/><input type=\"hidden\" name=\"blogUrl\" value=\"yygpKSi20tcvLy\/Xy8jPSM3LARK6pXnpqWmZOSWpRSV6KakA\" \/><input type=\"hidden\" name=\"blogName\" value=\"88jPSM3LARK6pXnpqWmZOSWpRSUA\" \/><input type=\"hidden\" name=\"blogValueEncoding\" value=\"gzdeflate base64\" \/><input type=\"hidden\" name=\"postId_0\" value=\"MzQzNDIGAA==\" \/><input type=\"hidden\" name=\"postTitle_0\" value=\"U1O2MDIysj48Jym1KLE4OaM0L704PbG4RME9tSgvv0TBtSgntUgNpMjAWuFRw+RDC1xLi\/ILEtNSgWrK8vMUXMtScyrzUoHqkzISi1JKFDSCA1w0FTLzFLwP78mrSs0pTiwFAA==\" \/><input type=\"hidden\" name=\"postLink_0\" value=\"yygpKSi20tcvLy\/Xy8jPSM3LARK6pXnpqWmZOSWpRSV6Kan69gW2hmaGRsYA\" \/><input type=\"hidden\" name=\"postAuthor_0\" value=\"S0zJzcwDAA==\" \/><input type=\"hidden\" name=\"postDateTime_0\" value=\"MzIwNNY1MNM1MlEwNLEyMLMyNAYA\" \/><input type=\"hidden\" name=\"postContent_0\" value=\"jVXLbhs3FN3nK25RIEiA0ViWFT8FIzYkK6mr1rCdGM2O47maIcThCCTHSrXqP3TbRRf+Bq+8qv6kX9JDjsaW5AYIDEvzIC\/P6171psc960yps+OB1PT6x\/1Op3M0qEw5FWO2LjxoH9FY6pQdiYKuRGGdyCLqHMT0U6UlddrbOxHdlZq2u5RIS9v79Ck3hHrni0c9Z2VFRW\/OWTk2mbCWqbv3llDFuZgGltTiPnXEWJ9KpvpwkWRcmlSzw5M7Vr9rpiEnuTBY+ubqov82pi8VDYV1JPE\/ZKNLRwOj2ER0NZVuznoidCpT4ShlQ9hDpyJl3bpZPBrnuEgAh8a4CeeeVqDoqdmZyFVgFfe2luL0tqbHr3oQi4vjz2C6CSny5VsvoYvK0qhSkC9j3dvC7qdKy8oj6YRJWEKbj1qzDltWdAMqOjWLR8imaMJ+CShqX20D29K8vmQoDDeVSCudBXWEstQXekIC9ZViyjgVtzlge+ZW3uZwy9IXrjJSDKjh2AKWMJ0EdCs64SKDngFYfS0DcFnU3i3upb3N8eBCGCUK1o4KFLiED37PNb4TzpSnrJf5igg7DMvEvTQbsfA4DA1aIyFV3IR0iAq3+RxlZEbF4gF0mDwTT1DTRw1F2VrJBucE5KPFQ6awYuL5ZJywjnzpQijKpV8eVp1XSkJsXdO3gWNpaV55jKJa02bFvPB05V5+p5nzqrYzXkqxmY+BmcEp4IFPpVKeS\/BL6IJV+j8xeCHgLOA5bHQ7QRYWfyH7RoAQEmIz30STUuulgKi62UFewbqHWt\/fQ9FGV2Y8C6rEdBY2oOjUjwPtry5FjqjUpeYzoTNVWk\/CTs3iHnEK2mUVIH7yVuVCuSbdM5wsiwL4MralyeqcicpTERgvyJW3nemmRGPPpElJ4955TyeVmYM7dgPWTVDKiqYBhot7iwOR3sSEDqZ\/\/\/gTNbWuqyAdONsL44cX1Fw8+MQ8j88IKMYBhNe18B9YhfmRs2cyNlxxTH0\/9Z5s1us+J9J5W4o6hzXexnu0r\/CtBTArHkBl47XpJYa2jl8laAIgnCrha08AMVjwgc3cq4LNStUC+PG+NtV\/+EYma50YPTYuTSGcLPVSsfNSOzFxhy9T+Xnw82+\/DGg4OP1wctm\/jnyvoBs5RQ7stwaHjejMoB4O+Odvn0B8XpgyC419x\/7hiVJS6Hn9ekn5qpxLgS72Ir4WxfSI+lyUExNyLAusXTvPF21OjJbuJV7tiNZ\/tCLa6+6+26FGh+fOfuZbI7hmxeNSH1J776DbDrF5d7Dd6TRynImvG++63eXWeswd0qBp4HiUDi7eX7d+1QozJ065KbLbjshUiLWfcfOITlvb7e7eE7pm0Lzw4hlce6cT42+\/W6Po7u6uA1x\/f7Dy\/gllPW3iBux7DvIZFdcX+Apb\/gM=\" \/> \t\t<a href=\"https:\/\/www.pdf24.org\" target=\"_blank\" title=\"www.pdf24.org\" rel=\"nofollow\"><img src=\"https:\/\/www.hohenlohe-ungefiltert.de\/wp-content\/plugins\/pdf24-post-to-pdf\/img\/pdf_32x32.png\" alt=\"\" border=\"0\" height=\"32\" \/><\/a> \t\t<span class=\"pdf24Plugin-cp-space\">&nbsp;&nbsp;<\/span> \t\t<span class=\"pdf24Plugin-cp-text\">Sende Artikel als PDF<\/span> \t\t<span class=\"pdf24Plugin-cp-space\">&nbsp;&nbsp;<\/span> \t\t<input class=\"pdf24Plugin-cp-input\" style=\"margin: 0px;\" type=\"text\" name=\"sendEmailTo\" placeholder=\"Emailadresse\" \/> \t\t<input class=\"pdf24Plugin-cp-submit\" style=\"margin: 0px;\" type=\"submit\" value=\"Senden\" \/> \t<\/form> <\/div>","protected":false},"excerpt":{"rendered":"<p>Ein &#8222;Europafest&#8220; findet am Samstag, 29. Juni 2013, von 14 bis 18 Uhr in K\u00fcnzelsau (Keltergasse 47) statt. Es l\u00e4dt ein die Europaabgeordnete Evelyne Gebhardt (SPD). Zu Gast ist Gernot Erler, Spitzenkandidat der SPD Baden-W\u00fcrttemberg f\u00fcr die Bundestagswahl 2013. Von Evelyne Gebhardt, SPD-Europaabgeordnete aus Mulfingen MitarbeiterInnen aus K\u00fcnzelsau und Br\u00fcssel kennenlernen &#8222;Diese Einladung ist als [&hellip;]<\/p>\n","protected":false},"author":1,"featured_media":0,"comment_status":"open","ping_status":"open","sticky":false,"template":"","format":"standard","meta":[],"categories":[1,10,2,5],"tags":[],"_links":{"self":[{"href":"https:\/\/www.hohenlohe-ungefiltert.de\/index.php?rest_route=\/wp\/v2\/posts\/16123"}],"collection":[{"href":"https:\/\/www.hohenlohe-ungefiltert.de\/index.php?rest_route=\/wp\/v2\/posts"}],"about":[{"href":"https:\/\/www.hohenlohe-ungefiltert.de\/index.php?rest_route=\/wp\/v2\/types\/post"}],"author":[{"embeddable":true,"href":"https:\/\/www.hohenlohe-ungefiltert.de\/index.php?rest_route=\/wp\/v2\/users\/1"}],"replies":[{"embeddable":true,"href":"https:\/\/www.hohenlohe-ungefiltert.de\/index.php?rest_route=%2Fwp%2Fv2%2Fcomments&post=16123"}],"version-history":[{"count":2,"href":"https:\/\/www.hohenlohe-ungefiltert.de\/index.php?rest_route=\/wp\/v2\/posts\/16123\/revisions"}],"predecessor-version":[{"id":16125,"href":"https:\/\/www.hohenlohe-ungefiltert.de\/index.php?rest_route=\/wp\/v2\/posts\/16123\/revisions\/16125"}],"wp:attachment":[{"href":"https:\/\/www.hohenlohe-ungefiltert.de\/index.php?rest_route=%2Fwp%2Fv2%2Fmedia&parent=16123"}],"wp:term":[{"taxonomy":"category","embeddable":true,"href":"https:\/\/www.hohenlohe-ungefiltert.de\/index.php?rest_route=%2Fwp%2Fv2%2Fcategories&post=16123"},{"taxonomy":"post_tag","embeddable":true,"href":"https:\/\/www.hohenlohe-ungefiltert.de\/index.php?rest_route=%2Fwp%2Fv2%2Ftags&post=16123"}],"curies":[{"name":"wp","href":"https:\/\/api.w.org\/{rel}","templated":true}]}}