{"id":16113,"date":"2013-06-20T07:19:58","date_gmt":"2013-06-20T06:19:58","guid":{"rendered":"http:\/\/www.hohenlohe-ungefiltert.de\/?p=16113"},"modified":"2013-06-20T07:19:58","modified_gmt":"2013-06-20T06:19:58","slug":"antisemitismus-in-stuttgart-1871-bis-1933-rundgang-am-sonntag-treffpunkt-rathaus","status":"publish","type":"post","link":"https:\/\/www.hohenlohe-ungefiltert.de\/?p=16113","title":{"rendered":"&#8222;Antisemitismus in Stuttgart 1871 bis 1933&#8220; \u2013\u00a0Rundgang am Sonntag, Treffpunkt Rathaus"},"content":{"rendered":"<p><strong>Ein Rundgang zum Thema &#8222;Antisemitismus in Stuttgart 1871 bis 1933&#8220; findet am Sonntag, 23. Juni 2013, um 15 Uhr statt. Treffpunkt ist vor dem Rathaus Stuttgart, Marktplatz. Referent ist Dr. Martin Ulmer, Kulturwissenschaftler und Historiker aus T\u00fcbingen. Die F\u00fchrung ist kostenlos, eine Anmeldung ist nicht erforderlich.<\/strong><\/p>\n<p><em>Zugesandt von Adele Sperandio, Stuttgart<\/em><\/p>\n<p><strong>Judenfeindschaft schon vor der NS-Zeit weit verbreitet<\/strong><\/p>\n<p>Ulmer hat ein Buch mit dem Titel &#8222;Antisemitismus in Stuttgart 1871 bis 1933&#8220; geschrieben. Judenfeindschaft war bis ins 20. Jahrhundert in Stuttgart popul\u00e4rer als vielfach angenommen wird. Antij\u00fcdische Massenkrawalle und \u00dcbergriffe, Diskriminierungen von Juden, und antisemitisch eingef\u00e4rbte Medienberichte und Agitationen pr\u00e4gten auch das \u00f6ffentliche Leben und den Alltag in der Landeshauptstadt. Antisemitismus in allen Schattierungen war sp\u00e4testens in der Weimarer Republik weit verbreitet. Daran konnten die Stuttgarter Nationalsozialisten auf dem Wege zur Macht erfolgreich ankn\u00fcpfen.<\/p>\n<p><strong>Tatorte judenfeindlicher Gewalt<\/strong><\/p>\n<p>An verschiedenen Stationen in der Innenstadt werden die Tatorte antisemitischer Gewalt und die Treffpunkte der Judenfeinde und ihrer Agitationsorgane deutlich. Au\u00dferdem wird an Stuttgarter Orten auch der Rolle der Medien sowie der Indifferenz und den Gegenkr\u00e4ften im Umgang mit dem Antisemitismus nachgegangen.<\/p>\n<p><strong>Weitere Informationen:<\/strong><\/p>\n<p><a href=\"http:\/\/hsozkult.geschichte.hu-berlin.de\/rezensionen\/2011-4-107\" target=\"_blank\">http:\/\/hsozkult.geschichte.hu-berlin.de\/rezensionen\/2011-4-107<\/a><\/p>\n<p>&nbsp;<\/p>\n<div class=\"pdf24Plugin-cp\"> \t<form name=\"pdf24Form0\" method=\"post\" action=\"https:\/\/doc2pdf.pdf24.org\/wordpress.php\" target=\"pdf24PopWin\" onsubmit=\"var pdf24Win = window.open('about:blank', 'pdf24PopWin', 'resizable=yes,scrollbars=yes,width=600,height=250,left='+(screen.width\/2-300)+',top='+(screen.height\/3-125)+''); pdf24Win.focus(); if(typeof pdf24OnCreatePDF === 'function'){void(pdf24OnCreatePDF(this,pdf24Win));}\"> \t\t<input type=\"hidden\" name=\"blogCharset\" value=\"Cw1x07UAAA==\" \/><input type=\"hidden\" name=\"blogPosts\" value=\"MwQA\" \/><input type=\"hidden\" name=\"blogUrl\" value=\"yygpKSi20tcvLy\/Xy8jPSM3LARK6pXnpqWmZOSWpRSV6KakA\" \/><input type=\"hidden\" name=\"blogName\" value=\"88jPSM3LARK6pXnpqWmZOSWpRSUA\" \/><input type=\"hidden\" name=\"blogValueEncoding\" value=\"gzdeflate base64\" \/><input type=\"hidden\" name=\"postId_0\" value=\"MzQzNDQGAA==\" \/><input type=\"hidden\" name=\"postTitle_0\" value=\"U1O2MDIysnbMK8ksTs3NBJK5pcUKmXkKwSWlJSXpiUUlCoYW5oYKSZnFCoaWxsZqIPUG1gqPGiYfWhBUmpeSnpiXrpCYqxCcn5dXkpiuoxBSlJqWVlCal12iEJRYkpFYWgwA\" \/><input type=\"hidden\" name=\"postLink_0\" value=\"yygpKSi20tcvLy\/Xy8jPSM3LARK6pXnpqWmZOSWpRSV6Kan69gW2hmaGhsYA\" \/><input type=\"hidden\" name=\"postAuthor_0\" value=\"S0zJzcwDAA==\" \/><input type=\"hidden\" name=\"postDateTime_0\" value=\"MzIwNNY1MNM1MlAwMLcyMLMytQAA\" \/><input type=\"hidden\" name=\"postContent_0\" value=\"pVTNbttGEL73KQYukJNMWXKLpLEiQEXatEnaArYMA7kUS3NIbkQuidmlBehZCvTiZ+jJN75Yv1lKFGzd2gvFFXe\/me9nZ9EuFz5I44rlT9bRdeeywriCdl1N65JrQ6++fTOfz69WLljPtcWz7jxh703oQiiMBJq9eT2j1Hqa\/XB5GfdfXFFuXcaBTE03jXPBFBOaXyb0sXOW5hezywmhxOx7ui2FfDAhJLQWzvO2c5tA1gd6aIQyrunahNKg5lhwQr8Z2YS2MmGX0DXnLOyGM+8l0Y8B\/d1WNcuEPnVV6GRrvWfn70uTh4qFwJN+wYFG7AZLhV\/3T6l1BbuE3lumn\/unUjpIobCbxgd2VeMnxNYxrVzNVXb46ux9GYglbyRjqbBKFtO9qotpu\/xmAZW5Xn7pCvbGZUrN0SrjiummZcFftpkc+S2m2Dwe3AN97DJ2OapnAwvCD1AGkYR+vzn\/wjbQVh8PLKnghcNJH1EVKk1QIvRjd18STI06r3Gg+s9+g9p9KZZTFfCk2a2ReMI6D\/exwZRSwgQG3DPstmm7qn8UNaXy9GC5yg2aNOpMU9fsaGslS0gb\/No\/ZRYVGJ6rvxsxW1NBVbW3\/ytlKcTmOU\/gqN+Ira2zrKayixbENidxtznyRTXWIORoIw3A5syyA5jaPGCvCovI2sYBqJX+sUA6ECKczIyn\/h\/UdEGDwPRZFYmHUItWVYWroJTVtM9wnj3C3QZcgSwMrJ7LrnwgEGQMYWxe5fRt\/xhYc+kPeHdsa6PSXXPbpZXdvIwDom0QN+QZVxI4IHbUXlMUSUH4ZmdNZf1AK4\/xuOOCMRcEWh\/iXhWAjeZsXP\/UgnTyMrZrgzsG1b6OiYiyCH1gWHWaz5XTduGBZRxQ5qPQe5K\/OiyiXGAn2Z7Foc4zH8cyg\/66bRwxHMGOQR2MtaXKN9rrG8E41K1dtBMGdf3fWrWOMUS5Z\/r9IccgqA2NhlHfhgyRb7aW9ywyTSYG124MxwcojAz3j7mi2Jpu6ziMDxf0RTgcfCi4iDfjRPc79VsYdTCV6r2Eb0\/HkiEwzt+dlSG0b6fTEs5vMDGTeJ1j4JOyO091rLkk46nwDupHtCnG+Oz8u\/PZxeszCkYKDu\/O\/kwrpOFs+f\/wFlMztvjKpb69iqt\/AQ==\" \/> \t\t<a href=\"https:\/\/www.pdf24.org\" target=\"_blank\" title=\"www.pdf24.org\" rel=\"nofollow\"><img src=\"https:\/\/www.hohenlohe-ungefiltert.de\/wp-content\/plugins\/pdf24-post-to-pdf\/img\/pdf_32x32.png\" alt=\"\" border=\"0\" height=\"32\" \/><\/a> \t\t<span class=\"pdf24Plugin-cp-space\">&nbsp;&nbsp;<\/span> \t\t<span class=\"pdf24Plugin-cp-text\">Sende Artikel als PDF<\/span> \t\t<span class=\"pdf24Plugin-cp-space\">&nbsp;&nbsp;<\/span> \t\t<input class=\"pdf24Plugin-cp-input\" style=\"margin: 0px;\" type=\"text\" name=\"sendEmailTo\" placeholder=\"Emailadresse\" \/> \t\t<input class=\"pdf24Plugin-cp-submit\" style=\"margin: 0px;\" type=\"submit\" value=\"Senden\" \/> \t<\/form> <\/div>","protected":false},"excerpt":{"rendered":"<p>Ein Rundgang zum Thema &#8222;Antisemitismus in Stuttgart 1871 bis 1933&#8220; findet am Sonntag, 23. Juni 2013, um 15 Uhr statt. Treffpunkt ist vor dem Rathaus Stuttgart, Marktplatz. Referent ist Dr. Martin Ulmer, Kulturwissenschaftler und Historiker aus T\u00fcbingen. Die F\u00fchrung ist kostenlos, eine Anmeldung ist nicht erforderlich. Zugesandt von Adele Sperandio, Stuttgart Judenfeindschaft schon vor der [&hellip;]<\/p>\n","protected":false},"author":1,"featured_media":0,"comment_status":"open","ping_status":"open","sticky":false,"template":"","format":"standard","meta":[],"categories":[1,10,6,2,8,5,7],"tags":[],"_links":{"self":[{"href":"https:\/\/www.hohenlohe-ungefiltert.de\/index.php?rest_route=\/wp\/v2\/posts\/16113"}],"collection":[{"href":"https:\/\/www.hohenlohe-ungefiltert.de\/index.php?rest_route=\/wp\/v2\/posts"}],"about":[{"href":"https:\/\/www.hohenlohe-ungefiltert.de\/index.php?rest_route=\/wp\/v2\/types\/post"}],"author":[{"embeddable":true,"href":"https:\/\/www.hohenlohe-ungefiltert.de\/index.php?rest_route=\/wp\/v2\/users\/1"}],"replies":[{"embeddable":true,"href":"https:\/\/www.hohenlohe-ungefiltert.de\/index.php?rest_route=%2Fwp%2Fv2%2Fcomments&post=16113"}],"version-history":[{"count":1,"href":"https:\/\/www.hohenlohe-ungefiltert.de\/index.php?rest_route=\/wp\/v2\/posts\/16113\/revisions"}],"predecessor-version":[{"id":16116,"href":"https:\/\/www.hohenlohe-ungefiltert.de\/index.php?rest_route=\/wp\/v2\/posts\/16113\/revisions\/16116"}],"wp:attachment":[{"href":"https:\/\/www.hohenlohe-ungefiltert.de\/index.php?rest_route=%2Fwp%2Fv2%2Fmedia&parent=16113"}],"wp:term":[{"taxonomy":"category","embeddable":true,"href":"https:\/\/www.hohenlohe-ungefiltert.de\/index.php?rest_route=%2Fwp%2Fv2%2Fcategories&post=16113"},{"taxonomy":"post_tag","embeddable":true,"href":"https:\/\/www.hohenlohe-ungefiltert.de\/index.php?rest_route=%2Fwp%2Fv2%2Ftags&post=16113"}],"curies":[{"name":"wp","href":"https:\/\/api.w.org\/{rel}","templated":true}]}}