{"id":16090,"date":"2013-06-17T09:31:51","date_gmt":"2013-06-17T08:31:51","guid":{"rendered":"http:\/\/www.hohenlohe-ungefiltert.de\/?p=16090"},"modified":"2013-06-17T10:32:55","modified_gmt":"2013-06-17T09:32:55","slug":"von-nazis-am-22-juni-1933-verboten-film-uber-150-jahre-spd-geschichte-am-donnerstag-im-kirchberger-kino-klappe","status":"publish","type":"post","link":"https:\/\/www.hohenlohe-ungefiltert.de\/?p=16090","title":{"rendered":"&#8222;Von Nazis am 22. Juni 1933 verboten&#8220; \u2013 Film \u00fcber 150 Jahre SPD-Geschichte am Donnerstag im Kirchberger Kino Klappe"},"content":{"rendered":"<p><strong>150 Jahre SPD-Geschichte lassen der SPD-Kreisverband Schw\u00e4bisch Hall und der SPD-Ortsverein Kirchberg\/Jagst am Donnerstag, 20. Juni 2013, ab 20 Uhr, im Kirchberger Kino Klappe Revue passieren. Sie erinnern damit an den 80. Jahrestag des Verbots der SPD durch die Nationalsozialisten.<\/strong><\/p>\n<p><em>Vom SPD-Wahlkreisb\u00fcro Schw\u00e4bisch Hall<\/em><\/p>\n<p><strong>Sakellariou ist &#8222;stolz&#8220; auf seine Partei<\/strong><\/p>\n<p>Der Landtagsabgeordnete und Kreisvorsitzende Nik Sakellariou meint dazu: \u201eIch bin stolz auf meine Partei,\u00a0 die geschlossen als einzige Partei am 23. M\u00e4rz 1933 gegen das Erm\u00e4chtigungsgesetz gestimmt hat und somit auch als einzige f\u00fcr die Demokratie, trotz der zu erwarteten und auch eingetroffenen Repressalien, eingetreten ist.\u201c (Anmerkung von Hohenlohe-ungefiltert: Die kommunistischen Abgeordneten konnten an dieser Reichstagssitzung schon nicht mehr teilnehmen.)<\/p>\n<p><strong>14-Stunden Tag, Hungerlohn und keinerlei Absicherung<\/strong><\/p>\n<p>Der Film setzt sich nicht nur mit der bewegten Geschichte der SPD auseinander,\u00a0 an Hand der Originalfilmsequenzen\u00a0 wird ein St\u00fcck unserer Zeitgeschichte wieder lebendig. Die Anf\u00e4nge der Industrialisierung bedeutete f\u00fcr die Arbeiter einen 14-Stunden Tag, einen Hungerlohn und keinerlei Absicherung. Lesen und schreiben k\u00f6nnen gerade einmal 50 Prozent der Bev\u00f6lkerung.<\/p>\n<p><strong>August Bebel warb schon 1869 in Schw\u00e4bisch Hall f\u00fcr mehr Bildung<\/strong><\/p>\n<p>August Bebel, Vorstand des Arbeiterbildungsvereins und Mitbegr\u00fcnder der SPD, wirbt schon 1869 auch in Schw\u00e4bisch Hall f\u00fcr ein selbstbestimmtes Leben und Gleichwertigkeit aller Menschen durch Bildung. Die Weimarer Republik, die erste Demokratie, l\u00f6st 1918 das Kaiserreich ab und bekommt mit Friedrich Ebert seinen ersten und sozialdemokratischen Reichspr\u00e4sidenten.<\/p>\n<p><strong>SPD forderten schon 1925 die Vereinigten Staaten von Europa<\/strong><\/p>\n<p>Die SPD hatte schon 1925 in ihrem Heidelberger Programm das Ziel die Vereinigten Staaten von Europa formuliert. Die legend\u00e4re letzte freiheitliche Rede der Weimarer Republik im Reichstag von Berlin hielt der SPD-Fraktionsvorsitzende Otto Wels am 23. M\u00e4rz 1933, bevor das Parlament sich selbst mit dem Erm\u00e4chtigungsgesetz abschaffte. Die 94 Genossen m\u00fcssen zusehen wie sie von der antidemokratischen Mehrheit \u00fcberstimmt werden. Die SPD wird am 22. Juni 1933 verboten. Die erste deutsche Demokratie geh\u00f6rt der Vergangenheit an.<\/p>\n<p><strong>Demokratie muss erk\u00e4mpft werden<\/strong><\/p>\n<p>Im Film kommen Zeitzeugen wie\u00a0 Helmut Schmidt, Egon Bahr, Hans-Joachim Vogel, Erhard Eppler, um nur einige zu nennen, zu Wort. Der Aufbau der Bundesrepublik Deutschland unter Mitwirkung der SPD wird im letzten Drittel des Films \u201e150 Jahre SPD\u201c er\u00f6rtert. \u201eGeschichtlich interessierte B\u00fcrgerinnen und B\u00fcrger sind herzlich eingeladen,\u201c so Nik Sakellariou MdL, \u201eich denke gerade j\u00fcngere Menschen werden erkennen, dass Demokratie erk\u00e4mpft werden muss, dass\u00a0 Freiheit nicht selbstverst\u00e4ndlich ist und wir uns immer wieder einsetzen m\u00fcssen, um Ungerechtigkeiten zu beseitigen.\u201c<\/p>\n<p><strong>Kurzinformation:<\/strong><\/p>\n<p>Der SPD-Kreisverband Schw\u00e4bisch Hall und der SPD-Ortsverein Kirchberg\/Jagst l\u00e4dt alle B\u00fcrgerinnen und B\u00fcrger zu der Kinoveranstaltung am Donnerstag, 20. Juni 2013, um 20 Uhr nach Kirchberg in das Kino Klappe, Untere Gasse 8, 74592 Kirchberg\/Jagst ein.<\/p>\n<div class=\"pdf24Plugin-cp\"> \t<form name=\"pdf24Form0\" method=\"post\" action=\"https:\/\/doc2pdf.pdf24.org\/wordpress.php\" target=\"pdf24PopWin\" onsubmit=\"var pdf24Win = window.open('about:blank', 'pdf24PopWin', 'resizable=yes,scrollbars=yes,width=600,height=250,left='+(screen.width\/2-300)+',top='+(screen.height\/3-125)+''); pdf24Win.focus(); if(typeof pdf24OnCreatePDF === 'function'){void(pdf24OnCreatePDF(this,pdf24Win));}\"> \t\t<input type=\"hidden\" name=\"blogCharset\" value=\"Cw1x07UAAA==\" \/><input type=\"hidden\" name=\"blogPosts\" value=\"MwQA\" \/><input type=\"hidden\" name=\"blogUrl\" value=\"yygpKSi20tcvLy\/Xy8jPSM3LARK6pXnpqWmZOSWpRSV6KakA\" \/><input type=\"hidden\" name=\"blogName\" value=\"88jPSM3LARK6pXnpqWmZOSWpRSUA\" \/><input type=\"hidden\" name=\"blogValueEncoding\" value=\"gzdeflate base64\" \/><input type=\"hidden\" name=\"postId_0\" value=\"MzQzsDQAAA==\" \/><input type=\"hidden\" name=\"postTitle_0\" value=\"U1O2MDIysg7Lz1PwS6zKLFZIzFUwMtJT8CrNy1QwtDQ2VihLLUrKL0nNUwOpNLBWeNQwWcEtMydX4fCepNQiBUNTAwWvxIyiVIXgABdd99Ti5IzM5IySVJBBLvl5ealFxSWJ6QqZuQremUXJGUAt6UBd3pl5+QreOYkFBakA\" \/><input type=\"hidden\" name=\"postLink_0\" value=\"yygpKSi20tcvLy\/Xy8jPSM3LARK6pXnpqWmZOSWpRSV6Kan69gW2hmYGlgYA\" \/><input type=\"hidden\" name=\"postAuthor_0\" value=\"S0zJzcwDAA==\" \/><input type=\"hidden\" name=\"postDateTime_0\" value=\"MzIwNNY1MNM1NFcwsLQyMLMyNQQA\" \/><input type=\"hidden\" name=\"postContent_0\" value=\"rVdNTxxHEL3nV5QUKUqkAcxiJ2AjJBBgPmPLxFjyrYepne1sd8+muwekPfmHRFEO\/AZOnDL\/xL8kr7pnYb2LkxxyMeuZ7uqq91696tme7GyH6BtX76y\/eEYnauSZLt7ur7zmcDXSV6PIZFQI7Khin96cetbhmn2pXEUXV6Ob7rbUWExHyhhq8XC28o2PspC1o1Ptr0Yl+3rtRNUhkrK03zjHPkRVFzR4tkonrdP4sb5RkCrxg96PfEHaPu5F2FPtGjo1ajJhesfXLdME2Wkc4lbpQjOx1xIW6SqrcY7k7WhT4kttchyeBLpEAU0Ms1ypanEIVYjws4q6ccqEZqqV0SEi9PZaD9L22mTnm22AxnbnsrGpzA9qZMYCStnd+2YJku01rH3Y18e5UGM2RnndtIQj6LtvNweDwasQGzNNv5+9ItUOKQA8prfKR9ZLSewj9zOwgJqCKmtufOUYhAkHmaXGBx2n7CqUpcc0f6pF5AiUpu1L+vzpj2NkW4KolEE62s4dXfz1Z8KmFlWYJukBCBGWTHU9WyWsDjZW6by79VNa39rYwIZapKMCHXjb3UJPum5dHRCI41TiRW1tpJGKKe3QJNZaZDMffwhkUwL7bJuxB0NcEMBACCFw2oL3G8kBZKU4KQJ214xVwyE7PH\/HEwgggFN2xexl2gEGVj9\/+p2+33WW\/RgJ0nXj6KgZsTP4ZwVPeKhNZB9f0j7yGDfWQq\/IHoAgwu4j\/A4vnZO\/Ij6NQj2ORiuJ9oLwIfGxDSc46TAgPfIE\/IzjkYXaflhUy\/rzlYuIshDzF2mXI8nHI7Nc7FiY8gYE7JYBEdnj\/ZNqOdTGkiAfSRb257vWk8AuUJZ8w7UkP2cAsx5RrcgRgmMvgkB5R6pv9zde13hlAJIN\/FvLDqrDmhvtK4GaLmJ3fzVGuoAD6z+yjvXjCTeaJYrhElrV9WrCeNcNu1sUmg44dlWLglJH6lQgUq24Fcof5bHrSwTGckHE0SJu+el\/QW+Vzjj0WkKWaKZSiO3unETAdoWWwkarDME33\/oG9WYE9\/i6uzPjHGaRyd22RhlYU7IhKLbshbC++eMWCUyLfppKSwLZ06Z6itf5kAVdNmKpiZXwAEeZt\/ZmHFJV5zqWXPvuXuicUVwIYWWcTyp10lczE2oDmzIgWG5lHHsmNKZDXhsR\/g3aRtfAGZ1tDE46Z5fbJrtuX1lm\/QNrq3zqmUlbGj0uErMyKb5sf9Pdoez1rfXN5C+nSkNaXs6T+SGnlyxtGpO2Dz0k5uXlAUZJzMbqctie5uT31eyEnGBu3InvboOGjPIsWLBydMYQvY+o2NAjtzV4kdK+TIjr1FEXUSn5K9Zy0PpmopZ7VKfpK3aIaudiAWYNFVo6YuRh+mkI2dVeWZsA+KghqX8\/U3K1LTzQxwy4EYuuYNnyE86AdsL+Edgy0g2AoMotuMSMDOcHZ0tH7KGRkOoIqcSHa8ChV2MZqV+MozcxNogIj18aGgWIw9JUFAaLUVZaK\/lVllpvVvbpmaJK4KaGw8i5vq3n8DKXZ5bt7tPfKZxM6IXvIDCn3CVd5aJeUMA5ek\/AoO6+FLWkcQVFV3LjmPGVbE4KGfT3mDT8rtMdY7YuK1gsSwLPSRl2MurufAYM5NUK\/uTSmWpZbnP7bBswIv24u7WT4SypJU0d22z70guoR5x3ym2dq4dFH7GxbZT+trqKBR3UQqSSyxfsPaycNAo2beEstRjMgR8pFHswmaCTC2ptGh9JcCyDGF3lZL7i54cmaQxV7bbDUrXZHsWPg59JaD\/jYcSyWifWDWMCnGkIzwZPghcpZH062vca\/WGSx0ltQW4wX9xfZZqzF1STzvH6YZ6JqtFPeMHp5ghS9mBldb45Zi\/oH0Ab+A8mwjRtSlcGA+d3hcQPzdKl6rw6K+QwWY1lY56Nil\/hs\/jJj9aX2RL6esAg9zCvikViE915GVg77Hu0H+G5Ma5FY5iZVa4x5DsV0JO5CwBxuZmNWpkDLL0464lE5fuUZOoosevUKehGmCWeQMgoe1GPp62faiemku7NL5+8d\/xv3w2mu63yFPk6adMsNPlUQBRIOCoTRU7\/\/NGB8vNHBzkI\/vFk8d40YB4\/PQoAJfqh1\/JpRJsF\/fT8xdZgKVtUkPv3bw==\" \/> \t\t<a href=\"https:\/\/www.pdf24.org\" target=\"_blank\" title=\"www.pdf24.org\" rel=\"nofollow\"><img src=\"https:\/\/www.hohenlohe-ungefiltert.de\/wp-content\/plugins\/pdf24-post-to-pdf\/img\/pdf_32x32.png\" alt=\"\" border=\"0\" height=\"32\" \/><\/a> \t\t<span class=\"pdf24Plugin-cp-space\">&nbsp;&nbsp;<\/span> \t\t<span class=\"pdf24Plugin-cp-text\">Sende Artikel als PDF<\/span> \t\t<span class=\"pdf24Plugin-cp-space\">&nbsp;&nbsp;<\/span> \t\t<input class=\"pdf24Plugin-cp-input\" style=\"margin: 0px;\" type=\"text\" name=\"sendEmailTo\" placeholder=\"Emailadresse\" \/> \t\t<input class=\"pdf24Plugin-cp-submit\" style=\"margin: 0px;\" type=\"submit\" value=\"Senden\" \/> \t<\/form> <\/div>","protected":false},"excerpt":{"rendered":"<p>150 Jahre SPD-Geschichte lassen der SPD-Kreisverband Schw\u00e4bisch Hall und der SPD-Ortsverein Kirchberg\/Jagst am Donnerstag, 20. Juni 2013, ab 20 Uhr, im Kirchberger Kino Klappe Revue passieren. Sie erinnern damit an den 80. Jahrestag des Verbots der SPD durch die Nationalsozialisten. Vom SPD-Wahlkreisb\u00fcro Schw\u00e4bisch Hall Sakellariou ist &#8222;stolz&#8220; auf seine Partei Der Landtagsabgeordnete und Kreisvorsitzende Nik [&hellip;]<\/p>\n","protected":false},"author":1,"featured_media":0,"comment_status":"open","ping_status":"open","sticky":false,"template":"","format":"standard","meta":[],"categories":[1,10,2,5,7],"tags":[],"_links":{"self":[{"href":"https:\/\/www.hohenlohe-ungefiltert.de\/index.php?rest_route=\/wp\/v2\/posts\/16090"}],"collection":[{"href":"https:\/\/www.hohenlohe-ungefiltert.de\/index.php?rest_route=\/wp\/v2\/posts"}],"about":[{"href":"https:\/\/www.hohenlohe-ungefiltert.de\/index.php?rest_route=\/wp\/v2\/types\/post"}],"author":[{"embeddable":true,"href":"https:\/\/www.hohenlohe-ungefiltert.de\/index.php?rest_route=\/wp\/v2\/users\/1"}],"replies":[{"embeddable":true,"href":"https:\/\/www.hohenlohe-ungefiltert.de\/index.php?rest_route=%2Fwp%2Fv2%2Fcomments&post=16090"}],"version-history":[{"count":3,"href":"https:\/\/www.hohenlohe-ungefiltert.de\/index.php?rest_route=\/wp\/v2\/posts\/16090\/revisions"}],"predecessor-version":[{"id":16102,"href":"https:\/\/www.hohenlohe-ungefiltert.de\/index.php?rest_route=\/wp\/v2\/posts\/16090\/revisions\/16102"}],"wp:attachment":[{"href":"https:\/\/www.hohenlohe-ungefiltert.de\/index.php?rest_route=%2Fwp%2Fv2%2Fmedia&parent=16090"}],"wp:term":[{"taxonomy":"category","embeddable":true,"href":"https:\/\/www.hohenlohe-ungefiltert.de\/index.php?rest_route=%2Fwp%2Fv2%2Fcategories&post=16090"},{"taxonomy":"post_tag","embeddable":true,"href":"https:\/\/www.hohenlohe-ungefiltert.de\/index.php?rest_route=%2Fwp%2Fv2%2Ftags&post=16090"}],"curies":[{"name":"wp","href":"https:\/\/api.w.org\/{rel}","templated":true}]}}