{"id":16087,"date":"2013-06-19T08:48:29","date_gmt":"2013-06-19T07:48:29","guid":{"rendered":"http:\/\/www.hohenlohe-ungefiltert.de\/?p=16087"},"modified":"2013-06-19T08:48:39","modified_gmt":"2013-06-19T07:48:39","slug":"gemeinschaftsschule-und-das-schulsystem-infoveranstaltung-am-donnerstag-in-schwabisch-hall","status":"publish","type":"post","link":"https:\/\/www.hohenlohe-ungefiltert.de\/?p=16087","title":{"rendered":"&#8222;Gemeinschaftsschule und das Schulsystem\u201c \u2013 Infoveranstaltung am Donnerstag in Schw\u00e4bisch Hall"},"content":{"rendered":"<p><strong>Eine Informationsveranstaltung zum Thema \u201eGemeinschaftsschule und Schulsystem\u201c findet am Donnerstag, 20. Juni 2013, um 19 Uhr in der Aula des Schulzentrum Ost, Schenkenseestra\u00dfe, statt. Die Veranstaltung ist f\u00fcr die Besucher kostenlos.<br \/>\n<\/strong><\/p>\n<div>\n<p><em>Von der Stadtverwaltung Schw\u00e4bisch Hall<\/em><\/p>\n<p><strong>Gemeinschaftsschule als neue Schule?<\/strong><\/p>\n<p>Kaum ein Thema wird in Baden-W\u00fcrttemberg derzeit so kontrovers diskutiert, wie die Bildungspolitik im Land. Dabei steht die Einf\u00fchrung der Gemeinschaftsschule besonders im Fokus der Debatte. Sinkende Sch\u00fclerzahlen, die m\u00f6gliche Zusammenlegung von Schulstandorten, Fachkr\u00e4ftemangel, Bildungsgerechtigkeit und die Umsetzung der UN-Behindertenrechtskonvention sind nur einige Herausforderungen, vor denen die Schulen im Land stehen. Auch die Schulen im Landkreis und der Stadt Schw\u00e4bisch Hall stehen vor Ver\u00e4nderungen. So soll in Schw\u00e4bisch Hall 2014 am Schulzentrum Ost und 2015 am Schulzentrum West mit der Einf\u00fchrung von Gemeinschaftsschulen begonnen werden. Welche Auswirkungen wird dies haben und welche Faktoren sind daf\u00fcr notwendig?<\/p>\n<p><strong>Heterogenit\u00e4t im Unterricht und Leistungsbeurteilungen<\/strong><\/p>\n<p>19 Wissenschaftlerinnen und Wissenschaftler aus verschiedenen Disziplinen haben unter Leitung von Professor Dr. Thorsten Bohl Antworten auf Fragen zur Gemeinschaftsschule und zum Schulsystem gesucht und in einem Buch \u201eExpertise Gemeinschaftsschule\u201c ver\u00f6ffentlicht. Auf Einladung der Stadt Schw\u00e4bisch Hall und der Bildungsregion wird Prof. Dr. Bohl an diesem Abend in der Aula im Schulzentrum Ost die Expertise vorstellen und auf den aktuellen Forschungsstand zu Merkmalen und Wirksamkeit unterschiedlicher Schulsysteme eingehen. Dabei geht es auch um spezielle p\u00e4dagogische Fragestellungen zur Umsetzung der Gemeinschaftsschule, wie zum Beispiel der Umgang mit Heterogenit\u00e4t im Unterricht oder Leistungsbeurteilungen.<\/p>\n<p><strong>Vortrag ist kostenlos<\/strong><\/p>\n<p>Bohl ist stellvertretender Direktor des Instituts f\u00fcr Erziehungswissenschaft der Eberhard-Karl-Universit\u00e4t T\u00fcbingen und Studiendekan der Wirtschafts- und Sozialwissenschaftlichen Fakult\u00e4t, Abteilung Schulp\u00e4dagogik. Seine Schwerpunkte sind: Lehrerbildung, Schul- und Unterrichtsforschung, Schulsystem. Der Vortrag ist kostenlos. Eine anschlie\u00dfende Diskussion ist vorgesehen.<\/p>\n<p><strong>Weitere Informationen und Kontakt:<\/strong><\/p>\n<p>Stadtverwaltung Schw\u00e4bisch Hall, Am Markt 6, 74523 Schw\u00e4bisch Hall<br \/>\nTelefon: 0791\/751-0<\/p>\n<p><strong>Internet:<\/strong><\/p>\n<p><a href=\"http:\/\/www.schwaebischhall.de\" target=\"_blank\">www.schwaebischhall.de<\/a><\/p>\n<p><a href=\"http:\/\/www.facebook.com\/schwaebischhall\" target=\"_blank\">www.facebook.com\/schwaebischhall<\/a><\/p>\n<p><a href=\"http:\/\/www.twitter.com\/ob_schwaebhall\" target=\"_blank\">wwww.twitter.com\/ob_schwaebhall<\/a><\/p>\n<\/div>\n<div class=\"pdf24Plugin-cp\"> \t<form name=\"pdf24Form0\" method=\"post\" action=\"https:\/\/doc2pdf.pdf24.org\/wordpress.php\" target=\"pdf24PopWin\" onsubmit=\"var pdf24Win = window.open('about:blank', 'pdf24PopWin', 'resizable=yes,scrollbars=yes,width=600,height=250,left='+(screen.width\/2-300)+',top='+(screen.height\/3-125)+''); pdf24Win.focus(); if(typeof pdf24OnCreatePDF === 'function'){void(pdf24OnCreatePDF(this,pdf24Win));}\"> \t\t<input type=\"hidden\" name=\"blogCharset\" value=\"Cw1x07UAAA==\" \/><input type=\"hidden\" name=\"blogPosts\" value=\"MwQA\" \/><input type=\"hidden\" name=\"blogUrl\" value=\"yygpKSi20tcvLy\/Xy8jPSM3LARK6pXnpqWmZOSWpRSV6KakA\" \/><input type=\"hidden\" name=\"blogName\" value=\"88jPSM3LARK6pXnpqWmZOSWpRSUA\" \/><input type=\"hidden\" name=\"blogValueEncoding\" value=\"gzdeflate base64\" \/><input type=\"hidden\" name=\"postId_0\" value=\"MzQzsDAHAA==\" \/><input type=\"hidden\" name=\"postTitle_0\" value=\"U1O2MDIysnZPzU3NzCtOzkhMKykGUqU5qQqleSkKKYnFCsEgbnFlcUlq7qOGOQqPGiYreOal5ZelFiXmFZck5pSU5qUrJOYquOTn5aUWAUXSFTLzQLrKDy9JygQapuCRmJMDAA==\" \/><input type=\"hidden\" name=\"postLink_0\" value=\"yygpKSi20tcvLy\/Xy8jPSM3LARK6pXnpqWmZOSWpRSV6Kan69gW2hmYGFuYA\" \/><input type=\"hidden\" name=\"postAuthor_0\" value=\"S0zJzcwDAA==\" \/><input type=\"hidden\" name=\"postDateTime_0\" value=\"MzIwNNY1MNM1tFQwsLAyMLMysgQA\" \/><input type=\"hidden\" name=\"postContent_0\" value=\"hVZNbxs3EL33Vwx8lqU4Hw1iKA5sOG7SJG2BxDbQS0B5Z3eJ5ZICyfW2OuWHFO3FvyGn3PRP8kv6hpRsRdo4F3u1S868ee\/NkNP50TRE72x19FJbpte2dL5VUTsbrtkrG6IysbMVLbqWPtTcKvr66d9fuGVtw1WtyhjwrzNMnS3ovTyGv0Pk9uunf6jUtuBIqqVTZy17BKtG9PDBmH7trMbDwaMRIe7BMzqvPWlLBXs67ozCQ8jRFmyjx5rfQxzJG7YN28AM1Gr5H48IQWMc06lmuvgGsQ6RyuUXTwU+nXDosNlT44DOGhfG05mnydFP08mKgOlkjl+FvsZf0MLt0YXLiN5HVUTQ0a8iA0a\/vJlpVE6vlDHTCRbn7Xd8DnGkTCDLHefS+MVW7vnRG4VSsW1Fda99IbScqILt\/iWKiaB2xr4SXAvWkYJDSaDIAV9AqaHpomYPsnqUnUrXpgDqMHdGR92QbumtsgUoUzPW4I\/rmBbCAeCr9lKilD1UwYyDg6hIhTBnrulCWnrKM6jAY3qvRZ8iVbj8YgBS1YbtKCVol58royED\/dkF1bbQgSvJdg2is3cikDkfZceZuqobv7wpUbKyFZvRbSkVe76qo64aoUCcJ+HP28BxsUZ\/\/tv+CdfiQAmX1gcwdQ0\/wd0U8IVs54VtXTG9gne6APdjPUIIgGsH77Blm6JnyeyavsQb2zHsChcMLGg865CxrS20Y5xVkJQJ5l3e2HV2MOmgLZZou7sNnfNY2mq7Q1I6fHyy8\/ESDUMtyBIwm0IL9QNCWyhdSdNa6hmcANAlG5HuuAuwZZNQZoOi+EA1zGRT\/j6vO1NNdJ5XTBcqtaJ1sYc9dPViu11ecWTvEFPH5U0UEs8t3njYJZf1FnRK94UZd1BUm4Rgp4MwSy51CLwqBw7UqQoJsfWBIDhJ21zVmrPQpzos9NxoeV5XBBSSPK7Z+sO7kkOAZKd+jEZ1XiYKnbja0LGNfbIvYpd05pWQtOiGe0kgyVjdmJpUpTmVK4by2IOXJ2IxjN2Xf81hZh14KJwMXBSz\/FyW0FzaLIo5S1HbqGLdFt8x4tqn6w7zXEmXJH2l4HEqNtWoUj8E4DoGQcU3Y1sPeDKNllvk14kuY1aSCE2F0NXELr89cyKIYEjDAAzRO\/ZNq8ytir7B9Fi1flzrlwaL3ySThb4qd2medZWMOphVCaGAF+a80JKW5subQlWuEkY4C5dgZpuLgt9OlwEB8sQVQU9g1Tni5jnUVpheqffu9bgrss8GTD7ebpYLeAwQ0xF3e6DttEJSS5akSuCN6AHApnmtPUt7pnP2Nc5M2DuGfFy+9OAkCdBv9EseHDh6auWL\/TfKm\/1zq6V7cjEfll9mOpGVLgKxg+xI1ajsDogWV2zt5xVuoZXZzJAEtDI3OiMhR\/DXioKs6q1GDaajdEayMft5Z5vIac4cgsHas59lG4\/yxpzxjmsZ89ljo02\/wCVAOsjtmNL1SAlUoxkXDznjTuW0DUEaRVbD2nBN8tu2YJcwK86szfvViqk3OLxh\/sMd9X506QA9Lb1Tvon084iePn7y8NHuxSRfcT6w4dLZQ3rw9NnB5OmTg\/0H2wBfCzmWB3BMFYHR8vleHeP8cDLp+36M+L3ilKdGmnHBexQVqo\/P9z7OjLLN3tHwuulE3Ru5VFc8c64ZX7l2srV9OMd9O36ULfYatxaftrrZx9Xu7+a6b8Ndqkm6Qv4P\" \/> \t\t<a href=\"https:\/\/www.pdf24.org\" target=\"_blank\" title=\"www.pdf24.org\" rel=\"nofollow\"><img src=\"https:\/\/www.hohenlohe-ungefiltert.de\/wp-content\/plugins\/pdf24-post-to-pdf\/img\/pdf_32x32.png\" alt=\"\" border=\"0\" height=\"32\" \/><\/a> \t\t<span class=\"pdf24Plugin-cp-space\">&nbsp;&nbsp;<\/span> \t\t<span class=\"pdf24Plugin-cp-text\">Sende Artikel als PDF<\/span> \t\t<span class=\"pdf24Plugin-cp-space\">&nbsp;&nbsp;<\/span> \t\t<input class=\"pdf24Plugin-cp-input\" style=\"margin: 0px;\" type=\"text\" name=\"sendEmailTo\" placeholder=\"Emailadresse\" \/> \t\t<input class=\"pdf24Plugin-cp-submit\" style=\"margin: 0px;\" type=\"submit\" value=\"Senden\" \/> \t<\/form> <\/div>","protected":false},"excerpt":{"rendered":"<p>Eine Informationsveranstaltung zum Thema \u201eGemeinschaftsschule und Schulsystem\u201c findet am Donnerstag, 20. Juni 2013, um 19 Uhr in der Aula des Schulzentrum Ost, Schenkenseestra\u00dfe, statt. Die Veranstaltung ist f\u00fcr die Besucher kostenlos. Von der Stadtverwaltung Schw\u00e4bisch Hall Gemeinschaftsschule als neue Schule? Kaum ein Thema wird in Baden-W\u00fcrttemberg derzeit so kontrovers diskutiert, wie die Bildungspolitik im Land. [&hellip;]<\/p>\n","protected":false},"author":1,"featured_media":0,"comment_status":"open","ping_status":"open","sticky":false,"template":"","format":"standard","meta":[],"categories":[1,10,2,8,5],"tags":[],"_links":{"self":[{"href":"https:\/\/www.hohenlohe-ungefiltert.de\/index.php?rest_route=\/wp\/v2\/posts\/16087"}],"collection":[{"href":"https:\/\/www.hohenlohe-ungefiltert.de\/index.php?rest_route=\/wp\/v2\/posts"}],"about":[{"href":"https:\/\/www.hohenlohe-ungefiltert.de\/index.php?rest_route=\/wp\/v2\/types\/post"}],"author":[{"embeddable":true,"href":"https:\/\/www.hohenlohe-ungefiltert.de\/index.php?rest_route=\/wp\/v2\/users\/1"}],"replies":[{"embeddable":true,"href":"https:\/\/www.hohenlohe-ungefiltert.de\/index.php?rest_route=%2Fwp%2Fv2%2Fcomments&post=16087"}],"version-history":[{"count":2,"href":"https:\/\/www.hohenlohe-ungefiltert.de\/index.php?rest_route=\/wp\/v2\/posts\/16087\/revisions"}],"predecessor-version":[{"id":16105,"href":"https:\/\/www.hohenlohe-ungefiltert.de\/index.php?rest_route=\/wp\/v2\/posts\/16087\/revisions\/16105"}],"wp:attachment":[{"href":"https:\/\/www.hohenlohe-ungefiltert.de\/index.php?rest_route=%2Fwp%2Fv2%2Fmedia&parent=16087"}],"wp:term":[{"taxonomy":"category","embeddable":true,"href":"https:\/\/www.hohenlohe-ungefiltert.de\/index.php?rest_route=%2Fwp%2Fv2%2Fcategories&post=16087"},{"taxonomy":"post_tag","embeddable":true,"href":"https:\/\/www.hohenlohe-ungefiltert.de\/index.php?rest_route=%2Fwp%2Fv2%2Ftags&post=16087"}],"curies":[{"name":"wp","href":"https:\/\/api.w.org\/{rel}","templated":true}]}}