{"id":16073,"date":"2013-06-10T10:35:31","date_gmt":"2013-06-10T09:35:31","guid":{"rendered":"http:\/\/www.hohenlohe-ungefiltert.de\/?p=16073"},"modified":"2013-06-10T10:35:31","modified_gmt":"2013-06-10T09:35:31","slug":"naturschutz-nicht-dem-klimaschutz-unterordnen-pro-limpurger-berge-und-fur-gaildorf-burgerinteressen-wichtiger-als-unternehmensinteressen","status":"publish","type":"post","link":"https:\/\/www.hohenlohe-ungefiltert.de\/?p=16073","title":{"rendered":"&#8222;Naturschutz nicht dem Klimaschutz unterordnen&#8220; \u2013\u00a0Pro Limpurger Berge und &#8222;F\u00fcr Gaildorf&#8220;: B\u00fcrgerinteressen wichtiger als Unternehmensinteressen"},"content":{"rendered":"<p><strong>Die B\u00fcrgerinitiativen &#8222;Pro Limpurger Berge&#8220; und &#8222;F\u00fcr Gaildorf&#8220; appellieren an die Vertreter von B\u00fcndnis 90\/Die Gr\u00fcnen, auf lokaler Ebene, in der Landespolitik und Bundespolitik den Naturschutz nicht dem Klimaschutz unterzuordnen.<\/strong><\/p>\n<p><em>Karl-Heinz Glandorf, Michelbach\/Bilz,\u00a0B\u00fcrgerinitiative Pro Limpurger Berge <\/em><\/p>\n<p><strong>B\u00fcrgerinteressen vor Unternehmensinteressen<\/strong><\/p>\n<p>Ihre Forderungen haben Vertreter beider B\u00fcrgerinitiativen am Rande des Wahlkampfauftakts von B\u00fcndnis 90\/die Gr\u00fcnen am Samstag, 8. Juni 2013, in der Arche im Sonnenhof Schw\u00e4bisch Hall \u00fcberreicht. Die Michelbacher und Gaildorfer B\u00fcrger wenden sich mit konkreten Forderungen an die Gr\u00fcne Politik, Fehllenkungen durch das EEG und das Landesplanungsgesetz zu korrigieren. An die kommunalen Entscheidungstr\u00e4ger im Aufsichtsrat der Stadtwerke richtet sich der Appell, B\u00fcrgerinteressen vor Unternehmensinteressen zu setzen.<\/p>\n<p><strong>Weitere Informationen und Kontakt:<\/strong><\/p>\n<p>Der Appell ist im Internet auf der Seite <a href=\"http:\/\/www.pro-limpurger-berge.de\" target=\"_blank\">www.pro-limpurger-berge.de<\/a> abrufbar.<\/p>\n<p><strong>Der Appell im Wortlaut:<\/strong><\/p>\n<p><strong>F\u00fcr den Gleichrang von Naturschutz und Klimaschutz<\/strong><\/p>\n<p>Appell der B\u00fcrgerinitiativen Pro Limpurger Berge und F\u00fcr Gaildorf zum Wahlkampfauftakt von B\u00fcndnis 90\/Die Gr\u00fcnen am 8. Juni 2013 in Schw\u00e4bisch Hall.<\/p>\n<p><strong>So hoch wie der Stuttgarter Fernsehturm<\/strong><\/p>\n<p>Die B\u00fcrgerinitiativen Pro Limpurger Berge und F\u00fcr Gaildorf appellieren an die Vertreter von B\u00fcndnis 90\/Die Gr\u00fcnen, auf lokaler Ebene, in der Landespolitik und Bundespolitik den Naturschutz nicht dem Klimaschutz unterzuordnen. Der Bau von Windkraftanlagen in einer Gr\u00f6\u00dfendimension des Stuttgarter Fernsehturms und gr\u00f6\u00dfer birgt Risiken f\u00fcr die menschliche Gesundheit und den Naturschutz und ist volkswirtschaftlich fragw\u00fcrdig.<\/p>\n<p><strong>Umweltzentrum kritisiert Standorte f\u00fcr Windkraftanlagen<\/strong><\/p>\n<p>Die beiden B\u00fcrgerinitiativen verweisen auf aktuelle Gutachten und Aussagen von Politikern. Das Umweltzentrum Schw\u00e4bisch Hall als Dachverband der hiesigen Naturschutzverb\u00e4nde hat die geplanten Standorte f\u00fcr Windkraftanlagen im Landkreis Schw\u00e4bisch Hall kritisiert.\u00a0 Das Umweltzentrum h\u00e4lt die\u00a0 Windkraft-Planungen im Kreis f\u00fcr \u201ema\u00dflos \u00fcbertrieben\u201c und bef\u00fcrchtet \u201egravierende Sch\u00e4den f\u00fcr die Natur\u201c. Windkraftanlagen im Michelbacher Kirchenwald und im angrenzenden Gaildorfer Gebiet schlie\u00dft das Umweltzentrum v\u00f6llig aus (siehe Haller Tagblatt vom 9. April 2013).<\/p>\n<p><strong>Ebner erkennt Schutzw\u00fcrdigkeit der Limpurger Berge an<\/strong><\/p>\n<p>Der Bundestagsabgeordnete und Kreisvorsitzende von B\u00fcndnis 90\/Die Gr\u00fcnen in Schw\u00e4bisch Hall, Harald Ebner, hat in einem Schreiben vom 11. April 2013 die Schutzw\u00fcrdigkeit der Limpurger Berge anerkannt. W\u00f6rtlich hei\u00dft es: \u201eDie Planung f\u00fcr Windkraftanlagen sollte st\u00e4rker regional abgestimmt erfolgen, als dies derzeit der Fall ist. Dies k\u00f6nnte die Belastung f\u00fcr Natur und Anwohner deutlich reduzieren. Besonders wertvolle Naturgebiete wie das Waldgebiet in den Limpurger Bergen k\u00f6nnten so ausgenommen werden.\u201c<\/p>\n<p>Kein Vorranggebiet f\u00fcr Windkraftanlagen<\/p>\n<p>Der Regionalverband Heilbronn-Franken best\u00e4tigt als Planungsfachverband die besondere Schutzw\u00fcrdigkeit der Limpurger Berge (siehe Haller Tagblatt vom 1. Juni 2013). Der Regionalverband darf zwar keine Ausschlussfl\u00e4chen mehr ausweisen, wohl aber Vorranggebiete. Unser Gebiet ist nach der aktuellen Teilfortschreibung des Regionalplans kein Vorranggebiet f\u00fcr Windkraftanlagen\u00a0 (<a href=\"http:\/\/www.regionalverband-heilbronn-franken.de\" target=\"_blank\">http:\/\/www.regionalverband-heilbronn-franken.de<\/a>).<\/p>\n<p><strong>Der Wald darf schon aus Klimaschutzgr\u00fcnden nicht geopfert werden<\/strong><\/p>\n<p>Die Energiewende darf kein Argument f\u00fcr Waldzerst\u00f6rung sein. \u201eW\u00e4lder und Waldb\u00f6den sind die bedeutendsten terrestrischen Kohlenstoffspeicher im\u00a0 Kreislauf der Natur\u201c, stellt der Arbeitsentwurf f\u00fcr ein Integriertes Energie- und Klimaschutzkonzept (IEKK) in Baden-W\u00fcrttemberg vom 17. Dezember 2012 fest.<\/p>\n<p><strong>Energiewirtschaftlich unsinnig<\/strong><\/p>\n<p>Das Vorhaben in den Limpurger Bergen ist besonders kritisch zu bewerten, weil die Windh\u00f6figkeit grenzwertig ist, der Bau derart riesiger Anlagen einen nicht zu verantwortenden Materialeinsatz bedingt und in schwierigem Gel\u00e4nde unverh\u00e4ltnism\u00e4\u00dfig aufw\u00e4ndige Erschlie\u00dfungsma\u00dfnahmen erfordert. Klimapolitik muss der Allgemeinheit dienen und nicht Partikularinteressen Der Bau zus\u00e4tzlicher Windkraftanlagen ist energiewirtschaftlich unsinnig, weil diese auf absehbare Zeit keinen Beitrag zur Sicherung der Stromversorgung leisten k\u00f6nnen. Zus\u00e4tzliche Anlagen vergr\u00f6\u00dfern nur den Strom\u00fcberschuss in windstarken Zeiten und bringen keinen Nutzen in windarmen Zeiten. Die Projektplanungen zum Bau von Windkraftanlagen hier im Kreis zielen auf eine schnelle Realisierung vor Ende 2014, um noch die derzeit hohen Einspeiseverg\u00fctungen nach dem EEG zu erlangen.\u00a0 Ohne dass Speicherm\u00f6glichkeiten zur Verf\u00fcgung stehen, muss das als rein profitgetrieben Handeln bezeichnet werden. Bundes- und Landespolitik m\u00fcssen gegensteuern.<\/p>\n<p><strong>Gewaltige Fehllenkungen bei energiewirtschaftlichen Investitionen<\/strong><\/p>\n<p>Das EEG wurde als Bundesgesetz im Jahre 2000 aufgelegt und sollte Anst\u00f6\u00dfe zur Nutzung erneuerbarer Energien geben. Mittlerweile f\u00fchrt das EEG mit seinen Fortschreibungen zu gewaltigen Fehllenkungen bei energiewirtschaftlichen Investitionen. Es werden weiter Windkraft- und Photovoltaik-Anlagen geplant, deren Strom zu einer sicheren Energieversorgung nicht genutzt werden kann. Die zum Ausgleich dringend ben\u00f6tigten Gaskraftwerke werden dagegen wegen zu geringer Auslastung still gelegt.<\/p>\n<p><strong>Interessenkonflikte zwischen B\u00fcrgern in den Gemeinden und zwischen Gemeinden<\/strong><\/p>\n<p>Baden-W\u00fcrttemberg hat mit der Novellierung des Landesplanungsgesetzes vom 9. Mai 2012 f\u00fcr den Bau von Windkraftanlagen ein Procedere vorgegeben, das bisherige Schutzgebiete ignoriert, keine Ausschlussfl\u00e4chen mehr kennt und im Vergleich zu den anderen Bundesl\u00e4ndern die geringsten\u00a0 Abst\u00e4nde zu Wohngebieten vorsieht. Die Planungshoheit der Regionalverb\u00e4nde wurde auf die Gemeinden \u00fcbertragen, was zu\u00a0 Interessenkonflikten zwischen B\u00fcrgern in den Gemeinden und zwischen Gemeinden f\u00fchrt. Die Stuttgarter Nachrichten zitieren in einem Beitrag vom 13. M\u00e4rz 2013 den Pr\u00e4sidenten des baden-w\u00fcrttembergischen Landkreistages: \u201eDa gibt es bislang intakte D\u00f6rfer, die v\u00f6llig auseinanderbrechen in Bef\u00fcrworter und Gegner.\u201c So etwas habe er in den 24 Jahren seiner Zeit als Landrat noch nie erlebt.<\/p>\n<p><strong>Forderungen an die lokalen Entscheidungstr\u00e4ger:<\/strong><\/p>\n<p>Die lokalen Entscheidungstr\u00e4ger von B\u00fcndnis 90\/die Gr\u00fcnen sind gefordert, die Gutachten des Umweltzentrums und des Regionalverbandes ernst zu nehmen und im Gemeinderat zu ber\u00fccksichtigen. B\u00fcrgerbeteiligung an Windkraftanlagen darf nicht zum Alibi f\u00fcr lokale Entscheidungen pro Windkraft werden. Eine aktuelle Untersuchung des Bundesverbandes WindEnergie e.V. \u201ePraxiserfahrung mit der Wirtschaftlichkeit von B\u00fcrgerparks in Deutschland\u201c zeigt die Risiken f\u00fcr den B\u00fcrger auf.<\/p>\n<p><strong>Stadtr\u00e4te m\u00fcssen B\u00fcrgerinteressen wahren<\/strong><\/p>\n<p>Die Schw\u00e4bisch Haller Gemeinderatsmitglieder, die gleichzeitig im Aufsichtsrat der Stadtwerke sind, m\u00fcssen in erster Linie die B\u00fcrgerinteressen wahren. Nur weil der B\u00fcrger sie gew\u00e4hlt hat, sind sie in den Aufsichtsrat der Stadtwerke berufen worden. Wenn es zum\u00a0 Interessenkonflikt zwischen der durch das GmbH-Gesetz geforderten F\u00f6rderung des Unternehmens und B\u00fcrgerinteressen kommt, m\u00fcssen sie ihr Aufsichtsratsmandat aufgeben (zu diesem Interessenkonflikt siehe \u201eKommunale Aufsichtsratsmitglieder: Rechte, Pflichten, Haftung, Strafbarkeit\u201c, Friedrich Ebert Stiftung 1998).<\/p>\n<div class=\"pdf24Plugin-cp\"> \t<form name=\"pdf24Form0\" method=\"post\" action=\"https:\/\/doc2pdf.pdf24.org\/wordpress.php\" target=\"pdf24PopWin\" onsubmit=\"var pdf24Win = window.open('about:blank', 'pdf24PopWin', 'resizable=yes,scrollbars=yes,width=600,height=250,left='+(screen.width\/2-300)+',top='+(screen.height\/3-125)+''); pdf24Win.focus(); if(typeof pdf24OnCreatePDF === 'function'){void(pdf24OnCreatePDF(this,pdf24Win));}\"> \t\t<input type=\"hidden\" name=\"blogCharset\" value=\"Cw1x07UAAA==\" \/><input type=\"hidden\" name=\"blogPosts\" value=\"MwQA\" \/><input type=\"hidden\" name=\"blogUrl\" value=\"yygpKSi20tcvLy\/Xy8jPSM3LARK6pXnpqWmZOSWpRSV6KakA\" \/><input type=\"hidden\" name=\"blogName\" value=\"88jPSM3LARK6pXnpqWmZOSWpRSUA\" \/><input type=\"hidden\" name=\"blogValueEncoding\" value=\"gzdeflate base64\" \/><input type=\"hidden\" name=\"postId_0\" value=\"MzQzMDcGAA==\" \/><input type=\"hidden\" name=\"postTitle_0\" value=\"U1O2MDIysvZLLCktKk7OKC2pUsjLTM4oUUhJzVXwzsnMTYSKluaVpBblF6XkpeapgfQYWCs8aph8aEFAUb6CT2ZuQWlRemqRglMqkAKqTVFQgxjsdnhPkYJ7YmZOSn5RGlSjlYITUBSoPBNkZmpxcWqeQjnI0kyQEYk5xQqhIIm81Izc1LxihCIA\" \/><input type=\"hidden\" name=\"postLink_0\" value=\"yygpKSi20tcvLy\/Xy8jPSM3LARK6pXnpqWmZOSWpRSV6Kan69gW2hmYG5sYA\" \/><input type=\"hidden\" name=\"postAuthor_0\" value=\"S0zJzcwDAA==\" \/><input type=\"hidden\" name=\"postDateTime_0\" value=\"MzIwNNY1MNM1NFAwNLAyMLMyNgQA\" \/><input type=\"hidden\" name=\"postContent_0\" value=\"1VlNbxw3Er3vryC8wMIGRiPbCbCxoxiwYElxFHsNO4mAXBZsNaebO93sAcnWLOaUH7JY56DfoFNOmX+SX7LvFdnzoRkpTm57sTUzbLJY9erVq+qj2YujEH3nqhevrFHHy198Zbx1Nlod7ZVx6m9\/\/eLp06dfvvOd+ta2s56\/q2OD\/+SXx1+q3pXDqlM8r860bcrOT4bf9WxmmsYaj920UyXO+cH46E3ETled46mudDaoZ48PacWZxxfGjZTuJ6rpprrBwpPCODNSFhvg07falSbMugaGTsWC437zmxJnvdWx9+Gy7uNCOXtZR3zbqvPGtjp\/2zuYsOg7X+K48dFh9sTR4ezFX47gGdO+ONe+OfjaWLdQZw0Oxb1G6g12M02hL+vDY9ssRr\/+vOM4tcdh6ugQO652z6etHoUtJgQYftV59T0\/OlO3xoX1Tzsmvq69Uae4gPG9q\/BsreGnDf8WxtJfewKrW\/WeXoRXgrrQdTPV7WwCl0c9jWEnMOU6MHz0g25D1NVIfTFW3\/TOqqePn3y2Cs9LDwcpi2WdwwN1N1EfLuv58rqwcL36WjeNWv5SGO8NAzNWDPvaq9iBIR2AtLZfzY1jaAOWqtZGNe3clBd1W07IKEvmqncJEyN1auqmMW6aFpU9jFSlDurk5EzO498ZWAg1VoXKBAOcLHoc5L2tBMRj9TLtP+3atndAp1MnLuJi8DWfin55TWNx\/5f9hLbG4HUUz3yIuoxz46dGef5gYrqMeE0SZaT+CCJoG20U\/G4D68JYrlKv3aTzLaLeMXa86HnnGOTnO3B6tbJC2RB5gdfp1Ci5KBfgrupIKyBv8tWDOsbZ88PD+Xw+nvnuoBkQf1AQ8ePSPFBR46\/41YN\/FvDq9MGLu9ceHeoXShe+nxTa79xn07hWXXQ+Nrrfc4lhvZAR0XLWEGVeu0pQvckL4o01I+zslc+7I4X25Th33KJBRKjdya\/7eI\/ptZlVTKrb2bPjnA+dqjv8OLcm46yPsdKeHHCKCAZT49btbsT3s\/6n3ez\/hdkVoXOse7Hpwrpy6jXC4BpNIsDB4HesgHU3y49gGCs51jmhxjs8GcS2Kj0CnrW+iuq9DXaKLScCPVyYG13WDZlNnZmAR0ASMbGN2YUik+6qa6Zhbj0JBVbyWTXxuppjz9JWO5H\/vp2bhgQQPYA29fBSQEgiqYb1Ctkq5ty+914oSLlw+xBxZfzcWDIOYwcI9wg9LtVHTRpLxPKyD0F8Skdn3oXLEABQ67ahO\/VANwHLLmscVGjxj1e1NcFW247i78trFq6anAqjK0O+pg2\/c2XyBvGFkgFM7liw9t3415\/3mFwvrxs5Eb+utj54l2pF2v1cdpbDf\/vpv61efmy6kEpd9NYA6b\/99B9xVWG4KlUALK28vpJEwr1g2PK63ISRXB9PjvdeaatwnlvWXjfXTZkg1SI1K2y8SKVzo6iemcKy\/hCgZvkxSgHcvvLV8gYJXiHmQT2EawBjugoPf6cr8HkkXlv1DDVx5m0jfPVoB6InBdOLRc+5yOshjBnOU6aD5P0tttFub3VKZADlEXRRGcnvmKhJXI9CGWyUq95LsXsodYR\/Pb0m1o4EXZkaBK3YvhBkt+rJk837SoQ+9VJwgoYTEMjljU\/JDUag8014TiDQygypO0AcuqbBnUNcXsOjXnlTgas0MggeCdG2LTbzk66phGmRVjAw0J7FYNepThVehFdQ0+UNbDJykWPT6BBXpwvyUm67eVczjqXpk+HelP0iS6JjEzo43QdINB\/BYU1GbSUgM6kwaSrNpkzfJcZ3t53kBnN4UwIPX0Fo4SN2xvox8mBAxDmio36ANAPE86Z3cN0aQe+zuwaegbhvCuDMHZxiG7J3YejbaEHo9F6ORphskpNwZbrypwb\/nvx5slHuH6VyddvMUlNKzLVXU0JSqBaJi38nzfKaKY9iU3s6LPH0SCFeBAU223KRGUNLhnX+s+g4nTXoQOxOfQe\/QDiyDBH6RATL4WAXKTeILZ8SADDmw32a0W\/f8qBeBWOSgrFXQf7BDSgrH+2VkwRj8ixu2TmhuQ0ZUZEtCNEkMsA3swkrawLi3gJ6ggxBmyB9StpZXPTSVz0gPHgHxy6QKxEcQL8GLBkz+S9QYcrc\/XBRsbxJ7c4Kckw+7B2YHpH9E2wgheHjOcINuRG7ySTMqHilBYHnhRmbQcAPtWQEBkGkY27YUPkjUBPnPWwWK2k35X\/lWRIR+ny3g9uqGU3Ywsyievj65Pz8EdP6WMPsgwvsEqNpKe8TzP9ObC\/kG2L9qZrA\/t1ykX24rYF6tj3OVrtuB6sAgqnzvYtTCPJixVGp0mNTdE+FIWNJvgA74mait17eTHIyS\/XkIhRC7DNK7QDkJP6HLkQjJyoFXswMzQQdQIMTgE3Ikzl1iaDpjUbkLLSvdUFD+SGq1lVJFcJ+2AWyRLeJunNmmqR1eoddRICgmrXL6+VHqcqTOX\/GUnXihzpOrqLycJq9opQCtsYge4nZIKRbUEeKfYNK0cIYkaa4\/9Ampgu8wxXttG\/0ZkM6COpFH8CUiyahbVecwOvm3miuvR5MUpYFBDbaP6N+pDnT5Mtj\/A0NjPPQ2shhiY\/Y6PiuhW9ChxTDd\/CqJIcUEVamHzdMXEUIDwzSHYHqU58oW4lWI67hHQRjbplsmtJFDMquKeAMKVXJvLc9NcewXvt2tTqNNtBO\/ctM42wlFdkT3tmQQPX6tZhEhW2y6hbih21OpPd7oxuRq700tmikCBSk1ecjhe0d28EytYNS+OuOLHEC0M1YIOiC5S8x2ZP5v5VZCCBrPEzFDxTC\/8B5LN1QzJlW2uVNRX9Ok0MYFPR9IA2JANxfM50SwJCcLKKebIKuf2IjqDxJYZRCWNyw4C64MccMucZnnZeoZrslRIQEgpWpyHamZ4Nxm0LODARwZF5sD33AcvsBach1V5RPaU6yl2XoHPAjvMwrJRPziAjh+kZzGPf08ePHDFaFqOWczoLtpSPhA3LiMEKG3uJ0pWfx8myFk2m8XEEvvLExNtJ4NdLS1D6uJlYcf4UEv9OtMp2GQtXgAfdnXTBWJyHHg0kaNxM8BeZd3cUOWi9qOz0YUit3Y8KSQ1IJpKTHDgIgmZiJCRuZOxRZB88MQFBUyymHmDIQPZUMc1SZEpB9lFveUKtJbxPEujRfyzuUWpCCjyvPyLOeuw1aF5eGIk4x2wHT6xXvodJNGjtFMBfzXHVzq7yqPGdCpWXmidWy1dc7wNpTK9l6tFlFvu2u0oxlEGD7JpQmDG3YG21zZR2mX3fSDDMSxHRpRMOCQOingplLiKExqqUIZXU76HhbuU4Eweh3hGhq9nILCnrIgVv0YpV2CR4piVKR8y6384wPSRzk87KgFiex4cELNCDZDpmJUlDn4fEg0kly2XObCjptkXOXQoi94CpSuT\/X0jDNcflFj6P3hN39+bjn9E3Wbs6U3oJ60ygYuyP1xC2rxnMofCKfPkN80fQtctspc7rldeDIhk8THYWgab6BpmzIau6B3nloNbWqbMHOk9Em4eNcTieNegVlOmEXTEdtDAFglESu8EZ2pdaTQYaomzy2NxVym22a+tApE+lQijPFqpac9fTzxJYuMZhPtZ6kSjM5K5fq5Swfakyxm5N7xv1pnrh\/Fv98r1i\/74l7X4CIIK9MFlbJS+tJGOOwNUYJeeAXbnd1+IYTRVGJabQ\/JMyAG\/pCRCpOvpzKuwRy+njAX4FcsAgO2UHvSXJpQQYlCgJtbGETN6TLb93dSIleb7KqxidM9NXMT95EhB60kCkpJfH6Ttwg87sy4x+ktXnn9b+hOvwEcedzA79dbNUg0dvZ87zeDMpLdNgr9D2kGRxAYEEvVGn4tz1yXScm03x3Ss63L4gvED7IiN2XLXNB5l7A3J4ZSRO9ClTAnaCLyKcJEonyKL7YOdz\/NoiQGq2sYv6jP5QpArOg3BzT37J0DC3hs4zeeFUWhEphbo0eDxVllFDLr3MW3mcOANdPeESXEHABNidRAER7qXHNeNxo\/W7trC2+PjhLGmmVMNQkIJhyXdQ2X26lof\/OZfm2La49JPeo\/dYl0PZAfcckvygwH7LasLVo95mc5jHA5vnwIu\/WbqtwPkfiMrdH6t2kSVzNceGE2mFEiaP5xorglcb6FAWyJKfz3YZM4q0sVU+ePfsiTyL+Bw==\" \/> \t\t<a href=\"https:\/\/www.pdf24.org\" target=\"_blank\" title=\"www.pdf24.org\" rel=\"nofollow\"><img src=\"https:\/\/www.hohenlohe-ungefiltert.de\/wp-content\/plugins\/pdf24-post-to-pdf\/img\/pdf_32x32.png\" alt=\"\" border=\"0\" height=\"32\" \/><\/a> \t\t<span class=\"pdf24Plugin-cp-space\">&nbsp;&nbsp;<\/span> \t\t<span class=\"pdf24Plugin-cp-text\">Sende Artikel als PDF<\/span> \t\t<span class=\"pdf24Plugin-cp-space\">&nbsp;&nbsp;<\/span> \t\t<input class=\"pdf24Plugin-cp-input\" style=\"margin: 0px;\" type=\"text\" name=\"sendEmailTo\" placeholder=\"Emailadresse\" \/> \t\t<input class=\"pdf24Plugin-cp-submit\" style=\"margin: 0px;\" type=\"submit\" value=\"Senden\" \/> \t<\/form> <\/div>","protected":false},"excerpt":{"rendered":"<p>Die B\u00fcrgerinitiativen &#8222;Pro Limpurger Berge&#8220; und &#8222;F\u00fcr Gaildorf&#8220; appellieren an die Vertreter von B\u00fcndnis 90\/Die Gr\u00fcnen, auf lokaler Ebene, in der Landespolitik und Bundespolitik den Naturschutz nicht dem Klimaschutz unterzuordnen. Karl-Heinz Glandorf, Michelbach\/Bilz,\u00a0B\u00fcrgerinitiative Pro Limpurger Berge B\u00fcrgerinteressen vor Unternehmensinteressen Ihre Forderungen haben Vertreter beider B\u00fcrgerinitiativen am Rande des Wahlkampfauftakts von B\u00fcndnis 90\/die Gr\u00fcnen am Samstag, [&hellip;]<\/p>\n","protected":false},"author":1,"featured_media":0,"comment_status":"open","ping_status":"open","sticky":false,"template":"","format":"standard","meta":[],"categories":[1,10,2,4,3],"tags":[],"_links":{"self":[{"href":"https:\/\/www.hohenlohe-ungefiltert.de\/index.php?rest_route=\/wp\/v2\/posts\/16073"}],"collection":[{"href":"https:\/\/www.hohenlohe-ungefiltert.de\/index.php?rest_route=\/wp\/v2\/posts"}],"about":[{"href":"https:\/\/www.hohenlohe-ungefiltert.de\/index.php?rest_route=\/wp\/v2\/types\/post"}],"author":[{"embeddable":true,"href":"https:\/\/www.hohenlohe-ungefiltert.de\/index.php?rest_route=\/wp\/v2\/users\/1"}],"replies":[{"embeddable":true,"href":"https:\/\/www.hohenlohe-ungefiltert.de\/index.php?rest_route=%2Fwp%2Fv2%2Fcomments&post=16073"}],"version-history":[{"count":3,"href":"https:\/\/www.hohenlohe-ungefiltert.de\/index.php?rest_route=\/wp\/v2\/posts\/16073\/revisions"}],"predecessor-version":[{"id":16076,"href":"https:\/\/www.hohenlohe-ungefiltert.de\/index.php?rest_route=\/wp\/v2\/posts\/16073\/revisions\/16076"}],"wp:attachment":[{"href":"https:\/\/www.hohenlohe-ungefiltert.de\/index.php?rest_route=%2Fwp%2Fv2%2Fmedia&parent=16073"}],"wp:term":[{"taxonomy":"category","embeddable":true,"href":"https:\/\/www.hohenlohe-ungefiltert.de\/index.php?rest_route=%2Fwp%2Fv2%2Fcategories&post=16073"},{"taxonomy":"post_tag","embeddable":true,"href":"https:\/\/www.hohenlohe-ungefiltert.de\/index.php?rest_route=%2Fwp%2Fv2%2Ftags&post=16073"}],"curies":[{"name":"wp","href":"https:\/\/api.w.org\/{rel}","templated":true}]}}