{"id":15949,"date":"2013-05-21T09:55:22","date_gmt":"2013-05-21T08:55:22","guid":{"rendered":"http:\/\/www.hohenlohe-ungefiltert.de\/?p=15949"},"modified":"2013-05-21T16:31:26","modified_gmt":"2013-05-21T15:31:26","slug":"altersarmut-viele-menschen-machen-sich-sorgen-um-ihre-rente-kritischer-vortrag-in-schwabisch-hall-uber-die-vorsorgeluge","status":"publish","type":"post","link":"https:\/\/www.hohenlohe-ungefiltert.de\/?p=15949","title":{"rendered":"&#8222;Altersarmut: Viele Menschen machen sich Sorgen um ihre Rente&#8220; \u2013\u00a0Vortrag in Schw\u00e4bisch Hall \u00fcber &#8222;Die Vorsorgel\u00fcge&#8220;"},"content":{"rendered":"<p><strong>Zu einer gemeinsamen Veranstaltung zum Thema Altersarmut laden attac Schw\u00e4bisch Hall, Arbeiterwohlfahrt (AWO), Deutscher Gewerkschaftsbund (DGB), Diakonieverband Schw\u00e4bisch Hall und Evangelisches Kreisbildungswerk am Freitag, 7. Juni 2013, um 20 Uhr ins Schw\u00e4bisch Haller Brenzhaus, Mauerstra\u00dfe 5, ein.<\/strong><\/p>\n<p><em>Von Uli Simon, attac Schw\u00e4bisch Hall<\/em><\/p>\n<p><strong>Prognose: F\u00fcr M\u00e4nner 868 Euro und f\u00fcr Frauen 520 Euro<\/strong><\/p>\n<p>Viele Menschen machen sich Sorgen, wenn sie die j\u00e4hrliche Information der Deutschen Rentenversicherung aus dem Briefkasten ziehen. 2011 betrug die Durchschnittsrente f\u00fcr M\u00e4nner 868 Euro und f\u00fcr Frauen 520 Euro f\u00fcr viele Jahrzehnte Arbeit. Besonders schlimm trifft es Millionen Mini-JoblerInnen, Niedrig-L\u00f6hnerInnen und (Schein-)Selbst\u00e4ndige. Viele versuchen ihre Rente aufzubessern \u2013 durch Riester- oder R\u00fcrup-Versicherungen, Lebensversicherungen etc&#8230; J\u00fcngeren wird vorgemacht, dass sie wegen drohender Altersarmut privat vorsorgen m\u00fcssten.<\/p>\n<p><strong>Was ist da dran? Oder ist alles eine einzige \u201eVorsorge-L\u00fcge\u201c<\/strong><\/p>\n<p>Ist alles eine einzige Vorsorge-L\u00fcge von Versicherungs- und Finanzkonzernen, willf\u00e4hrigen Professoren und neoliberalen Politikern? Warum wird das an sich vern\u00fcnftige, politisch ausgeh\u00f6hlte Umlagesystem schlecht geredet?\u00a0 Warum wird es nicht auf eine breite zukunftsf\u00e4hige Basis gestellt?<\/p>\n<p><strong>Bestseller-Autoren Holger Balodis und Dagmar H\u00fchne<\/strong><\/p>\n<p>Diese und Ihre Fragen beantworten die Bestseller-Autoren Holger Balodis und Dagmar H\u00fchne. Beide sind Jahrgang 1960, berichten seit 25 Jahren unter anderem f\u00fcr die ARD-Magazine &#8222;plusminus&#8220;, &#8222;Ratgeber Recht&#8220; und &#8222;monitor&#8220; und sind ausgewiesene Experten auf dem Gebiet der Altersvorsorge und Versicherungen\u00a0 (&#8222;Die Vorsorgel\u00fcge \u2013 wie Politik und private Rentenversicherungen uns in die Altersarmut treiben&#8220;\/Econ, 3.Auflage 2012). Beide verfassten mehrere B\u00fccher f\u00fcr die Verbraucherzentralen und die \u201eStiftung Warentest\u201c. Beide kommen nach Schw\u00e4bisch Hall.<\/p>\n<p>Holger Balodis und Dagmar H\u00fchne kommen am Freitag, 7. Juni 2013, um 20 Uhr ins Brenzhaus, Mauerstra\u00dfe 5, in Schw\u00e4bisch Hall.<\/p>\n<p><strong> Presse-Stimmen zu H.Balodis\/D.H\u00fchne, Die Vorsorgel\u00fcge (Econ 2012):<\/strong><\/p>\n<p>\u201eWer riestert oder \u2013 als Selbst\u00e4ndiger \u2013 r\u00fcrupt, kann sein Geld genauso gut zum Fenster rauswerfen. Wer das immer noch nicht glaubt, sollte \u201eDie Vorsorgel\u00fcge\u201c von Holger Balodis und Dagmar H\u00fchne lesen. Hier decken die Autoren tats\u00e4chlich einen Skandal auf.\u201c (S\u00fcddeutsche Zeitung, 29.9.2012)<\/p>\n<p>\u201eDie Autoren zeigen auf, wie ein Interessengeflecht aus Politikern, Finanzlobbyisten und Wissenschaftlern die gesetzliche Rente sukzessive demontiert und der privaten Rentenversicherung den Weg geebnet hat, oft in der Grauzone von Beg\u00fcnstigung.\u201c (Manager Magazin, 17.9.2012)<\/p>\n<p>\u201eDenn eins ist sicher: der Profit\u2026\u201eMitten in der Diskussion \u00fcber Altersarmut stellen zwei unabh\u00e4ngige Journalisten das gesamte Altersversorgungssystem in Frage.\u201c (Stuttgarter Zeitung, 26.10.2012).<\/p>\n<p><strong>Die Veranstalter der Diskussion:<\/strong><\/p>\n<p>Eine gemeinsame Veranstaltung von attac Schw\u00e4bisch Hall, AWO, DGB, Diakonieverband Schw\u00e4bisch Hall und Evangelischem Kreisbildungswerk<\/p>\n<div class=\"pdf24Plugin-cp\"> \t<form name=\"pdf24Form0\" method=\"post\" action=\"https:\/\/doc2pdf.pdf24.org\/wordpress.php\" target=\"pdf24PopWin\" onsubmit=\"var pdf24Win = window.open('about:blank', 'pdf24PopWin', 'resizable=yes,scrollbars=yes,width=600,height=250,left='+(screen.width\/2-300)+',top='+(screen.height\/3-125)+''); pdf24Win.focus(); if(typeof pdf24OnCreatePDF === 'function'){void(pdf24OnCreatePDF(this,pdf24Win));}\"> \t\t<input type=\"hidden\" name=\"blogCharset\" value=\"Cw1x07UAAA==\" \/><input type=\"hidden\" name=\"blogPosts\" value=\"MwQA\" \/><input type=\"hidden\" name=\"blogUrl\" value=\"yygpKSi20tcvLy\/Xy8jPSM3LARK6pXnpqWmZOSWpRSV6KakA\" \/><input type=\"hidden\" name=\"blogName\" value=\"88jPSM3LARK6pXnpqWmZOSWpRSUA\" \/><input type=\"hidden\" name=\"blogValueEncoding\" value=\"gzdeflate base64\" \/><input type=\"hidden\" name=\"postId_0\" value=\"MzS1NLEEAA==\" \/><input type=\"hidden\" name=\"postTitle_0\" value=\"U1O2MDIysnbMKUktKk4syi0tsVIIy0zNSVXwTc0rTs5IzVPITQRTxZnJGQrB+UXpQHZprkJmRlGqQlBqXkmqGsgIA2uFRw2TDy0Iyy8qKUpMV8jMUwhOzig\/vCQpE2iKgkdiTo7C4T1JqUUKahAbXTJTFYCKi0EG5hzekw4zBgA=\" \/><input type=\"hidden\" name=\"postLink_0\" value=\"yygpKSi20tcvLy\/Xy8jPSM3LARK6pXnpqWmZOSWpRSV6Kan69gW2hqaWJpYA\" \/><input type=\"hidden\" name=\"postAuthor_0\" value=\"S0zJzcwDAA==\" \/><input type=\"hidden\" name=\"postDateTime_0\" value=\"MzIwNNY1MNU1MlQwsLQyMLUyMgIA\" \/><input type=\"hidden\" name=\"postContent_0\" value=\"nVdLbhtHEN3nFAUECGRgSEk0\/BckSKC+MeNAiiXAux5NzUyHPT1Cd48Yc+U7ZBskWQg5QlZchTfxSfKqZyjRohwbWdim+1OfV\/Ve9WxdbW\/54GpbbL9riLVlRwVX+OFVxZbO2SnrgzKhsQVNm4p+KrlStGsCO69c1QQyKsNJFYK6pLPLcjK\/SbW\/LOlIGZPQrktZ4\/CkLk2uShdobffizaOEhtwEHIPDQ56wG+O3yoNPG5vR2vBwT45oNa6t5mt2qcLyfeskZ\/evlS3YyCJ7+t6x9qk2GeL1YpZURQdYDKpI6FmfThqrabCx+TghZDPYoLelI6S7YhyB7Tm201I1PqGRapBwcGr+B9OTRKDqb6130G2tX21\/swUoudo+ry29NZrOdFXb5DOwbK3j5O2tzsqPri5s7fklHcxnjkbzGyvleP70Oe03ro7J5rJz4BCMpScIXjZWwjjXbJhGbAUSS5WK\/3gN52e1KxhhTdjKClOGPz\/Pb0pnsM10bPPaVSpoZJHB+aJIlk7ZBraohNhhJ+0AYHCoAkya87Hy2KepZpzuC8KblHJwTRF9DBt3WcKS1SF4J7baXL46y3bxOqZ2gj6acilG2vbq0x772iJiT3BidFVRcDrPA6EnRtoYJARjI21176ROUdxjuAUQP2jOnC56r+d\/l7ZbjTGsoWYocu\/RGZvUB4SZ6YL71IIrODQRF106bsEBHvm0Sdl7dpY+fviVMkmaTjUDGtejWhA9RRrNVe98CUiJ4zWnqNf1J6vE4fK7b58PHm+8opP5DEsAjibaZXQtdZTChoQy5X2s5YTlUuZqxCWulkl65fS1CnLPxxagaj7zUrH+\/Ta8UJ60DzALU8ru0BuxJStCCh9FQv6aAg5k+ft5ZxIQzgr++OG3lX48fvjupxcRWpSb2\/x9L9bhQFtlp5CBKVCNrYtq5tKxWtIAaXIgXruubJZro1OolpFN\/A56jIs7dKEc+B7BA2CkOkIAcQto8wBrCV3FC8JS9HbBJZoCGNLbyqiC\/XvgVcX+YgBPUo6Mw84\/fy4bR5ZWyza6oc03FfVhiOe4gR8vsUv6e8prDyMwakzYuV8GNHTwLDLU221CzO+oNoWokjJ1hquS7lAVlXJ0NJ+he1eAH6LzOJ47li4FowSylJUNk9oJXYWa\/8OT8E1nDAixI2wsoMG0+eLpRgLzTvIXxUHeNHgSD8TyoB0BPNoJMEY6i\/vd02FvpAo1Fayk3QeDV1em8ZW2jY\/\/33iVLDZOVSjAFNBIStDtxvi6AxBdjRyWd2KQsZ4TwQNe9n+54pi+1EgU7JBTzYHuSLPgSTTwKVdR7rXOGfC97WITm1hYDy+LzovXW+rxAwoaQQHb2jos0zWgZyAIXRrr+5cySx73d5tcOlHUdfBoUQRYzFXkMlUMpFHpvfksTtZbkJFCCj2VxSnCaOkhwckmSHwWdB5HPDpZwvQBRF44GNeVvAWskgFyb5LdyseXWmZh5WvH8X\/MXuD12TAW9IEwiBD3kFh0O23oqN8Ftz7stzHJC+N+BdcE6xbglyuEAlIXSNK1ih5aRZeaK4MHxPKgaJddFHto9FjZyAeLVjMZWG+RWU0FSi2PqgNov5ADJZJHSy4TVByJUkn8jmyNTFthKYxqUtj0tRFxQkwrWaB4UU+\/WBQjhOjTkRZnfDnuJGGhA0EFP7+RgQrvImZAHqlkygh1+uJm7Ww+y7LumUDvUFm0UUKDF\/0X\/YjiEnbDJdNTjvoNM0lkjGBzLAohZQM18lZk5Y1xJ+NJNw5MnabvdWx5yelCy532AWlk+EoOUFYO0\/ZZ085n34ynsK6vWUhf26ClhpEFSL+j6YMvHXngXnABm5xaCEWpgH+N14Vun0mHKNwUL4wI+h4XmCgeEwVXW4xGyiopRKdzCW0+ewgeeZTJ0ztO29b7y2hfppwGJf\/CqRFeUPLu6B5o2o8b5AS\/81l6b+jH0SJYT1gjT5WW6M5Chs9J3TirTAuhdBnQUlVYiJAkj2aSKdxNPbiL46OreWhCKJSTnr0r+dP+5kab1Aodh60Gdd8SsdmWY19l2r5Mg7svkXsfIgLzZz84Lt6A14d7\/+PzoVr9fIjx\/As=\" \/> \t\t<a href=\"https:\/\/www.pdf24.org\" target=\"_blank\" title=\"www.pdf24.org\" rel=\"nofollow\"><img src=\"https:\/\/www.hohenlohe-ungefiltert.de\/wp-content\/plugins\/pdf24-post-to-pdf\/img\/pdf_32x32.png\" alt=\"\" border=\"0\" height=\"32\" \/><\/a> \t\t<span class=\"pdf24Plugin-cp-space\">&nbsp;&nbsp;<\/span> \t\t<span class=\"pdf24Plugin-cp-text\">Sende Artikel als PDF<\/span> \t\t<span class=\"pdf24Plugin-cp-space\">&nbsp;&nbsp;<\/span> \t\t<input class=\"pdf24Plugin-cp-input\" style=\"margin: 0px;\" type=\"text\" name=\"sendEmailTo\" placeholder=\"Emailadresse\" \/> \t\t<input class=\"pdf24Plugin-cp-submit\" style=\"margin: 0px;\" type=\"submit\" value=\"Senden\" \/> \t<\/form> <\/div>","protected":false},"excerpt":{"rendered":"<p>Zu einer gemeinsamen Veranstaltung zum Thema Altersarmut laden attac Schw\u00e4bisch Hall, Arbeiterwohlfahrt (AWO), Deutscher Gewerkschaftsbund (DGB), Diakonieverband Schw\u00e4bisch Hall und Evangelisches Kreisbildungswerk am Freitag, 7. Juni 2013, um 20 Uhr ins Schw\u00e4bisch Haller Brenzhaus, Mauerstra\u00dfe 5, ein. Von Uli Simon, attac Schw\u00e4bisch Hall Prognose: F\u00fcr M\u00e4nner 868 Euro und f\u00fcr Frauen 520 Euro Viele Menschen [&hellip;]<\/p>\n","protected":false},"author":1,"featured_media":0,"comment_status":"open","ping_status":"open","sticky":false,"template":"","format":"standard","meta":[],"categories":[1,9,2,8,5,3],"tags":[],"_links":{"self":[{"href":"https:\/\/www.hohenlohe-ungefiltert.de\/index.php?rest_route=\/wp\/v2\/posts\/15949"}],"collection":[{"href":"https:\/\/www.hohenlohe-ungefiltert.de\/index.php?rest_route=\/wp\/v2\/posts"}],"about":[{"href":"https:\/\/www.hohenlohe-ungefiltert.de\/index.php?rest_route=\/wp\/v2\/types\/post"}],"author":[{"embeddable":true,"href":"https:\/\/www.hohenlohe-ungefiltert.de\/index.php?rest_route=\/wp\/v2\/users\/1"}],"replies":[{"embeddable":true,"href":"https:\/\/www.hohenlohe-ungefiltert.de\/index.php?rest_route=%2Fwp%2Fv2%2Fcomments&post=15949"}],"version-history":[{"count":4,"href":"https:\/\/www.hohenlohe-ungefiltert.de\/index.php?rest_route=\/wp\/v2\/posts\/15949\/revisions"}],"predecessor-version":[{"id":15953,"href":"https:\/\/www.hohenlohe-ungefiltert.de\/index.php?rest_route=\/wp\/v2\/posts\/15949\/revisions\/15953"}],"wp:attachment":[{"href":"https:\/\/www.hohenlohe-ungefiltert.de\/index.php?rest_route=%2Fwp%2Fv2%2Fmedia&parent=15949"}],"wp:term":[{"taxonomy":"category","embeddable":true,"href":"https:\/\/www.hohenlohe-ungefiltert.de\/index.php?rest_route=%2Fwp%2Fv2%2Fcategories&post=15949"},{"taxonomy":"post_tag","embeddable":true,"href":"https:\/\/www.hohenlohe-ungefiltert.de\/index.php?rest_route=%2Fwp%2Fv2%2Ftags&post=15949"}],"curies":[{"name":"wp","href":"https:\/\/api.w.org\/{rel}","templated":true}]}}