{"id":15933,"date":"2013-05-24T05:36:40","date_gmt":"2013-05-24T04:36:40","guid":{"rendered":"http:\/\/www.hohenlohe-ungefiltert.de\/?p=15933"},"modified":"2013-05-24T05:36:40","modified_gmt":"2013-05-24T04:36:40","slug":"der-haalgeist-fliegt-auf-bucher-kinder-und-jugendliteraturtage-baden-wurttemberg-in-schwabisch-hall","status":"publish","type":"post","link":"https:\/\/www.hohenlohe-ungefiltert.de\/?p=15933","title":{"rendered":"&#8222;Der Haalgeist fliegt auf B\u00fccher&#8220; \u2013\u00a0Kinder- und Jugendliteraturtage Baden-W\u00fcrttemberg in Schw\u00e4bisch Hall"},"content":{"rendered":"<p><strong>Die Kinder- und Jugendliteraturtage Baden-W\u00fcrttemberg in Schw\u00e4bisch Hall starten am Mittwoch, 18. September 2013. Das Programm ist vor kurzem erschienen.<br \/>\n<\/strong><\/p>\n<p><em>Von der Stadtverwaltung Schw\u00e4bisch Hall<\/em><\/p>\n<p><strong>\u00d6ffentliche Lesungen<\/strong><\/p>\n<p>Es wird ein gro\u00dfes Lesefest f\u00fcr Kinder, Jugendliche und Erwachsene: die 19. Kinder- und Jugendliteraturtage Baden-W\u00fcrttemberg in Schw\u00e4bisch Hall starten am Mittwoch, 18. September 2013. Nun liegt der erste Programmflyer mit den \u00f6ffentlichen Leseterminen vor. Konzipiert wird das Lesefest von einem kleinen Team: Kulturbeauftragte Ute Christine Berger (Projektleitung), Elisabeth Graf und Dorothea Lebrecht von der Stadtbibliothek haben \u00fcber ein Jahr das Programm geplant und mehr als 30 Kooperationspartner gefunden. Au\u00dferdem beteiligen sich 24 Haller Schulen.<\/p>\n<p><strong>Stadtgeschichte Schw\u00e4bisch Hall f\u00fcr Kinder<\/strong><\/p>\n<p>Als unverwechselbar h\u00e4llisches Maskottchen wurde der Haalgeist auserkoren: er fliegt auf B\u00fccher und verspricht: Lesen begeistert! \u2013 als jahrhundertealter Geist muss er es schlie\u00dflich wissen&#8230; Am 18. September 2013 ist der Auftakt des Literaturfestivals mit einer Buchpr\u00e4sentation: Die druckfrische Stadtgeschichte Schw\u00e4bisch Hall f\u00fcr Kinder wird vorgestellt.<\/p>\n<p><strong>Paul Maar, Erhard Dietl und andere Autoren kommen<\/strong><\/p>\n<p>Es folgen Autorenauftritte von Paul Maar, Erhard Dietl, Ulrike Schweikert, Alexander Steffensmeier, Martin Baltscheit, Jutta Richter. Astrid Frank liest im Reitverein, Ulli Schubert im Fu\u00dfballclub Steinbach. Grimm-M\u00e4rchen werden vom Theater Schreiber &amp; Post und von Gerhards Marionettentheater gespielt. Inszenierte Lesungen \u201eDas magische Baumhaus\u201c und \u201eRitter Rost\u201c sowie eine Vampirnacht und Aktionen im Heimbacher Hof sind im Angebot f\u00fcr Kinder bis 12 Jahre.<\/p>\n<p><strong>Poetry Slam, Liebeslyrik-Kreativworkshop, H\u00f6rspielworkshop und Schreibwettbewerb<\/strong><\/p>\n<p>F\u00fcr junge Menschen ab 13 Jahre ist das Jugendprogramm mit folgenden Autorenlesungen geplant: Comburg-Stipendiat Finn-Ole Heinrich, der auch im Kinderprogramm auftritt, macht den Anfang, es folgen Katarina Bader, Klaus Kordon, Philipp Scharri, Nina Blazon, Inge Barth-Gr\u00f6zinger, Zoran Drvenkar und Ursula Poznanski. Aktives Mitmachen ist gefragt beim Poetry Slam, beim Liebeslyrik-Kreativworkshop, H\u00f6rspielworkshop und beim Schreibwettbewerb.<\/p>\n<p><strong>F\u00fcr die Jugendangebote gibt es eine eigene Facebookseite:<\/strong><br \/>\n<a href=\" http:\/\/www.facebook.com\/pages\/Kinder-und-Jugendliteraturtage-Baden-W%C3%BCrttemberg-in-Schw%C3%A4bisch-Hall-2013\/147541085418846?ref=hl\" target=\"_blank\"> http:\/\/www.facebook.com\/pages\/Kinder-und-Jugendliteraturtage-Baden-W%C3%BCrttemberg-in-Schw%C3%A4bisch-Hall-2013\/147541085418846?ref=hl<\/a><\/p>\n<p>Hinzu kommen die nicht\u00f6ffentlichen Lesungen an allen Haller Schulen. Insgesamt kommen rund 25 Autorinnen und Autoren nach Schw\u00e4bisch Hall. Dazu viele weitere Mitwirkende. Doch l\u00e4ngst nicht alle Angebote sind im ersten Flyer enthalten. Das ausf\u00fchrliche Programmheft mit allen Terminen und Ausstellungen erscheint im Juli 2013. Informationen gibt es im Kulturb\u00fcro der Stadt Schw\u00e4bisch Hall.<\/p>\n<p><strong>Autorinnen und Autoren von A-Z:<\/strong><\/p>\n<p><strong>Lesungen f\u00fcr Kinder:<\/strong><\/p>\n<p>Martin Auer, Martin Baltscheit (Das Gold des Hasen), Karin Bruder (Asphaltsommer), Timo Brunke (10 Minuten Dings), Erhard Dietl (Olchis), Astrid Frank (Roter Blitz \/\/ Pferdebuch), Finn-Ole Heinrich (Maulina \/ 1. Buch aus einer Trilogie im Hanser-Verlag), Marion Kl\u00f6tzer (Sichel, Salz und Zottelkopf \/ Stadtgeschichte f\u00fcr Kinder), Iris Lemanczyk (Mein Lehrer kommt im Briefumschlag, Stern \u00fcber Afrika), Sabine Ludwig (Miss Braitwhistle kommt in Fahrt), Paul Maar (Das Fliegende Kamel \/\/ zusammen mit Musikern), Bart Moyeart (Milchstra\u00dfe \/\/ Mut f\u00fcr drei), Astrid Nagel, Jutta Richter (Ich bin hier blo\u00df der Hund), Ulli Schubert (Fussballschule am Meer \/\/ Fussballb\u00fccher), Ulrike Schweikert (Das Reich der Finsternis \/ 1. Buch aus einer Fantasy-Trilogie), Alexander Steffensmeier (Die Kuh Lieselotte)<\/p>\n<p><strong>Lesungen f\u00fcr Jugendliche:<\/strong><\/p>\n<p>Katarina Bader (Jureks Erben), Inge Barth-Gr\u00f6zinger (Geliebte Berthe), Nina Blazon (Ascheherz \/\/\/ Wolfszeit), Zoran Drvenkar (Der letzte Engel), Tobias Els\u00e4sser (Abspringen), Finn-Ole Heinrich (Ich dreh den Kopf, du drehst den Kopf \/\/\/ R\u00e4uberh\u00e4nde), Klaus Kordon (Das Karussell), Dirk Kurbjuweit (Zweier ohne), Ursula Poznanski (Die Verratenen)<\/p>\n<p><strong>Kontakt und Information:<\/strong><\/p>\n<p>Ute Christine Berger M.A., Kulturbeauftragte Stadt Schw\u00e4bisch Hall, (Projektleitung Kinder- und Jugendliteraturtage), Am Markt 9, 74523 Schw\u00e4bisch Hall, Telefon 0791-751 620.<\/p>\n<div class=\"pdf24Plugin-cp\"> \t<form name=\"pdf24Form0\" method=\"post\" action=\"https:\/\/doc2pdf.pdf24.org\/wordpress.php\" target=\"pdf24PopWin\" onsubmit=\"var pdf24Win = window.open('about:blank', 'pdf24PopWin', 'resizable=yes,scrollbars=yes,width=600,height=250,left='+(screen.width\/2-300)+',top='+(screen.height\/3-125)+''); pdf24Win.focus(); if(typeof pdf24OnCreatePDF === 'function'){void(pdf24OnCreatePDF(this,pdf24Win));}\"> \t\t<input type=\"hidden\" name=\"blogCharset\" value=\"Cw1x07UAAA==\" \/><input type=\"hidden\" name=\"blogPosts\" value=\"MwQA\" \/><input type=\"hidden\" name=\"blogUrl\" value=\"yygpKSi20tcvLy\/Xy8jPSM3LARK6pXnpqWmZOSWpRSV6KakA\" \/><input type=\"hidden\" name=\"blogName\" value=\"88jPSM3LARK6pXnpqWmZOSWpRSUA\" \/><input type=\"hidden\" name=\"blogValueEncoding\" value=\"gzdeflate base64\" \/><input type=\"hidden\" name=\"postId_0\" value=\"MzS1NDYGAA==\" \/><input type=\"hidden\" name=\"postTitle_0\" value=\"U1O2MDIysnZJLVLwSEzMSU\/NLC5RSMvJTE0vUUgsTVNwOrwnOSO1SA2kzMBa4VHD5EMLvDPzUlKLdBVK81IUvErTU\/NScjJLUosSS0qLShLTUxWcElNS83TDD+8pKilJzU1KLUpXyMxTCE7OKD+8JCmzODkDaFVODgA=\" \/><input type=\"hidden\" name=\"postLink_0\" value=\"yygpKSi20tcvLy\/Xy8jPSM3LARK6pXnpqWmZOSWpRSV6Kan69gW2hqaWxsYA\" \/><input type=\"hidden\" name=\"postAuthor_0\" value=\"S0zJzcwDAA==\" \/><input type=\"hidden\" name=\"postDateTime_0\" value=\"MzIwNNY1MNU1MlEwMLUCIhMDAA==\" \/><input type=\"hidden\" name=\"postContent_0\" value=\"zVjLbhvJFd3nK24czIAC+BAleSxrNA5I62mZHkGSPYA3QTV5u7vc1dVEdbU44mr+IUBWQWajb\/DKO\/7JfEnOrSYpiaRnkCyCLPxQ1+vWOefee0qH41eHpXeFTV4daaYLbUfsWlTZEb2pErYjoz075SvnVcLUVyO2rZ9mX5z3nEfsEtKWrofpZHYf6XKY0pkyhkqvnGdLKqeB9n5SDNMmdffbdM3jeh3tbHd323SkSrp0ReJUnpMuPd0WjrLKTTkndthPs2XbPowcdV796bAzD\/WwM8ZPCJ3zVx8KS4iZrr0a+Vt2E2V8ZZO1oA47mLxcON9o9o84ZuuNHqZMb7nEQrZrxxyXNNFuRIy7Jq6Y\/cqlTOaYEXEMMOa4NZeYyXaC4THCGaYlLnFAI+Dbfdn+n2P8rrJkNCc+wARUPS8xj80dvuVaxizNPj+gYcMNEVeuwYDwgsgLO9Vjzc7XeIzUIxxuwQMAAnGZ4bDmhlV+QBcV+HARqyr2TiU4\/D3+vE4d6MY06uOCiKGBkD5x5rFW6Ntq0rHRpYrYp3TqVBzgOipc4VNWODVyPEzrU5fsRzoyWiZklGIlLvRFYBDa3qjUhXiXakt4bJT1Yd+cMapMSbvbuGQxFjZ0YcsxILbYIeEY0yBE6lVg341wS0TG2mjwRyUAo529wIvEMkwrI6pdEVuIMWFRNULndUofSWlNgz1EV1nRN4ugTKQcpbN7Y2Q59DhQZVZ4H5ibVIgwwHKmlElYEktVJbuscGwPoAGKa0WAFOrPvmCVC0Bg\/3LsJLyDwKzFNcN6cP5n+u2XvweUPgHMVACBAJFtWHsazsirspTNEQ6CwgmzX0VLEEuJrb79y\/7O7vb31Ms3yDQkv0Tcg0xUJv+HthZ5IQLTt3K0SFXU5ahfDdOxm91jZx\/YOiCpYCNXDbPYBVToP0G8ljR0jvmejfFr\/F2qygBnhTw\/dqnCbBzoTQBOyRaM6L1ATFmR55sLSVwYkcx8YkgKZC8HIX\/lgCa9N05ndfiM\/zjfpJ7hn8OhuCRL2pY5aylBA2gWgu+DGMFAe6lK3iu6ChggjXuISo\/oxCmbSWUA8jqnK0wF\/QBXzjM6yDiSXMfgCWQfAbChqSI5UNsIda2NzNR53hrM7l0tPEkNKRY53SBNfZ0M2FNo\/lbl4+\/psijrnJMLn3K4pqjXgUEGENbPF4IGlBrQQOe2nLKVsvNQo6HFf0nzyFVSU91XVZ5C5L\/98s+wPcavBFhHVzhRvpbFBPoQ8dAHhKKdVVJBZHIvEwFhV1z1jHUul5PsKWLkNsbxuYdTo+JJuScIibo7obbwuloK9u6Oro3Km1AyR1yaO9DYunC4oL6dFC4r02LcpLPZZxfuuvgUYpoDNwEoEQPYaE1NJxLKJ4GDBuA\/MKAiQjKFiOqUAkZ1kxkvCp+kUK3C0YMQzQLXeVk8oNdFHlUuaV17PcZUrTydaGtbPxoWjKxUiWZIWYVMFIhqVJbnLLTdBEkCdDjNxsomTakQ80S4UOhj2qrQ9iDfCwMSUYTdqIAQL1OU2PFYwFDO6Sa9C1ONmsrouQ3t0vm0depmn6caP2OLjwWUTUfulm2m6rr23pWVURDf1CpbZrodKL+Vuqm9hCfcAy4UeulRqHq4zxMGw5f\/gsawbo3LNbUELsUh1GSpWm1MiY68oBVky9JtmE7UEINFViJj+eBBFnOTpAiHxT88o9T78UGnM5lM2vF8SXtY5J0xXEbZmdsQxNja4EJacxfyzevdb\/qvl06kpW1LqpB87u2FQtqSQtqSGt7p7r14vtfd3sdf+\/t73\/1VwkjNMwLDCfsfnv0tgrSyZ6\/+XyI77KhlMp1pO63mdTsQYaVcrjmiOkkgL2n1drXjS6nCDVTuFzs50cDO8zrNkD74FArOvE9ICVrrSmKLEcstpMQoqXJ5Fp2iQWWStBiH2SMzu7cJNBsCDfEsihQvq1Zwe5ZOgs2T2irt2ta+G3mGYpa62q0ufFHKsQ8lor7gzcIA1lGXoTXWIAR\/Dl2GBvGmQseo\/ea5jQuXq3lFXQhY6kPtBKH04sGzrd9+NTW+Ap30j17r48H6o2D+85KtRyV7ffa8Xfaqjb2TGoLUaWFGwZCcKbgNWNMLKVnUd5Vco9Erx4JrKYw7jN7ovJBBi5bd6G6DOlsJC0eoT+XWinlo\/GjgTuTzk7bcuCqkd\/Uh\/Sl1OnQZS2uNUGkxc60OU2MA6yClsUPddrBGQu\/cKd04bYoEkpbuhvKH3PrAzigx2XXjRdWdffZTucy1qAGW41qZacD7I1wlm6wYx9h81VA9ghabncN2IUlyZYfTO9xhIM77Lbw1NpZ8CErpOw03nYtBVOgEMBNuYdR78G2Z2pLDI6l3b6vRRCfYB\/4R6xRSAFDhibDYDcpGp\/NYsbRONWMnYm8lV0BVzkYQnFbIS0lJEfegKsVHCZfSP2hQ3LH8i6NAB4hQsPmyalDNW\/4IBfyBpHcoRGbFWFHjHLAjcMKrFebA4KFYm3DAuLVqqhonSCaxVGWoHeEZx5iMMxcjUW3Mtzb4v\/qWsGw4UY6AIsSjW+C\/SQEn6OiqvGstlLD1Vf+IjeXXAFUqvQ7PDCF\/6\/cz69Gbdz29nrZ3arypHGclUiAKibSxg1PjlMFf5MPjEH5w60nfl4TDWUBGMqNDPxUmhkHUIoOV1t84wm6G\/RRbHWNrI9lZRBrYHZsSb4cy5G8kbx650ObcElpBfxoczAUSAbanCl9Kv\/wWQrma3Qu7eJcB2a2nZqamDJUD7KKGYvQI9RxQu+hTNQm15uMkUFCkVhavepaaGmQuWqH8VmSNFjzPw9NJsvZREV4nZeMDfNDutZsbXuubq3Rz9cH+R7\/WEMnlUm4Q4Msmvdh7vrO7Ydcb9LwYYG2\/eNltvXjepe92tuuO8G8=\" \/> \t\t<a href=\"https:\/\/www.pdf24.org\" target=\"_blank\" title=\"www.pdf24.org\" rel=\"nofollow\"><img src=\"https:\/\/www.hohenlohe-ungefiltert.de\/wp-content\/plugins\/pdf24-post-to-pdf\/img\/pdf_32x32.png\" alt=\"\" border=\"0\" height=\"32\" \/><\/a> \t\t<span class=\"pdf24Plugin-cp-space\">&nbsp;&nbsp;<\/span> \t\t<span class=\"pdf24Plugin-cp-text\">Sende Artikel als PDF<\/span> \t\t<span class=\"pdf24Plugin-cp-space\">&nbsp;&nbsp;<\/span> \t\t<input class=\"pdf24Plugin-cp-input\" style=\"margin: 0px;\" type=\"text\" name=\"sendEmailTo\" placeholder=\"Emailadresse\" \/> \t\t<input class=\"pdf24Plugin-cp-submit\" style=\"margin: 0px;\" type=\"submit\" value=\"Senden\" \/> \t<\/form> <\/div>","protected":false},"excerpt":{"rendered":"<p>Die Kinder- und Jugendliteraturtage Baden-W\u00fcrttemberg in Schw\u00e4bisch Hall starten am Mittwoch, 18. September 2013. Das Programm ist vor kurzem erschienen. Von der Stadtverwaltung Schw\u00e4bisch Hall \u00d6ffentliche Lesungen Es wird ein gro\u00dfes Lesefest f\u00fcr Kinder, Jugendliche und Erwachsene: die 19. Kinder- und Jugendliteraturtage Baden-W\u00fcrttemberg in Schw\u00e4bisch Hall starten am Mittwoch, 18. September 2013. Nun liegt der [&hellip;]<\/p>\n","protected":false},"author":1,"featured_media":0,"comment_status":"open","ping_status":"open","sticky":false,"template":"","format":"standard","meta":[],"categories":[1,10,6,5],"tags":[],"_links":{"self":[{"href":"https:\/\/www.hohenlohe-ungefiltert.de\/index.php?rest_route=\/wp\/v2\/posts\/15933"}],"collection":[{"href":"https:\/\/www.hohenlohe-ungefiltert.de\/index.php?rest_route=\/wp\/v2\/posts"}],"about":[{"href":"https:\/\/www.hohenlohe-ungefiltert.de\/index.php?rest_route=\/wp\/v2\/types\/post"}],"author":[{"embeddable":true,"href":"https:\/\/www.hohenlohe-ungefiltert.de\/index.php?rest_route=\/wp\/v2\/users\/1"}],"replies":[{"embeddable":true,"href":"https:\/\/www.hohenlohe-ungefiltert.de\/index.php?rest_route=%2Fwp%2Fv2%2Fcomments&post=15933"}],"version-history":[{"count":2,"href":"https:\/\/www.hohenlohe-ungefiltert.de\/index.php?rest_route=\/wp\/v2\/posts\/15933\/revisions"}],"predecessor-version":[{"id":15976,"href":"https:\/\/www.hohenlohe-ungefiltert.de\/index.php?rest_route=\/wp\/v2\/posts\/15933\/revisions\/15976"}],"wp:attachment":[{"href":"https:\/\/www.hohenlohe-ungefiltert.de\/index.php?rest_route=%2Fwp%2Fv2%2Fmedia&parent=15933"}],"wp:term":[{"taxonomy":"category","embeddable":true,"href":"https:\/\/www.hohenlohe-ungefiltert.de\/index.php?rest_route=%2Fwp%2Fv2%2Fcategories&post=15933"},{"taxonomy":"post_tag","embeddable":true,"href":"https:\/\/www.hohenlohe-ungefiltert.de\/index.php?rest_route=%2Fwp%2Fv2%2Ftags&post=15933"}],"curies":[{"name":"wp","href":"https:\/\/api.w.org\/{rel}","templated":true}]}}