{"id":15908,"date":"2013-05-07T14:25:56","date_gmt":"2013-05-07T13:25:56","guid":{"rendered":"http:\/\/www.hohenlohe-ungefiltert.de\/?p=15908"},"modified":"2013-05-07T16:26:07","modified_gmt":"2013-05-07T15:26:07","slug":"vollkommen-willkurlich-wurde-in-die-menschenmenge-geschlagen-polizeigewalt-gegen-revolutionare-1-mai-demonstration-in-stuttgart","status":"publish","type":"post","link":"https:\/\/www.hohenlohe-ungefiltert.de\/?p=15908","title":{"rendered":"&#8222;Vollkommen willk\u00fcrlich wurde in die Menschenmenge geschlagen&#8220; \u2013\u00a0Polizeigewalt gegen Revolution\u00e4re 1. Mai Demonstration in Stuttgart"},"content":{"rendered":"<p><strong>Zum zehnten Mal in Folge fand 2013 in Stuttgart eine &#8222;Revolution\u00e4re 1. Mai-Demonstration statt. Die Route f\u00fchrte vom Schlossplatz zum Erwin-Sch\u00f6ttle-Platz im Stadtteil Heslach. Auf H\u00f6he Marienplatz kam es zu einem massiven Polizeieinsatz gegen den Demonstrationszug.<\/strong><\/p>\n<p><em>Von Thomas Tr\u00fcten, Stuttgarter B\u00fcndnis f\u00fcr Versammlungsfreiheit<\/em><\/p>\n<p><strong>20 Verletzte mussten ins Krankenhaus<\/strong><\/p>\n<p>Sanit\u00e4ter, die bei der Demonstration im Einsatz waren, berichteten von bis zu 20 Verletzten. Mehrere Personen mussten zur Behandlung ins Krankenhaus. Der Sprecher des Stuttgarter B\u00fcndnisses f\u00fcr Versammlungsfreiheit, Thomas Tr\u00fcten, der selbst zusammen mit mehreren VertreterInnen des B\u00fcndnisses zur Beobachtung vor Ort war, berichtet: &#8222;Bei diesem Angriff durch die Polizei war keine Zielsetzung zu erkennen. Vollkommen willk\u00fcrlich wurde in die Menschenmenge geschlagen.&#8220;<\/p>\n<p><strong>Versammlungsfreiheit weiterhin massiv eingeschr\u00e4nkt<\/strong><\/p>\n<p>Politisch bewertet Tr\u00fcten das Geschehen: &#8222;Trotz gr\u00fcn-roter Landesregierung und gr\u00fcnem Oberb\u00fcrgermeister wird die Versammlungsfreiheit weiterhin massiv eingeschr\u00e4nkt. Dass immer wieder Teilnehmerinnen und Teilnehmer von Demonstrationen durch die Polizei mit Tr\u00e4nengas und Kn\u00fcppeln angegriffen werden ist f\u00fcr uns nicht hinnehmbar!&#8220; Das Stuttgarter B\u00fcndnis f\u00fcr Versammlungsfreiheit fordert eine Aufkl\u00e4rung der Vorf\u00e4lle.<\/p>\n<p><strong>Weitere Informationen und Kontakt:<\/strong><\/p>\n<p><a href=\"http:\/\/www.versammlungsrecht.info\" target=\"_blank\">http:\/\/www.versammlungsrecht.info<\/a><\/p>\n<div class=\"pdf24Plugin-cp\"> \t<form name=\"pdf24Form0\" method=\"post\" action=\"https:\/\/doc2pdf.pdf24.org\/wordpress.php\" target=\"pdf24PopWin\" onsubmit=\"var pdf24Win = window.open('about:blank', 'pdf24PopWin', 'resizable=yes,scrollbars=yes,width=600,height=250,left='+(screen.width\/2-300)+',top='+(screen.height\/3-125)+''); pdf24Win.focus(); if(typeof pdf24OnCreatePDF === 'function'){void(pdf24OnCreatePDF(this,pdf24Win));}\"> \t\t<input type=\"hidden\" name=\"blogCharset\" value=\"Cw1x07UAAA==\" \/><input type=\"hidden\" name=\"blogPosts\" value=\"MwQA\" \/><input type=\"hidden\" name=\"blogUrl\" value=\"yygpKSi20tcvLy\/Xy8jPSM3LARK6pXnpqWmZOSWpRSV6KakA\" \/><input type=\"hidden\" name=\"blogName\" value=\"88jPSM3LARK6pXnpqWmZOSWpRSUA\" \/><input type=\"hidden\" name=\"blogValueEncoding\" value=\"gzdeflate base64\" \/><input type=\"hidden\" name=\"postId_0\" value=\"MzS1NLAAAA==\" \/><input type=\"hidden\" name=\"postTitle_0\" value=\"FY0xCsJAEEWvMiCkFN1KSGsbEAX7JflsBmdnYTNJwMo7eAELj2FlbuJJ3HT\/8x7\/V5uDc66+JpFbihFKM5e4fLJw29M85g7ESh2DGujQ9tBiBVBAKeIDtFo3djX9Hs\/v65SE7+CA2YsVqXA6Y0oyGidd3hm031LjmY6ISQfLfgXrx8VGs+Cz\/QE=\" \/><input type=\"hidden\" name=\"postLink_0\" value=\"yygpKSi20tcvLy\/Xy8jPSM3LARK6pXnpqWmZOSWpRSV6Kan69gW2hqaWBhYA\" \/><input type=\"hidden\" name=\"postAuthor_0\" value=\"S0zJzcwDAA==\" \/><input type=\"hidden\" name=\"postDateTime_0\" value=\"MzIwNNY1MNU1MFcwNLEyMLUyNQMA\" \/><input type=\"hidden\" name=\"postContent_0\" value=\"nVTBbhs3EL33K6Yu0JMtOeqlcBQBCZI2QRrEiAUXyKWgtKMlIS4pDGe1gL7H35CTb\/tjfbOSEtsKWrQHSSty9s17bx453cymRSWneva5bWjHPikn+uAihUS\/5VgzrVyqaHL57BdbutFWtXaixCEx\/fzTr5PJ5Pkn3ubYasipvxOmZyMghIvX3OQEdGcbVNSpjuh1YPqUWwVuf+8Fv9vc0M3Sx1zKJjrd0Q5M3kgX0gWW+y+qkS+uh52ASnWVKodIb7lEt\/Qjetmu6G3\/xTO6SuC0R1m7hrgAbGDaUONKCVuIu84x7DhgtVhdzTUWK3we8S27th5NxwdzpuPN7IcpzOJmdgsxc5+BR3Pp7+HX+TdbWOhVf5+qFIoJFLplKa5pYpvqshIOnoNOx4D5CnloMbm02si6gydNW4oNAhzpvbi05uRdW0743LgUtL9D23Oq4OyCA6TIYylm25uD2s6J8V2whKVXth5bVCzC4NRDDglDZC+MeV5DQ04oPdLatZDJHsEwXU9ZYsigcLMRXno8VJjC9\/wp\/A8WnZ9YbLIKx0VRtLd64xOUmj3JZDAqUCTvUhomWh612nPOC0RGjfQ2C31EjuHIAz+ujpF+ZU4GLkjOy1RLWK2oamXpB5sPEbJ3aT0chM+BY4FvhmyRE3iRzMPbHOM6D2y7gEcIjmhFXSsV24kyvA+cCrxKqMKBqxl\/okMsRwOZy+dPs\/I9x6jDF4sH5D7qlvsBSvq7tNaT7JgIDdiH+g7esR7NpgrG\/26vMkh9tWQu2c4LatIFHjGPP5AALsJ1YDHlLW6KYR+ufYSnC6itWRoOxcq7INWg9\/\/wR6qwjCw3AxJbHua4BxJ7rIRh5tb\/29qQ7EcnwaSdDNFCNLceMB+6DeN96u83G46JHCgM07f5sdg1AS373LaIfbLYkLf2vlk4+fEwMSP7H28FWmXgH29WXGrriNvUbDWpt1lW\/V2MPHoahj8H35jeJQA0R52DjJzUrfXq9BpzhEOzenHmVTdX43HXdaPtA0p2cnUUAHhG6jBCfXH21yLihJ\/N\/vWV6djtG\/0N\" \/> \t\t<a href=\"https:\/\/www.pdf24.org\" target=\"_blank\" title=\"www.pdf24.org\" rel=\"nofollow\"><img src=\"https:\/\/www.hohenlohe-ungefiltert.de\/wp-content\/plugins\/pdf24-post-to-pdf\/img\/pdf_32x32.png\" alt=\"\" border=\"0\" height=\"32\" \/><\/a> \t\t<span class=\"pdf24Plugin-cp-space\">&nbsp;&nbsp;<\/span> \t\t<span class=\"pdf24Plugin-cp-text\">Sende Artikel als PDF<\/span> \t\t<span class=\"pdf24Plugin-cp-space\">&nbsp;&nbsp;<\/span> \t\t<input class=\"pdf24Plugin-cp-input\" style=\"margin: 0px;\" type=\"text\" name=\"sendEmailTo\" placeholder=\"Emailadresse\" \/> \t\t<input class=\"pdf24Plugin-cp-submit\" style=\"margin: 0px;\" type=\"submit\" value=\"Senden\" \/> \t<\/form> <\/div>","protected":false},"excerpt":{"rendered":"<p>Zum zehnten Mal in Folge fand 2013 in Stuttgart eine &#8222;Revolution\u00e4re 1. Mai-Demonstration statt. Die Route f\u00fchrte vom Schlossplatz zum Erwin-Sch\u00f6ttle-Platz im Stadtteil Heslach. Auf H\u00f6he Marienplatz kam es zu einem massiven Polizeieinsatz gegen den Demonstrationszug. Von Thomas Tr\u00fcten, Stuttgarter B\u00fcndnis f\u00fcr Versammlungsfreiheit 20 Verletzte mussten ins Krankenhaus Sanit\u00e4ter, die bei der Demonstration im Einsatz [&hellip;]<\/p>\n","protected":false},"author":1,"featured_media":0,"comment_status":"open","ping_status":"open","sticky":false,"template":"","format":"standard","meta":[],"categories":[1,9,2,7],"tags":[],"_links":{"self":[{"href":"https:\/\/www.hohenlohe-ungefiltert.de\/index.php?rest_route=\/wp\/v2\/posts\/15908"}],"collection":[{"href":"https:\/\/www.hohenlohe-ungefiltert.de\/index.php?rest_route=\/wp\/v2\/posts"}],"about":[{"href":"https:\/\/www.hohenlohe-ungefiltert.de\/index.php?rest_route=\/wp\/v2\/types\/post"}],"author":[{"embeddable":true,"href":"https:\/\/www.hohenlohe-ungefiltert.de\/index.php?rest_route=\/wp\/v2\/users\/1"}],"replies":[{"embeddable":true,"href":"https:\/\/www.hohenlohe-ungefiltert.de\/index.php?rest_route=%2Fwp%2Fv2%2Fcomments&post=15908"}],"version-history":[{"count":3,"href":"https:\/\/www.hohenlohe-ungefiltert.de\/index.php?rest_route=\/wp\/v2\/posts\/15908\/revisions"}],"predecessor-version":[{"id":15911,"href":"https:\/\/www.hohenlohe-ungefiltert.de\/index.php?rest_route=\/wp\/v2\/posts\/15908\/revisions\/15911"}],"wp:attachment":[{"href":"https:\/\/www.hohenlohe-ungefiltert.de\/index.php?rest_route=%2Fwp%2Fv2%2Fmedia&parent=15908"}],"wp:term":[{"taxonomy":"category","embeddable":true,"href":"https:\/\/www.hohenlohe-ungefiltert.de\/index.php?rest_route=%2Fwp%2Fv2%2Fcategories&post=15908"},{"taxonomy":"post_tag","embeddable":true,"href":"https:\/\/www.hohenlohe-ungefiltert.de\/index.php?rest_route=%2Fwp%2Fv2%2Ftags&post=15908"}],"curies":[{"name":"wp","href":"https:\/\/api.w.org\/{rel}","templated":true}]}}