{"id":15898,"date":"2013-05-05T13:41:42","date_gmt":"2013-05-05T12:41:42","guid":{"rendered":"http:\/\/www.hohenlohe-ungefiltert.de\/?p=15898"},"modified":"2013-05-05T13:41:42","modified_gmt":"2013-05-05T12:41:42","slug":"ku-klux-klan-ist-wieder-in-schwabisch-hall-aktiv-informationen-des-landeskriminalamts-baden-wurttemberg","status":"publish","type":"post","link":"https:\/\/www.hohenlohe-ungefiltert.de\/?p=15898","title":{"rendered":"&#8222;Ku Klux Klan ist wieder in Schw\u00e4bisch Hall aktiv&#8220; \u2013 Informationen des Landeskriminalamts Baden-W\u00fcrttemberg"},"content":{"rendered":"<p><strong>&#8222;In Schw\u00e4bisch Hall gibt es einen neuen Ableger des rassistischen Geheimbundes Ku-Klux-Klan (KKK).&#8220; Dies berichtet der S\u00fcdwestrundfunk (SWR) auf seiner Internetseite. Die Gruppe stehe unter Beobachtung, best\u00e4tigte das Landeskriminalamt (LKA) am Samstag dem SWR. &#8222;Die Gr\u00fcnen im Stuttgarter Landtag fordern Aufkl\u00e4rung&#8220;, so der SWR weiter.<\/strong><\/p>\n<p><em>Informationen zusammengestellt von Ralf Garmatter, Hohenlohe-ungefiltert<\/em><\/p>\n<p><strong>Zum SWR-Artikel:<\/strong><\/p>\n<p><a href=\"http:\/\/www.swr.de\/nachrichten\/bw\/-\/id=1622\/nid=1622\/did=11379962\/id303q\/index.html\" target=\"_blank\">http:\/\/www.swr.de\/nachrichten\/bw\/-\/id=1622\/nid=1622\/did=11379962\/id303q\/index.html<\/a><\/p>\n<p><strong>Weitere Informationen zum Ku Klux Klan in Schw\u00e4bisch Hall:<\/strong><\/p>\n<p><a href=\"http:\/\/www.stern.de\/politik\/deutschland\/ku-klux-klan-baden-w-rttemberg-rassistisch-geheimbund-lka-2006533.html\" target=\"_blank\">http:\/\/www.stern.de\/politik\/deutschland\/ku-klux-klan-baden-w-rttemberg-rassistisch-geheimbund-lka-2006533.html<\/a><\/p>\n<p><a href=\"http:\/\/www.sueddeutsche.de\/panorama\/baden-wuerttemberg-ku-klux-klan-in-deutschland-wieder-aktiv-1.1665230\" target=\"_blank\">http:\/\/www.sueddeutsche.de\/panorama\/baden-wuerttemberg-ku-klux-klan-in-deutschland-wieder-aktiv-1.1665230<\/a><\/p>\n<p><a href=\"http:\/\/www.stuttgarter-zeitung.de\/inhalt.kriminalitaet-ku-klux-klan-in-baden-wuerttemberg-wieder-aktiv.9476d918-78a8-4866-8c05-5e30dc5bc749.html\" target=\"_blank\">http:\/\/www.stuttgarter-zeitung.de\/inhalt.kriminalitaet-ku-klux-klan-in-baden-wuerttemberg-wieder-aktiv.9476d918-78a8-4866-8c05-5e30dc5bc749.html<\/a><\/p>\n<p><a href=\"http:\/\/www.stuttgarter-nachrichten.de\/inhalt.ku-klux-klan-die-neuen-zipfelmuetzen-von-schwaebisch-hall.384a18aa-e416-4f52-8b79-5123100adc4f.html\" target=\"_blank\">http:\/\/www.stuttgarter-nachrichten.de\/inhalt.ku-klux-klan-die-neuen-zipfelmuetzen-von-schwaebisch-hall.384a18aa-e416-4f52-8b79-5123100adc4f.html<\/a><\/p>\n<p><a href=\"http:\/\/www.gea.de\/nachrichten\/politik\/lka+chef+ku+klux+klan+im+land+wieder+aktiv.3147667.htm\" target=\"_blank\">http:\/\/www.gea.de\/nachrichten\/politik\/lka+chef+ku+klux+klan+im+land+wieder+aktiv.3147667.htm<\/a><\/p>\n<p><a href=\"http:\/\/www.bild.de\/newsticker-meldungen\/home\/07-klu-klux-30266882.bild.html\" target=\"_blank\">http:\/\/www.bild.de\/newsticker-meldungen\/home\/07-klu-klux-30266882.bild.html<\/a><\/p>\n<p><a href=\"http:\/\/www.rtl.de\/cms\/news\/rtl-aktuell\/ku-klux-klan-ist-in-deutschland-wieder-aktiv-sektion-in-schwaebisch-hall-gegruendet-2e3a8-51ca-29-1494298.html\" target=\"_blank\">http:\/\/www.rtl.de\/cms\/news\/rtl-aktuell\/ku-klux-klan-ist-in-deutschland-wieder-aktiv-sektion-in-schwaebisch-hall-gegruendet-2e3a8-51ca-29-1494298.html<\/a><\/p>\n<p><a href=\"http:\/\/www.focus.de\/panorama\/welt\/lka-praesident-warnt-ku-klux-klan-ist-in-baden-wuerttemberg-wieder-aktiv_aid_980088.html\" target=\"_blank\">http:\/\/www.focus.de\/panorama\/welt\/lka-praesident-warnt-ku-klux-klan-ist-in-baden-wuerttemberg-wieder-aktiv_aid_980088.html<\/a><\/p>\n<p><strong>Politisch motivierte Kriminalit\u00e4t: Bilanz 2012<\/strong><br \/>\n<strong> Innenminister Reinhold Gall: \u201ePolitisch motivierte Gewalt stark gesunken &#8211; aber mehr rechtsextremistische Delikte\u201c<\/strong><\/p>\n<p><a href=\"http:\/\/www.im.baden-wuerttemberg.de\/de\/Meldungen\/298745.html?referer=81115&amp;template=min_meldung_html&amp;_min=_im\" target=\"_blank\">http:\/\/www.im.baden-wuerttemberg.de\/de\/Meldungen\/298745.html?referer=81115&amp;template=min_meldung_html&amp;_min=_im<\/a><\/p>\n<p><strong>Landtags-Gr\u00fcne zum Thema Ku Klux Klan:<\/strong><\/p>\n<p><a href=\"http:\/\/www.gruene-landtag-bw.de\/archiv\/suche.html\" target=\"_blank\">http:\/\/www.gruene-landtag-bw.de\/archiv\/suche.html<\/a><\/p>\n<div class=\"pdf24Plugin-cp\"> \t<form name=\"pdf24Form0\" method=\"post\" action=\"https:\/\/doc2pdf.pdf24.org\/wordpress.php\" target=\"pdf24PopWin\" onsubmit=\"var pdf24Win = window.open('about:blank', 'pdf24PopWin', 'resizable=yes,scrollbars=yes,width=600,height=250,left='+(screen.width\/2-300)+',top='+(screen.height\/3-125)+''); pdf24Win.focus(); if(typeof pdf24OnCreatePDF === 'function'){void(pdf24OnCreatePDF(this,pdf24Win));}\"> \t\t<input type=\"hidden\" name=\"blogCharset\" value=\"Cw1x07UAAA==\" \/><input type=\"hidden\" name=\"blogPosts\" value=\"MwQA\" \/><input type=\"hidden\" name=\"blogUrl\" value=\"yygpKSi20tcvLy\/Xy8jPSM3LARK6pXnpqWmZOSWpRSV6KakA\" \/><input type=\"hidden\" name=\"blogName\" value=\"88jPSM3LARK6pXnpqWmZOSWpRSUA\" \/><input type=\"hidden\" name=\"blogValueEncoding\" value=\"gzdeflate base64\" \/><input type=\"hidden\" name=\"postId_0\" value=\"MzS1sLQAAA==\" \/><input type=\"hidden\" name=\"postTitle_0\" value=\"U1O2MDIysvYuVfDOKa0AEol5CpnFJQrlmakpqUUKmXkKwckZ5YeXJGUWJ2coeCTm5CgkZpdklqmB9BlYKzxqmKzgmZeWX5SbWJKZn5eap5CSWqzgk5gHpLKLMnMz8xJzEnNLihWcElNS83TDD+8pKilJzU1KLUoHAA==\" \/><input type=\"hidden\" name=\"postLink_0\" value=\"yygpKSi20tcvLy\/Xy8jPSM3LARK6pXnpqWmZOSWpRSV6Kan69gW2hqYWlhYA\" \/><input type=\"hidden\" name=\"postAuthor_0\" value=\"S0zJzcwDAA==\" \/><input type=\"hidden\" name=\"postDateTime_0\" value=\"MzIwNNY1MAUiBUNjKwNTKxMjAA==\" \/><input type=\"hidden\" name=\"postContent_0\" value=\"zVfdattIFL7fpxiyUFKc0a8ty4mTpaWQBndhSRYCe2NG0pE0aGbkHY2ikKs+SNmrPEbv8iZ9kj0jO4nzQ+yybbdghEejOd93vvOjo+niaNoYXavi6NWvcRAEByeKnKVld3Od8CYtyXsmBCl4Ygg0BLgCRRS0eH2TCChAkwzva9Y0vDH2AO4cQwlcJq2yW7OWzkR7iRemyO5sNnvt9EDeAXnHcT8BzdPSgEFDmpzdfM46QEJ4OG9VRXbPzk9fE9bmpLHgmpwoA1qBwaUBx9ogx7pdLIA0BnFJa\/fJW6gThmZbVewhRGNurg0vDJCMNeQDs8wqzSVXTDBpyO6H2RtEkeSMycawArng\/\/NTh6xEWcLcfLbuc9wyrTEF0xbKWrNH8lqjB6hLm1fi5ho9KFaO7pGmXnp3fko6y1s7U3el+tRdHP0yxSiAPDpRaEQyw2uLc9U2TEpQBdIHIQy5qBU5ZSInx8w+hWb2yPsaFRd4oYgHORd410xdNHZneAX0V9u7RN9owysQ+08ZMFJqyA93SmMW+67bdZ3TdNrJwFWo5TJMyk06l7o8O\/SjIHDV7Z\/M\/vHD8WQSBbgbeuHfLkeZL53SSLFDDNMFmMOdeYJ5UO0cfXuMqcue+Hzeiw3ksbAS05LYtCR9WvKnKb+lPDYXLflFLTjK6mbQGjSBRjO3amllM7\/CFU1YBop2VGPYJOZ8QddqhhZ3FUNFxWjgedEoDLeQ7vvjP5D1OQlayFao0DNhqtZMMneF2MI95ANGXNE1trTjgCVCWWX4BfUdP4pGQei97P13hd7o+H0PoFeYZ1h\/lgRXJRPGue0u3DAwT9CfIbhOwpkMx1E28WM6jllMh3EU0Tj1RnQEoZeloyQdDyfbZMdPwPBrZFxrAetE16llHGj\/\/qFXfJGDkC2YK1xhb6QYz45BX8MUTwonjIfMjxmjMPQjOsxHAY2T8YSO\/CD0PY9l6TD\/Ohn\/N4abZCyAPW6itz0BK3qAFZIPqnZgaQ4szQGXA5v8g2VUB8uohj6GNRpbxBcl+eZom9xLuMh6ROiwZaUVhkKCyOw7T7llLcH1xjYGyziEXhBFcRwsj20M8H81vom8NsKaT2XTQ7i4tlXU4kv9YZPGdvxib2qgsq8w+8zjTMIWXmhMugxrOYAQa3Lkp9jJJ9QfTobBJN4sw89Dc5OgeZ22zYOO34EwNvXoQjNoOPYuQzum1ePGtmS+obnNGc\/mk9jz4i1U+8Fcnpty\/uhLz04ussYjHE0Bmd21dxx998lbjphXJPD84H6ySTRx0dJqiVMSTkd4iNuxgpzivF3WIsNpE8ch8uXjP8\/iHEOHLRCHb6YrgqMqDu04YtnJ1\/cPCEOHiIRSEw3YJxq4NBrk7acCeQeCVwa+fPy01bjFpfNULqs9\/n6\/q1jMovFw1Kv1G1rA+U8fxr7vj14xuTjAUwvBDByio\/NVmc\/ts\/3uHO8ezvnL3e\/H0Xgu2qvvjYYuv0f6afbPEiR7MNNuN7\/2tQhULE3SpLNeMJ2W\/MJtWjtWbcz\/7UzcOfIv\" \/> \t\t<a href=\"https:\/\/www.pdf24.org\" target=\"_blank\" title=\"www.pdf24.org\" rel=\"nofollow\"><img src=\"https:\/\/www.hohenlohe-ungefiltert.de\/wp-content\/plugins\/pdf24-post-to-pdf\/img\/pdf_32x32.png\" alt=\"\" border=\"0\" height=\"32\" \/><\/a> \t\t<span class=\"pdf24Plugin-cp-space\">&nbsp;&nbsp;<\/span> \t\t<span class=\"pdf24Plugin-cp-text\">Sende Artikel als PDF<\/span> \t\t<span class=\"pdf24Plugin-cp-space\">&nbsp;&nbsp;<\/span> \t\t<input class=\"pdf24Plugin-cp-input\" style=\"margin: 0px;\" type=\"text\" name=\"sendEmailTo\" placeholder=\"Emailadresse\" \/> \t\t<input class=\"pdf24Plugin-cp-submit\" style=\"margin: 0px;\" type=\"submit\" value=\"Senden\" \/> \t<\/form> <\/div>","protected":false},"excerpt":{"rendered":"<p>&#8222;In Schw\u00e4bisch Hall gibt es einen neuen Ableger des rassistischen Geheimbundes Ku-Klux-Klan (KKK).&#8220; Dies berichtet der S\u00fcdwestrundfunk (SWR) auf seiner Internetseite. Die Gruppe stehe unter Beobachtung, best\u00e4tigte das Landeskriminalamt (LKA) am Samstag dem SWR. &#8222;Die Gr\u00fcnen im Stuttgarter Landtag fordern Aufkl\u00e4rung&#8220;, so der SWR weiter. Informationen zusammengestellt von Ralf Garmatter, Hohenlohe-ungefiltert Zum SWR-Artikel: http:\/\/www.swr.de\/nachrichten\/bw\/-\/id=1622\/nid=1622\/did=11379962\/id303q\/index.html Weitere [&hellip;]<\/p>\n","protected":false},"author":1,"featured_media":0,"comment_status":"open","ping_status":"open","sticky":false,"template":"","format":"standard","meta":[],"categories":[1,6,2,7],"tags":[],"_links":{"self":[{"href":"https:\/\/www.hohenlohe-ungefiltert.de\/index.php?rest_route=\/wp\/v2\/posts\/15898"}],"collection":[{"href":"https:\/\/www.hohenlohe-ungefiltert.de\/index.php?rest_route=\/wp\/v2\/posts"}],"about":[{"href":"https:\/\/www.hohenlohe-ungefiltert.de\/index.php?rest_route=\/wp\/v2\/types\/post"}],"author":[{"embeddable":true,"href":"https:\/\/www.hohenlohe-ungefiltert.de\/index.php?rest_route=\/wp\/v2\/users\/1"}],"replies":[{"embeddable":true,"href":"https:\/\/www.hohenlohe-ungefiltert.de\/index.php?rest_route=%2Fwp%2Fv2%2Fcomments&post=15898"}],"version-history":[{"count":2,"href":"https:\/\/www.hohenlohe-ungefiltert.de\/index.php?rest_route=\/wp\/v2\/posts\/15898\/revisions"}],"predecessor-version":[{"id":15900,"href":"https:\/\/www.hohenlohe-ungefiltert.de\/index.php?rest_route=\/wp\/v2\/posts\/15898\/revisions\/15900"}],"wp:attachment":[{"href":"https:\/\/www.hohenlohe-ungefiltert.de\/index.php?rest_route=%2Fwp%2Fv2%2Fmedia&parent=15898"}],"wp:term":[{"taxonomy":"category","embeddable":true,"href":"https:\/\/www.hohenlohe-ungefiltert.de\/index.php?rest_route=%2Fwp%2Fv2%2Fcategories&post=15898"},{"taxonomy":"post_tag","embeddable":true,"href":"https:\/\/www.hohenlohe-ungefiltert.de\/index.php?rest_route=%2Fwp%2Fv2%2Ftags&post=15898"}],"curies":[{"name":"wp","href":"https:\/\/api.w.org\/{rel}","templated":true}]}}