{"id":15846,"date":"2013-04-30T16:09:01","date_gmt":"2013-04-30T15:09:01","guid":{"rendered":"http:\/\/www.hohenlohe-ungefiltert.de\/?p=15846"},"modified":"2013-04-30T16:28:09","modified_gmt":"2013-04-30T15:28:09","slug":"unser-tag-gute-arbeit-sichere-rente-soziales-europa-1-mai-kundgebungen-2013-in-schwabisch-hall-bad-mergentheim-und-heilbronn","status":"publish","type":"post","link":"https:\/\/www.hohenlohe-ungefiltert.de\/?p=15846","title":{"rendered":"&#8222;Unser Tag \u2013 Gute Arbeit. Sichere Rente. Soziales Europa&#8220; \u2013\u00a01. Mai-Kundgebungen 2013 in Schw\u00e4bisch Hall, Bad Mergentheim und Heilbronn"},"content":{"rendered":"<p><strong>Die 46 Veranstaltungen des DGB Baden-W\u00fcrttemberg zum 1. Mai 2013 <\/strong><strong>stehen unter dem bundesweiten Motto: \u201eUnser Tag \u2013 Gute Arbeit. Sichere <\/strong><strong>Rente. Soziales Europa\u201c. Der DGB erinnert am Tag der Arbeit auch an die <\/strong><strong>Erst\u00fcrmung der Gewerkschaftsh\u00e4user durch SA-Kommandos vor 80 Jahren <\/strong><strong>am 2. Mai 1933.<\/strong><\/p>\n<p><em>Vom DGB Baden-W\u00fcrttemberg und dem DGB Nordw\u00fcrttemberg<\/em><\/p>\n<p><strong>Drei Kundgebungen in der Region Heilbronn-Franken<\/strong><\/p>\n<p>Drei Kundgebungen finden in der Region Heilbronn-Franken statt. In Schw\u00e4bisch Hall, Bad Mergentheim und Heilbronn.<\/p>\n<p><strong>1. Mai Schw\u00e4bisch Hall:<\/strong><\/p>\n<p><strong>10.30 Uhr:<\/strong> Auftakt bei der Agentur f\u00fcr Arbeit (Bahnhofstra\u00dfe), danach\u00a0 Demonstration durch die Haller Innenstadt<\/p>\n<p><strong>11.30 Uhr:<\/strong> Kundgebung Hospitalhof (Am Spitalbach)<\/p>\n<p><strong>Siegfried Hubele<\/strong> \u2013 Begr\u00fc\u00dfung, DGB-Kreisvorsitzender Schw\u00e4bisch Hall<\/p>\n<p><strong>Katharina Kaupp<\/strong> \u2013 Mairede, Jugendsekret\u00e4rin ver.di-Bezirk Heilbronn-Neckar-Franken, anschlie\u00dfend Maifest &#8222;Solidarit\u00e4t ist unsere St\u00e4rke!&#8220;<br \/>\nBewirtung, Musik mit den DIVINE DUCKS<\/p>\n<p><strong>Bad Mergentheim:<\/strong><br \/>\nKundgebung zum 1. Mai, Marktplatz<\/p>\n<p><strong>10 Uhr:<\/strong> Platzkonzert der Stadtkapelle<\/p>\n<p><strong>10.30 Uhr:<\/strong> Kundgebung<\/p>\n<p><strong>Gerd Koch<\/strong> \u2013 Begr\u00fc\u00dfung, 1. Bevollm\u00e4chtigter der IGM Tauberbischofsheim<\/p>\n<p><strong>Rolf Gr\u00fcning<\/strong> \u2013 Mairede, Vorsitzender DGB Kreisverband Main-Tauber<\/p>\n<p><strong>11.30 Uhr:<\/strong> Maifest, M.Trio (M point Trio) Live, bekannte Songs aus Rock und Pop mit Bewirtung und Infost\u00e4nden.<\/p>\n<p><strong>1. Mai 2013 Heilbronn:<\/strong><\/p>\n<p><strong>10.30 Uhr:<\/strong> Demonstration, Start: Gartenstra\u00dfe Ecke Karlstra\u00dfe, anschlie\u00dfend\u00a0 Maikundgebung vor dem Gewerkschaftshaus<\/p>\n<p><strong>Begr\u00fc\u00dfung: Silke Ortwein<\/strong>, DGB Kreisvorsitzende Stadt- und Landkreis Heilbronn<\/p>\n<p><strong>Mairede: Catharina Clay<\/strong> (IG BCE), IG BCE-Landesbezirksleiterin, Mai-Fest f\u00fcr die ganze Familie, Musik-Unterhaltung-Bewirtung rund ums Gewerkschaftshaus<\/p>\n<p><strong>Veranstalter:<\/strong> DGB Stadt- und Kreisverband, Heilbronn, Telefon 07131 \/ 8888010<\/p>\n<p><strong>Internet:<\/strong> <a href=\"http:\/\/www.nordwuerttemberg.dgb.de  \" target=\"_blank\">www.nordwuerttemberg.dgb.de<\/a><\/p>\n<p><strong>Demonstrationen und Kundgebungen am 1. Mai 2013 in Mittelfranken:<\/strong><\/p>\n<p>&#8222;Neben N\u00fcrnberg soll in Mittelfranken auch in Erlangen, F\u00fcrth, Roth, Treuchtlingen, H\u00f6chstadt, Ansbach, Georgensgm\u00fcnd, Herzogenaurach, R\u00f6thenbach und Rothenburg demonstriert werden. In der N\u00fcrnberger Innenstadt m\u00fcssen sich Verkehrsteilnehmer bis zum Nachmittag auf erhebliche Verkehrsbehinderungen einstellen. Ihnen wird geraten, den Stadtkern zu meiden&#8220;, meldet der Bayerische Rundfunk auf seiner Internetseite (<a href=\"http:\/\/www.br.de\/nachrichten\/mittelfranken\/erster-mai-mittelfranken-100.html\" target=\"_blank\">http:\/\/www.br.de\/nachrichten\/mittelfranken\/erster-mai-mittelfranken-100.html<\/a>).<\/p>\n<p><strong>Termine und Veranstaltungen am 1. Mai 2013 in Mittelfranken:<\/strong><\/p>\n<p><a href=\"http:\/\/mittelfranken.dgb.de\/++co++b0be2774-a1bf-11e2-aff6-00188b4dc422\" target=\"_blank\">http:\/\/mittelfranken.dgb.de\/++co++b0be2774-a1bf-11e2-aff6-00188b4dc422<\/a><\/p>\n<p><strong>Aufruf des Deutschen Gewerkschaftsbunds (DGB) zum 1. Mai 2013:<\/strong><\/p>\n<p>1. Mai 2013 \u2013 Unser Tag: Gute Arbeit. Sichere Rente. Soziales Europa.<\/p>\n<p><strong>Der 1. Mai ist UNSER TAG<\/strong><\/p>\n<p>Denn es sind die Besch\u00e4ftigten, die den Wohlstand dieses Landes erarbeiten. Der 1. Mai ist unser Tag der Arbeit. Am 1. Mai demonstrieren wir f\u00fcr die W\u00fcrde der arbeitenden Menschen!<\/p>\n<p>Die Gewerkschaften zeigen durch Mitbestimmung und Tarifpolitik, dass wir die Lage der arbeitenden Menschen verbessern k\u00f6nnen. Aber wir erleben seit Jahren, dass Arbeit entwertet wird. Aus sicheren Arbeitspl\u00e4tzen wurden oft unsichere Jobs. Fast ein Viertel der Besch\u00e4ftigten h\u00e4ngt im Niedriglohnsektor fest. Immer mehr Besch\u00e4ftigte leiden unter schlechten Arbeitsbedingungen und Stress. Und immer mehr Menschen droht Altersarmut.<\/p>\n<p>Die Kluft zwischen Arm und Reich w\u00e4chst: Die Mittelschicht br\u00f6ckelt, die unteren Einkommen sinken, w\u00e4hrend der Reichtum der oberen zehn Prozent zunimmt. Sie besitzen mittlerweile weit \u00fcber die H\u00e4lfte des Gesamtverm\u00f6gens in Deutschland.<\/p>\n<p>Europas Krise ist noch l\u00e4ngst nicht ausgestanden. Die falsche Krisenpolitik mit ihren radikalen K\u00fcrzungsprogrammen sorgt f\u00fcr eine Spirale nach unten. K\u00fcrzen und Sparen trifft nicht die Krisenverursacher an den Finanzm\u00e4rkten, sondern die Krisenopfer: sie trifft Besch\u00e4ftigte, Erwerbslose, Rentnerinnen und Rentner sowie die junge Generation.<\/p>\n<p>Wir wollen f\u00fcr alle Menschen gute Arbeit, ein sicheres Auskommen und ein Leben in W\u00fcrde! Daf\u00fcr brauchen wir eine neue Ordnung der Arbeit.<\/p>\n<p><strong> Wir wollen:<\/strong><\/p>\n<p>\u2013 die St\u00e4rkung der Rechte der Besch\u00e4ftigten, der Mitbestimmung und der Tarifautonomie<\/p>\n<p>\u2013 Gute Arbeit statt perspektivloser Jobs<\/p>\n<p>\u2013 einen fl\u00e4chendeckenden gesetzlichen Mindestlohn von mindestens 8,50 Euro<\/p>\n<p>\u2013 gleiches Geld f\u00fcr gleiche Arbeit in der Leiharbeit<\/p>\n<p>\u2013 Schluss mit der Diskriminierung von Frauen \u2013 auch in der Bezahlung<\/p>\n<p>\u2013 eine Rente, die zum Leben reicht. Deshalb: Sofortiges Ende der Rentenk\u00fcrzungen<\/p>\n<p>\u2013 ein Investitions- und Konjunkturprogramm f\u00fcr ein sozial gerechtes Europa<\/p>\n<p>\u2013 eine solide Finanzierung f\u00fcr einen handlungsf\u00e4higen Staat, z. B. f\u00fcr Bildungsinvestitionen<\/p>\n<p>2013 ist kein Jahr wie jedes andere. Am 2. Mai vor achtzig Jahren (1933) wurde die freie deutsche Gewerkschaftsbewegung durch die Nationalsozialisten zerschlagen. Gewerkschafterinnen und Gewerkschafter wurden von den Nazis verhaftet, verschleppt, gefoltert und ermordet. Unsere Geschichte verpflichtet uns zum Handeln gegen Rassismus, Antisemitismus und Intoleranz. Der 1. Mai ist unser Fest der Solidarit\u00e4t und kein Ort f\u00fcr Nazis.<\/p>\n<p><strong> 1. MAI: UNSER TAG F\u00dcR GUTE ARBEIT. SICHERE RENTE. SOZIALES EUROPA<\/strong><\/p>\n<p><strong>Weitere Informationen im Internet:<\/strong><\/p>\n<p><a href=\"http:\/\/www.dgb.de\/extra\/tag-der-arbeit-2013\" target=\"_blank\">http:\/\/www.dgb.de\/extra\/tag-der-arbeit-2013<\/a><\/p>\n<h4>Hauptkundgebung<\/h4>\n<p><strong>DGB Hauptkundgebung in M\u00fcnchen<\/strong><\/p>\n<p>9.30 Uhr: <strong>Auftaktkundgebung <\/strong>vor dem Gewerkschaftshaus in der Schwanthalerstr. 64 in Schwung gebracht durch fetzige Samba-Musik<\/p>\n<p>10 Uhr: <strong>Demonstration <\/strong>vom Gewerkschaftshaus zum Marienplatz<\/p>\n<p>11 Uhr: <strong>Kundgebung<\/strong> auf dem M\u00fcnchner Marienplatz<\/p>\n<p>\u2013 Begr\u00fc\u00dfung durch <strong>Simone Burger, <\/strong>DGB M\u00fcnchen<\/p>\n<p>\u2013 Gru\u00dfwort von <strong>Christian Ude<\/strong>, Oberb\u00fcrgermeister der Landeshauptstadt M\u00fcnchen<\/p>\n<p>\u2013 Rede von <strong>Michael Sommer<\/strong>, Vorsitzender des DGB<\/p>\n<p>\u2013 Aktion der <strong>DGB Jugend<\/strong><\/p>\n<p>12 Uhr: <strong>Familienfest<\/strong> auf dem Marienplatz, in der Rosenstra\u00dfe und in der Kaufingerstra\u00dfe Musikprogramm auf der gro\u00dfen B\u00fchne am Marienplatz<\/p>\n<p>17.30 Uhr bis 22 Uhr:\u00a0 <strong>laut.stark.13<\/strong> Open-air for free auf dem Marienplatz<\/p>\n<p><strong>Weitere Informationen im Internet:<\/strong><\/p>\n<p><a href=\"http:\/\/muenchen.dgb.de\/themen\/++co++c7e7d57c-9610-11e2-8f9d-00188b4dc422\" target=\"_blank\">http:\/\/muenchen.dgb.de\/themen\/++co++c7e7d57c-9610-11e2-8f9d-00188b4dc422<\/a><\/p>\n<div class=\"pdf24Plugin-cp\"> \t<form name=\"pdf24Form0\" method=\"post\" action=\"https:\/\/doc2pdf.pdf24.org\/wordpress.php\" target=\"pdf24PopWin\" onsubmit=\"var pdf24Win = window.open('about:blank', 'pdf24PopWin', 'resizable=yes,scrollbars=yes,width=600,height=250,left='+(screen.width\/2-300)+',top='+(screen.height\/3-125)+''); pdf24Win.focus(); if(typeof pdf24OnCreatePDF === 'function'){void(pdf24OnCreatePDF(this,pdf24Win));}\"> \t\t<input type=\"hidden\" name=\"blogCharset\" value=\"Cw1x07UAAA==\" \/><input type=\"hidden\" name=\"blogPosts\" value=\"MwQA\" \/><input type=\"hidden\" name=\"blogUrl\" value=\"yygpKSi20tcvLy\/Xy8jPSM3LARK6pXnpqWmZOSWpRSV6KakA\" \/><input type=\"hidden\" name=\"blogName\" value=\"88jPSM3LARK6pXnpqWmZOSWpRSUA\" \/><input type=\"hidden\" name=\"blogValueEncoding\" value=\"gzdeflate base64\" \/><input type=\"hidden\" name=\"postId_0\" value=\"MzS1MDEDAA==\" \/><input type=\"hidden\" name=\"postTitle_0\" value=\"FctBCoJAFIfxq\/whcFWi0yZwVRAJ4SbrADP6cB6MzxhnCFp1hy7QopPUTTpJuvzg+yWLjVKquMhIHmfd4fd44hADYesNcUhRc2PJE04kgaYc7qwdjdhHP1x1MvusmNnnlaeoNK+OUdqOTJSOBCrL12BB3djb9214bCxK7dwSO92iIj9NwRL3mBRKYmf8IPIH\" \/><input type=\"hidden\" name=\"postLink_0\" value=\"yygpKSi20tcvLy\/Xy8jPSM3LARK6pXnpqWmZOSWpRSV6Kan69gW2hqYWJmYA\" \/><input type=\"hidden\" name=\"postAuthor_0\" value=\"S0zJzcwDAA==\" \/><input type=\"hidden\" name=\"postDateTime_0\" value=\"MzIwNNY1MNE1NlAwNLMyMLEyMAQA\" \/><input type=\"hidden\" name=\"postContent_0\" value=\"tVndbttGFr7vU0yzwMJBJFly0thxXQNSotiOYyeQ7QTYm8VQHJJTkkNhZmhtddV32Nti2ws\/Q65yVb1Jn2S\/M0OKlGQ3LbobIIlJzpz\/850fH82Oj4zVhYqPX0nBnj1nH4Tmylie2VLFQrFQGPbqZMRGPBSq+3H5WVsr8kDomC3KnA167IJLttcfPGVHuxWpmqSxIgGJUlmhQShnQalAby6kxeuLwtrikP32439ulMGBax7j4d\/spLSCDXWAUz12JaeJ0GKb9kSAKr4XC8kzyDgudTHjv\/34U4+9AjESWWiplNCW8dwRD\/He02W8nCaMQzt5D+mxNhZ65jCAu3Mi5kKnZprwyJpkeVeStGGpQeJq2D0v8pyrsDDsttDsoM\/e8ERDvS2ykGLPW2vw4unTXvN9d3b81REcIfLjD0X+kLVhOmdD+nxZ6HDe+ni0i7srOrVDtZDsHNdiEXhfSuX0mYhYFoqdCpkFOKm6r+HyVKgtibYpRBIO\/CIhhvixcN6ZYlfTZL68CySsx055lnVINXYBmeG\/RMjc6bWi0NtUooqvTTKH29arL\/R7T\/vsJtHNETYsI8tTy+B6HwTEvNQsggnriNgZ8UQlRYQ7fPmzeNxhIVd8mvz6C+IpLxS9t6StdzwFDgkCamcIMsqY0G7JMtiWpTEnOy3MTCLTwJXtDHN25Z4CMH28SelKijjSUsBUZSAy0dCjjBmJWC8\/L38G0Q7FR\/ccjjMIRyPtQihSedOAmwzOuU048oWzc17OZuv04QEtQtFhb0pYLjQi1cIu73Cc3QrdC2V3JBZSp61IuBTTlOs6IDrINXDOpIBp4W8QjISx7O9\/O9jb2\/v2qshkCO6gaZnE+5IAQbArYpKKr92x\/rdHgWa7x1+NxFxq63S9KI1MWQ73UVS+Ovtwdjlmr25enl9t6rcRda348URbbmlgDQy4Tu0s43axHWcbjn1Pp9JCLQhxnMkpJFI+Exn568tR2oiwefpE6JCdF9Pkd9wOiUfitsiyfHk3TayMPeYiPE8ugH6IGu28jwgnA2yymBRZxE5ATknif6\/3P7QDimDIhxkIc+9T1fWM\/kgeVCEAE\/eutSzYzgWbFVJZRk+P2Vt5C46BSLkCzgPmVWyA2oZNimnqMON9MXOeX4WDe3umogLofUcw9RCYuGK1CtU\/ByVrWNAhH2t7yE7wr1AVdLDxNBVII51VLzaiH4gCKdIm4KhuELKv1xkouxXEjcMPURkzsHmnLcppA92dlmMad\/lY7DoLvYWzUvremGCTT+XxQ\/ZyhQovM\/5DY4WdsxM2ejkGSPofukRUmMChgMmovuMWpY\/svqZEd0hLmBlzJAh7zXMJc1QJ3L2hBiHxLUe38acmccvcfNkwTdMi1pwFU7Q0b4drp9G+w66BqBGgvb8\/eDpgu+wAf\/qD\/iaXMxJTCdvicMQZin303aPE2tnh7u58Pu8pKs6lWBXnXhgHPfiAPWKIlljY7x79M8iAi4+Of+f40S7frujt4HONVbhenvl6QwZ8vpCgm0UehrdDvQLgSxHg9iWcpFyvYYAjW7d904S3Yw3pY0L119SDJB0kJf17rQVO2Ez6j6fLT9PE1cUOGypDda0DVxYEwibOATXOC3pR4AUvtfs+WX4CQCs67NQjyngsNbViXntJAIuAoAynFoPQaCX6Wj1mYGIM9SPoIqmzTUWC3g6OVyLJcRSI6OD+EuyAJRZNIi8jNI6JCDLqPFeXApFQ66O9nZFxIANcJwkScgViNmTgzi2pTtXIwz8CBhxYLiTeVXWsg8csFL5KjPgPyBVDvCZQOCpV6mQw4OGU8TFnKKfYzn3xFqACi13qVTREBv\/dvO22XUEq626OXFz70B30+73E5tl2XP4vqVMgP96C4muhcyjofLw5cvzpKN60ypogVT7tPnkyLZ48CfqB2Nvff9blgyDqDgZir8uj6Hm33x8cHATPwumzvb0H7fEX6d6X0mhNNbztpixRWooDtY53NDMZtgMse7w5cW1bom03qt2ryerw\/rHq\/imqtw08uuZL7dnN5dV4wq6HJ9sTg1DIDoOEo2kFeD8SUGN5F7mGhDID7yg7PhYJyiP3pwxu+AqC1ONORMqsDa7lakpsBrkeG64s0sIHn5BN1aFBKhTuXk2ehLgQyhn865X4ONs2Ps4shHRjsOv6EYcBypnM87rfuEZ5jGboX61MaWQwxnEmpm95\/DBLapxByhA+pMtPBFnQBQjmrgudOUSmrK\/myYp4Na3AbZDSAkMIeHCzNA7knOr+jJllaKcXZIqSsJIVkbNh5fk3RWB6KMQwLJCGfSBUFZmHpDWfMfyoYvTlgEkMIFrGWZHAFalF20ItHCAwJzDNgZPrd1nmYK9aAFALJByE1BIGIkSt8ElPxryyGibpIWpDsFvRXNks1EVi2ZCqvOGYz22v7bjzDGMeW8ylPzzUfracCAL\/OXXFBq0anfRwgmOEaCzQKFSpyKyPTics7o+lSjHau+rhZxjQIE+E1exLl5GP9FAE7spCJIq91wWMDkFKBR1crgk0sr4Vo47VYmhEz5YJRosQtvxMXnfz5PIuQ8w5MDgRhucWQZIvP1G9JBSsAAKQFK4U9wlr0NtII1yaKMwJLCOf0YPTEB1TLFy2ubQCq4hnruS4a6qKX9dOS7e80DyUKRBBsXOkDlSJzUwXsebeIKjhVU9HVYoGV43DTPmq7ZLX3av9OuNEFKkZRbVMpLDnDiVL+JPC0q1kcPI1Wk61yGn6c6hhCqq9qnWpmEVo9eAaUZNdi7wOmhQkSGCywuCBYE75dZCqgsK9AOE5ARL+fk9hCLMr4durlYU\/Ih\/nBdV6rzEN\/U1Ixg2qdlwiVfllKCWr+CGG9Omty2n84OHoa\/aKO4qBps6qwixnUCVKau1DVa+gKrTbxGXWCLddCwj\/STM\/RdeUJi4F78nzjnu3jXChA13YmJe2UEUuRZtBq6r4rQ+bITlnQAd5S7bXDmjaN0hBmDKjhCRMROo5ZESECrtwXRcVfKoGlpAG4xGljXumRDjofNN3dapNNM4oHV3eZKH3U\/WqFq5aWb0VMvF43L5+hawqga5+k4DhVppUSzCVruNzIryGlyAZHa8bYW\/EBcflZmivdfS11WMK1W3vfe1gg2obBpkswBhXRIWGB6j4qqpGuZsqrTJPqA3SaApvyUcUpqYabQqFAE5tqes0XaUnYpyKOzWnzvV1kd+S19AWRlS5Vym+ynGUAcAH6WkiwKCriehwOaJ+0WOjnj85kllIR2QjYCO9b+YASilJRVWNUfJ9LwjvCJu0cOW8WpLSVAxQsAsZ1yvVHVqcPvb1zNk1gjnJZL5x2uib8BC7qF8t7C5dZgP6nEWk8fVdO0yNCbTWan8LLtbf1wWVooL+v+QLzBG3NMLiMyxy62mK2QwPMUZLqljW44DOMe8J2\/OtGclc1SFB12ZR5n52ldqFzSlZJqP0IJNP0ANIk5eGRioLIETEuudq+WGLjJrpxQPNk5vF3W6qvXGjq84n73SF6k6jbbQhesOzw6b\/wwD404Sd3FyP2XAyGp9do9qdvTwdT8ZsMr68HuPx3T\/Ohm\/HV2x8M3n3fvjgruWj2xkIt7\/ReT3goufYHrof6vppWql6cvEvDMm7GOe6ULbr871L8fe7o86XLjf9e\/Ls+JSXM5u2VnZ4t9Yyn4zYxhk3yWDsJYTb0uZFvWtirdGAttat+6tLD26MalSidS9XFhBD85nusefP6BO9JkKgR+O2rXIjEpRlqBQ8D3jX7WRWA8WGUOu78JZA9wlD8XuBKEOH0V6hDgbrNNuLzzrUuBuK8speVKrvIbSxBK20aXbmEBUTSElbgU4jK3mmcUOrlOly+fMcYOwSu6byEnMvoAyNyU0oWmu2d7RQRa6ANoZ7U29b\/RiTkOP9CuI+ThNA3hqTCyQ9R\/d9RQ2DbnFZW7lWv4prUxqm\/ncS+NoOPL+n354O99YNX63hFHXx95i+MXhn9RsflPTVnpNwo3p\/jku09tH1NxdEq1rkSaIm64JWoGy0\/Ayf0qB\/X3jsV6ng1jN7XuZff1lJnaER6cG4Ou1RTtZiv5sJ1eU09dFcooW4T5H\/A+zk6ArIwTV82ESg6avWAtN9sR9+sz\/tvng+6Pu1wEH0IvyD64a\/SnkFWP8F\" \/> \t\t<a href=\"https:\/\/www.pdf24.org\" target=\"_blank\" title=\"www.pdf24.org\" rel=\"nofollow\"><img src=\"https:\/\/www.hohenlohe-ungefiltert.de\/wp-content\/plugins\/pdf24-post-to-pdf\/img\/pdf_32x32.png\" alt=\"\" border=\"0\" height=\"32\" \/><\/a> \t\t<span class=\"pdf24Plugin-cp-space\">&nbsp;&nbsp;<\/span> \t\t<span class=\"pdf24Plugin-cp-text\">Sende Artikel als PDF<\/span> \t\t<span class=\"pdf24Plugin-cp-space\">&nbsp;&nbsp;<\/span> \t\t<input class=\"pdf24Plugin-cp-input\" style=\"margin: 0px;\" type=\"text\" name=\"sendEmailTo\" placeholder=\"Emailadresse\" \/> \t\t<input class=\"pdf24Plugin-cp-submit\" style=\"margin: 0px;\" type=\"submit\" value=\"Senden\" \/> \t<\/form> <\/div>","protected":false},"excerpt":{"rendered":"<p>Die 46 Veranstaltungen des DGB Baden-W\u00fcrttemberg zum 1. Mai 2013 stehen unter dem bundesweiten Motto: \u201eUnser Tag \u2013 Gute Arbeit. Sichere Rente. Soziales Europa\u201c. Der DGB erinnert am Tag der Arbeit auch an die Erst\u00fcrmung der Gewerkschaftsh\u00e4user durch SA-Kommandos vor 80 Jahren am 2. Mai 1933. Vom DGB Baden-W\u00fcrttemberg und dem DGB Nordw\u00fcrttemberg Drei Kundgebungen [&hellip;]<\/p>\n","protected":false},"author":1,"featured_media":0,"comment_status":"open","ping_status":"open","sticky":false,"template":"","format":"standard","meta":[],"categories":[1,2,8,5,3],"tags":[],"_links":{"self":[{"href":"https:\/\/www.hohenlohe-ungefiltert.de\/index.php?rest_route=\/wp\/v2\/posts\/15846"}],"collection":[{"href":"https:\/\/www.hohenlohe-ungefiltert.de\/index.php?rest_route=\/wp\/v2\/posts"}],"about":[{"href":"https:\/\/www.hohenlohe-ungefiltert.de\/index.php?rest_route=\/wp\/v2\/types\/post"}],"author":[{"embeddable":true,"href":"https:\/\/www.hohenlohe-ungefiltert.de\/index.php?rest_route=\/wp\/v2\/users\/1"}],"replies":[{"embeddable":true,"href":"https:\/\/www.hohenlohe-ungefiltert.de\/index.php?rest_route=%2Fwp%2Fv2%2Fcomments&post=15846"}],"version-history":[{"count":9,"href":"https:\/\/www.hohenlohe-ungefiltert.de\/index.php?rest_route=\/wp\/v2\/posts\/15846\/revisions"}],"predecessor-version":[{"id":15872,"href":"https:\/\/www.hohenlohe-ungefiltert.de\/index.php?rest_route=\/wp\/v2\/posts\/15846\/revisions\/15872"}],"wp:attachment":[{"href":"https:\/\/www.hohenlohe-ungefiltert.de\/index.php?rest_route=%2Fwp%2Fv2%2Fmedia&parent=15846"}],"wp:term":[{"taxonomy":"category","embeddable":true,"href":"https:\/\/www.hohenlohe-ungefiltert.de\/index.php?rest_route=%2Fwp%2Fv2%2Fcategories&post=15846"},{"taxonomy":"post_tag","embeddable":true,"href":"https:\/\/www.hohenlohe-ungefiltert.de\/index.php?rest_route=%2Fwp%2Fv2%2Ftags&post=15846"}],"curies":[{"name":"wp","href":"https:\/\/api.w.org\/{rel}","templated":true}]}}