{"id":15828,"date":"2013-04-20T14:19:54","date_gmt":"2013-04-20T13:19:54","guid":{"rendered":"http:\/\/www.hohenlohe-ungefiltert.de\/?p=15828"},"modified":"2013-05-31T17:06:56","modified_gmt":"2013-05-31T16:06:56","slug":"tarnen-tauschen-telefonieren-christian-von-stetten-gerat-wegen-bushido-affare-medial-unter-druck","status":"publish","type":"post","link":"https:\/\/www.hohenlohe-ungefiltert.de\/?p=15828","title":{"rendered":"&#8222;Tarnen, t\u00e4uschen, telefonieren&#8220; \u2013\u00a0Christian von Stetten ger\u00e4t wegen Bushido-Aff\u00e4re medial unter Druck"},"content":{"rendered":"<p><strong>Bei Fragen zu seinem Ex-Praktikanten Bushido und einer zwielichtigen Gesch\u00e4ftsbeziehung reagiert der Bundestagsabgeordnete Christian von Stetten (CDU) auf seine eigene Art: Er l\u00e4uft einfach davon.<\/strong><\/p>\n<p><em>Von der Internetseite abgeordnetenwatch.de mit Anmerkungen von Hohenlohe-ungefiltert<br \/>\n<\/em><\/p>\n<p><strong>Das Telefonat als Abwehrstrategie<\/strong><\/p>\n<p>Bei Journalisten, die ihn mit kritischen Fragen und laufender Kamera behelligen, hat der Bundestagsabgeordnete Christian Freiherr von Stetten eine wirkungsvolle Abwehrstrategie: Er greift zum Telefon, w\u00e4hlt, und l\u00e4uft dann \u2013 scheinbar ins Telefonat vertieft \u2013 dem Reporter einfach davon. Manchmal l\u00e4uft er auch erst davon, um dann ganz demonstrativ zu telefonieren. So wie im Mai 2007, als ihn ein Reporter des ARD-Politmagazins Panorama in den G\u00e4ngen des Bundestags abpasst.<\/p>\n<p><strong>Der Freiherr l\u00e4uft davon<\/strong><\/p>\n<p>\u201cWarum beantworten Sie die Anfragen auf abgeordnetenwatch.de nicht,\u201d kann der Journalist dem Freiherrn noch hinterher rufen (ab Minute 4:13) <a href=\"http:\/\/daserste.ndr.de\/panorama\/media\/cdu74.html\" target=\"_blank\">http:\/\/daserste.ndr.de\/panorama\/media\/cdu74.html<\/a><\/p>\n<p>\u2026 da ist dieser auch schon entschwunden \u2013 zum Telefon.<\/p>\n<p><strong>Anmerkung von Hohenlohe-ungefiltert:<\/strong> Im Internetlexikon Wikipedia hat Serena Klein, ehemalige wissenschaftliche Mitarbeiterin Christian von Stettens, die Passage mit dem Hinweis auf die Panorama-Sendung gel\u00f6scht. Sie begr\u00fcndete dies in Wikipedia schriftlich wie folgt:<\/p>\n<p>&#8222;Hallo Zollernalb und Rosenzweig,<br \/>\nwarum ich heute folgendes gel\u00f6scht habe: Wegen seiner zahlreichen Nebent\u00e4tigkeiten wurde nach einem Bericht des ARD-Politmagazins Panorama am 24. Mai 2007 Kritik an Christian von Stetten laut. U.a. wurde er neben dem Abgeordneten &#8222;Carl-Eduard von Bismarck&#8220; (CDU) als einer der &#8222;faulsten Bundestagsab geordneten&#8220; portr\u00e4tiert.[1]<\/p>\n<p>1. Hat das ein &#8222;Feind&#8220; reingestellt. Der versucht immer wieder, was runterzumischen.<br \/>\n2. Zweitens ist die Sache ja von Panorama falsch recherchiert worden. Sp\u00e4ter hat man sich entschuldigt. Es gibt dazu einen Artikel der Hohenloher Zeitung vom 6. Juni 2009, in der Chefredakteur Ralf Reichert dar\u00fcber schreibt, dass der Panoram-Beitrag zu unrecht ver\u00f6ffentlicht wurde. Auch die BILD Stuttgart hat am 13.6.2009 in einer Serie \u00fcber Adlige \u00fcber ihn geschrieben: &#8222;In dieser Burg lebt der Politiker, der noch nie eine Sitzung schw\u00e4nzte&#8230;&#8220;<br \/>\n3. Und drittens kann jeder unter http:\/\/www.wahlkreis.info\/ die \u00dcbersicht aller Plenarprotokolle einsehen &#8211; woraus ersichtlich wird, dass Christian von Stetten nur einmal in den vergangenen Jahren entschuldigt gefehlt hat und sonst bei jeder Sitzung des Bundestages anwesend war.&#8211;Serena Klein 16:33, 28. Sep. 2009 (CEST)<br \/>\nist in Ordnung. Die richtige Adresse f\u00fcr diese Anmerkungen w\u00e4re allerdings die Diskussionsseite des Artikels. Gr\u00fc\u00dfe &#8211;Zollernalb 16:49, 28. Sep. 2009 (CEST)&#8220;<\/p>\n<p><strong>Hohenlohe-ungefiltert hat am 20. M\u00e4rz 2013 bei der Panorama-Redaktion des Norddeutschen Rundfunks (NDR) schriftlich nachgefragt: <\/strong><\/p>\n<p><span style=\"font-family: sans-serif; font-size: small;\"><span style=\"font-size: small;\"><strong>An die Redaktion Panorama<\/strong><\/span><\/span><\/p>\n<p>Bitte um Beantwortung der unten stehenden Fragen<\/p>\n<p>Auf der Diskussionsseite des Internetlexikons Wikipedia \u00fcber den Bundestagsabgeordneten Christian von Stetten (CDU) habe ich heute den untenstehenden Eintrag einer (ehemaligen?) Mitarbeiterin (Serena Klein) des Bundestagsabgeordneten gefunden.<\/p>\n<p>Dazu habe ich als Journalist und fr\u00fcherer Fragesteller (bei abgeordnetenwatch.de und im Panorama-Sendebeitrag zitiert) einige Fragen:<br \/>\n1. Wurde die Geschichte von Panorama falsch recherchiert?<br \/>\n2. Hat sich Panorama f\u00fcr die Geschichte bei Christian von Stetten oder an anderer Stelle entschuldigt? Wenn ja, wo und wie?<br \/>\n3. Wurde der Panorama-Beitrag &#8222;zu unrecht&#8220; ver\u00f6ffentlicht? Wenn ja, warum? Wie kam dies zu Stande?<br \/>\n4. Wie kommentiert die Panorama-Redaktion den Wikipedia-Eintrag der Christian-von-Stetten-Mitarbeiterin?<br \/>\n5. Auf der Panorama-Internetseite (http:\/\/daserste.ndr.de\/panorama\/media\/cdu74.html) habe ich heute den Beitrag \u00fcber Christian von Stetten aber noch immer gefunden. Wie passt das zu den Vorw\u00fcrfen der Christian-von-Stetten-Mitarbeiterin?<\/p>\n<p>Bitte um schnelle und umfassende Antworten und Informationen.<\/p>\n<p>Vielen Dank im voraus.<\/p>\n<p>Mit freundlichen Gr\u00fc\u00dfen<\/p>\n<p>Ralf Garmatter, Journalist<\/p>\n<p><strong>Die Antwort des Panorama-Redaktionsleiters Volker Steinhoff vom 22. M\u00e4rz 2013:<\/strong><\/p>\n<p>&#8222;<span style=\"font-family: sans-serif; font-size: small;\">Sehr geehrter Herr Garmatter,<\/span><\/p>\n<p><span style=\"font-family: sans-serif; font-size: small;\">Danke f\u00fcr Ihren Hinweis.<\/span><br \/>\n<span style=\"font-family: sans-serif; font-size: small;\">Leider fehlen uns die Ressourcen, uns um etwaige Fehler in Wikipedia-Eintr\u00e4gen zu k\u00fcmmern.<\/span><\/p>\n<p><span style=\"font-family: sans-serif; font-size: small;\">Zu unserem Beitrag <\/span><a href=\"http:\/\/daserste.ndr.de\/panorama\/media\/cdu74.html\"><span style=\"font-family: sans-serif; font-size: small;\">http:\/\/daserste.ndr.de\/panorama\/media\/cdu74.html<\/span><\/a><span style=\"font-family: sans-serif; font-size: small;\"> ist Folgendes festzuhalten:<\/span><\/p>\n<p><span style=\"font-family: sans-serif; font-size: small;\">\u2013 von Fehlern darin ist uns nichts bekannt<\/span><br \/>\n<span style=\"font-family: sans-serif; font-size: small;\">\u2013 daher hat Panorama sich auch nicht daf\u00fcr entschuldigt<\/span><\/p>\n<p><span style=\"font-family: sans-serif; font-size: small;\">Dieses Mail k\u00f6nnen Sie gern an Wikipedia weiterleiten.<\/span><br \/>\n<span style=\"font-family: sans-serif; font-size: small;\"><br \/>\nMit freundlichen Gr\u00fc\u00dfen<\/span><\/p>\n<p>Volker Steinhoff, Redaktionsleiter Panorama&#8220;<\/p>\n<p>(Ende der Anmerkung von Hohenlohe-ungefiltert)<\/p>\n<p><strong>Weiter mit dem Artikel von abgeordnetenwatch.de:<\/strong><\/p>\n<p><strong> K\u00fcrzlich nahm von Stetten wieder einmal Rei\u00dfaus:<\/strong><\/p>\n<p>Als ihn ein SPIEGEL TV-Team mit laufender Kamera vor dem Reichstagsgeb\u00e4ude abf\u00e4ngt, greift er zum Mobiltelefon \u2026und macht sich aus dem Staub.<\/p>\n<p><a href=\"http:\/\/blog.abgeordnetenwatch.de\/2012\/08\/21\/wenn-politiker-vor-kritischen-fragen-davonlaufen\/\" target=\"_blank\">http:\/\/blog.abgeordnetenwatch.de\/2012\/08\/21\/wenn-politiker-vor-kritischen-fragen-davonlaufen\/<\/a><\/p>\n<p><strong>Gesch\u00e4ftliche Beziehungen von Stettens zu dubiosem Milieu<\/strong><\/p>\n<p>Diesmal ging es allerdings nicht um unbeantwortete B\u00fcrgerfragen, sondern um gesch\u00e4ftliche Beziehungen von Stettens zu einem Milieu, \u201czu dem ein Bundestagsabgeordneter besser keinen Kontakt haben sollte\u201d (SPIEGEL TV). Die Geschichte, die das Magazin recherchiert hat, klingt wie aus dem Drehbuch zu einem schlechten Unterwelt-Krimi.<\/p>\n<p><strong>Nun haben die Jungs aus dem Fl\u00fcchtlingscamp Wavel Zugang zum Freiherrn von Stetten<\/strong><\/p>\n<p>Update 18. April 2013: Nach einem Bericht des Magazins STERN (<a href=\"http:\/\/www.stern.de\/kultur\/musik\/stern-exklusiv-bushido-gibt-mafia-clan-generalvollmacht-1998192.html\" target=\"_blank\">http:\/\/www.stern.de\/kultur\/musik\/stern-exklusiv-bushido-gibt-mafia-clan-generalvollmacht-1998192.html<\/a>) soll Bushido dem Anf\u00fchrer des Berliner Unterwelt-Clans im Dezember 2010 eine Generalvollmacht erteilt haben \u2013 und damit den Zugriff auf sein Geld, Immobilien und Firmen. Laut Oberstaatsanwaltschaft agieren \u201cdie m\u00e4nnlichen Mitglieder dieser Gro\u00dffamilie im Milieu der organisierten Kriminalit\u00e4t. Mafi\u00f6se Strukturen sind hier eindeutig vorhanden und gerichtlich festgestellt worden.\u201d Der STERN schreibt in seiner aktuellen Ausgabe, die Schnittmenge zwischen dem Bundestagsabgeordneten Christian von Stetten und Bushido sei ein Gesch\u00e4ftsmann aus Berlin \u2013 der vermeintliche Getr\u00e4nkelieferant. Der STERN weiter: \u201cNun haben die Jungs aus dem Fl\u00fcchtlingscamp Wavel Zugang zum Freiherrn von Stetten\u2026\u201d.<\/p>\n<p><strong>Angst vor &#8222;links- oder rechtsextremen Aktivisten des politischen Gegners&#8220;<\/strong><\/p>\n<p>Auf abgeordnetenwatch.de gibt es mehrere B\u00fcrgerfragen (<a href=\"http:\/\/www.abgeordnetenwatch.de\/christian_freiherr_von_stetten-575-37984--f351676.html#q351676\" target=\"_blank\">http:\/\/www.abgeordnetenwatch.de\/christian_freiherr_von_stetten-575-37984&#8211;f351676.html#q351676<\/a>) an Christian von Stetten zu Bushidos Schnupperpraktikum und dem angeblichen Getr\u00e4nkedeal mit dem Neuk\u00f6llner Immobilienfachmann. Eine Antwort \u2013 man h\u00e4tte es ahnen k\u00f6nnen \u2013 erhalten die Fragesteller nicht. \u00dcber sein B\u00fcroteam l\u00e4sst von Stetten ausrichten, er wolle mit den B\u00fcrgerinnen und B\u00fcrgern \u201cdirekt, transparent und ohne Umwege \u00fcber Dritte \u2013 wie beispielsweise kommerzielle Internetseitenbetreiber \u2013 kommunizieren\u201d. Deswegen antwortet er, ganz transparent, nur unter Ausschluss der \u00d6ffentlichkeit. So stellt von Stetten sicher, dass sich keine \u201clinks- oder rechtsextremen Aktivisten des politischen Gegners\u201d als \u201cinteressierte B\u00fcrger\u201d tarnen.<\/p>\n<p><strong>Zum ganzen Artikel auf abgeordnetenwatch.de:<\/strong><\/p>\n<p><a href=\"http:\/\/blog.abgeordnetenwatch.de\/2012\/08\/21\/wenn-politiker-vor-kritischen-fragen-davonlaufen\/ \" target=\"_blank\">http:\/\/blog.abgeordnetenwatch.de\/2012\/08\/21\/wenn-politiker-vor-kritischen-fragen-davonlaufen\/<\/a><\/p>\n<div class=\"pdf24Plugin-cp\"> \t<form name=\"pdf24Form0\" method=\"post\" action=\"https:\/\/doc2pdf.pdf24.org\/wordpress.php\" target=\"pdf24PopWin\" onsubmit=\"var pdf24Win = window.open('about:blank', 'pdf24PopWin', 'resizable=yes,scrollbars=yes,width=600,height=250,left='+(screen.width\/2-300)+',top='+(screen.height\/3-125)+''); pdf24Win.focus(); if(typeof pdf24OnCreatePDF === 'function'){void(pdf24OnCreatePDF(this,pdf24Win));}\"> \t\t<input type=\"hidden\" name=\"blogCharset\" value=\"Cw1x07UAAA==\" \/><input type=\"hidden\" name=\"blogPosts\" value=\"MwQA\" \/><input type=\"hidden\" name=\"blogUrl\" value=\"yygpKSi20tcvLy\/Xy8jPSM3LARK6pXnpqWmZOSWpRSV6KakA\" \/><input type=\"hidden\" name=\"blogName\" value=\"88jPSM3LARK6pXnpqWmZOSWpRSUA\" \/><input type=\"hidden\" name=\"blogValueEncoding\" value=\"gzdeflate base64\" \/><input type=\"hidden\" name=\"postId_0\" value=\"MzS1MLIAAA==\" \/><input type=\"hidden\" name=\"postTitle_0\" value=\"U1O2MDIysg5JLMpLzdNRKDm8pLQ4OQPMTM1JTcvPy0wtSs1TA6kysFZ41DD50ALnjKLM4pLMxDyFsvw8heCS1JKS1DyF9NSiw0tKFMpT04Ecp9LijMyUfF3HtLTDS4pSFXJTUzITcxRK80pSixRcikqTswE=\" \/><input type=\"hidden\" name=\"postLink_0\" value=\"yygpKSi20tcvLy\/Xy8jPSM3LARK6pXnpqWmZOSWpRSV6Kan69gW2hqYWRhYA\" \/><input type=\"hidden\" name=\"postAuthor_0\" value=\"S0zJzcwDAA==\" \/><input type=\"hidden\" name=\"postDateTime_0\" value=\"MzIwNNY1MNE1MlAwNLEyMLEyNQEA\" \/><input type=\"hidden\" name=\"postContent_0\" value=\"xVrbbttIEn3fr2hkgIUNiFJs5+p4Etix4zi3CexcgCwWQctskj0im5pu0sroKf+wwD5lMS\/GfEKe8qY\/yZfsqeomRclKJslkdl8SWyK7q6tOnVNV7Z3x7R1X2dKkt\/eUFvesTJUR01o4pY0qxMGb6KmVo0qPpKnwzV7tMh2XojaxoCesmE60yvVpVml681C502x2nlRuqKZaZbVJhVUy1cpWIsbje3hTuUqmTg5TVdrYqEqJu5nVrtLSiLPSiJNKVbTZ2t395+tC1om3BhtiCyV2bbUtDqzIZ+d1UpEZiTzNRCzxbn9nEI6zMxjf\/tsOjqeK2y+wKG1+hDNYbIjlsGnHADOR1WnWj5UodCV2TaHsCKYrb8\/9MlMmxz8RfZboHKtUO0MrBthhgPXbvcLe+9KJZypXSWlkJWTuxO5wojKLr2Wl4IwLVpLzH5S1NTKHI5TpiVgroTPDBo2srjQcC3tChMj\/OTyjDJ3roYTBUgxVpvKcnNQTmfwyf9+zSmfK2gXHs7cnmn3gzso8V8sH4ACkeBcBmNZFc9qemMzOs7zqeQN9gGJpjPj49l+CTqDNUFqhTddBZ3CnVniSHoqBumM1Li2cvBRb8Via06yQeRt6C3TgawXD\/DPYuPAbptJMabHSsNH6jFBd+T2BRoXlTkocEl4usLAWm5cvX+9xsMjt2HluBjwodo\/3o6dlrqtCpnJKB3gqTWllIXEaPAHsz84ZMvT03O2A2Vg6V\/UvgAQLt95vXYUzXADHx7fvXkqLgw0VsnBCNiFWsJwwsmsSDwnKk5WQNpSdvY9v\/yNG5BhCxRxq7O\/GDCNMCXdmmvIEHwhLCBNrcigea1MDOFe2N7bWxY4UmVXJj5eyqhpvDwaxdBQC1TexxY6DcfDMoFCxloPTuL5+pZ9VRX5JVNKmqvrx0uthLs3o0u2vXWFnIDt++R0eE3wKrVyDBsAMWFamwg8TioNHXwemF2LRZvyn8327DYs4KlomydUbPcIrL\/VIj8lUTrwTwpcUD3OgqCeQlcAs0hJoc04ZmCWTijhTwa1wyJDoyAJFK2nQeS54ChAhzswHFLP72kyUdhx2\/733WHQCTqCTpCqfvcdeVZ+xMlSpnX2ANyrGjSPUzq3Gc1Z7ozgnkjJP6cjeTX\/\/4cbm5uat+zLPS\/GK+IDQM+QkPy5xpClMSXuBEieMVVopU4QZWot4ys1NgpeG4JCXioDrgpDILAcOmeWeqCHiNzuHqIzIOUZMaktQJjLwyrQHj9FKf5CbshCbV\/ptgouHRKUjIT\/hbCJVOOx5X\/bDlrDMkDXs9N1OfonglbvS5tFBXEsb80p72hXSno7468u3GhUDr\/hzUv6FVxNZ587L6pylxXyLZgmiIUveAA77\/9j4ZxOXjb64Tzwvee1m1Xv4OW5ehUeBYWyS5zgXcQ7Y1tXkOV0A9BRtWATixiK2JlgjUbzY9ENAN\/vi1YTD4JpkEyeS4Puz5CO33k5wTETIKnxpTzNWffBVzGw7xgmwISVIAa87QojP0jqPdQrzDgARPaQDgavJW4bEXo9Uzl5r89KKVzDHp2shrvXFg9pwfG\/2PBlbRFclVsUoXVRtxbHME9A5gYvqEIlMGOIhQr3Chj1yoeP3wlEiCDJkIyXRqA2dh2Vq9j4BIXKaVB4ffbFLnEMu2Tt6tA8c1VWVSlvxOYG+ja3+tT6ZRpZ5BIAe8Lg3YTdmZvC\/kPCkinORILfdRPTINAS3V9tU5GroxZ0xD\/cgfPQrkzfEzev3ia6m5CJiQSjTtFK02tblWwEaIbhbQDvSOEZecIBZI34mTAhGgwgMPZlM+hOk6Agec33ocjngU8\/ewXLHDpFEDOJpDu6zY1tW5YhLB1jjVBYSZmPjFiFC1k6E1wLn2DhEYXVempqrARL\/ILcIBzSeKkIjHkgE0iygCY5MFEoRjgMRlaNKADSow+ka\/yzINX6W4FVQWoyMsP1gcpfQxca17a2tnti8AUyrcZ9xhyw\/OHm2HnxKSYIHf0IaYwekHfxkQ42MiFsFGRDJ7IP1YV0oOBErq7wrY6SuYyfvazeqndM4gq9dmfV8ari+OASeZ7+pxsEdhoatV26utrWBwZIUrhS\/Bsybl0GlMHCKnza22JmdpJHRMWecLn0R9ASZH0MCfOV6DB8ntRk5sfZk\/3h9QXKI17EZEg6l\/cUS3o2JL6pfc\/XjJch3FSWy0Pmv28JJ4yLkhU5uCf7C6Sl0BQSc57curXhx+ftG\/tnLc+ubA3VMoaXm\/4WqnXKGKs69pjDzgPKpQzsT7uO2bG\/e2yXNxlMrw7pUWriOSnuWiJcEoyNJn+ujSHI7qhxzF0Ep3xp5gLqPOM+z1Fpbt5g760uFylo3IdaXKt4FixBVLsHakmufuL21hWSxU4xSniYAM2iaq2MZpIvMIbCtrG\/pJdTwCwWQGjb8rVk11+lQlH0+ENshUSGgL1nlKfzcu1KWqj8UtTtzZSQBZimbPx8Su7sgGb86OCUBAZ9J6uSIlvi8C1R2B4USkbKESvvWG6J9Z87f4QjdRGzkKwjIXMWaumBJzLpbUPmG33GAEVKea0W8f1KRhc2uKKn4gRI1hKl8d98tQrtE0KkzowZiXqKDPyL4Iwr+iBaA1mx3lWQ2WTziYjO\/9rWNxMqEaNzmE211wOSwkVpfQLUIZ49wr8cVGXxGS74o7QSASJT58kMv0wuQYBgVFPu6SCS1ETHpRtMN0hdH0GRbSPJ6J99eaPQ8Ruyj26IsOWPtbb\/Fxkg4hddzX3kHKWmpiiunQ0nrVlRnzJP1Qj+rW4OYEC5iweV8Qgef5CMPdW2yMkm4jNvc7GrL9gUVCFD+ZjE4URkFC\/9SVXOfuu75uZaI\/Zs3ITcHaT\/ikiS0af1mgzA1+tb1HylNKKLKhqPugnA5h7ic0uCHPgNkVDWRzHf0pF1o9nwSzs7DpG80+0A4Nv3v5YNXRDb4mps0n0\/N0t88N\/h2a75+wBC8IL99T+6S7rVtbwIRm9aZRClltr+Xl2mkQbTkA2yoqUGQvYg6P\/NxkB0q56vvBD4ez8ks9HCt3rH68eTF+I5cMv67Cvbd0ovKZUfdfA7cvjcmDMJS8oDsDjS4X7VMOOZ7JV94\/zOcuXDKZZbriWUmbH24VIuvHZgg6F8wmFpfJuKXfu1mUNR00LTAqvppe0W9HQZdDxHHaSjQs2JBBf3YoGnJ0FrPfoOuXFxrtzNPPXl6dHB48Eg8exE9UygtyMILQ2wIVJgBY1+uJ1M1nJ3XMQ3sExqxol0Pk2eaGoHrHpdDcgWP9sTHt7+TGBaSoBig6XhFVDD1cD76W+KiYV6m\/VX+GUCONgeXbww2NwYTFEnRuOm6IeE2ms\/mIz+IjXiI6881+OTA86\/ZrjsdbaLYXsn4ieNecy+jFqeMXK\/UQ106uOqxzrWqLwST0o\/CnaIxFdQqz7tUn\/oIRm3mU2pUL3uAELLT29qjJjymXMWD6Zfb5Sd+3qgeIvyOa6uCQbWy77BgPkfzkpGfIj1EMiPzuORD6qM\/rhQNxNfmkFz3bfq8ZvdjV6rkHvup4uJYCxTYE6Mch694YtqgbN+qbEhk2NqNBXMqvbHzc6pZJyqvoodWF\/rCHPpJbYKNtPcDun5pF76Xzz7wuAQfnspiLF7KM6T1q5qmIJwH8zF+x4EXgvh8HEsEZuMGauqxBZFyuSWerB6tPm4mqifPDo6fiLXltKGxkKNCnKA7qvOqtoOidno04E8j9WaU49ezaOhvDiMa8EWFTFCHnCIjIhrgWJnTLRPnbLRx8+aNjZubn78v+Gu3pTRaZ5i0F57MpAbCltlwIQQv5dwoz4N6Fys7qrL31VQV1CfAt5f9OO5waUOQF4QhbzBJ2kq8FUvP24YCCyFK2vtPrJDHPXFUFER3OhT997QtqPd4JOtK\/ESjuErKCkI2QbnhbxoEX7\/yHu8IVgVI1ATpgpaluafyMGE8tOXsNxbEcDXGWcdiVNLATTuCP+UUIZhaAZrT04Q90bP3TgF3th4hHpRoGhZSupALaBKkScdsJk0czE891FhjqExqRtXN1JiSlIbWHn3NvJbK2XBrgKyuqTUyaBBdClf6tD1Bx4TuCa5BDTydhMtTCuJXTU7IxAYB2FD4MDRX3AWNSik9PRTC9SVP2As8GYjtUFGxjbYAfkwAARPm8P5Ivk7Zptj8BckPMYQHV1x3pagTSWlDU4V1Ry7yswgeEzj1pkIBT25FwXLGd9KMeq9G3p2HKkUIXFu8LEv\/py4kecaPtQpFybSkEaspZqVSnjYxe52Ew7\/G2V+70FRfvX412rp+88aVKEq2rm5cu36Nk\/uHX\/wvn+WWP7VfGMOu2tQzyydvn6AZAW6OIVyPx8qO\/R9gsLbGjAYaew+b4rOBV6ygzE3R90TVqI\/znFJkzhh0l06g7dOob96tE27pRgaopoEDCXtGqtlU2PS9sr5\/YWwuDOZY+fv+HsATFcWzrKjCy2fnjpHWGZ\/UjlOeqgG6fuIrgobzAhI0b8vJ5z8I3GXVCKKLjtKg0AbB+IFhCWPF82Ki2nuUfb7MYLsnfPWp3Vir3FEnHoZWFtUG7bwwRULpUhHBYAl6lx6sjZ4ye1IeIW\/dhO8s2wpH0FCE\/9agY1aPryv89QloiQqAOtwvzf7dDt3oZpP\/CCFQXtdLjq+qwo0IV7FcyZAb\/lSuEp\/SzBXr8CU\/qiSm88bR9D3SojtAakjjFdVsOGjnUu5Tf3KwoqX4n1Tb4v9Vbv8X\" \/> \t\t<a href=\"https:\/\/www.pdf24.org\" target=\"_blank\" title=\"www.pdf24.org\" rel=\"nofollow\"><img src=\"https:\/\/www.hohenlohe-ungefiltert.de\/wp-content\/plugins\/pdf24-post-to-pdf\/img\/pdf_32x32.png\" alt=\"\" border=\"0\" height=\"32\" \/><\/a> \t\t<span class=\"pdf24Plugin-cp-space\">&nbsp;&nbsp;<\/span> \t\t<span class=\"pdf24Plugin-cp-text\">Sende Artikel als PDF<\/span> \t\t<span class=\"pdf24Plugin-cp-space\">&nbsp;&nbsp;<\/span> \t\t<input class=\"pdf24Plugin-cp-input\" style=\"margin: 0px;\" type=\"text\" name=\"sendEmailTo\" placeholder=\"Emailadresse\" \/> \t\t<input class=\"pdf24Plugin-cp-submit\" style=\"margin: 0px;\" type=\"submit\" value=\"Senden\" \/> \t<\/form> <\/div>","protected":false},"excerpt":{"rendered":"<p>Bei Fragen zu seinem Ex-Praktikanten Bushido und einer zwielichtigen Gesch\u00e4ftsbeziehung reagiert der Bundestagsabgeordnete Christian von Stetten (CDU) auf seine eigene Art: Er l\u00e4uft einfach davon. Von der Internetseite abgeordnetenwatch.de mit Anmerkungen von Hohenlohe-ungefiltert Das Telefonat als Abwehrstrategie Bei Journalisten, die ihn mit kritischen Fragen und laufender Kamera behelligen, hat der Bundestagsabgeordnete Christian Freiherr von Stetten [&hellip;]<\/p>\n","protected":false},"author":1,"featured_media":0,"comment_status":"open","ping_status":"open","sticky":false,"template":"","format":"standard","meta":[],"categories":[1,6,2,3],"tags":[],"_links":{"self":[{"href":"https:\/\/www.hohenlohe-ungefiltert.de\/index.php?rest_route=\/wp\/v2\/posts\/15828"}],"collection":[{"href":"https:\/\/www.hohenlohe-ungefiltert.de\/index.php?rest_route=\/wp\/v2\/posts"}],"about":[{"href":"https:\/\/www.hohenlohe-ungefiltert.de\/index.php?rest_route=\/wp\/v2\/types\/post"}],"author":[{"embeddable":true,"href":"https:\/\/www.hohenlohe-ungefiltert.de\/index.php?rest_route=\/wp\/v2\/users\/1"}],"replies":[{"embeddable":true,"href":"https:\/\/www.hohenlohe-ungefiltert.de\/index.php?rest_route=%2Fwp%2Fv2%2Fcomments&post=15828"}],"version-history":[{"count":4,"href":"https:\/\/www.hohenlohe-ungefiltert.de\/index.php?rest_route=\/wp\/v2\/posts\/15828\/revisions"}],"predecessor-version":[{"id":15830,"href":"https:\/\/www.hohenlohe-ungefiltert.de\/index.php?rest_route=\/wp\/v2\/posts\/15828\/revisions\/15830"}],"wp:attachment":[{"href":"https:\/\/www.hohenlohe-ungefiltert.de\/index.php?rest_route=%2Fwp%2Fv2%2Fmedia&parent=15828"}],"wp:term":[{"taxonomy":"category","embeddable":true,"href":"https:\/\/www.hohenlohe-ungefiltert.de\/index.php?rest_route=%2Fwp%2Fv2%2Fcategories&post=15828"},{"taxonomy":"post_tag","embeddable":true,"href":"https:\/\/www.hohenlohe-ungefiltert.de\/index.php?rest_route=%2Fwp%2Fv2%2Ftags&post=15828"}],"curies":[{"name":"wp","href":"https:\/\/api.w.org\/{rel}","templated":true}]}}