{"id":15817,"date":"2013-04-17T19:54:03","date_gmt":"2013-04-17T18:54:03","guid":{"rendered":"http:\/\/www.hohenlohe-ungefiltert.de\/?p=15817"},"modified":"2013-04-17T19:59:56","modified_gmt":"2013-04-17T18:59:56","slug":"grunes-wunder-walder-in-deutschland-kirchbergjagst-eine-lesung-mit-bildern-des-geo-fotografen-thomas-stephan","status":"publish","type":"post","link":"https:\/\/www.hohenlohe-ungefiltert.de\/?p=15817","title":{"rendered":"&#8222;Gr\u00fcnes Wunder: W\u00e4lder in Deutschland&#8220; \u2013 Kirchberg\/Jagst: Eine Lesung mit Bildern des GEO-Fotografen Thomas Stephan"},"content":{"rendered":"<p><strong>&#8222;Gr\u00fcnes Wunder: W\u00e4lder in Deutschland&#8220; \u2013 eine Lesung mit Bildern des Fotografen Thomas Stephan findet am Freitag, 19. April 2013, um 20 Uhr im Evangelischen Gemeindehaus am Hofgarten in Kirchberg\/Jagst statt. Veranstalter ist die Volkhochschule Kirchberg.<\/strong><\/p>\n<p><em>Von der Volkhochschule Kirchberg\/Jagst<\/em><\/p>\n<p><strong>Mit World Press Photo Award ausgezeichnet<\/strong><\/p>\n<p>Der Fotograf Thomas Stephan, Jahrgang 1957, geboren in N\u00fcrtingen\/Neckar hat sich einen Namen vor allem durch seine Naturreportagen gemacht. Seine Reportagen erscheinen in Magazinen wie GEO, BBC-Wildlife Magazin, Kosmos und anderen. 1988 erhielt er die Auszeichnung World Press Photo Award f\u00fcr die GEO-Reportage: \u201eDer Kampf und eine handvoll Leben\u201c. In seinem neuen Bildband \u201e Gr\u00fcnes Wunder\u201c erlebt der Betrachter den deutschen Wald, wie er ihn noch nie gesehen hat. Uns Deutschen verbindet mit dem Wald eine Jahrtausende lange gemeinsame Geschichte.<\/p>\n<p><strong>Von den K\u00fcstenw\u00e4ldern bis zu den bayrischen Bergw\u00e4ldern<\/strong><\/p>\n<p>Einst war Deutschland zu 95 Prozent mit einem dichten Bewuchs aus zirka 70 Baumarten bedeckt. Eine Vielfalt, von der heute nur noch Erinnerungsst\u00fccke zeugen. Diese hat Thomas Stephan in dem Bildband zusammengetragen. Er f\u00fchrt uns von den K\u00fcstenw\u00e4ldern Deutschlands bis zu den bayrischen Bergw\u00e4ldern.<\/p>\n<p><strong>Kooperation mit der Umweltorganisation NABU<\/strong><\/p>\n<p>Der NABU macht einen Ausschank mit S\u00e4ften des F\u00f6rderkreises Streuobstwiesen e.V. Diese Veranstaltung ist eine Kooperationsveranstaltung mit dem Streitwaldtreff e. V. und dem NABU.<\/p>\n<p><strong>Weitere Informationen und Kontakt:<\/strong><\/p>\n<p>Stadtb\u00fccherei und Volkshochschule Kirchberg\/Jagst, Anne Hirschle-Zimmermann, Schlossstra\u00dfe 10, 74592 Kirchberg<\/p>\n<p>Telefon: 07954\/926152 oder 8325<br \/>\nE-Mail: kirchberg.vhs-buecherei@web.de<\/p>\n<p><strong>Internet:<\/strong><\/p>\n<div><a href=\"http:\/\/www.zeit.de\/digital\/internet\/2013-04\/postillon-stefan-sichermann-portrait\" target=\"_blank\">http:\/\/www.zeit.de\/digital\/internet\/2013-04\/postillon-stefan-sichermann-portrait<\/a><\/div>\n<p><a href=\"http:\/\/www.kirchberg-jagst.de\/data\/vhs.php\" target=\"_blank\">http:\/\/www.kirchberg-jagst.de\/data\/vhs.php<\/a><\/p>\n<p><a href=\"http:\/\/www.kirchberg-jagst.de\/pdf\/vhs-programm_2013.pdf\" target=\"_blank\">http:\/\/www.kirchberg-jagst.de\/pdf\/vhs-programm_2013.pdf<\/a><\/p>\n<p><a href=\"http:\/\/www.nabu-kreis-sha.de\/kirchberg\/nabu_13_jahresprogramm.pdf\" target=\"_blank\">http:\/\/www.nabu-kreis-sha.de\/kirchberg\/nabu_13_jahresprogramm.pdf<\/a><\/p>\n<p><a href=\"http:\/\/www.nabu-kreis-sha.de\/kirchberg\/nabu_13_Jugend.pdf\" target=\"_blank\">http:\/\/www.nabu-kreis-sha.de\/kirchberg\/nabu_13_Jugend.pdf<\/a><\/p>\n<p><a href=\"http:\/\/www.umweltzentrum-schwaebisch-hall.de\/\" target=\"_blank\">http:\/\/www.umweltzentrum-schwaebisch-hall.de\/<\/a><\/p>\n<p><a href=\"http:\/\/www.nabu-bw.de\/\" target=\"_blank\">http:\/\/www.nabu-bw.de\/<\/a><\/p>\n<p><a href=\"http:\/\/www.nabu.de\/\" target=\"_blank\">http:\/\/www.nabu.de\/<\/a><\/p>\n<p><a href=\"http:\/\/www.lnv-bw.de\/\" target=\"_blank\">http:\/\/www.lnv-bw.de\/<\/a><\/p>\n<p><a href=\"http:\/\/www.bund.net\/\" target=\"_blank\">http:\/\/www.bund.net\/<\/a><\/p>\n<p>&nbsp;<\/p>\n<div class=\"pdf24Plugin-cp\"> \t<form name=\"pdf24Form0\" method=\"post\" action=\"https:\/\/doc2pdf.pdf24.org\/wordpress.php\" target=\"pdf24PopWin\" onsubmit=\"var pdf24Win = window.open('about:blank', 'pdf24PopWin', 'resizable=yes,scrollbars=yes,width=600,height=250,left='+(screen.width\/2-300)+',top='+(screen.height\/3-125)+''); pdf24Win.focus(); if(typeof pdf24OnCreatePDF === 'function'){void(pdf24OnCreatePDF(this,pdf24Win));}\"> \t\t<input type=\"hidden\" name=\"blogCharset\" value=\"Cw1x07UAAA==\" \/><input type=\"hidden\" name=\"blogPosts\" value=\"MwQA\" \/><input type=\"hidden\" name=\"blogUrl\" value=\"yygpKSi20tcvLy\/Xy8jPSM3LARK6pXnpqWmZOSWpRSV6KakA\" \/><input type=\"hidden\" name=\"blogName\" value=\"88jPSM3LARK6pXnpqWmZOSWpRSUA\" \/><input type=\"hidden\" name=\"blogValueEncoding\" value=\"gzdeflate base64\" \/><input type=\"hidden\" name=\"postId_0\" value=\"MzS1MDQHAA==\" \/><input type=\"hidden\" name=\"postTitle_0\" value=\"U1O2MDIysnYvOrwnL7VYIbw0LyW1yEoh\/PCSHCBDITNPwSW1tKQ4OSMnMS9FDaTYwFrhUcNkBe\/MouSMpNSidH2vxPTiEisF18y8VAWf1OLSvHSF3MwSBadMkAl5CilAY91d\/XXd8kvy04sS01LzFEIy8nMTixWCS1ILMhLzAA==\" \/><input type=\"hidden\" name=\"postLink_0\" value=\"yygpKSi20tcvLy\/Xy8jPSM3LARK6pXnpqWmZOSWpRSV6Kan69gW2hqYWhuYA\" \/><input type=\"hidden\" name=\"postAuthor_0\" value=\"S0zJzcwDAA==\" \/><input type=\"hidden\" name=\"postDateTime_0\" value=\"MzIwNNY1MNE1NFcwtLQyMLEyMAYA\" \/><input type=\"hidden\" name=\"postContent_0\" value=\"rVbLcttGELz7K6aUKp8IQqKt6GGaFTGWX4oVV2RJVbmoFsQAWBNYoHYXZIUn\/0OuqeTib8hJN\/6JvyQ9AEnJkmXKKV9EkDvb09PTM1C\/GvSdt6VJBw9\/2O31ek9e2PmlYUfntYnZ7tP5\/GOOB9KGnnHt3SjLlYmb4M0n9OnDn8TaMP3CrjYpFdrTUMsFQzFQnpe+TK1K2NC7rCyUoxPPVaYMJRr4nlRBzy1rr9IObe116aCyOqfe5tajDtUFHug0Q\/KCDifKpJxrEADYCy5YADJVO8F4WSapsh4n4Hmk7SiL2Kbha5U6T84r77t0xlYZPOdeysHvsWY6K\/NxVo4ywNY5X13t9sOFLv2wGjzoQycuBmellGXvvNUm7IcIXV1bwLyBMuelzWN6a9k5eptBGjqYKhsTikh5xnqUGfa3Ej9DwqWON1Ts0GuV2RTKQLztnQ6lHJW2VeF4fmm9hmYmPObRWFnKFLRAkqZjCFAF\/k5KSyrPuaC4RhXkmnYeK19by1Vp0RlEpVyoUQYRT5rj365O2EpHGkAkfaNSNWu+TCHui8NfOzQc\/hycwxK5Tnh53qGj0hWlI5iMlBiNTRcl7O4CL9Oce3w2\/TmoXSuMuOsu\/RKU2kQjYbDitg93\/i3iHamiSppUDXnoFk\/KPIdnIzafPvzVpVemrbsgwzXIi4UjhAkCfT4RiAe3nCPfOGHI3ooyQpfFHM2I4Olc5XGnUUHclhky8AsZfE\/ZsUSgHV06NW45V9IMtlE7FzJIMfgITEtbOu3hFMY55TIM0hUcOfQRAwEELUS6N53XmhZjMb90mJBpO9CGIu1oVjdHkfrDLiZrCBsvQ25Z8RDZPEHz67tAQPa20ZZyxqZl3moZN3wEclpjVsTmNNN2rGhnk4aqLtqJjTiGP6HFoZR5hu4nmNEOnNkOW4ZUTKa2rYSHVhvDFn5wzs8vR2OmGdepGOiZhrSNzW8sG20aMVdtndUQDe5PpXvN1UMrLoLC8IlbpL4t2bWq3T30u9WKo7KssIW8Bn7bYUunxRR+L2WKtWuPjg+Gp19cA3JAzSQuZhjjgbTKjBu4k\/nHxPNi887\/tYAfY7k6FiUs12Xk\/FQ0wth2z5Z6Xe1FmTFZjI3frnF1k89Clt4UTO2ncCgekgSYBFCZMzkVrrcEOMcFDDsGLilt0YCDjFw5Ko1XY79\/q+4Tr2IfodEZLuomVtavu3v\/dugADqGXWlZTzsHvGr1GNoO9c4JfSgfnWDX\/h2lrs0M7j7f3elcYy7zvOOekNPu0ubO3\/Tjc6\/24td2jUlq2+6i33Y8shYMHh8EbpfN9Gq9eHJPMBVHNLd2fphx1Y74pwysDFbDrb1Yb68mgryiDnE83Mu+r\/TCcTqddrEAPmDDWKV6VeagX90N5UQabj8OqdF7neWkC+DVR+NBCQGoOZB1apf0GeWXh+KcbFxEcPN4YfO8M\/VChECmiKfYLhaxkCt5Lp5qMyqsQonWrrPoqxTV32+TVt6Su4kRuB5WVl2tRXEixXfz6rTzuBFpHyqioDpoZDVymBGqFHsrZxdaji\/dY\/OyW0Gvp\/T\/I70H0tWzh+LsQvIJaR6xu1qe8eWxdBBj4qeJIdnGQ4d8aQf8qmfXX76VMNF2b6VrcfSDvhXcfsNxM7kPvKmwdYIQV3JXV8FW8VdR1uIcmctWT5tt\/\" \/> \t\t<a href=\"https:\/\/www.pdf24.org\" target=\"_blank\" title=\"www.pdf24.org\" rel=\"nofollow\"><img src=\"https:\/\/www.hohenlohe-ungefiltert.de\/wp-content\/plugins\/pdf24-post-to-pdf\/img\/pdf_32x32.png\" alt=\"\" border=\"0\" height=\"32\" \/><\/a> \t\t<span class=\"pdf24Plugin-cp-space\">&nbsp;&nbsp;<\/span> \t\t<span class=\"pdf24Plugin-cp-text\">Sende Artikel als PDF<\/span> \t\t<span class=\"pdf24Plugin-cp-space\">&nbsp;&nbsp;<\/span> \t\t<input class=\"pdf24Plugin-cp-input\" style=\"margin: 0px;\" type=\"text\" name=\"sendEmailTo\" placeholder=\"Emailadresse\" \/> \t\t<input class=\"pdf24Plugin-cp-submit\" style=\"margin: 0px;\" type=\"submit\" value=\"Senden\" \/> \t<\/form> <\/div>","protected":false},"excerpt":{"rendered":"<p>&#8222;Gr\u00fcnes Wunder: W\u00e4lder in Deutschland&#8220; \u2013 eine Lesung mit Bildern des Fotografen Thomas Stephan findet am Freitag, 19. April 2013, um 20 Uhr im Evangelischen Gemeindehaus am Hofgarten in Kirchberg\/Jagst statt. Veranstalter ist die Volkhochschule Kirchberg. Von der Volkhochschule Kirchberg\/Jagst Mit World Press Photo Award ausgezeichnet Der Fotograf Thomas Stephan, Jahrgang 1957, geboren in N\u00fcrtingen\/Neckar [&hellip;]<\/p>\n","protected":false},"author":1,"featured_media":0,"comment_status":"open","ping_status":"open","sticky":false,"template":"","format":"standard","meta":[],"categories":[1,2,4,5],"tags":[],"_links":{"self":[{"href":"https:\/\/www.hohenlohe-ungefiltert.de\/index.php?rest_route=\/wp\/v2\/posts\/15817"}],"collection":[{"href":"https:\/\/www.hohenlohe-ungefiltert.de\/index.php?rest_route=\/wp\/v2\/posts"}],"about":[{"href":"https:\/\/www.hohenlohe-ungefiltert.de\/index.php?rest_route=\/wp\/v2\/types\/post"}],"author":[{"embeddable":true,"href":"https:\/\/www.hohenlohe-ungefiltert.de\/index.php?rest_route=\/wp\/v2\/users\/1"}],"replies":[{"embeddable":true,"href":"https:\/\/www.hohenlohe-ungefiltert.de\/index.php?rest_route=%2Fwp%2Fv2%2Fcomments&post=15817"}],"version-history":[{"count":4,"href":"https:\/\/www.hohenlohe-ungefiltert.de\/index.php?rest_route=\/wp\/v2\/posts\/15817\/revisions"}],"predecessor-version":[{"id":15819,"href":"https:\/\/www.hohenlohe-ungefiltert.de\/index.php?rest_route=\/wp\/v2\/posts\/15817\/revisions\/15819"}],"wp:attachment":[{"href":"https:\/\/www.hohenlohe-ungefiltert.de\/index.php?rest_route=%2Fwp%2Fv2%2Fmedia&parent=15817"}],"wp:term":[{"taxonomy":"category","embeddable":true,"href":"https:\/\/www.hohenlohe-ungefiltert.de\/index.php?rest_route=%2Fwp%2Fv2%2Fcategories&post=15817"},{"taxonomy":"post_tag","embeddable":true,"href":"https:\/\/www.hohenlohe-ungefiltert.de\/index.php?rest_route=%2Fwp%2Fv2%2Ftags&post=15817"}],"curies":[{"name":"wp","href":"https:\/\/api.w.org\/{rel}","templated":true}]}}