{"id":1581,"date":"2009-04-20T14:27:21","date_gmt":"2009-04-20T13:27:21","guid":{"rendered":"http:\/\/www.hohenlohe-ungefiltert.de\/?p=1581"},"modified":"2009-04-20T14:31:38","modified_gmt":"2009-04-20T13:31:38","slug":"wahlkampfauftakt-der-grunen-mit-dem-fraktionsvorsitzenden-fritz-kuhn-%e2%80%93-veranstaltung-am-samstag-25-april-2009-ab-16-uhr-im-kirchberger-schloss","status":"publish","type":"post","link":"https:\/\/www.hohenlohe-ungefiltert.de\/?p=1581","title":{"rendered":"Wahlkampfauftakt von B\u00fcndnis 90\/Die Gr\u00fcnen mit dem Fraktionsvorsitzenden Fritz Kuhn \u2013 \u00d6ffentliche Veranstaltung am Samstag, 25. April 2009, ab 16 Uhr, im Kirchberger Schloss"},"content":{"rendered":"<p><strong><\/strong><\/p>\n<div id=\"attachment_1582\" style=\"width: 160px\" class=\"wp-caption alignleft\"><strong><strong><a href=\"https:\/\/www.hohenlohe-ungefiltert.de\/wp-content\/uploads\/2009\/04\/header-fritz1.jpg\"><img aria-describedby=\"caption-attachment-1582\" loading=\"lazy\" class=\"size-thumbnail wp-image-1582\" title=\"header-fritz1\" src=\"https:\/\/www.hohenlohe-ungefiltert.de\/wp-content\/uploads\/2009\/04\/header-fritz1-150x150.jpg\" alt=\"Fritz Kuhn\" width=\"150\" height=\"150\" \/><\/a><\/strong><\/strong><p id=\"caption-attachment-1582\" class=\"wp-caption-text\">Fritz Kuhn (Gr\u00fcne)<\/p><\/div>\n<p><strong><\/strong><\/p>\n<p><strong>Zum gemeinsamen Wahlkampfauftakt laden die Kreisverb\u00e4nde Schw\u00e4bisch Hall und Hohenlohe sowie des Ortsverbandes Schw\u00e4bisch Hall von B\u00dcNDNIS 90\/DIE GR\u00dcNEN <\/strong><strong>mit den Unabh\u00e4ngigen Gr\u00fcnen Listen Crailsheim und Kirchberg am Samstag, 25. April 2009, um 16 Uhr in den Rittersaal des Kirchberger Schlosses ein. Als prominentester Gast spricht Fritz Kuhn, Fraktionssprecher von B\u00fcndnis 90\/Die Gr\u00fcnen im Deutschen Bundestag.<\/strong><\/p>\n<p><em>Von Harald Ebner, Bundestagskandidat von B\u00fcndnis 90\/Die Gr\u00fcnen im Wahlkreis Schw\u00e4bisch Hall-Hohenlohe<\/em><\/p>\n<p>Auszug aus der Pressemitteilung der Gr\u00fcnen: Kommunalwahlen, Europa- und Bundestagswahl machen das Jahr 2009 zu einem Wahl- und Wahlkampf-Marathonjahr, das wir am Samstag, dem 25. April 2009, um 16 Uhr mit einem Fest im w\u00fcrdigen Rahmen des Rittersaales im Schloss Kirchberg gemeinsam mit den regionalen Kandidatinnen und Kandidaten f\u00fcr die Wahlen in den beiden Landkreisen einleiten wollen.<\/p>\n<p>Wir freuen uns ganz besonders, zu dieser Veranstaltung den Fraktionsvorsitzenden der Bundestagsfraktion von B\u00dcNDNIS 90\/DIE GR\u00dcNEN, Fritz Kuhn MdB, in Kirchberg begr\u00fc\u00dfen zu d\u00fcrfen (Internet: <a href=\"http:\/\/www.fritz-kuhn.de\/\" target=\"_blank\">www.fritz-kuhn.de\/<\/a> und <a href=\"http:\/\/de.wikipedia.org\/wiki\/Fritz_Kuhn\" target=\"_blank\">de.wikipedia.org\/wiki\/Fritz_Kuhn<\/a>). Besonderes Schmankerl werden die musikalischen Beitr\u00e4ge unseres langj\u00e4hrigen<br \/>\nLandesvorsitzenden und jetzigen Europakandidaten (Platz 16 Bundesliste) Andreas Braun sein, der franz\u00f6sische Chansons zum Besten geben wird, begleitet vom Pianisten Mikl\u00f3s Vajna.<\/p>\n<p><strong>Kurzinfos zur Veranstaltung:<\/strong><br \/>\n<strong>Datum:<\/strong> Samstag, 25. April 2009<br \/>\n<strong>Zeit:<\/strong> 16:00 Uhr bis ca. 19:00 Uhr (Reden Ebner und Kuhn zw. 16:00<br \/>\nund 17:30 h)<br \/>\n<strong>Ort:<\/strong> Kirchberg (Jagst), Schloss, Rittersaal<br \/>\n<strong>Redner:<\/strong> Fritz Kuhn MdB, Harald Ebner (Bundestagskandidat Wahlkreis<br \/>\nSchw\u00e4bisch Hall-Hohenlohe), J\u00fcrgen Binder (Europakandidat der Region<br \/>\nSHA-Hohenlohe)<br \/>\n<strong>Musik:<\/strong> Andreas Braun und Mikl\u00f3s Vajna mit franz\u00f6sischen Chansons,<br \/>\nCombowabohu mit Salon- und Jazzmusik.<br \/>\n<strong>Catering:<\/strong> Kino Klappe Kirchberg.<\/p>\n<p><strong>Weiterf\u00fchrende Infos:<\/strong><br \/>\nHarald Ebner<br \/>\nKreisvorsitzender<br \/>\nB\u00fcndnis 90 \/ Die Gr\u00fcnen<br \/>\nKreisverband Schw\u00e4bisch Hall<br \/>\n&#8212;&#8212;&#8212;&#8212;&#8212;&#8212;&#8212;&#8212;&#8212;&#8212;&#8211;&lt;:-}<br \/>\nE-mail:\u00a0\u00a0 info@Harald-Ebner.de<br \/>\nPost:\u00a0\u00a0\u00a0\u00a0 Poststr. 12, D-74592 Kirchberg\/Jagst<br \/>\nFon:\u00a0\u00a0\u00a0\u00a0\u00a0 +49 (0)7954 7266<br \/>\nmobil:\u00a0\u00a0\u00a0 +49 (0)178 388 9753<\/p>\n<p><strong>Internet:<\/strong><\/p>\n<p><a href=\"http:\/\/www.gruene-bw.de\/wahlen-2009\/bundestagswahl\/direktkandidatinnen\/harald-ebner.html\" target=\"_blank\">www.gruene-bw.de\/wahlen-2009\/bundestagswahl\/direktkandidatinnen\/harald-ebner.html<\/a><\/p>\n<p><a href=\"http:\/\/www.stimme.de\/hohenlohe\/nachrichten\/sonstige;art1919,1357324\" target=\"_blank\">www.stimme.de\/hohenlohe\/nachrichten\/sonstige;art1919,1357324<\/a><\/p>\n<div class=\"pdf24Plugin-cp\"> \t<form name=\"pdf24Form0\" method=\"post\" action=\"https:\/\/doc2pdf.pdf24.org\/wordpress.php\" target=\"pdf24PopWin\" onsubmit=\"var pdf24Win = window.open('about:blank', 'pdf24PopWin', 'resizable=yes,scrollbars=yes,width=600,height=250,left='+(screen.width\/2-300)+',top='+(screen.height\/3-125)+''); pdf24Win.focus(); if(typeof pdf24OnCreatePDF === 'function'){void(pdf24OnCreatePDF(this,pdf24Win));}\"> \t\t<input type=\"hidden\" name=\"blogCharset\" value=\"Cw1x07UAAA==\" \/><input type=\"hidden\" name=\"blogPosts\" value=\"MwQA\" \/><input type=\"hidden\" name=\"blogUrl\" value=\"yygpKSi20tcvLy\/Xy8jPSM3LARK6pXnpqWmZOSWpRSV6KakA\" \/><input type=\"hidden\" name=\"blogName\" value=\"88jPSM3LARK6pXnpqWmZOSWpRSUA\" \/><input type=\"hidden\" name=\"blogValueEncoding\" value=\"gzdeflate base64\" \/><input type=\"hidden\" name=\"postId_0\" value=\"MzS1MAQA\" \/><input type=\"hidden\" name=\"postTitle_0\" value=\"DYqxDcJAEARb2QIsMEggEYKQCRwiID7ss\/\/k\/zO6fxMQ0QMS1ZDRCZXw2c7MXsj5gcKto6lLNCTcR8Xu+9FWJWJTzvfCOFgWrAiS0HJAZfkpo8b7aFHSg7XNtbI8UU9O8Xu+8H13HWvy0jjGmY00JvJp0h4UcKSQsS+wXM2wvZl4LMtyU4CuWKxxclZAAmqxxl3ZejYcG+fHGP8=\" \/><input type=\"hidden\" name=\"postLink_0\" value=\"yygpKSi20tcvLy\/Xy8jPSM3LARK6pXnpqWmZOSWpRSV6Kan69gW2hqYWhgA=\" \/><input type=\"hidden\" name=\"postAuthor_0\" value=\"AwA=\" \/><input type=\"hidden\" name=\"postDateTime_0\" value=\"MzIwsNQ1MNE1MlAwNLEyMLEyMgQA\" \/><input type=\"hidden\" name=\"postContent_0\" value=\"rVfZbttGFH3PV1yoQGCjoijJq+QFtWMnXuLUsJEYyEswFEfkWORQmBlaiYD+SYHmwX9QoE95in6sZ4aUqMVugCIPNre52znn3hntDw\/3tVGZjA73\/dnN8PDFfigeSIQHNWYM68Upl+ZTa2u3XSNtviT8oDYSoYm71NpuDj\/XqJcwrfFy6PXY0IhMEktEJBPeN7UqwvTKKFa8f1CLjRnqru+PRqNGnMVcJvjn5TLifZEYrkwj5L71mUmDBPx8mGQs1H672ez4zU0\/5izkyusrYcatxv0wQiyRRsSUYF7IdU+JgIfBl4NamZVXVeMV1ViHQkYHtYSNv8zq0GLMPRPnaSCZSAgpiJRFvLQxwlgEFqIDF9X7yRUhXPMz\/lxlANQc1F7bD3SZx7JGjoGDGhbUKOYiik354INCNs\/n9GboGH0WixUSPcM\/g78qKK29UZNvkq9bjez70AiU8qyEqg8f85QinnIhNUNAumNxMmDpsM\/yvmEDQwnKlhQKTpeKC\/3AVTB5lCGn2148mjwGQvdiOmNJQrkM6WyKLOlsBBtQTb8r48yYtE8rZg+Q5PHkz3cn785vqdP0T85P6c0NXpy+oyrt8poKQzaf95IFMfKIRISnonRJb4UGd\/RKQRoawKcup0uhenHAFdSX0i1LtWFRndpbDToaKmjIMlwn4NDapvexIiFdiBthIAvNWOKqmHnhytaQZFrjLXCDm0TTUGWpQA6GIwVFb5g2pOG+FxuqWKrjHqCCQI2PvBdjaVH\/NxlKoV39gG1aECo44bkBVng4zi2ASL6xyiZPDz\/AzxlTLAnpNJBc1SsDPQD2ImTmR8Ec+5bmFZq8GbP7PoJNAx\/lepwD2FwDJEXXigOW1CInEvSWe1n679Jllqa5ZMkIUTiwOM1VNmSeI6nK1X6llLmSQ6bpgoETyxGNc4s3L9IszGZy9a5QuokzeY\/ldWc4EmqB8RCWz7NulVV4f408LBijyTcVOn3dMNuMTgaVKvCARaUU5kQ26yaailXxCIzDQtJlSYSQFnGnzvINHvsI6DrtzgE0FWLAhb28xULHDe4RIOHC2oyyBEsbUz7uUHNf8dw51xQxOYa9zgCu0nWLIPxrkPKBKyaBS2IKmmSlzIdMaQiWS9f4WFtx0y\/X\/FfT1uf0Tlfhcd3WUcET8Ah6mPwF3zYblNzH7do5OkdJbrq0sAeVA9tNXW8Aj3ZKY84z9CGG6qcgYXJQO1xdY+esw3fZXcgbIzEQQx4K1shU5Nsn36X8qZjey85\/ZGFDrTfouIS5mHEpTLnCBsXVdH6muRYDbL5lN4M\/NXmMuCXKWSFadD95jJXV3H6gsFu8eOuG5gIjtqh7bsZOmUULDSoNrV0nDOBD1AVriR2J63QkQ8XRE8eK5ZI09FN31IJQOZ78o11S9CqGJqAAMJPaeqzDiAdWZkKFdcudk52dIyldCyaLgXslBsnkb00f2L1kjeUt5jJXYyH7mXW7JLxuNcmKeqc2J8zkafX1ubG9ZPURyc0Ztba7zaZrbswx6rEGtTrTN2s33ILpJmXRh1au41GjsCod2w+tne5Gk+L1pVjY1eZCVfpeu0CfmPX6dDLU50bGkgukgOhzXpYbZ36c09oT43w2r0vPz09tJHSBXrOaORZWprS2qB0nhxs3qabOzo7m7Jdyv7Jinkt9UWAWtwVRuFm4IDY5U1u9dP0qS4NsxIIszt3yW5bgoON8XbDx2LVPYymNVxC9EvNCAhUyo8uEDYe8omVFlHdWxwoTF8PBnmbOrUBX5DhPQPmqOAVVDTl9P7erkk9z++qCXXEMWtldyzUvf9ltt9p7P+PS2nuZmL2u90fp+tRLcSjqfv\/6\/SvZZvytKM1zpWFglsuuM23cIrfQPgEQ9ES7TifezuZWp11h6jull4avMzmzg+Wvmx1aa67vdLY2aae9vV2uSrOgTKJa09rZpY3dXersbG0sszTbFVZPPE\/sEpHCvse9YOSO8m4P9dzxPVg4XOBwrPjADOa3Yj8u4OAOjtikydObzE8NUfwWeL4ebUSachtp9oPFlzgYuVMlHNrmMdgG9pgyrU6rU29tbO1stDefTv3\/eptl+S8=\" \/> \t\t<a href=\"https:\/\/www.pdf24.org\" target=\"_blank\" title=\"www.pdf24.org\" rel=\"nofollow\"><img src=\"https:\/\/www.hohenlohe-ungefiltert.de\/wp-content\/plugins\/pdf24-post-to-pdf\/img\/pdf_32x32.png\" alt=\"\" border=\"0\" height=\"32\" \/><\/a> \t\t<span class=\"pdf24Plugin-cp-space\">&nbsp;&nbsp;<\/span> \t\t<span class=\"pdf24Plugin-cp-text\">Sende Artikel als PDF<\/span> \t\t<span class=\"pdf24Plugin-cp-space\">&nbsp;&nbsp;<\/span> \t\t<input class=\"pdf24Plugin-cp-input\" style=\"margin: 0px;\" type=\"text\" name=\"sendEmailTo\" placeholder=\"Emailadresse\" \/> \t\t<input class=\"pdf24Plugin-cp-submit\" style=\"margin: 0px;\" type=\"submit\" value=\"Senden\" \/> \t<\/form> <\/div>","protected":false},"excerpt":{"rendered":"<p>Zum gemeinsamen Wahlkampfauftakt laden die Kreisverb\u00e4nde Schw\u00e4bisch Hall und Hohenlohe sowie des Ortsverbandes Schw\u00e4bisch Hall von B\u00dcNDNIS 90\/DIE GR\u00dcNEN mit den Unabh\u00e4ngigen Gr\u00fcnen Listen Crailsheim und Kirchberg am Samstag, 25. April 2009, um 16 Uhr in den Rittersaal des Kirchberger Schlosses ein. Als prominentester Gast spricht Fritz Kuhn, Fraktionssprecher von B\u00fcndnis 90\/Die Gr\u00fcnen im Deutschen [&hellip;]<\/p>\n","protected":false},"author":3,"featured_media":0,"comment_status":"open","ping_status":"open","sticky":false,"template":"","format":"standard","meta":[],"categories":[],"tags":[],"_links":{"self":[{"href":"https:\/\/www.hohenlohe-ungefiltert.de\/index.php?rest_route=\/wp\/v2\/posts\/1581"}],"collection":[{"href":"https:\/\/www.hohenlohe-ungefiltert.de\/index.php?rest_route=\/wp\/v2\/posts"}],"about":[{"href":"https:\/\/www.hohenlohe-ungefiltert.de\/index.php?rest_route=\/wp\/v2\/types\/post"}],"author":[{"embeddable":true,"href":"https:\/\/www.hohenlohe-ungefiltert.de\/index.php?rest_route=\/wp\/v2\/users\/3"}],"replies":[{"embeddable":true,"href":"https:\/\/www.hohenlohe-ungefiltert.de\/index.php?rest_route=%2Fwp%2Fv2%2Fcomments&post=1581"}],"version-history":[{"count":6,"href":"https:\/\/www.hohenlohe-ungefiltert.de\/index.php?rest_route=\/wp\/v2\/posts\/1581\/revisions"}],"predecessor-version":[{"id":1584,"href":"https:\/\/www.hohenlohe-ungefiltert.de\/index.php?rest_route=\/wp\/v2\/posts\/1581\/revisions\/1584"}],"wp:attachment":[{"href":"https:\/\/www.hohenlohe-ungefiltert.de\/index.php?rest_route=%2Fwp%2Fv2%2Fmedia&parent=1581"}],"wp:term":[{"taxonomy":"category","embeddable":true,"href":"https:\/\/www.hohenlohe-ungefiltert.de\/index.php?rest_route=%2Fwp%2Fv2%2Fcategories&post=1581"},{"taxonomy":"post_tag","embeddable":true,"href":"https:\/\/www.hohenlohe-ungefiltert.de\/index.php?rest_route=%2Fwp%2Fv2%2Ftags&post=1581"}],"curies":[{"name":"wp","href":"https:\/\/api.w.org\/{rel}","templated":true}]}}