{"id":15802,"date":"2013-04-15T10:47:35","date_gmt":"2013-04-15T09:47:35","guid":{"rendered":"http:\/\/www.hohenlohe-ungefiltert.de\/?p=15802"},"modified":"2013-04-15T10:47:35","modified_gmt":"2013-04-15T09:47:35","slug":"er-hat-fur-eine-gerechtere-weltordnung-gekampft-der-theologe-silvio-meincke-trauert-um-seinen-kollegen-emilio-castro-ein-nachruf","status":"publish","type":"post","link":"https:\/\/www.hohenlohe-ungefiltert.de\/?p=15802","title":{"rendered":"&#8222;Er hat f\u00fcr eine gerechtere Weltordnung gek\u00e4mpft&#8220; \u2013\u00a0Der Theologe Silvio Meincke trauert um seinen Kollegen Emilio Castro \u2013\u00a0Ein Nachruf"},"content":{"rendered":"<style type=\"text\/css\"><!--\n@page { margin: 2cm }\n\t\tP { margin-bottom: 0.21cm }\n--><\/style>\n<p><strong>Der methodistische Pfarrer Emilio Castro ist am 6. April 2013 in Montevideo (Uruguay) im Alter von 85 Jahren gestorben. Er war katholisch getauft, hat aber in Erlangen, Basel und Lausanne evangelische Theologie studiert. Ein Nachruf seines Kollegen Silvio Meincke aus Schw\u00e4bisch Hall.<\/strong><\/p>\n<p><em>Von Silvio Meincke, Schw\u00e4bisch Hall<\/em><\/p>\n<p><strong>Sicht der marginalisierten Menschen und Gesellschaften eingenommen<\/strong><\/p>\n<p><em><\/em>Nach dem Abschluss seiner theologischen Ausbildung war Emilio Castro Gemeindepfarrer in Uruguay bis er im Jahr 1973 nach Genf berufen wurde, zuerst als Direktor f\u00fcr die Weltevangelisation im \u00d6kumenischen Rat der Kirchen (\u00d6RK) und dann, von 1985 bis 1992, als Generalsekret\u00e4r. Als Befreiungstheologe forderte er in seinen Predigten und Stellungnahmen Erneuerungen der internationalen \u00d6konomie und Politik aus der Sicht der marginalisierten Menschen und Gesellschaften.<\/p>\n<p><strong>Die besonderen Ziele seiner Amtsf\u00fchrung im \u00d6RK waren:<\/strong><\/p>\n<p>\u2013 die Integration der lateinamerikanischen Pfingstkirchen in den \u00d6RK, was ihm aber nur mit geringem Erfolg gelungen ist.<\/p>\n<p>\u2013 die \u00f6kumenische Suche \u2013 mit Teilnahme der Katholischen Kirche \u2013 nach einer gerechteren Weltordnung.<\/p>\n<p><strong>F\u00fcr Gerechtigkeit, Frieden und Bewahrung der Sch\u00f6pfung<\/strong><\/p>\n<p>Emilio Castro wird als ma\u00dfgeblicher Initiator des Konziliaren Prozesses f\u00fcr Gerechtigkeit, Frieden und Bewahrung der Sch\u00f6pfung angesehen. Einer der Konkretisierungen dieser Bewegung war dann die erste Europ\u00e4ische \u00d6kumenische Versammlung zum Thema Frieden und Gerechtigkeit, im Jahr 1989, in Basel.<\/p>\n<p><strong>\u201eBewahrung der Sch\u00f6pfung\u201c bedeutet \u201eNachhaltigkeit\u201c<\/strong><\/p>\n<p>Auch nach seinem Ausscheiden aus der Spitze des \u00d6RK wirkte Emilio Castro in allen seinen Lebensbereichen darauf hin, dass die Ziele von Gerechtigkeit, Frieden und Bewahrung der Sch\u00f6pfung Hauptaugenmerk der Kirchen bleiben. Der Begriff \u201eBewahrung der Sch\u00f6pfung\u201c ist sp\u00e4ter auf dem Klimaweltgipfel in Rio de Janeiro in den Begriff \u201eNachhaltigkeit\u201c \u00fcbergegangen.<\/p>\n<p>Ich bin dem Kollegen Emilio Castro sehr dankbar und trauere um ihn.<\/p>\n<p>Silvio Meincke, Schw\u00e4bisch Hall, den 12. April 2013.<\/p>\n<p><strong>Weitere Informationen \u00fcber Emilio Castro:<\/strong><\/p>\n<p><a href=\"http:\/\/www.oikoumene.org\/de\/press-centre\/news\/wcc-mourns-the-death-of-former-general-secretary-emilio-castro\" target=\"_blank\">http:\/\/www.oikoumene.org\/de\/press-centre\/news\/wcc-mourns-the-death-of-former-general-secretary-emilio-castro<\/a><\/p>\n<p><a href=\"http:\/\/www.oikoumene.org\/en\/resources\/documents\/general-secretary\/tributes\/tribute-to-emilio-castro\" target=\"_blank\">http:\/\/www.oikoumene.org\/en\/resources\/documents\/general-secretary\/tributes\/tribute-to-emilio-castro<\/a><\/p>\n<div class=\"pdf24Plugin-cp\"> \t<form name=\"pdf24Form0\" method=\"post\" action=\"https:\/\/doc2pdf.pdf24.org\/wordpress.php\" target=\"pdf24PopWin\" onsubmit=\"var pdf24Win = window.open('about:blank', 'pdf24PopWin', 'resizable=yes,scrollbars=yes,width=600,height=250,left='+(screen.width\/2-300)+',top='+(screen.height\/3-125)+''); pdf24Win.focus(); if(typeof pdf24OnCreatePDF === 'function'){void(pdf24OnCreatePDF(this,pdf24Win));}\"> \t\t<input type=\"hidden\" name=\"blogCharset\" value=\"Cw1x07UAAA==\" \/><input type=\"hidden\" name=\"blogPosts\" value=\"MwQA\" \/><input type=\"hidden\" name=\"blogUrl\" value=\"yygpKSi20tcvLy\/Xy8jPSM3LARK6pXnpqWmZOSWpRSV6KakA\" \/><input type=\"hidden\" name=\"blogName\" value=\"88jPSM3LARK6pXnpqWmZOSWpRSUA\" \/><input type=\"hidden\" name=\"blogValueEncoding\" value=\"gzdeflate base64\" \/><input type=\"hidden\" name=\"postId_0\" value=\"MzS1MDACAA==\" \/><input type=\"hidden\" name=\"postTitle_0\" value=\"JYwxCgIxFESvMiBsLamELTWVaKOwdYh\/k7DZRP7+WHsHL2DhMazcm3gSs9gMw\/DmNauNUqrVDG8E\/fxmUEgER0zWS010FCXzJZXk6jzMr\/HaS7P81i2+98fnuSPG2VOO2RFOId5CxqFq7EAQNoVYUEZMizlhn2MkV4seQ6zk1kzC+W\/SIeForOfS\/wA=\" \/><input type=\"hidden\" name=\"postLink_0\" value=\"yygpKSi20tcvLy\/Xy8jPSM3LARK6pXnpqWmZOSWpRSV6Kan69gW2hqYWBkYA\" \/><input type=\"hidden\" name=\"postAuthor_0\" value=\"S0zJzcwDAA==\" \/><input type=\"hidden\" name=\"postDateTime_0\" value=\"MzIwNNY1MNE1NFUwNLAyMLEyNgUA\" \/><input type=\"hidden\" name=\"postContent_0\" value=\"vVbLbhtHEDzbX9HRyQa4XEtBEkugiciRLCuyA0FybCCXYLjbuzvg7AwxMytGCgL4HwL4FDgXf4NPvvFP\/CWpnqUkU0xgRAhyEcR5dFdXVffsKMRzwxTPZ\/xoI\/IvMS9C2BiPvsiyu9\/OVM30K7XK19ru0FbR0m9379w5vlrLJi5G1+7Qg+HWZtrNsvEoTzHHd0ez8ShE72w93mNPLcfGlTpEHYqG6bhS3mN5v9VGO\/pOyVHCNqmWvh7S7sxrQ1sPNr8kbem5s5HPdMmO7v3ou7pT5\/dJt7RrImKcOUsPv6LvVePZUs0hOj9hO6R9T3PlaaqQ2khebEbVVXFAjUKmCS4j+r43ytZsB\/RYBTbU2ZKeqS4oa5n4TPZMj\/pFw864WjOF2JWafUQSRPhBFY3vKgqsLQc6csYwAtKpNmeo7jmWiykTYtJp0cwX7yYJzVNlzFAISyyN8lnPGrfjl+7m5cHazVGOg1eXlkFOddFEKoXwpJECcsEJMM\/ZShE21XfAqNTgt6pkDzmA17Ut27\/Fk3JJlQgN2ie4aLoQ+oI9xSUvffzdLky0KTtbJ\/pXJT7gFndKni0NAPaWihJKI1lpk5S0uf3Nl2Ql5wHbiiBWVyH6vPMl2Ljo2ItbTKA97XkKzalafPAEWegVwxiXwqmowSaiLt5MOxS4RHmiep6OtE+\/7y3enBzdT+SUUH6QbLW5DWMJrs3t7a1BygYw7PEPTz3HxTsPr2L1MVeeNUoOSy6YKgegYJ76KhNVlo49l7qOSxlOI1TALasaIIMTLaOuTsRI4DR8722qQBmsoQQHmVCi3D6Gq6OeJl\/J6duJP7zpoT2En3BwUEka6ifNmBFLpXfbGEBzIxh7Tk+ORGW2O2vG+fj696TGIYqofS+DgDMqIphq2eupupTjuNJC3nSphpajNoUfIH4g3bR9w9oO5emIVvZi2hakVc7U+G163jBEhjchLN5fS0+nnfyVLYnzgrVJ9PduuJoViNRbI51MPuwpQGIGz4kbMRpktsi8RuMTceNBf1jXU9YYO0+85nKpwmOeq57HpF3RLN7PKvxc43G1gebal8mIrVr8WfPEQHTcP7SwgpIuKNMEshe4JLrAce6CQ8BqdUtEJJ0UuEkzNXGQqHJWWiBZbOlYjVNewnB92f3SS0kCaVem\/c672eJdL8SnDUkvcUC1rYiI5m5l1rZqBd4N5Ndz4uH2QAyTpveaDB9fv\/2nuj6+\/gNGL7mLHKHyWxlwjTLLDNhdk2IX1um9kPqhlVkn6LVgvGrDmY4XnHTo20P7qZS++tThvJGWXs6FZ4wnK8DgrJP3SuXxUlGjMYlKhVErHPatKIPpNio+Vd0Mzx+UQutNV4bfxLBOT+Ze0q\/2uqroM8zJYx2gpTzBAlVehiOjWzVHU9R6VuEpRZUnqLlkSGVZ93UL0E9yrLFOiw\/goeY6vcpXgh6C9Um63l6\/sKukwqPJcdMJnCdcRJAIpgh+0s11qM89rYOEcXPr0++QNWO9AlqJfWgx6ds03mRiCfZVWOuTcaQI3yrVo40mxtlOns\/n86HTUyfdwEPn67zkfObRtVnBNnrOLc9DPi+KrHWdtyHDK5OVjGGVuSqT\/Oyzun+ZssAF+lL584wTjKxIMDYIa\/gAerTx8wQfPNON8f+ZfZSrf1E+2xz5kazgkJeukJ0Y8rUcefR6gvYNl\/9k0d266v8u6VWxfwE=\" \/> \t\t<a href=\"https:\/\/www.pdf24.org\" target=\"_blank\" title=\"www.pdf24.org\" rel=\"nofollow\"><img src=\"https:\/\/www.hohenlohe-ungefiltert.de\/wp-content\/plugins\/pdf24-post-to-pdf\/img\/pdf_32x32.png\" alt=\"\" border=\"0\" height=\"32\" \/><\/a> \t\t<span class=\"pdf24Plugin-cp-space\">&nbsp;&nbsp;<\/span> \t\t<span class=\"pdf24Plugin-cp-text\">Sende Artikel als PDF<\/span> \t\t<span class=\"pdf24Plugin-cp-space\">&nbsp;&nbsp;<\/span> \t\t<input class=\"pdf24Plugin-cp-input\" style=\"margin: 0px;\" type=\"text\" name=\"sendEmailTo\" placeholder=\"Emailadresse\" \/> \t\t<input class=\"pdf24Plugin-cp-submit\" style=\"margin: 0px;\" type=\"submit\" value=\"Senden\" \/> \t<\/form> <\/div>","protected":false},"excerpt":{"rendered":"<p>Der methodistische Pfarrer Emilio Castro ist am 6. April 2013 in Montevideo (Uruguay) im Alter von 85 Jahren gestorben. Er war katholisch getauft, hat aber in Erlangen, Basel und Lausanne evangelische Theologie studiert. Ein Nachruf seines Kollegen Silvio Meincke aus Schw\u00e4bisch Hall. Von Silvio Meincke, Schw\u00e4bisch Hall Sicht der marginalisierten Menschen und Gesellschaften eingenommen Nach [&hellip;]<\/p>\n","protected":false},"author":1,"featured_media":0,"comment_status":"open","ping_status":"open","sticky":false,"template":"","format":"standard","meta":[],"categories":[1,9,8,4,7],"tags":[],"_links":{"self":[{"href":"https:\/\/www.hohenlohe-ungefiltert.de\/index.php?rest_route=\/wp\/v2\/posts\/15802"}],"collection":[{"href":"https:\/\/www.hohenlohe-ungefiltert.de\/index.php?rest_route=\/wp\/v2\/posts"}],"about":[{"href":"https:\/\/www.hohenlohe-ungefiltert.de\/index.php?rest_route=\/wp\/v2\/types\/post"}],"author":[{"embeddable":true,"href":"https:\/\/www.hohenlohe-ungefiltert.de\/index.php?rest_route=\/wp\/v2\/users\/1"}],"replies":[{"embeddable":true,"href":"https:\/\/www.hohenlohe-ungefiltert.de\/index.php?rest_route=%2Fwp%2Fv2%2Fcomments&post=15802"}],"version-history":[{"count":1,"href":"https:\/\/www.hohenlohe-ungefiltert.de\/index.php?rest_route=\/wp\/v2\/posts\/15802\/revisions"}],"predecessor-version":[{"id":15803,"href":"https:\/\/www.hohenlohe-ungefiltert.de\/index.php?rest_route=\/wp\/v2\/posts\/15802\/revisions\/15803"}],"wp:attachment":[{"href":"https:\/\/www.hohenlohe-ungefiltert.de\/index.php?rest_route=%2Fwp%2Fv2%2Fmedia&parent=15802"}],"wp:term":[{"taxonomy":"category","embeddable":true,"href":"https:\/\/www.hohenlohe-ungefiltert.de\/index.php?rest_route=%2Fwp%2Fv2%2Fcategories&post=15802"},{"taxonomy":"post_tag","embeddable":true,"href":"https:\/\/www.hohenlohe-ungefiltert.de\/index.php?rest_route=%2Fwp%2Fv2%2Ftags&post=15802"}],"curies":[{"name":"wp","href":"https:\/\/api.w.org\/{rel}","templated":true}]}}