{"id":15766,"date":"2013-04-15T11:50:54","date_gmt":"2013-04-15T10:50:54","guid":{"rendered":"http:\/\/www.hohenlohe-ungefiltert.de\/?p=15766"},"modified":"2013-04-15T11:51:59","modified_gmt":"2013-04-15T10:51:59","slug":"wer-nicht-kampft-hat-schon-verloren-dokumentation-in-schwabisch-hall-uber-willi-bleicher-widerstandskampfer-und-arbeiterfuhrer","status":"publish","type":"post","link":"https:\/\/www.hohenlohe-ungefiltert.de\/?p=15766","title":{"rendered":"&#8222;Wer nicht k\u00e4mpft, hat schon verloren&#8220; \u2013 Dokumentation in Schw\u00e4bisch Hall \u00fcber Willi Bleicher: Widerstandsk\u00e4mpfer und Arbeiterf\u00fchrer"},"content":{"rendered":"<p><strong>Ein Filmportrait von Hermann G. Abmayr \u00fcber den Widerstandsk\u00e4mpfer und Arbeiterf\u00fchrer Willi Bleicher zeigt die IG Metall und der DGB am Freitag, 3. Mai 2013, ab 20 Uhr im Kino im Schafstall in Schw\u00e4bisch Hall.<\/strong><\/p>\n<p><em>Von der IG Metall Schw\u00e4bisch Hall<\/em><\/p>\n<p><strong>Gewerkschaften wurden 1933 von den Nazis verboten<\/strong><\/p>\n<p>Nach dem 1. Mai 1933 wurden in die Deutschland die Gewerkschaften von den Nazis verboten. Am 2. Mai besetzte die SA Gewerkschaftsh\u00e4user, beschlagnahmte das Verm\u00f6gen, misshandelte und verhaftete Gewerkschaftsfunktion\u00e4re wie den Protagonisten des Filmes von Hermann G. Abmayr, den Widerstandsk\u00e4mpfer und baden-w\u00fcrttembergischen Arbeiterf\u00fchrer Willi Bleicher.<\/p>\n<p><strong>Ausgezeichnete Dokumentation &#8222;Gesucht wird Josef Mengele&#8220;<\/strong><\/p>\n<p>Auf Einladung der IG Metall und des DGB-Kreisvorstands Schw\u00e4bisch Hall stellt der Regisseur den Film \u00fcber das Leben von Willi Bleicher im Kino im Schafstall pers\u00f6nlich vor. Hermann G. Abmayr ist als Filmemacher f\u00fcr den SWR und den WDR t\u00e4tig. \u00dcber Bleicher hat er im Silberburg-Verlag eine Biographie ver\u00f6ffentlicht. Abmayr war Rechercheur der ARD-Dokumentation &#8222;Gesucht wird Josef Mengele&#8220;, die mit einem Grimme-Preis ausgezeichnet wurde.<\/p>\n<p><strong>Willi Bleicher berichtete auch im Club Alpha 60 \u00fcber seine Zeit im KZ<\/strong><\/p>\n<p>Im Film &#8222;Willi Bleicher: Widerstandsk\u00e4mpfer und Arbeiterf\u00fchrer &#8211; Wer nicht k\u00e4mpft, hat schon verloren&#8220; werden auch Ausschnitte einer Veranstaltung im club alpha 60 in Schw\u00e4bisch Hall gezeigt, bei der Willi Bleicher in hohem Alter \u00fcber seine Zeit im KZ berichtet hat. Es handelt sich dabei um eine der letzten Aufnahmen von Willi Bleicher.<\/p>\n<p><strong>Konsequentes Leben f\u00fcr soziale Gerechtigkeit und Menschlichkeit<\/strong><\/p>\n<p>Der Name Willi Bleicher steht f\u00fcr ein konsequentes Leben f\u00fcr soziale Gerechtigkeit und Menschlichkeit. 1907 im deutschen Kaiserreich in Armut geboren, erlebte Willi Bleicher den Aufstieg und Fall der Weimarer Republik. W\u00e4hrend seiner Haft unter den Nazis waren Leid, Hoffnung, Gewalt und Tod allgegenw\u00e4rtig. Diese Jahre pr\u00e4gten den Antifaschisten und legend\u00e4ren Arbeiterf\u00fchrer. Bleicher war eine Suchender, der danach strebte, &#8222;das Leben lebenswerter zu machen&#8220;. Abmayrs Filmportr\u00e4t respektiert Bleichers Lebensentscheidungen, ohne vereinnahmende Denkmalgie\u00dferei zu betreiben. Der Filmemacher stellt im Kino im Schafstall seine Willi Bleicher Dokumentation pers\u00f6nlich vor.<\/p>\n<p><strong>Als &#8222;Gerechter unter den V\u00f6lkern&#8220; geehrt<\/strong><\/p>\n<p>Willi Bleicher geh\u00f6rte wie Oskar Schindler zu den ersten Deutschen, die in Israel als &#8222;Gerechte unter den V\u00f6lkern&#8220; geehrt wurden. Der Stuttgarter hat die Nazis schon fr\u00fch bek\u00e4mpft und kam daf\u00fcr ins KZ Buchenwald. Dort hat er unter Lebensgefahr als Funktionsh\u00e4ftling in der Effektenkammer dazu beigetragen, dass der dreij\u00e4hrige Jude Stefan Jerzy Zweig aus Krakau das Lager \u00fcberlebt hat. Die Rettung des Kindes regte Bruno Apitz in den 1950er Jahren zu seinem weltbekannten Roman &#8222;Nackt unter W\u00f6lfen&#8220; an, der Anfang der 1960er Jahren verfilmt wurde. Willi Bleichers Rolle spielte Armin M\u00fcller Stahl.<\/p>\n<p><strong>Hanns-Martin Schleyer war in der NS-Zeit SS-Offizier<\/strong><\/p>\n<p>In der jungen Bundesrepublik war Willi Bleicher der Gegenspieler von Hanns-Martin Schleyer, der in der NS-Zeit den Rang des SS-Offiziers trug. Der Daimler-Mann Schleyer f\u00fchrte in Baden-W\u00fcrttemberg den Arbeitgeberverband der Metallindustrie, Bleicher die Industriegewerkschaft Metall.<\/p>\n<p><strong>Termin der Filmvorf\u00fchrung:<\/strong><br \/>\nFreitag, 3. Mai 2013, 20 Uhr bis 22 Uhr, Veranstaltungsort: Kino im Schafstall, Im Lindach 9, 74523 Schw\u00e4bisch Hall<\/p>\n<p><strong>Weitere Informationen und Kontakt:<\/strong><\/p>\n<p><a href=\"http:\/\/www.schwaebisch-hall.igm.de\/termine\/termin.html?id=57178\" target=\"_blank\">http:\/\/www.schwaebisch-hall.igm.de\/termine\/termin.html?id=57178<\/a><\/p>\n<p><strong>Trailer des Films:<\/strong> <a href=\"http:\/\/www.bw.igm.de\/extra\/podcast\/podcast.html?id=1878\" target=\"_blank\">http:\/\/www.bw.igm.de\/extra\/podcast\/podcast.html?id=1878<\/a><\/p>\n<div class=\"pdf24Plugin-cp\"> \t<form name=\"pdf24Form0\" method=\"post\" action=\"https:\/\/doc2pdf.pdf24.org\/wordpress.php\" target=\"pdf24PopWin\" onsubmit=\"var pdf24Win = window.open('about:blank', 'pdf24PopWin', 'resizable=yes,scrollbars=yes,width=600,height=250,left='+(screen.width\/2-300)+',top='+(screen.height\/3-125)+''); pdf24Win.focus(); if(typeof pdf24OnCreatePDF === 'function'){void(pdf24OnCreatePDF(this,pdf24Win));}\"> \t\t<input type=\"hidden\" name=\"blogCharset\" value=\"Cw1x07UAAA==\" \/><input type=\"hidden\" name=\"blogPosts\" value=\"MwQA\" \/><input type=\"hidden\" name=\"blogUrl\" value=\"yygpKSi20tcvLy\/Xy8jPSM3LARK6pXnpqWmZOSWpRSV6KakA\" \/><input type=\"hidden\" name=\"blogName\" value=\"88jPSM3LARK6pXnpqWmZOSWpRSUA\" \/><input type=\"hidden\" name=\"blogValueEncoding\" value=\"gzdeflate base64\" \/><input type=\"hidden\" name=\"postId_0\" value=\"MzQ1NzMDAA==\" \/><input type=\"hidden\" name=\"postTitle_0\" value=\"JY07DsIwEAWvshJSKgrkCpEKREFPkdqfjbyKs0abTWi5A1fIMdL5JpwEI8onzZtpdkdjTNuhAJOPCkNZx0eve4hWYfIxMywoKQty82MPLXxeb7jmYR6R1SpVghjuPj7L6qhe4GZTgrK5Ku0oJYJLwipHOdUdUCa1HKZ\/qTIzBziLQ1KUvmxRUL4=\" \/><input type=\"hidden\" name=\"postLink_0\" value=\"yygpKSi20tcvLy\/Xy8jPSM3LARK6pXnpqWmZOSWpRSV6Kan69gW2hqbmZmYA\" \/><input type=\"hidden\" name=\"postAuthor_0\" value=\"S0zJzcwDAA==\" \/><input type=\"hidden\" name=\"postDateTime_0\" value=\"MzIwNNY1MNE1NFUwNLQyMLEyNQEA\" \/><input type=\"hidden\" name=\"postContent_0\" value=\"pVfJcttGEL37K7qUqpy4aIk3WVaKCm3JlrcSHavKl9RAGABjDgbMzMCM+S2pykXfoJNu+LG8ngFFiWDsJD5IIAlMb+\/168bB7PDAeVuZ\/PCZMvRc6XJWWW+F8vS5MnQibSmMoeMBjZJSfLHUXCfSUioNnatUWueFSd20uSxnGX6vTUojm0jlpc2a68Lit3OltaIjLdVFga8LqXJPqZL04pheSy+0DsdgjMbHRyRKem5hQOQ92hvQa6Fod3tnr0ciwQf6tbCkSjpVpuLr5KIQmQtGED++zZvLRLmLgk7w2+Bg2GZ3MJwd3jtAtrI8\/IDE2NvK\/\/q5gyEeuznSmjiWc2mnjh16pD+vLVdh5\/HeXigVf3kjFsrRZ2mTCo90nL8RsJ\/KknZiXuFsawfRc03GsvZwoQVXBN\/XnG52BHBK2o02E+mkX3gZTk9Gdwy4ormsnbQ9foqd5EYUJT8rHH0A1M1VLk2PSuVcgQikxj3GBo5CAP5uQC6rzdSryjSXVtIcDjm2d7YCeJVRjiNOpQu0wmUjoXpf5VIicLc\/b66t97IE83LGCAe+TrLBOnaj2uVywTcNJzGupnUpjRccPP34w6Pd3d0nx9LVF4VHHjall5WTGehhcqlleGD7SQfPUZ0R2kaLtDb5GqUipR1Tun8KPrvPVZtgh22EQmntg4EziQydrGOLceGWHQeIXsmk5cBaT21uiBlK2lwZjWdwyA42dDMwIqFbhEoRjKGk0fvk\/KxNAw7HZ+SbS6\/yATV\/ckA3zgvhKcYwURp3ktrmfbAJ9CKpjKQjVeVWzArwA0RqrrIMpeeo\/E0cc8Gpszn8heQtjc7G\/f8HVC+Qv4SGsf+Sjq0qS9l\/xzCQuE2F2H0duqyVF0lxtMwcAc+c6i+6TmikZ4WgB9stRC5k+xG8DIB87PDlRRkRbfO462X\/XwsqH9\/ZeULn+Gw4MIqP+17AArRCrVBpXVlp2pIQupZxDPGjG\/CQUeipUCHLzS8Ms8YzkxH9BecnlvltkFYKRcw9a4kKeK1z0lBRFaj+CCpi\/6FEq9Jy6AN65qgVHnJM21Sw9bqMRGIvOqgbBKDOWLw29kMHz9PKOPl7DSLJZRcFlrtqoYRmUbMgH8g95ci45iAUKyTM8U8dJMeI5I0o5XrS6GTAEWwjYpp+p98BRsT2Qy5VGucCDJwKBQm37JBrPLJl7QFGwmD30IhaJr4TVxor5rySefDznCEMqElVChuUZ1YnWk0HdN5cgmd4yEVynEDqcci3duLsQcfi8yup0h6dVFlmQJweTwdwKHh4X6UgkM4lRgqYY4N0jBXGE70UsE8z21zmcUQgOONVJpBhnBpsQPPJlEdLR+4Hq8xYOQI5JjWXJ5VhorBeGp62wI3r0Vv23EpGNf93aAvOa1FTUL9luyyFya1WIogfWelmEhMPh24iaO05gMwAKZ4FjEQFfeEuRHCRqClPdzMthc6VbP7iO+w3kQhRJTzFmVW3lbidC5vVPbbSGs539XJ9AHSmIpT\/RlMDE4PiLIH+0FzpqbQ3EpJLWdhuL6yFkMuiuUJRwz7w1k2BD6JWJtWxzmyZZQ6X8ZLUUbDB5hfOCqnDSFoL7JtxtYtUrOLE197nImDLmsjmI2+jOmYWRELpW+EMfJti80xF6E9lHIvTUaAUGJ3CKjiwHHUxlAh7LjOwOQ7RdhviNSvDgGMljZvmM4y8KTKGizJwM+CuckAvAllASxdpCy584v7DTXpZgzMTDw+GXkq7+EIf5zjFI4xOrZiKOq4FsNEKLDd\/VFJ0Glra+7iZOGYQX6xEy9GRrcGn0Uz5RQyR99j727ASWtMwTi7Ozjm0GHXC2sCInVVYIJbQYJ2dLoXhHJhkq2kjTOzCkUHscTXaefzglgM0RgamLwfwGo8dHGnoo5upsINC5BDm6+Za6wCuKHSHzCcI0fVfA\/M4rbT80spDC8KbST8Mnsmk\/zbL1AJd3J3Q8dFPoYeBP9fMtsIYbHV01ULz8GyIFF\/CjrspkliPtVC48GeiRehWXI68rfNI5bFQJSzDnrmVVxBCH3rmKOzI57d25KioQTIxGKTl9wTRvmLF9RRkqJG6gjCucuFXsuXv+a01vz3Tqfh7GWBJW9WCwoSoULv9VWETS8PDe5vf6NrXOSwVtLvLH3t3FxGHntvfoH09wib1Cjmwwj\/u0cOf7u\/ubXiJW1vqwgThHLMKezB3ajtpsB54MfX73bdFQWBr9nSr8H62PxzO5\/MBzM+FDG76BZdF5eUglUMfqrG8Dgpf6p9V+vT+w52Hj7bIC4tuf7r1W4JXu+nW4XcaPBiKzvvpe7y168DJOLXcKh\/alEgyX3qSf0CHhrMqvRDOL683DncefSOB\/2LoJvC\/AQ==\" \/> \t\t<a href=\"https:\/\/www.pdf24.org\" target=\"_blank\" title=\"www.pdf24.org\" rel=\"nofollow\"><img src=\"https:\/\/www.hohenlohe-ungefiltert.de\/wp-content\/plugins\/pdf24-post-to-pdf\/img\/pdf_32x32.png\" alt=\"\" border=\"0\" height=\"32\" \/><\/a> \t\t<span class=\"pdf24Plugin-cp-space\">&nbsp;&nbsp;<\/span> \t\t<span class=\"pdf24Plugin-cp-text\">Sende Artikel als PDF<\/span> \t\t<span class=\"pdf24Plugin-cp-space\">&nbsp;&nbsp;<\/span> \t\t<input class=\"pdf24Plugin-cp-input\" style=\"margin: 0px;\" type=\"text\" name=\"sendEmailTo\" placeholder=\"Emailadresse\" \/> \t\t<input class=\"pdf24Plugin-cp-submit\" style=\"margin: 0px;\" type=\"submit\" value=\"Senden\" \/> \t<\/form> <\/div>","protected":false},"excerpt":{"rendered":"<p>Ein Filmportrait von Hermann G. Abmayr \u00fcber den Widerstandsk\u00e4mpfer und Arbeiterf\u00fchrer Willi Bleicher zeigt die IG Metall und der DGB am Freitag, 3. Mai 2013, ab 20 Uhr im Kino im Schafstall in Schw\u00e4bisch Hall. Von der IG Metall Schw\u00e4bisch Hall Gewerkschaften wurden 1933 von den Nazis verboten Nach dem 1. Mai 1933 wurden in [&hellip;]<\/p>\n","protected":false},"author":1,"featured_media":0,"comment_status":"open","ping_status":"open","sticky":false,"template":"","format":"standard","meta":[],"categories":[1,2,5,3,7],"tags":[],"_links":{"self":[{"href":"https:\/\/www.hohenlohe-ungefiltert.de\/index.php?rest_route=\/wp\/v2\/posts\/15766"}],"collection":[{"href":"https:\/\/www.hohenlohe-ungefiltert.de\/index.php?rest_route=\/wp\/v2\/posts"}],"about":[{"href":"https:\/\/www.hohenlohe-ungefiltert.de\/index.php?rest_route=\/wp\/v2\/types\/post"}],"author":[{"embeddable":true,"href":"https:\/\/www.hohenlohe-ungefiltert.de\/index.php?rest_route=\/wp\/v2\/users\/1"}],"replies":[{"embeddable":true,"href":"https:\/\/www.hohenlohe-ungefiltert.de\/index.php?rest_route=%2Fwp%2Fv2%2Fcomments&post=15766"}],"version-history":[{"count":5,"href":"https:\/\/www.hohenlohe-ungefiltert.de\/index.php?rest_route=\/wp\/v2\/posts\/15766\/revisions"}],"predecessor-version":[{"id":15809,"href":"https:\/\/www.hohenlohe-ungefiltert.de\/index.php?rest_route=\/wp\/v2\/posts\/15766\/revisions\/15809"}],"wp:attachment":[{"href":"https:\/\/www.hohenlohe-ungefiltert.de\/index.php?rest_route=%2Fwp%2Fv2%2Fmedia&parent=15766"}],"wp:term":[{"taxonomy":"category","embeddable":true,"href":"https:\/\/www.hohenlohe-ungefiltert.de\/index.php?rest_route=%2Fwp%2Fv2%2Fcategories&post=15766"},{"taxonomy":"post_tag","embeddable":true,"href":"https:\/\/www.hohenlohe-ungefiltert.de\/index.php?rest_route=%2Fwp%2Fv2%2Ftags&post=15766"}],"curies":[{"name":"wp","href":"https:\/\/api.w.org\/{rel}","templated":true}]}}