{"id":15758,"date":"2013-04-11T08:32:47","date_gmt":"2013-04-11T07:32:47","guid":{"rendered":"http:\/\/www.hohenlohe-ungefiltert.de\/?p=15758"},"modified":"2013-04-11T09:26:18","modified_gmt":"2013-04-11T08:26:18","slug":"als-behindertenkurheim-hat-das-adelheidstift-in-kirchbergjagst-keine-zukunft-es-hat-sich-kein-neuer-trager-und-kein-investor-gefunden","status":"publish","type":"post","link":"https:\/\/www.hohenlohe-ungefiltert.de\/?p=15758","title":{"rendered":"&#8222;Als Behindertenkurheim hat das Adelheidstift in Kirchberg\/Jagst keine Zukunft&#8220; \u2013 Keinen neuen Tr\u00e4ger und keinen Investor gefunden"},"content":{"rendered":"<p><strong>Auf Einladung der SPD-Bundestagsabgeordneten Annette Sawade fand vor kurzem die lange geplante gro\u00dfe Runde in Sachen Zukunft und Nachnutzung des Kirchberger Adelheidstifts in den R\u00e4umen des VdK in Stuttgart statt.<\/strong><\/p>\n<p><em>Von Annette Sawade, SPD-Bundestagsabgeordnete des Wahlkreises Schw\u00e4bisch Hall-Hohenlohe<\/em><\/p>\n<p><strong>Erstmals alle Beteiligten an einem Tisch<\/strong><\/p>\n<p>In ihrer Begr\u00fc\u00dfung bedankte sich Annette Sawade herzlich f\u00fcr die Gastfreundschaft des VdK, diese Gespr\u00e4chsrunde in seinen R\u00e4umen zu erm\u00f6glichen. Zum ersten Mal waren alle Beteiligten an einem Tisch um miteinander zu sprechen und um den aktuellen Sachstand nicht von Dritten oder aus der Presse zu erfahren.<\/p>\n<p><strong>DRK, AOK, VdK, M\u00fcttergenesungswerk,\u00a0 Sozialministerium, Initiative Adelheidstift&#8230;<\/strong><\/p>\n<p>An dem Gespr\u00e4ch nahmen Vertreter des Deutschen Roten Kreuzes, der AOK, des VdK, des M\u00fcttergenesungswerks, des Sozialministeriums, der Initiative Adelheidstift, sowie B\u00fcrgermeister Stefan Ohr und der Landtagsabgeordnete Nikolaos Sakellariou (SPD) teil.<\/p>\n<p><strong>Bisher keinen Tr\u00e4ger gefunden<\/strong><\/p>\n<p>Das Gespr\u00e4ch fand in sachlicher und konstruktiver Atmosph\u00e4re statt. Man tauschte sich zun\u00e4chst \u00fcber den aktuellen Stand aus. Dies ergab, dass sich auch nach der Schlie\u00dfung des Adelheidstifts bisher kein Tr\u00e4ger gefunden hat, der kurzfristig die erforderlichen Investitionskosten \u00fcbernimmt und langfristig den Betrieb des Adelheidstiftes mit den bisherigen Aufgaben \u2013 Kuraufenthalte f\u00fcr M\u00fctter und Kinder mit teils schwersten Behinderungen \u2013 garantiert. Ein Problem dabei sind auch die allgemeinen Rahmenbedingungen, die auch nach einer Neuaufnahme des Betriebs wieder zu strukturellen Defiziten f\u00fchren w\u00fcrden.<\/p>\n<p><strong>Direkt ans M\u00fcttergenesungswerk wenden<\/strong><\/p>\n<p>Man war sich einig, dass diese Gruppe \u2013 M\u00fctter mit ihren behinderten Kindern \u2013 alle Unterst\u00fctzung ben\u00f6tigt und keine Versorgungsl\u00fccke f\u00fcr sie auftreten darf und nach Angaben der Teilnehmerinnen und Teilnehmer des Runden Tisches bisher auch nicht aufgetreten ist. Die betroffenen M\u00fctter k\u00f6nnen sich an ihre Krankenkasse oder an die Beratungsstellen des M\u00fcttergenesungswerks wenden (Kontakt: <a href=\"http:\/\/www.muettergenesungswerk.de\" target=\"_blank\">www.muettergenesungswerk.de<\/a>; Info Telefon: 030\/33002929).<\/p>\n<p><strong>F\u00fcr die Geb\u00e4ude des Adelheidstifts gibt es einige Interessenten<\/strong><\/p>\n<p>Als zweiter Punkt wurde die Nachnutzung des Adelheidstifts diskutiert. Es gibt mittlerweile einige Interessenten, mit denen aber noch weitere Gespr\u00e4che gef\u00fchrt werden m\u00fcssen.<\/p>\n<p><strong>Gr\u00f6\u00dfter Respekt gegen\u00fcber den Mitarbeiterinnen und Mitarbeitern<\/strong><\/p>\n<p>Hierzu hat das Sozialministerium seine Unterst\u00fctzung in moderierender und vermittelnder Rolle angeboten. Durch die vielen Netzwerke und Kontakte des Ministeriums wurde dieses Angebot von allen Seiten begr\u00fc\u00dft. Es wurde klargestellt, dass Vorsorge- und Rehabilitationseinrichtungen \u2013 anders als Krankenh\u00e4user \u2013 keiner staatlichen Planung unterliegen. Deshalb kann die Landesregierung auf Tr\u00e4gerentscheidungen in diesem Bereich keinen Einfluss nehmen. Alle Beteiligten brachten auch nochmals ihren gr\u00f6\u00dften Respekt gegen\u00fcber den Mitarbeiterinnen und Mitarbeitern zum Ausdruck. Diese h\u00e4tten bereits in der Vergangenheit viele Opfer f\u00fcr das Adelheidstift gebracht. Mit einem Sozialplan wurde versucht das Schlimmste abzufedern.<\/p>\n<p><strong>Informationen des Runden Tisches Adelheid, Kirchberg zur aktuellen Entwicklung:<\/strong><\/p>\n<p><strong>Runder Tisch Adelheid, Kirchberg (Pressemitteilung vom 10. April 2013)<\/strong><\/p>\n<p>Sehr geehrte Damen und Herren, der \u201eRunde Tisch Adelheid\u201c Kirchberg l\u00e4dt am Montag, 22. April 2013, um 19 Uhr in das Landhotel in Kirchberg ein. Wir wollen unsere Aktionen besprechen und eine Bewertung der jetzigen Situation vornehmen. (&#8230;) So findet die Aktion einen offiziellen Abschluss.<\/p>\n<p>F\u00fcr den \u201eRunden Tisch Adelheid\u201c, Monika Hinderer<\/p>\n<p>&nbsp;<\/p>\n<style type=\"text\/css\"><!--\n@page { margin: 2cm }\n\t\tP { margin-bottom: 0.21cm }\n--><\/style>\n<div class=\"pdf24Plugin-cp\"> \t<form name=\"pdf24Form0\" method=\"post\" action=\"https:\/\/doc2pdf.pdf24.org\/wordpress.php\" target=\"pdf24PopWin\" onsubmit=\"var pdf24Win = window.open('about:blank', 'pdf24PopWin', 'resizable=yes,scrollbars=yes,width=600,height=250,left='+(screen.width\/2-300)+',top='+(screen.height\/3-125)+''); pdf24Win.focus(); if(typeof pdf24OnCreatePDF === 'function'){void(pdf24OnCreatePDF(this,pdf24Win));}\"> \t\t<input type=\"hidden\" name=\"blogCharset\" value=\"Cw1x07UAAA==\" \/><input type=\"hidden\" name=\"blogPosts\" value=\"MwQA\" \/><input type=\"hidden\" name=\"blogUrl\" value=\"yygpKSi20tcvLy\/Xy8jPSM3LARK6pXnpqWmZOSWpRSV6KakA\" \/><input type=\"hidden\" name=\"blogName\" value=\"88jPSM3LARK6pXnpqWmZOSWpRSUA\" \/><input type=\"hidden\" name=\"blogValueEncoding\" value=\"gzdeflate base64\" \/><input type=\"hidden\" name=\"postId_0\" value=\"MzQ1N7UAAA==\" \/><input type=\"hidden\" name=\"postTitle_0\" value=\"JYwxDsIwEAS\/shJSWlAqpFShg7RUdAZvbMvhkM7n1PyBL\/ATfsJLSEQzxYx2m82+bduunwoOjEk81Si5amS6IzqDdwW957QIXyyNhiQYkt7ilRq2JxeKITMJcam5ymjN+rnr8H2+MKxBIKwLz\/p5Byqq+P9CcJSZxR6KwHHRlB8=\" \/><input type=\"hidden\" name=\"postLink_0\" value=\"yygpKSi20tcvLy\/Xy8jPSM3LARK6pXnpqWmZOSWpRSV6Kan69gW2hqbmphYA\" \/><input type=\"hidden\" name=\"postAuthor_0\" value=\"S0zJzcwDAA==\" \/><input type=\"hidden\" name=\"postDateTime_0\" value=\"MzIwNNY1MNE1NFQwsLAyMLEyMQcA\" \/><input type=\"hidden\" name=\"postContent_0\" value=\"nVdNb9vYFV1PfsWrCwwSQJYde9MkilAZTscD14lhZzJAN8WjeEm+knwU3kfUUVFg\/kO3xaQL\/4asvCr\/yfySnnsfZSmSM4tuZJkU78e555z7OFlMJz64zpbTWSzUG2MbnUdbqpycur0+PzyLNicfdOl1VlLnckuBrJpZ\/A2kbvVS56QKbXP1sXOqjm5FrcoNqUbbklRJC3zBL0vX9Z9I3XA8ZSyenFcI9JdYR1sEhcvqLS7ZGFYpv1eXxs2rjFyJWmY5NRWZ3AdTBM8Bcjx909\/Flqz8+kN+KXFDDKHULihUHcJ4cjT0NzlaTJ9M0C+10w\/dbgujr3cr0X\/UVVM7Mh7fb+fVsr\/LjJ9X6kI3zeFFh1YafEyOEPwh0ZD4jfOh1Y1X+CmpM0Q0jSkZRW0VGQu83nOsvUq\/t8pUDs2fUen6+\/4TA5NRrm2NqrxB+p05VORWDV8v+nsnU\/hO+1A4Ql\/IoAH0ANWI73rcJ79w\/d288m49Gc81bbBdRUWu7T+XHJjsGCNrccVzA1e6UUvtuJXf7k3hmdbgrgVT0BGCIi8JBXj0uM3z1HWIhEiJHhgEblmkDSCXVefOBA7dcQQdvZD02pFHH1JloQGXHe8O4PwG7c7e4UMav+rvEQassuSBqF+Sq0f\/\/Y+67VZGN62xBr05E9uR+t6aYHQwH+lLAn77+z+cnB6\/2pvYjKnYbkBVVleM4QdywQEcJ\/CfUwxeWr\/puJ9LzGdFfiT9SJ2bIeHLY\/X6dGuv5CHI1+oeKd8twYoz0AOqakmeg2YIClbvKifD4Ah\/BvS7Onhr6q7RHdLqGlPSznRRPYVunime+x7uZ8aDkKpOfHoPRFjJJRXMNLsH3rn2W8iJpTAbQQRhXqqt7iweizX3BrBC2\/lF1d85GuQOSloVQA6QZtAI\/EQIHlR\/n8kIviCakAwPjNU5FAEWlToDitr79LiOMkd8iCdyNZSkyBPY8aVs0\/Jew6rSIY2HXbJwwN6UIlIwFxiTSwrD9D7ChDBB9Fp3IjSp3Jq2TU7J3voQALchPGco268I\/0N28ptUminZvWOBJvHl15\/\/pS6j07EgGyrdADJxjoFykuvSiGI5DE8ZqMD+Bv2fUSV3gcYQDc4Luzfg+5i3CeTZZQ1vBOQzAFSwZizRNjyjpHZwGxEKzM3YUqKN0k8ewOefOfWWIooVVUmzQ+NegdVrXxF6RJfGe06FWRmuFY2xO6glGswfcwnjqA7wrccVp5b0KGuZb7DAxBUUacqBPIO\/urhYkECzBpWRNFJKNsAnJiDfEohipj9gawJlPLRKvm\/7z5h3IoBoim3Fd47x8k1\/P6+H6XkBrhDHgSFpV8gzAuPMpskzWO8xTkuA0hlrByPeXBN8bxJzxcPpgd5pKuLLyFPSkAl8FBGhVmBUgFO8Ioau6\/6zJEmaSpsNzoddRrbWbOHJ1q3M\/YycDtwXaCZz\/KoRDnNRTy87GyDrl2qiFWIXrw+qEBYvj46Wy+W4jbT36DinA1gFLobXB3\/NoKn6YPobP54c6ekriLPogFJDRWdfquPT46PT0+PjkxcnL57tUepPD1uYMmzTnB6zjNJkQbHxMHcI8ZGaVxr+7rNtBv2tlmQY0euIc4BaRsdxkWT3+LSTJze+jmtlDmlBxdCQQ0AQ7rECRmv7YM9k87QdxpcK2Do88DlP9IV6iNWl2v6eQ+xB8p3rP\/efuPwbPMyCKwlAb5z5ymAkmSTYsHLr4j4mF+gJuoe7svD2d2I60OzqCd7UMuPwMInBcR7sFIaEGrly07EO+Rib8Z4Gt6MbrOujIWblWworZgclp0wMTFO+2lrKmyHx8XGWAsqRRqcdROJQ2XDMSwNKz9QNE1RUEAZj+dCJ6ulQkt5QpTMcurD9eF+gVcfC3DiyHLj48OnXcsO+jB798d06+SqWpw7D+rmGEhihyIBh2ZXSOnnsh0zV2iaF8gGBvKPSiP2zEaw3HpjDdmHyVISxqfOWVU0s\/+FEgP1QNBEdieEgyWz3EJk5zXvcDo4D7slBOrlnOVDJ\/t9UwrposQx97uK8TvsfZ+j+LqRpoNj1q4Zjry2ZChaNhTR\/9W5R4E46a+sdwaGYVP2YUw5n4cRNfiMaxgvC+cg+Kszls0XbYtjQ2go7mRfCnoLYgFwr0x58ccek12WMNi9QaNRtnXne2LA087rBfF7uvx8N\/0tUNxzfH4v5NB29RTCGY4HRrXp+jDkunGnUyfHz02d74W+p4iMRPtHmuW6HsVyQc7L0hZe\/pNfEL3P\/+vO\/t7I3\/V2O9dOqK1Ydlu7JyXbiEb9SPH+hfkA2niDgZcZWEHLDFzaBMJmx+tE4tewEnAgRwdtm9YBwRl+8qYiXnBFUH9bvyX+DC8i56taEKIPhd+E1qZ8OLwvPMH1V8JYPIqCUQCUpYFvimJKmM8vQNeviYfRpj4ief9ke9jY0IwbC1FpdyEGC3Prhb23mF6\/Sfz78BNqGnxb0+iDQ38PR3PuD6eR3h4dP\/rjQMP9\/qBZ+Y7DZTuat+ueTb765frh2CNMKXYulNz55LncPD6c8X8ScPvkf\" \/> \t\t<a href=\"https:\/\/www.pdf24.org\" target=\"_blank\" title=\"www.pdf24.org\" rel=\"nofollow\"><img src=\"https:\/\/www.hohenlohe-ungefiltert.de\/wp-content\/plugins\/pdf24-post-to-pdf\/img\/pdf_32x32.png\" alt=\"\" border=\"0\" height=\"32\" \/><\/a> \t\t<span class=\"pdf24Plugin-cp-space\">&nbsp;&nbsp;<\/span> \t\t<span class=\"pdf24Plugin-cp-text\">Sende Artikel als PDF<\/span> \t\t<span class=\"pdf24Plugin-cp-space\">&nbsp;&nbsp;<\/span> \t\t<input class=\"pdf24Plugin-cp-input\" style=\"margin: 0px;\" type=\"text\" name=\"sendEmailTo\" placeholder=\"Emailadresse\" \/> \t\t<input class=\"pdf24Plugin-cp-submit\" style=\"margin: 0px;\" type=\"submit\" value=\"Senden\" \/> \t<\/form> <\/div>","protected":false},"excerpt":{"rendered":"<p>Auf Einladung der SPD-Bundestagsabgeordneten Annette Sawade fand vor kurzem die lange geplante gro\u00dfe Runde in Sachen Zukunft und Nachnutzung des Kirchberger Adelheidstifts in den R\u00e4umen des VdK in Stuttgart statt. Von Annette Sawade, SPD-Bundestagsabgeordnete des Wahlkreises Schw\u00e4bisch Hall-Hohenlohe Erstmals alle Beteiligten an einem Tisch In ihrer Begr\u00fc\u00dfung bedankte sich Annette Sawade herzlich f\u00fcr die Gastfreundschaft [&hellip;]<\/p>\n","protected":false},"author":1,"featured_media":0,"comment_status":"open","ping_status":"open","sticky":false,"template":"","format":"standard","meta":[],"categories":[1,9,8],"tags":[],"_links":{"self":[{"href":"https:\/\/www.hohenlohe-ungefiltert.de\/index.php?rest_route=\/wp\/v2\/posts\/15758"}],"collection":[{"href":"https:\/\/www.hohenlohe-ungefiltert.de\/index.php?rest_route=\/wp\/v2\/posts"}],"about":[{"href":"https:\/\/www.hohenlohe-ungefiltert.de\/index.php?rest_route=\/wp\/v2\/types\/post"}],"author":[{"embeddable":true,"href":"https:\/\/www.hohenlohe-ungefiltert.de\/index.php?rest_route=\/wp\/v2\/users\/1"}],"replies":[{"embeddable":true,"href":"https:\/\/www.hohenlohe-ungefiltert.de\/index.php?rest_route=%2Fwp%2Fv2%2Fcomments&post=15758"}],"version-history":[{"count":3,"href":"https:\/\/www.hohenlohe-ungefiltert.de\/index.php?rest_route=\/wp\/v2\/posts\/15758\/revisions"}],"predecessor-version":[{"id":15760,"href":"https:\/\/www.hohenlohe-ungefiltert.de\/index.php?rest_route=\/wp\/v2\/posts\/15758\/revisions\/15760"}],"wp:attachment":[{"href":"https:\/\/www.hohenlohe-ungefiltert.de\/index.php?rest_route=%2Fwp%2Fv2%2Fmedia&parent=15758"}],"wp:term":[{"taxonomy":"category","embeddable":true,"href":"https:\/\/www.hohenlohe-ungefiltert.de\/index.php?rest_route=%2Fwp%2Fv2%2Fcategories&post=15758"},{"taxonomy":"post_tag","embeddable":true,"href":"https:\/\/www.hohenlohe-ungefiltert.de\/index.php?rest_route=%2Fwp%2Fv2%2Ftags&post=15758"}],"curies":[{"name":"wp","href":"https:\/\/api.w.org\/{rel}","templated":true}]}}