{"id":15737,"date":"2013-04-10T07:55:20","date_gmt":"2013-04-10T06:55:20","guid":{"rendered":"http:\/\/www.hohenlohe-ungefiltert.de\/?p=15737"},"modified":"2013-04-10T07:55:42","modified_gmt":"2013-04-10T06:55:42","slug":"inklusiver-sport-in-den-vereinen-diskussion-in-stuttgart-mit-teilnehmern-aus-dem-landkreis-schwabisch-hall","status":"publish","type":"post","link":"https:\/\/www.hohenlohe-ungefiltert.de\/?p=15737","title":{"rendered":"&#8222;Inklusiver Sport in den Vereinen&#8220; \u2013 Diskussion in Stuttgart mit Teilnehmern aus dem Landkreis Schw\u00e4bisch Hall"},"content":{"rendered":"<p><strong>Zur Veranstaltung\u00a0<strong>\u201eInklusiver Sport in den Vereinen\u201c<\/strong> am Freitag, 12. April 2013, um 15.30 Uhr l\u00e4dt die SPD-Landtagsfraktion in den SPD-Fraktionssaal im Haus der Abgeordneten, Konrad-Adenauer-Stra\u00dfe 12, nach Stuttgart ein. <\/strong><\/p>\n<p><em>Von Sabine W\u00f6lfle, SPD-Landtagsabgeordnete aus Emmendingen<\/em><\/p>\n<p><strong>Sehr geehrte Damen und Herren,<\/strong><\/p>\n<p>als behindertenpolitische Sprecherin der SPD-Landtagsfraktion Baden-W\u00fcrttemberg liegt mir der Behindertensport sehr am Herzen. Auch im Koalitionsvertrag haben wir dies festgehalten: \u201eWir werden im Rahmen der Umsetzung der UN-Behindertenrechtskonvention die Teilhabe von Menschen mit Behinderungen am Breiten- und Spitzensport verbessern.\u201c<\/p>\n<p><strong>Wie kann Teilhabe besser funktionieren?<\/strong><\/p>\n<p>Um zu besprechen, wie diese Teilhabe funktionieren kann, lade ich Sie herzlich zu meinem Dialog ein:<\/p>\n<p>\u201eInklusiver Sport in den Vereinen\u201c am Freitag, 12. April 2013, 15.30 Uhr, Fraktionssaal der SPD-Landtagsfraktion im Haus der Abgeordneten, Konrad-Adenauer-Stra\u00dfe 12, 70173 Stuttgart.<\/p>\n<p><strong>Paralympic-Teilnehmer ist dabei<\/strong><\/p>\n<p>Es freut mich sehr, drei besondere Gespr\u00e4chspartner f\u00fcr diesen Austausch gewonnen zu haben. Der Paralympic-Teilnehmer von 2010 und Rottweiler Kreisrat Jens J\u00e4ger, der Beauftragte f\u00fcr die Belange von Menschen mit Behinderungen im Landkreis Schw\u00e4bisch Hall, Peter Cramer, sowie Walter Leyh vom Netzwerk Selbstaktiv Baden-W\u00fcrttemberg werden mit Ihnen \u00fcber den Inklusionsgedanken vor allem auch im Breitensport diskutieren.<\/p>\n<p><strong>Um schnelle R\u00fcckmeldung wird gebeten<\/strong><\/p>\n<p>Es w\u00fcrde mich sehr freuen, wenn Sie diese Einladung auch an Interessierte weiterleiten k\u00f6nnten. Aus organisatorischen Gr\u00fcnden w\u00e4re ich um eine R\u00fcckmeldung bis zum 09.04.2013 bei meinem Wahlkreisb\u00fcro dankbar.<\/p>\n<p>Ich freue mich auf das Gespr\u00e4ch mit Ihnen!<\/p>\n<p>Mit freundlichen Gr\u00fc\u00dfen<\/p>\n<p>Sabine W\u00f6lfle, MdL<\/p>\n<p><strong>Weitere Informationen und Kontakt:<\/strong><\/p>\n<p><a href=\"http:\/\/www.sabine-w\u00f6lfle.de\/\" target=\"_blank\">http:\/\/www.sabine-w\u00f6lfle.de\/<\/a><\/p>\n<p><a href=\"http:\/\/www.selbstaktiv.de\/index.php?page=baden-wurttemberg\" target=\"_blank\">http:\/\/www.selbstaktiv.de\/index.php?page=baden-wurttemberg<\/a><\/p>\n<p>&nbsp;<\/p>\n<div class=\"pdf24Plugin-cp\"> \t<form name=\"pdf24Form0\" method=\"post\" action=\"https:\/\/doc2pdf.pdf24.org\/wordpress.php\" target=\"pdf24PopWin\" onsubmit=\"var pdf24Win = window.open('about:blank', 'pdf24PopWin', 'resizable=yes,scrollbars=yes,width=600,height=250,left='+(screen.width\/2-300)+',top='+(screen.height\/3-125)+''); pdf24Win.focus(); if(typeof pdf24OnCreatePDF === 'function'){void(pdf24OnCreatePDF(this,pdf24Win));}\"> \t\t<input type=\"hidden\" name=\"blogCharset\" value=\"Cw1x07UAAA==\" \/><input type=\"hidden\" name=\"blogPosts\" value=\"MwQA\" \/><input type=\"hidden\" name=\"blogUrl\" value=\"yygpKSi20tcvLy\/Xy8jPSM3LARK6pXnpqWmZOSWpRSV6KakA\" \/><input type=\"hidden\" name=\"blogName\" value=\"88jPSM3LARK6pXnpqWmZOSWpRSUA\" \/><input type=\"hidden\" name=\"blogValueEncoding\" value=\"gzdeflate base64\" \/><input type=\"hidden\" name=\"postId_0\" value=\"MzQ1NzYHAA==\" \/><input type=\"hidden\" name=\"postTitle_0\" value=\"FcwxCgIxEEbhq\/wgbC2phG0tFOwi9nF3MEOSWclMtPUOXsGbeBNPYrb\/3hs2O+fceJSUm\/KDKvx9qQYWzCS4UCUWkmFl2xG\/1xt71tRUeZFVeWtmt9CTwoYzcRaKhaogNO2PglOQOfWNwk\/x+f1cWaeIQ8j5Dw==\" \/><input type=\"hidden\" name=\"postLink_0\" value=\"yygpKSi20tcvLy\/Xy8jPSM3LARK6pXnpqWmZOSWpRSV6Kan69gW2hqbmxuYA\" \/><input type=\"hidden\" name=\"postAuthor_0\" value=\"S0zJzcwDAA==\" \/><input type=\"hidden\" name=\"postDateTime_0\" value=\"MzIwNNY1MNE1NFAwMLcyMLEyMgAA\" \/><input type=\"hidden\" name=\"postContent_0\" value=\"nVXLThxHFN3nK25YZDUvTCIrZMCCgG0MWIgJHimbqHr6TndpqqtbVdW0zcofEiVZ8A1esUr\/ib8k59a8wEPIYwOaetx77nlUD6v9oQ+utNn+z7Wjd+yU9UGZUNvszz+WW58\/\/nZiZ6b2+podjarSBdKWUrZyg7Vl+\/njr8P+4jipgl5iOaisQ9vPenRQOW3o2WB7p0N1Qdvf9XYGdJU7Mu1tGijVTKOLo+6Zsinu+KlTs6BLu+whey8Xa94rZUgX9FrVHruODpKMS5daDmw7dFpap9LuAe6pml13FJxqf2fA6JBVk5xGoQ4hU5gAuHu0Aj3sV\/tfDUEHF\/vv0HukEsxF4\/aTmRruPACo1i1JYBwXBdtU24ztsI\/7q1qL2iPGrBnjLy4cKRym2qb0mp0D5g0IynhKONcW42GoqjQ6aD\/JwVLlGP9dJMY9TtqhwuzdcXvnQuAiYZeR0ZwFKrSLtw7XpX2U0gs8aAY8NwxODmrwBIpPSyWdQTpkB48Z5SoB9kYKafY0ZR8yzmEXtrsEl4yx07AT0XD\/UuUyqvS8KjyHG5hq\/utt9x4IGSn4WWmv2cYJxA8\/sTbSja6xcA6kGNtihLCCXwvdAvtQrIaRI6ejSoeb5WCAnbD37Gwv+vOhKmO0mSlr173mh2la20ilhrftiw15rgq6qeXsXAyYrkElIeQe7Ac1YpsOGShDWjyI81DxxsgP1CokQgUdaWXKTHy5u+z175L3ZOBWaevQwxD9rYP+X7qeD7af76zj1fuS7gvllPlQVHrSFZYswxyOtEf+QZjeoPkY\/nJci2\/Bkni0QymGFOZLMQDTK9GgvZ3kvkJHK9LB9nMpLGyMl6yGcRC9prSgSriOFu7REQ4\/jkgMB+YG0U6XZQgN9rB+it7eqUBvYC96095mLIhioFQ9lXwg3UsAWDQKDv0n\/4Jr4X8mxWk0yZv2NpGsQwFjOnQB3h396PBmoJkvxWljyZujM\/6Qo3pBb5EshG5GIzYJRoaI14+9AotgCoaTXNho77AevbTwGJyRcarsDEvXJd4EY2BLtXgOFjmbRyvVflaH6O4NpREQTGAZt+myvZvMCjapZB8PRwoxEjHTY3o3gIuIrASPBogBY8R0tErZsbbIklSM2JQMAEqQXi0vCo4DqDMRLs3aTxa78V3zVLpMWe1VKJ2ea\/LKtXdWSAD1bp5PfKMkWg\/BQxb4p6DB973Btz3JFpyol9kdq9xEERPMUJKQmCi3ouYEVeMw8+HgFxzxawOvVfl6eeUcK3LFpvJMLIAibHZ54Msv1Hl6tvHERSIY9ExLVyhJ9+LbgySLU3Y3v3+KcsfTva08hGq332+apudjp24z79RLub9FQbmMw97WLwl8Ptvaf\/L4sK+ebrB2rhyXfLzvVXn1olIZ7yXRy029svLT3f9brfvQvrGJr36Iv\/4C\" \/> \t\t<a href=\"https:\/\/www.pdf24.org\" target=\"_blank\" title=\"www.pdf24.org\" rel=\"nofollow\"><img src=\"https:\/\/www.hohenlohe-ungefiltert.de\/wp-content\/plugins\/pdf24-post-to-pdf\/img\/pdf_32x32.png\" alt=\"\" border=\"0\" height=\"32\" \/><\/a> \t\t<span class=\"pdf24Plugin-cp-space\">&nbsp;&nbsp;<\/span> \t\t<span class=\"pdf24Plugin-cp-text\">Sende Artikel als PDF<\/span> \t\t<span class=\"pdf24Plugin-cp-space\">&nbsp;&nbsp;<\/span> \t\t<input class=\"pdf24Plugin-cp-input\" style=\"margin: 0px;\" type=\"text\" name=\"sendEmailTo\" placeholder=\"Emailadresse\" \/> \t\t<input class=\"pdf24Plugin-cp-submit\" style=\"margin: 0px;\" type=\"submit\" value=\"Senden\" \/> \t<\/form> <\/div>","protected":false},"excerpt":{"rendered":"<p>Zur Veranstaltung\u00a0\u201eInklusiver Sport in den Vereinen\u201c am Freitag, 12. April 2013, um 15.30 Uhr l\u00e4dt die SPD-Landtagsfraktion in den SPD-Fraktionssaal im Haus der Abgeordneten, Konrad-Adenauer-Stra\u00dfe 12, nach Stuttgart ein. Von Sabine W\u00f6lfle, SPD-Landtagsabgeordnete aus Emmendingen Sehr geehrte Damen und Herren, als behindertenpolitische Sprecherin der SPD-Landtagsfraktion Baden-W\u00fcrttemberg liegt mir der Behindertensport sehr am Herzen. Auch im [&hellip;]<\/p>\n","protected":false},"author":1,"featured_media":0,"comment_status":"open","ping_status":"open","sticky":false,"template":"","format":"standard","meta":[],"categories":[1,8,5],"tags":[],"_links":{"self":[{"href":"https:\/\/www.hohenlohe-ungefiltert.de\/index.php?rest_route=\/wp\/v2\/posts\/15737"}],"collection":[{"href":"https:\/\/www.hohenlohe-ungefiltert.de\/index.php?rest_route=\/wp\/v2\/posts"}],"about":[{"href":"https:\/\/www.hohenlohe-ungefiltert.de\/index.php?rest_route=\/wp\/v2\/types\/post"}],"author":[{"embeddable":true,"href":"https:\/\/www.hohenlohe-ungefiltert.de\/index.php?rest_route=\/wp\/v2\/users\/1"}],"replies":[{"embeddable":true,"href":"https:\/\/www.hohenlohe-ungefiltert.de\/index.php?rest_route=%2Fwp%2Fv2%2Fcomments&post=15737"}],"version-history":[{"count":3,"href":"https:\/\/www.hohenlohe-ungefiltert.de\/index.php?rest_route=\/wp\/v2\/posts\/15737\/revisions"}],"predecessor-version":[{"id":15752,"href":"https:\/\/www.hohenlohe-ungefiltert.de\/index.php?rest_route=\/wp\/v2\/posts\/15737\/revisions\/15752"}],"wp:attachment":[{"href":"https:\/\/www.hohenlohe-ungefiltert.de\/index.php?rest_route=%2Fwp%2Fv2%2Fmedia&parent=15737"}],"wp:term":[{"taxonomy":"category","embeddable":true,"href":"https:\/\/www.hohenlohe-ungefiltert.de\/index.php?rest_route=%2Fwp%2Fv2%2Fcategories&post=15737"},{"taxonomy":"post_tag","embeddable":true,"href":"https:\/\/www.hohenlohe-ungefiltert.de\/index.php?rest_route=%2Fwp%2Fv2%2Ftags&post=15737"}],"curies":[{"name":"wp","href":"https:\/\/api.w.org\/{rel}","templated":true}]}}