{"id":15722,"date":"2013-04-05T09:26:00","date_gmt":"2013-04-05T08:26:00","guid":{"rendered":"http:\/\/www.hohenlohe-ungefiltert.de\/?p=15722"},"modified":"2013-04-05T09:26:51","modified_gmt":"2013-04-05T08:26:51","slug":"15722","status":"publish","type":"post","link":"https:\/\/www.hohenlohe-ungefiltert.de\/?p=15722","title":{"rendered":"&#8222;Rechtsradikale und Rassismus 1933 und heute&#8220; \u2013 Vortrag heute (Freitag) in Schw\u00e4bisch Hall-Hessental"},"content":{"rendered":"<p><strong>\u00a0Zur Erinnerung an die Aufl\u00f6sung des Konzentrationslagers Hessental 1945 und den Beginn des Todesmarsches spricht heute, Freitag, 5. April 2013, um 17 Uhr, Hermann G. Abmayr zum Thema &#8222;Rechtsradikale und Rassismus 1933 und heute&#8220;. Die Veranstaltung findet auf dem Gel\u00e4nde der KZ-Gedenkst\u00e4tte am Hessentaler Bahnhof statt.<\/strong><\/p>\n<p><em>Von der Initiative KZ-Gedenkst\u00e4tte Hessental<\/em><\/p>\n<p><strong>&#8222;Stuttgarter NS-T\u00e4ter \u2013 Vom Mitl\u00e4ufer zum Massenm\u00f6rder&#8220;<\/strong><\/p>\n<p>Abmayr ist bekannt f\u00fcr seine Arbeit als Herausgeber des Buches\u00a0 &#8222;Stuttgarter NS-T\u00e4ter. Vom Mitl\u00e4ufer zum Massenm\u00f6rder&#8220; aus dem Jahr 2009 oder als Autor von &#8222;Wir brauchen kein Denkmal. Willi Bleicher: Der Arbeiterf\u00fchrer und seine Erben&#8220;, 1992.\u00a0 Sein Film \u00fcber die &#8222;Spur der Erinnerung&#8220; h\u00e4lt eine B\u00fcrgeraktion im Jahre 2009 fest, die mit vielen unterschiedlichen Aktionen von B\u00fcrgerInnen mit und ohne Behinderungen, Vereinen, Archiven, Gemeinden etc. eine breite Spur zwischen Grafeneck, Ort der Vernichtung von Menschen mit Behinderungen, und Stuttgart zog.<\/p>\n<p><strong>Terminvorschau:<\/strong><\/p>\n<p><strong>19. April 2013, 19.30 Uhr:<\/strong><\/p>\n<p>Gasthof Goldener Adler, Am Markt 11, Schw\u00e4bisch Hall \u2013 Nebenzimmer:<\/p>\n<p><strong>Jahreshauptversammlung der Initiative KZ-Gedenkst\u00e4tte Hessental e.V.<\/strong><\/p>\n<p>Tagesordnung:<br \/>\n1. Bericht des Sprecherrats<br \/>\n2. Aussprache<br \/>\n3. Kassenbericht<br \/>\n4. Entlastung des Sprecherrats und der Kassenleiterin<br \/>\n5. Neuwahlen<br \/>\n6. Verschiedenes (Programm, Anregungen und Antr\u00e4ge)<br \/>\n7. Film \u201cSpur der Erinnerung\u201c<\/p>\n<p>Der Film \u00fcber die von vielen Menschen gebildete 70 Kilometer lange Spur von Grafeneck nach Stuttgart erinnert an die T\u00f6tung zahlreicher Menschen mit Behinderungen im Rahmen des Euthanasieprogramms der Nazis. Der Film \u00fcber diese B\u00fcrgeraktion entstand unter der Regie von G. Abmayr und R. Sanchez. Alle Vereinsmitglieder, aber auch alle an unserer Arbeit Interessierten sind herzlich eingeladen. \u00dcber Ihren\/Euren Besuch freuen wir uns sehr.<\/p>\n<p><strong>Weitere Informationen und Kontakt:<\/strong><\/p>\n<p><a href=\"http:\/\/www.kz-hessental.de\/index.php\/termine\" target=\"_blank\">http:\/\/www.kz-hessental.de\/index.php\/termine<\/a><\/p>\n<div class=\"pdf24Plugin-cp\"> \t<form name=\"pdf24Form0\" method=\"post\" action=\"https:\/\/doc2pdf.pdf24.org\/wordpress.php\" target=\"pdf24PopWin\" onsubmit=\"var pdf24Win = window.open('about:blank', 'pdf24PopWin', 'resizable=yes,scrollbars=yes,width=600,height=250,left='+(screen.width\/2-300)+',top='+(screen.height\/3-125)+''); pdf24Win.focus(); if(typeof pdf24OnCreatePDF === 'function'){void(pdf24OnCreatePDF(this,pdf24Win));}\"> \t\t<input type=\"hidden\" name=\"blogCharset\" value=\"Cw1x07UAAA==\" \/><input type=\"hidden\" name=\"blogPosts\" value=\"MwQA\" \/><input type=\"hidden\" name=\"blogUrl\" value=\"yygpKSi20tcvLy\/Xy8jPSM3LARK6pXnpqWmZOSWpRSV6KakA\" \/><input type=\"hidden\" name=\"blogName\" value=\"88jPSM3LARK6pXnpqWmZOSWpRSUA\" \/><input type=\"hidden\" name=\"blogValueEncoding\" value=\"gzdeflate base64\" \/><input type=\"hidden\" name=\"postId_0\" value=\"MzQ1NzICAA==\" \/><input type=\"hidden\" name=\"postTitle_0\" value=\"U1O2MDIysg5KTc4oKS5KTMnMTsxJVSjNS1EISiwuzizOLS1WMLQ0NgYLZaSWlqSqgXQYWCs8apisEJZfVFKUmA6RUNBwK0rNLElM11TIzFMITs4oP7wkKbM4OUPBIzEnR9cjtbg4Na8kMQcA\" \/><input type=\"hidden\" name=\"postLink_0\" value=\"yygpKSi20tcvLy\/Xy8jPSM3LARK6pXnpqWmZOSWpRSV6Kan69gW2hqbmRkYA\" \/><input type=\"hidden\" name=\"postAuthor_0\" value=\"S0zJzcwDAA==\" \/><input type=\"hidden\" name=\"postDateTime_0\" value=\"MzIwNNY1MNE1MFUwsLQyMLEyMAAA\" \/><input type=\"hidden\" name=\"postContent_0\" value=\"lVbLbhtHELz7KxoKECQAtRQpO4pkmgAFy7QiSAlERgJ8CYZic3fA2VliZpZMePI\/5OqDD\/wGnXwy\/8RfkurZJWWLhuFcBO7s9qOqq3rUmXU7PrjCpt2P79+Ujs6ctpZdaVNSlsaaqVdOzPrey8mYPV0Udsk2OBV0Yb1RKTtPr9l7HCpDreOnz6i0Y3xr6ZRTZIthwwJ\/c+X8XYYnP3P6LguUcRm4Qa8c66DSBj1LqIdXhtoHrcMGlTm1jujPzDVQweUKufr4YpSrfxwt8XaYca7oxx9+bbfbz68ZKb1TYz1VhmMT18p77fPSo6\/Dw3gUS8aIg+cJvQTAG3bKejQfBONE2zEHUuUEfefUZ7Ne4QQPji7e7PcZwKY+rFchMKn8ATren6rMZsWEkCyEpNOsme00Z90nHTDNefemsDHVudVBg8M572bdpuw0EbGNrrPVaAehDCFVLiDZ1WB\/iFD8+vT2X7opcrrUAX2XE654ulSSMV\/fO9Suwe+0V\/OqfaART0F2oMn6gyPP2kIGboQhkTIybadKn\/II2WW2p6UM9eN7+lZryff2Bep9pP43lTkI4eCYCmFMKvfKUDiag8O61K12NEI3aMDSFI3SSxCZK5PQrTZG06lhKI3dCV64GgQ74MocnkUQFbwzvLF1Bw2o5bidANBAMr7SJqf1h4gWctmAnJUuTvLBMRsA2XplAsW0pyAQDlFTcQvpChRXqCbsQyOmzEHsXLMBhtKiPZhE89joiKoXY\/FDYNf5zq0cSJggKDKpxJkoV\/pg2xBRSwP41XPINpdffc5ZvrHE4S6pGhyJ9ZgimuVC+1iy79SELd9NG\/S7CxEl8lmxrFhEGrlkW30rTTyqLT1tNUDLIk0ea3gIN2s7LwSpKk92nVI\/t46\/XAh4PjyQhbAb0lc+iPf6hQFCmfUYlgR8UZmbBmq1GjS4yxbr1Uhg0mtlTPTLFYRslzrPWdJ+2UAcl0ePszDHXFSem2oRfqeDiZOb3UUwxNb0hRtb5DrpjBw1u09aCWistqJ4ajBzLLrFnvX1F21wUXqsToUX9dlhQhfRQ6Mqtj5+mtCZDQaUbNb25\/nq\/ezqUBMtoW0dix18xeVCZZBjffRLIvOvVAluPf30hytSBzbAr3WcxsHHtD1cDetVyj\/XoUdJ5Z9Pb999xTE43XAi9nzkNNFZbYut3LB1NAYMjo8O6EKbImdZM0ahg0rFErUVMFmQ9ZkYuSodNpfbcH0fKVoCrqs2xTekLQa+VlnO1Z12VoZMWeU1z2o6fMR3pZbaJ7SLyD9eCNAI7grQFm0fg69xZ1bQH666eJUlNFAWfS1xbAzXDvdoMjUyF2hdSR1ZhliW+ELJSDy77eKDZlEG2tSgACC8jheiW8qqkX2QslGYcELrd5LqHOK3zbPSxbvcS+KJ4xJPCy1d4SLnzO24+zYKilFtUuDWrteXgMA\/DwHQv2J4Rag1ebGXhTA7aTYXi0UyXe5nGx8lY27KHP5OZtmsGeL64D0KCmSGF3t\/jSCA6V73\/0R3mqoq\/x8=\" \/> \t\t<a href=\"https:\/\/www.pdf24.org\" target=\"_blank\" title=\"www.pdf24.org\" rel=\"nofollow\"><img src=\"https:\/\/www.hohenlohe-ungefiltert.de\/wp-content\/plugins\/pdf24-post-to-pdf\/img\/pdf_32x32.png\" alt=\"\" border=\"0\" height=\"32\" \/><\/a> \t\t<span class=\"pdf24Plugin-cp-space\">&nbsp;&nbsp;<\/span> \t\t<span class=\"pdf24Plugin-cp-text\">Sende Artikel als PDF<\/span> \t\t<span class=\"pdf24Plugin-cp-space\">&nbsp;&nbsp;<\/span> \t\t<input class=\"pdf24Plugin-cp-input\" style=\"margin: 0px;\" type=\"text\" name=\"sendEmailTo\" placeholder=\"Emailadresse\" \/> \t\t<input class=\"pdf24Plugin-cp-submit\" style=\"margin: 0px;\" type=\"submit\" value=\"Senden\" \/> \t<\/form> <\/div>","protected":false},"excerpt":{"rendered":"<p>\u00a0Zur Erinnerung an die Aufl\u00f6sung des Konzentrationslagers Hessental 1945 und den Beginn des Todesmarsches spricht heute, Freitag, 5. April 2013, um 17 Uhr, Hermann G. Abmayr zum Thema &#8222;Rechtsradikale und Rassismus 1933 und heute&#8220;. Die Veranstaltung findet auf dem Gel\u00e4nde der KZ-Gedenkst\u00e4tte am Hessentaler Bahnhof statt. Von der Initiative KZ-Gedenkst\u00e4tte Hessental &#8222;Stuttgarter NS-T\u00e4ter \u2013 Vom [&hellip;]<\/p>\n","protected":false},"author":1,"featured_media":0,"comment_status":"open","ping_status":"open","sticky":false,"template":"","format":"standard","meta":[],"categories":[1,2,5],"tags":[],"_links":{"self":[{"href":"https:\/\/www.hohenlohe-ungefiltert.de\/index.php?rest_route=\/wp\/v2\/posts\/15722"}],"collection":[{"href":"https:\/\/www.hohenlohe-ungefiltert.de\/index.php?rest_route=\/wp\/v2\/posts"}],"about":[{"href":"https:\/\/www.hohenlohe-ungefiltert.de\/index.php?rest_route=\/wp\/v2\/types\/post"}],"author":[{"embeddable":true,"href":"https:\/\/www.hohenlohe-ungefiltert.de\/index.php?rest_route=\/wp\/v2\/users\/1"}],"replies":[{"embeddable":true,"href":"https:\/\/www.hohenlohe-ungefiltert.de\/index.php?rest_route=%2Fwp%2Fv2%2Fcomments&post=15722"}],"version-history":[{"count":3,"href":"https:\/\/www.hohenlohe-ungefiltert.de\/index.php?rest_route=\/wp\/v2\/posts\/15722\/revisions"}],"predecessor-version":[{"id":15725,"href":"https:\/\/www.hohenlohe-ungefiltert.de\/index.php?rest_route=\/wp\/v2\/posts\/15722\/revisions\/15725"}],"wp:attachment":[{"href":"https:\/\/www.hohenlohe-ungefiltert.de\/index.php?rest_route=%2Fwp%2Fv2%2Fmedia&parent=15722"}],"wp:term":[{"taxonomy":"category","embeddable":true,"href":"https:\/\/www.hohenlohe-ungefiltert.de\/index.php?rest_route=%2Fwp%2Fv2%2Fcategories&post=15722"},{"taxonomy":"post_tag","embeddable":true,"href":"https:\/\/www.hohenlohe-ungefiltert.de\/index.php?rest_route=%2Fwp%2Fv2%2Ftags&post=15722"}],"curies":[{"name":"wp","href":"https:\/\/api.w.org\/{rel}","templated":true}]}}