{"id":15647,"date":"2013-02-06T09:08:50","date_gmt":"2013-02-06T08:08:50","guid":{"rendered":"http:\/\/www.hohenlohe-ungefiltert.de\/?p=15647"},"modified":"2013-02-06T17:59:57","modified_gmt":"2013-02-06T16:59:57","slug":"wurde-chance-zur-rettung-nicht-genutzt-burgerinitiative-kampft-fur-den-weiterbetrieb-des-behindertenkurheims-adelheidstift-in-kirchbergjagst","status":"publish","type":"post","link":"https:\/\/www.hohenlohe-ungefiltert.de\/?p=15647","title":{"rendered":"&#8222;Wurde Chance zur Rettung nicht genutzt?&#8220;  \u2013 B\u00fcrgerinitiative k\u00e4mpft f\u00fcr den Weiterbetrieb des Behindertenkurheims Adelheidstift in Kirchberg\/Jagst"},"content":{"rendered":"<p><strong>Viele Menschen wollen das Behindertenkurheim Adelheidstift in Kirchberg\/Jagst (Kreis Schw\u00e4bisch Hall) nicht sang- und klanglos von der B\u00fchne verschwinden lassen. Die \u00f6rtliche B\u00fcrgerinitiative \u201eRunder Tisch Adelheid\u201c k\u00e4mpft mit gro\u00dfem Einsatz f\u00fcr den Weiterbetrieb der Fachklinik des Deutschen Roten Kreuzes (DRK).<\/strong><\/p>\n<p><em>Von Ralf Garmatter, Hohenlohe-ungefiltert<\/em><\/p>\n<p><strong>2844 Unterst\u00fctzerunterschriften gesammelt<\/strong><\/p>\n<p>Eine Internet-Petition des Betriebsrats haben 2844 Menschen unterschrieben. Unterst\u00fctzung aus der Politik kommt von der SPD-Bundestagsabgeordneten Annette Sawade und deren Landtagskollegen Nik Sakellariou. Auch die Stadt Kirchberg\/Jagst will sich im Rahmen ihrer M\u00f6glichkeiten f\u00fcr den Weiterbetrieb der Kurfachklinik f\u00fcr behinderte Menschen und deren Angeh\u00f6rige (54 Betten) engagieren.<\/p>\n<p><strong>Sozialministerin hatte einen wichtigeren Termin<\/strong><\/p>\n<p>Auf Betreiben Sawades sollte bereits am 20. Dezember 2012 ein Gespr\u00e4ch mit Sozialministerin Katrin Altpeter (SPD) in Stuttgart stattfinden. Wegen eines wichtigeren Termins hatte die Ministerin dieses Gespr\u00e4ch allerdings wenige Tage zuvor abgesagt. Es soll nun im ersten Quartal 2013 nachgeholt werden, teilt das Wahlkreisb\u00fcro Sawades auf Nachfrage mit. Der neue Termin werde gerade abgestimmt. Daran teilnehmen sollen laut Sawade auch Vertreter des M\u00fcttergenesungswerks, des DRK, der Stadt Kirchberg und der Krankenkasse AOK.<\/p>\n<p><strong>B\u00fcrgermeister Ohr: &#8222;Das Adelheidstift hat in Stuttgart nicht die Priorit\u00e4t wie ich es mir w\u00fcnsche&#8220;<\/strong><\/p>\n<p>Kirchbergs B\u00fcrgermeister Stefan Ohr zeigte sich unmittelbar nach der Terminabsage entt\u00e4uscht. \u201eDas Adelheidstift hat in Stuttgart nicht die Priorit\u00e4t wie ich es mir w\u00fcnsche\u201c, sagte Ohr auf Nachfrage. Durch die Schlie\u00dfung des Kurheims Adelheidstift h\u00e4tten behinderte Menschen in Pflegestufe 3 in Baden-W\u00fcrttemberg, sogar in ganz S\u00fcddeutschland, keine Anlaufstelle mehr, erkl\u00e4rt Ohr. Ein Ergebnis des Gespr\u00e4chs m\u00fcsse sein, dass die Tagess\u00e4tze f\u00fcr Kurg\u00e4ste deutlich erh\u00f6ht werden. Nur dann k\u00f6nne das Adelheidstift kostendeckend arbeiten, meint der Kirchberger B\u00fcrgermeister.<\/p>\n<p><strong>Neuer Betreiber h\u00e4tte Defizit getragen<\/strong><\/p>\n<p>Recherchen haben ergeben, dass es im Juni 2012 m\u00f6glicherweise eine konkrete Chance gegeben h\u00e4tte, das Adelheidstift zu retten. Ein Investor hatte dem DRK angeboten, die Kurklinik auf eigenes finanzielles Risiko weiter zu betreiben. Der Betreiber h\u00e4tte auch f\u00fcr die erforderliche BAR-Zertifizierung gesorgt und das m\u00f6gliche Defizit getragen. Die Verluste von \u201edurchschnittlich 300.000 Euro pro Jahr\u201c waren f\u00fcr das DRK der offizielle Grund f\u00fcr die Schlie\u00dfung zum 30. November 2012. Dieses Defizit w\u00e4re aber durch den neuen Betreiber weggefallen.<\/p>\n<p><strong>F\u00f6rdergeldern bis zu 80 Prozent der Investitionssumme<\/strong><\/p>\n<p>Die geplanten Investitionskosten von zehn bis elf Millionen Euro f\u00fcr Brandschutzma\u00dfnahmen, behindertengerechte Umbauten und die Erweiterung des Hauses auf 120 Betten h\u00e4tte allerdings das DRK als Geb\u00e4udeeigent\u00fcmer \u00fcbernehmen m\u00fcssen. Diese Kosten seien aber angesichts von F\u00f6rdergeldern bis zu 80 Prozent der Investitionssumme bezahlbar gewesen, hei\u00dft es. Mit der vom Betreiber bezahlten Miete w\u00e4ren sogar die noch offenen Verbindlichkeiten gedeckt gewesen. Warum das DRK nicht auf dieses Angebot einging, bleibt unklar. Nur soviel: \u201eDie uns bekannten F\u00f6rderm\u00f6glichkeiten waren entweder viel zu gering und\/oder an Bedingungen gekn\u00fcpft, die wir nicht h\u00e4tten erf\u00fcllen k\u00f6nnen\u201c, sagt DRK-Sprecher Udo Bangerter auf Nachfrage.<\/p>\n<p><strong>VdK-Landesvorsitzender Sing soll am Gespr\u00e4ch mit der Ministerin teilnehmen<\/strong><\/p>\n<p>Monika Hinderer, Sprecherin der B\u00fcrgerinitiative Runder Tisch Adelheid, hat den Eindruck, das DRK wollte das Adelheidstift mit \u201eAbsicht sterben lassen, um es von der Backe zu haben.\u201c Die pensionierte Schulleiterin fordert deshalb, dass der Landesvorsitzende des Sozialverbands VdK, Roland Sing, an dem Gespr\u00e4ch mit Ministerin Altpeter teilnimmt. Sing hatte den Schlie\u00dfungsprozess des Adelheidstifts intensiv beobachtet. Er macht sich, zumindest verbal, f\u00fcr die Wiederaufnahme des Kurbetriebs stark. \u201eDer Bedarf ist da\u201c, sagt Sing voller \u00dcberzeugung. Der VdK-Landesvorsitzende ist bereit, am Gespr\u00e4ch im Sozialministerium teilzunehmen, wenn dies gew\u00fcnscht werde. Die Zahlen sprechen f\u00fcr sich. Laut Statistischem Landesamt ist in Baden-W\u00fcrttemberg die Zahl schwerbehinderter Menschen zwischen 2009 und 2011 um etwa 110.000 auf 906.641 Menschen (8,4 Prozent der Bev\u00f6lkerung) gestiegen. 1991 waren es noch 643.000.<\/p>\n<p><strong>Ehemalige Mitarbeiterin: &#8222;Die Politik ist sehr wohl in der Pflicht&#8220;<\/strong><\/p>\n<p>Wenig Hoffnungen sollten sich die Beteiligten beim Gespr\u00e4ch mit Ministerin Altpeter allerdings auf direkte Unterst\u00fctzung durch das Ministerium machen. Sprecherin Anna Zaoralek weist ausdr\u00fccklich darauf hin, dass es beim Thema Adelheidstift \u201ekeinerlei Entscheidungsbefugnis der Politik\u201c gebe. Dem widerspricht die ehemalige Adelheidstift-Mitarbeiterin Marianne Sudermann. Sie sieht die Politik sehr wohl in der Pflicht. \u201eDas Adelheidstift hatte nach dem Subsidiarit\u00e4tsprinzip eine Aufgabe \u00fcbernommen, die ersatzlos gestrichen wurde.\u201c Es sei mehr als fraglich, ob dies mit dem Gleichheitsgrundsatz und dem Teilhabegesetz vereinbar ist, so Sudermann.<\/p>\n<p><strong>Das Adelheidstift steht seit 23. Oktober 2012 leer<\/strong><\/p>\n<p>Nach eigenen Angaben hat das Sozialministerium \u00fcber Monate hinweg \u201eGespr\u00e4che gef\u00fchrt und das Thema Adelheidstift begleitet\u201c. Das Ergebnis ist bekannt. Das Haus steht seit 23. Oktober 2012 leer. Seit 30. November 2012 ist es offiziell geschlossen. Gesprochen wird inoffiziell von einem Verkaufspreis von 1,4 Millionen Euro.<\/p>\n<p><strong>Weitere Informationen in Hohenlohe-ungefiltert \u00fcber das Behindertenkurheim Adelheidstift in Kirchberg\/Jagst:<\/strong><\/p>\n<p>\u201cB\u00fcrgermeister Ohr: Das Adelheidstift hat in Stuttgart nicht die Priorit\u00e4t wie ich es mir w\u00fcnsche\u201d \u2013 Sozialministerium sagte den Gespr\u00e4chstermin \u00fcber die Kirchberger Behinderten-Kureinrichtung ab <a href=\"https:\/\/www.hohenlohe-ungefiltert.de\/?p=15288\" target=\"_blank\">https:\/\/www.hohenlohe-ungefiltert.de\/?p=15288<\/a><\/p>\n<p>\u201cKrankenkassen m\u00fcssten mehr Kuren genehmigen und h\u00f6here Tagess\u00e4tze bezahlen\u201d \u2013 Ungewisse Zukunft des Adelheidstifts in Kirchberg\/Jagst, Kurheim f\u00fcr behinderte Menschen: Politiker und DRK antworten <a href=\"https:\/\/www.hohenlohe-ungefiltert.de\/?p=15047\" target=\"_blank\">https:\/\/www.hohenlohe-ungefiltert.de\/?p=15047<\/a><\/p>\n<p>\u201cKeine Kurklinik mehr f\u00fcr behinderte Menschen\u201d \u2013 Adelheidstift in Kirchberg\/Jagst schlie\u00dft seine T\u00fcren <a href=\"https:\/\/www.hohenlohe-ungefiltert.de\/?p=14889\" target=\"_blank\">https:\/\/www.hohenlohe-ungefiltert.de\/?p=14889<\/a><\/p>\n<p>\u201cMensch sein, hei\u00dft Herz haben und Herz zeigen\u201d \u2013 Leserbrief von Kurgast Sandy Heller zur Schlie\u00dfung des Behindertenkurheims Adelheidstift in Kirchberg\/Jagst <a href=\"https:\/\/www.hohenlohe-ungefiltert.de\/?p=14840\" target=\"_blank\">https:\/\/www.hohenlohe-ungefiltert.de\/?p=14840<\/a><\/p>\n<div class=\"pdf24Plugin-cp\"> \t<form name=\"pdf24Form0\" method=\"post\" action=\"https:\/\/doc2pdf.pdf24.org\/wordpress.php\" target=\"pdf24PopWin\" onsubmit=\"var pdf24Win = window.open('about:blank', 'pdf24PopWin', 'resizable=yes,scrollbars=yes,width=600,height=250,left='+(screen.width\/2-300)+',top='+(screen.height\/3-125)+''); pdf24Win.focus(); if(typeof pdf24OnCreatePDF === 'function'){void(pdf24OnCreatePDF(this,pdf24Win));}\"> \t\t<input type=\"hidden\" name=\"blogCharset\" value=\"Cw1x07UAAA==\" \/><input type=\"hidden\" name=\"blogPosts\" value=\"MwQA\" \/><input type=\"hidden\" name=\"blogUrl\" value=\"yygpKSi20tcvLy\/Xy8jPSM3LARK6pXnpqWmZOSWpRSV6KakA\" \/><input type=\"hidden\" name=\"blogName\" value=\"88jPSM3LARK6pXnpqWmZOSWpRSUA\" \/><input type=\"hidden\" name=\"blogValueEncoding\" value=\"gzdeflate base64\" \/><input type=\"hidden\" name=\"postId_0\" value=\"MzQ1MzEHAA==\" \/><input type=\"hidden\" name=\"postTitle_0\" value=\"FYsxDsIwEAS\/chJSWlAqpBSI0EFHkzqON\/Yp5ITOZ4pU\/IEv8Ay6\/ISXYLrVzGy12dd13XRZPegUexlAS1a6wixLIOEhGgVItsUO1b\/eNUTf54va9aMBysLGvfEDNK3v+T4ajcWQh1AHNqiDKcMVkqhFZPFQg0xZI3hOdPS4leWTcTmz0IV1iA4atuc+JPsB\" \/><input type=\"hidden\" name=\"postLink_0\" value=\"yygpKSi20tcvLy\/Xy8jPSM3LARK6pXnpqWmZOSWpRSV6Kan69gW2hqZmJuYA\" \/><input type=\"hidden\" name=\"postAuthor_0\" value=\"AwA=\" \/><input type=\"hidden\" name=\"postDateTime_0\" value=\"MzIwNNY1MNI1MFMwsLQyMLIyNQAA\" \/><input type=\"hidden\" name=\"postContent_0\" value=\"rVnLbhzHFd3nKwoKEEjAcDikaIeSaQVUREs2TVkh9QC8CarZNd2F7q4mqqo5yKz8D9k60UbfoBV38yf+kpxzq3seHCpOZAMxRc50V90699xzz60cXT05CtG3rnjy1praqDPjwmVpnJq1dY1\/ch3UU1Nalxsfjas6XxrbqOPc1PglD9FOo7JOnVp\/WWbGF7vf6SJEdf\/UGxvUxWU5W3zILNZUL3RdP1DOXpZRBe2KHdW5XFU1fq3boK5b7Ga8erq4KZ1R18bjpRk3dqrWIRg3Vs+sUYuPPtZYxPBJXxhvnY1WR3tt1C8\/\/fu8Y6jqtWw5hPnLTz+ravGhuUKwjY2q8O3ivWnUiXVBx7maYiXFjd4ZG43PTPTWZBLON\/qyrGrsUeHPoJ6ZLiaAzlvgoXDMbo7P7z87P30wPtrtwTzavXryhyOAa5onb3Gwc11P1XPtGx2x\/ki9aLFEjR87nSvM1Nb4NB7t4unlm\/1K+4cHB+qNw\/chLm7i3PhO\/rgsPaBHBIUJumlMHbc2x+mM+pZPOxN3XpkInARkplROGLyOQZU6wzqy0TL9q01MRuTXIkDESndB0HnV1li0UlXbNHGZwotXz3aeMg8hggw6K0zrc8SAdY8d\/o1GXeiZzo0wAG\/gi++1y\/l0Rd4V+OAllr3Qlalr7W3bjdVxh4zmYMBF1HncYtzM1rUKIIYCP8912WANW3qEc7b4WJAxFZPr\/luyTzs\/XeVbHsyW5F8HZ4j6GNkrwUhbGHX\/iwPiii0eKOMKXVg+Mr6d0It2bnXdYIcQSV7AT0AMkoWqY3VgMa792ng8tZXV424q6TOWWUs4BhUAG1YBHjhUULpR+xPUi5mbBp\/hj719bqGem3DlFx+AEutgK5ZTHfnPcR2vkC6v7iOVD1jfF7GLsdAepRsR71TqcgwImSrGHu6IPfRnY9LOVpvgz4DnV6FAGIzPrSuwiHHE8rXGj3l33XpF+gRdxLE6ScdUrnPMMfmIrf7WISpd84gPlUP2kJG2Bh+wpHEjFQ2qS3TsnS7rirKUIbHtEjoNQF\/ivannpoCFuHnlTGf6c6S1UGmenJWAogXh8aD22skWzgjjQpLNWndx4Lgmb9+CQV4g5ZZnqCP8DuxMQDkFrF+FURKY89NRKqJNlg+kg+JoV0GJKYnq+IfTLYL1stgYwVv9UPrH6k9\/PNzf3\/\/qGVDYlG4kaDO9SZ+ZsVcoO2\/j4gNryyhWFuJrrFezxY1Ugqw6+WqLosugg7oVzEU0UwCGmNTc2ALckIrtHGCPps60lxTKQRP2OgtMi3ERkXTYFahD5n\/nk6BBjBRZZiS2DUogy50fpOeyrK1ZvKcGMlunqR9uxYKtyM27xAMxvppS4kLspkY95AdPwRO38w5Y4TUWbIFoWpyCXxbazdXF4ibPU+9Bw8xHqmLRQX\/AtCmgBetUY0q0FlCpXnzA+XGQMTucOkEGMlSfRLysOgCwuCGHAlYasUCCHJGlFwIOMDdJAXHGYvEhsI4RQC3oeYheOdTYWL3swGvtHJrsRwi8VNsmIlXLYs3NJaibKw3VpRaPELN1MfF6IE3yAGus2WL4S5SmX4qg7+FG1U7tnN0dX+AQ29J5bpABL1lIPY+7ZWY4PdCBrHzXOZv0sun7hvEzBJIkGgdxFQtZ\/bXU7pKiIEv0MYzuOPq8U17aQsrGt+4aqYew9doIG4KaV3BBJmsFE2YBoPddiFxEqVAqFGQXZLDMdlDnNtiqRQ7YxbhLNnSFJGBb+IgQpe6HHYyfoisb33up4\/OdH0FUSwjpMQoai9YXMQmPDis4toBOxgwSV3ekCW0ASjRn1YCvsGeJNQ8nk\/FkMlEnHdT3Cv99p0tPazbTftmXtUigMKKdSjCk9nPPKJaxr5fhvGuwMjjYXq96nUQUxK+lUOFCPaWbApyqGTtS4t0aTjNTwIyxG2237W\/Q5XPypcZPVDbKCZAfTiAu7dz0HE65FZsVQgdXtkVBAlWYK9Qw9WH9+VQhAt7clGkHA9d4Bl+D7\/GV4CYYPEUPyAFtF+eNXrx34nZGa3Lj2IYhf0a9aTL0osG0YPcTnxgzSNgLeLm+C+7tT3oHs6TMqjMPmdE1RSSDGOdGeAlT2ODsi5uMRlO6YFIW12dBnaajQWjwU3JAtlP5Y\/L9nwcuzjtHS2fTKMwMGwEClN3ifUQpjwFceu+6bdZynN5hOGeWZSzEcL3aEh\/Xgh2gniHk4HQGSNfcY2EoYnHYERZIezBwQCc1HYLZu5zjVNcUjwL\/Q5JqBMKqwuTjk3SG9ho0fyx9zdIUB4RZQU+5YY9Ns2liU8kAmpmRM+J9QibjkHiF3TYXnHF05o9jBoOv3OIGU1ASmRk6YAp4aFgQhcWNOJik5G7ZGHm6nYsrLxKq3uQtmhZZRu3ZbJe3K+dtfrpDd28C7Fyw6CsyoV0wUPFzMKubtpRfr\/nFlb3aKqezFhKp1QuhPQerIUK7HCZvjYh3zocjcQ+UBCh07rvLarTM6Cw5621dZ6TI2HEW0kgrs8Qwq44USGHWplqNzscMSeMZU\/WY6iu4AvDZikWAqnXA3qZTJ3VmVKHUdTZ0aKy1BabUcfLyGJszaoMC6iPMqDQLAvWIXGCz2YR6Deal6Re8k7+VJA2Nyq3rLhZBaYZkKjaAQRclcYO9BovbTFOG6N69arQABbhGlG0rE6KSkOvRSt3fWXIapBJdG3xWP6cFDiC+SiZQulyu\/VThEABoxVYJ\/JpmHMr0Mwp\/bjoWQWqNd1JS1kgD1GiTk3AFtyYlJJcoYRY2SXoxt6TBhsKQTGVvj1Jz\/BGiQ5lJ9OybHZEYI52cFTBVYWmyEjlKsWmM1IzpToMoSHFVxWsSUm\/Qfr\/ymvOZTb\/sTyaPpAOgOe4JNeNMq7291JBZv48mX46\/PNhbvXv\/cHSwob9PzfXiY11J53igZAYy0vz3Hj3aGwQpJP388uAhV97SghOcTtec8KDOvQsE91YDCt16f6fAowdYWlQgTtkXNKwzq+1Tk8c7jo\/qBeTbJcVLc7FLYwYhQydA4jh60J7b\/6Ue1ppgEnZvKnbWzSuR3lZAJs7WWELKE6M1XTp2TiNzrde1qWjfAhtGyP3i5rISowRGc6PSrjlTifU14bslQ6gDmQU8lEOdOLmdsjkrNDPTrki+f3lTQ+GhYWUdNGgA+ArHX05KZpmfjU12NrKlzrS3mj7\/omNnwq9UCs5yZpi4+hx+Kn+fnuEAbD8Boug6aGtudZrdGCfM71Xy4cfdtICU9rajbZrBOeNAOs55o0iK8mhslx0rkYfnJQKA4qwkVoY9qxZFarNUwKkDgRgA9LIseZ9S0H7KTWGawpEJkIhSjj0MPr6mbDg6EWSTs9saNLdrYPvYIAt1ETup\/Ydj9UMV2+WlTW2M36I5m20\/FMgdlAwz0sJ0uEOqBCOFXqmBLlgFn0v8l8ynJYUglX5l9u9iGk4r3SkCR159hNVkmaRTLEv6hq7yV88F1vC7LfcuyyETywGAqUTraZOplLjblFfrc1Br9SD7LfnR0LpVnI2v5CKan+9B0Dbd9FZu0pUgb03Rfhsd06Pg7p0Xtj2wn3lH\/ngrrcD1rsub3\/2u41\/I\/j\/v4Em6AGGjX90SxHQD1p+Uk+n6nL469Q5aNIAXKZEb4kwdaVV6M\/36XhnjVXi8uzubzcblXUCOc7P7l6uv977YPzy8pyA1mCy\/vvf3DO6luvfk\/3r9aFev47l+W9bPJVR+KX9GTE\/MHs5aEvLzYoMMWL8GSTMDzXBC7g22RmfFZPNjV3VuGu82QbcTPhquiz55s\/x4EE5gy2DSxUCctUT4c\/CcHPz5t+CJ12\/jKeK7up0QID91nAGvX\/1\/i0LvK0UssP5rLPhZBz44PHz0Gw7M128dOJ2lvyTrp8sXsJP9DRKzJH\/ORY6HE3+PtuAz+NWpKA+v0HTgjbDL\/4HnxZbOMfndvk\/clpHw6+h9DkwHk98E08FkCdN\/AA==\" \/> \t\t<a href=\"https:\/\/www.pdf24.org\" target=\"_blank\" title=\"www.pdf24.org\" rel=\"nofollow\"><img src=\"https:\/\/www.hohenlohe-ungefiltert.de\/wp-content\/plugins\/pdf24-post-to-pdf\/img\/pdf_32x32.png\" alt=\"\" border=\"0\" height=\"32\" \/><\/a> \t\t<span class=\"pdf24Plugin-cp-space\">&nbsp;&nbsp;<\/span> \t\t<span class=\"pdf24Plugin-cp-text\">Sende Artikel als PDF<\/span> \t\t<span class=\"pdf24Plugin-cp-space\">&nbsp;&nbsp;<\/span> \t\t<input class=\"pdf24Plugin-cp-input\" style=\"margin: 0px;\" type=\"text\" name=\"sendEmailTo\" placeholder=\"Emailadresse\" \/> \t\t<input class=\"pdf24Plugin-cp-submit\" style=\"margin: 0px;\" type=\"submit\" value=\"Senden\" \/> \t<\/form> <\/div>","protected":false},"excerpt":{"rendered":"<p>Viele Menschen wollen das Behindertenkurheim Adelheidstift in Kirchberg\/Jagst (Kreis Schw\u00e4bisch Hall) nicht sang- und klanglos von der B\u00fchne verschwinden lassen. Die \u00f6rtliche B\u00fcrgerinitiative \u201eRunder Tisch Adelheid\u201c k\u00e4mpft mit gro\u00dfem Einsatz f\u00fcr den Weiterbetrieb der Fachklinik des Deutschen Roten Kreuzes (DRK). Von Ralf Garmatter, Hohenlohe-ungefiltert 2844 Unterst\u00fctzerunterschriften gesammelt Eine Internet-Petition des Betriebsrats haben 2844 Menschen unterschrieben. [&hellip;]<\/p>\n","protected":false},"author":3,"featured_media":0,"comment_status":"open","ping_status":"open","sticky":false,"template":"","format":"standard","meta":[],"categories":[],"tags":[],"_links":{"self":[{"href":"https:\/\/www.hohenlohe-ungefiltert.de\/index.php?rest_route=\/wp\/v2\/posts\/15647"}],"collection":[{"href":"https:\/\/www.hohenlohe-ungefiltert.de\/index.php?rest_route=\/wp\/v2\/posts"}],"about":[{"href":"https:\/\/www.hohenlohe-ungefiltert.de\/index.php?rest_route=\/wp\/v2\/types\/post"}],"author":[{"embeddable":true,"href":"https:\/\/www.hohenlohe-ungefiltert.de\/index.php?rest_route=\/wp\/v2\/users\/3"}],"replies":[{"embeddable":true,"href":"https:\/\/www.hohenlohe-ungefiltert.de\/index.php?rest_route=%2Fwp%2Fv2%2Fcomments&post=15647"}],"version-history":[{"count":9,"href":"https:\/\/www.hohenlohe-ungefiltert.de\/index.php?rest_route=\/wp\/v2\/posts\/15647\/revisions"}],"predecessor-version":[{"id":15673,"href":"https:\/\/www.hohenlohe-ungefiltert.de\/index.php?rest_route=\/wp\/v2\/posts\/15647\/revisions\/15673"}],"wp:attachment":[{"href":"https:\/\/www.hohenlohe-ungefiltert.de\/index.php?rest_route=%2Fwp%2Fv2%2Fmedia&parent=15647"}],"wp:term":[{"taxonomy":"category","embeddable":true,"href":"https:\/\/www.hohenlohe-ungefiltert.de\/index.php?rest_route=%2Fwp%2Fv2%2Fcategories&post=15647"},{"taxonomy":"post_tag","embeddable":true,"href":"https:\/\/www.hohenlohe-ungefiltert.de\/index.php?rest_route=%2Fwp%2Fv2%2Ftags&post=15647"}],"curies":[{"name":"wp","href":"https:\/\/api.w.org\/{rel}","templated":true}]}}