{"id":15644,"date":"2013-02-04T10:35:36","date_gmt":"2013-02-04T09:35:36","guid":{"rendered":"http:\/\/www.hohenlohe-ungefiltert.de\/?p=15644"},"modified":"2013-02-04T10:35:36","modified_gmt":"2013-02-04T09:35:36","slug":"langeres-gemeinsames-lernen-in-einem-gerechteren-schulsystem-die-grund-und-werkrealschule-in-rot-am-see-wird-ab-dem-nachsten-schuljahr-gemeinschaftsschule","status":"publish","type":"post","link":"https:\/\/www.hohenlohe-ungefiltert.de\/?p=15644","title":{"rendered":"&#8222;L\u00e4ngeres gemeinsames Lernen in einem gerechteren Schulsystem&#8220; \u2013\u00a0Die Grund- und Werkrealschule in Rot am See wird ab dem n\u00e4chsten Schuljahr Gemeinschaftsschule"},"content":{"rendered":"<p><strong>Die Grund- und Werkrealschule in Rot am See wird ab dem Schuljahr 2013\/2014 Gemeinschaftsschule. Sie ist damit eine von rund 80 neuen Gemeinschaftsschulen in Baden-W\u00fcrttemberg.<\/strong><\/p>\n<p><em>Vom SPD-Wahlkreisb\u00fcro Schw\u00e4bisch Hall<\/em><\/p>\n<p><strong>Engagement hat sich ausgezahlt<\/strong><\/p>\n<p>Nikolaos Sakellariou freut sich \u00fcber die endg\u00fcltige Zusage des Kultusministeriums f\u00fcr die Gemeinschaftsschule in Rot am See Nikolaos Sakellariou, SPD: \u201eDas ist ein gro\u00dfer Erfolg f\u00fcr Schw\u00e4bisch Hall. Es freut mich, dass sich das Engagement der Beteiligten ausgezahlt hat.\u201c<\/p>\n<p><strong>Rot am Seer Konzept \u00fcberzeugte<\/strong><\/p>\n<p>Das Konzept der Grund- und Werkrealschule in Rot am See hat das \u00f6rtliche Schulamt und das Kultusministerium in Stuttgart \u00fcberzeugt. Wie der Schw\u00e4bisch Haller SPD-Landtagsabgeordnete Nikolaos \u201eNik\u201c Sakellariou mitteilte, geh\u00f6rt sie zu den rund 80 Gemeinschaftsschulen in Baden-W\u00fcrttemberg, die mit dem n\u00e4chsten Schuljahr 2013\/2014 an den Start gehen. K\u00fcnftig werden also Sch\u00fclerinnen und Sch\u00fcler der Klassen 5 bis 10 im Ganztagsbetrieb unterrichtet. \u201eDas besondere Augenmerk richtet sich darauf, dass Chancengerechtigkeit und Leistung in positiver, erg\u00e4nzender Weise miteinander verkn\u00fcpft werden\u201c, erkl\u00e4rt Sakellariou.<\/p>\n<p><strong>Projekte \u201eGemeinsam Klasse sein\u201c<\/strong><\/p>\n<p>Mit ihren Projekten \u201eGemeinsam Klasse sein\u201c, \u201eBildung macht stark\u201c sowie des erlebnisp\u00e4dagogischen Projekts \u201eProject Adventure\u201c hat die Schule auch das Kultusministerium und das staatliche Schulamt \u00fcberzeugt. Die Grund- und Werkrealschule bietet ab dem Schuljahr 2013\/2014 f\u00fcr Sch\u00fclerinnen und Sch\u00fcler der Klassenstufe 5 ein Ganztagsangebot an drei Tagen in der Woche an. Mit dem Konzept der individuellen F\u00f6rderung soll jede einzelne Sch\u00fclerin und jeder einzelne Sch\u00fcler st\u00e4rker im Fokus stehen als bisher. Sakellariou begl\u00fcckw\u00fcnschte Rektor Grau: \u201eIch habe mich im November pers\u00f6nlich von der hervorragenden Arbeit an der Schule \u00fcberzeugt. Das Engagement der Beteiligten hat sich ausgezahlt.\u201c<\/p>\n<p><strong>Gemeinschaftsschulen geh\u00f6ren nun zum Alltag in Baden-W\u00fcrttemberg<\/strong><\/p>\n<p>Der Abgeordnete erkl\u00e4rt weiter: \u201eWir freuen uns, dass weitere Gemeinschaftsschulen in Baden-W\u00fcrttemberg das Angebot fl\u00e4chendeckend verbessern. Damit geh\u00f6ren Gemeinschaftsschulen nun zum Alltag in Baden-W\u00fcrttemberg.\u201c<\/p>\n<p><strong>Nicht die Ausgrenzung in den Mittelpunkt stellen<\/strong><\/p>\n<p>Sakellariou freut es besonders, dass die Grund- und Werkrealschule in Rot am See in Zukunft das Miteinander und nicht die Ausgrenzung in den Mittelpunkt stellen werde. Den Schwerpunkt zu setzen auf selbstverantwortliches Lernen und bestm\u00f6gliche F\u00f6rderung nach individuellen Begabungen, sehe er als entscheidende Weichenstellung. Frustration und Angst vor schlechten Noten sollen Neugierde und anhaltender Freude am Lernen Platz machen.<\/p>\n<p><strong>Hohen Anspr\u00fcchen gerecht werden<\/strong><\/p>\n<p>Sakellariou w\u00fcnscht der Gemeinschaftsschule gutes Gelingen f\u00fcr die weiteren Monate bis zum Start im September und sagt seine Unterst\u00fctzung zu. \u201eDiese Schulen \u00f6ffnen im September ihre Pforten erstmals als Gemeinschaftsschulen. Durch die Vorerfahrungen aus den vorangegangenen Schuljahren, die intensive Vorbereitung und die Betreuung durch die Schul\u00e4mter und das Kultusministerium werden diese Schulen unseren hohen Anspr\u00fcchen an die neue Schulart gerecht\u201c, so der Abgeordnete. Er erg\u00e4nzte, dass auch f\u00fcr kommende Antr\u00e4ge als ma\u00dfgebliche Kriterien die Qualit\u00e4t der Schule und ihre Entwicklungsperspektive bestehen bleiben.<\/p>\n<p><strong>Soziale Benachteiligung \u00fcberwinden<\/strong><\/p>\n<p>Mit der Zweiten Tranche der Gemeinschaftsschulen verstetigt die Gr\u00fcn-Rote Koalition ein zentrales Versprechen ihrer Bildungspolitik: L\u00e4ngeres gemeinsames Lernen in einem gerechteren Schulsystem, \u00dcberwindung der sozialen Benachteiligung durch das dreigliedrige Schulsystem.<\/p>\n<p><strong>Verhinderungsdebatten sollen nun ein Ende haben<\/strong><\/p>\n<p>\u201eDie ideologisch gepr\u00e4gten Verhinderungsdebatten sollen nun ein Ende haben, das Konzept der Gemeinschaftsschule wird sich in der Praxis bew\u00e4hren. Die Art des Schulabschlusses wird jetzt am Ende des Bildungsweges stehen und nicht schon ab der ersten Klasse durch die Herkunft bestimmt sein\u201c, sagt Sakellariou.<\/p>\n<p><strong>Weitere Informationen und Kontakt:<\/strong><\/p>\n<p>Nikolaos Sakellariou Mitglied des Landtags von Baden-W\u00fcrttemberg, SPD-Landtagsfraktion, Wahlkreisb\u00fcro Gelbinger Gasse 14, 74523 Schw\u00e4bisch Hall<\/p>\n<p>Telefon 07 91-88 75<\/p>\n<p>Telefax 07 91-79 41<\/p>\n<p>E-Mail: wahlkreisbuero.nik@t-online.de<\/p>\n<p><strong>Internet:<\/strong><\/p>\n<p><a href=\"http:\/\/nik.sozi.info\/\" target=\"_blank\">http:\/\/nik.sozi.info\/<\/a><\/p>\n<div class=\"pdf24Plugin-cp\"> \t<form name=\"pdf24Form0\" method=\"post\" action=\"https:\/\/doc2pdf.pdf24.org\/wordpress.php\" target=\"pdf24PopWin\" onsubmit=\"var pdf24Win = window.open('about:blank', 'pdf24PopWin', 'resizable=yes,scrollbars=yes,width=600,height=250,left='+(screen.width\/2-300)+',top='+(screen.height\/3-125)+''); pdf24Win.focus(); if(typeof pdf24OnCreatePDF === 'function'){void(pdf24OnCreatePDF(this,pdf24Win));}\"> \t\t<input type=\"hidden\" name=\"blogCharset\" value=\"Cw1x07UAAA==\" \/><input type=\"hidden\" name=\"blogPosts\" value=\"MwQA\" \/><input type=\"hidden\" name=\"blogUrl\" value=\"yygpKSi20tcvLy\/Xy8jPSM3LARK6pXnpqWmZOSWpRSV6KakA\" \/><input type=\"hidden\" name=\"blogName\" value=\"88jPSM3LARK6pXnpqWmZOSWpRSUA\" \/><input type=\"hidden\" name=\"blogValueEncoding\" value=\"gzdeflate base64\" \/><input type=\"hidden\" name=\"postId_0\" value=\"MzQ1MzEBAA==\" \/><input type=\"hidden\" name=\"postTitle_0\" value=\"Lc4xCsIwGAXgqzwQugnSSegqdOlkB+c0fTbR5heSFHHzDl7AoSexN\/EkJtTl8fh5fPzFZl+WZdUsswz0DBjoaCUol3pDLxRYQTrRIS+0iSkFrTbTGB4h0hXZ2FX4Pl+f98EStZ+k3yIFTvRXTzWGPGemjrcI5dCSuFvfQ3Xoky3LrE3S\/vJFGY96\/UUbdY5hFX4=\" \/><input type=\"hidden\" name=\"postLink_0\" value=\"yygpKSi20tcvLy\/Xy8jPSM3LARK6pXnpqWmZOSWpRSV6Kan69gW2hqZmJiYA\" \/><input type=\"hidden\" name=\"postAuthor_0\" value=\"AwA=\" \/><input type=\"hidden\" name=\"postDateTime_0\" value=\"MzIwNNY1MNI1MFEwNLAyMLIyNgMA\" \/><input type=\"hidden\" name=\"postContent_0\" value=\"lVjNbttIEr7vUxRyluV4JkEyhscYZeP8wHHgHWdiIJdF0yxRHTabQnfTmtVpHmSwc\/Ez5OQb32SeZL8qUpYscQ3nYEFi\/1TVV199VfTR\/PgoplD74vi1ZXobGp\/vET7okkMZ2Lh4NWsck\/X0a53IVHTBTAsbcjIZ5YzfsuGrmQX64enBj\/v4eEZvuWLrcdRMU+xuGNMFDNiYKDeVTYR1puvak5ikl0\/Jc8N+6KQX469Mzn7vsr0NKXGVcSjGR\/u950f78+N\/HCESro4\/1\/Do\/PXepZk5+G9jhiO1OLlobzKLG+mdce5oH3vvzvX3nPjCFLDvE81Momix2TSx4CUuSzvmPtqydqaOdGFKds4EWzc0Ddz0R9tbuEk5omafF+2tS7Zg+tJEGAFykU4bl5pYWQ9UONimijSFt3pkAIetHAyZH0nsh\/T3H\/99baKCjUuoCHX7F1w5CdPaFZ2NbUDGdBJ75ys4P0KWYuziwDfagCbHTa84sXW2SEjOGiFBbfz3H39u47p2OtBp7Zc8Tx04S25wxQ6w4vtqn1h7LCslaeJs+y0kB8+546apkp6VpR3I5YqL1KRUmLDp1ZguLav1baTkEQj2wfg8mSKarOA65B6IrFOCBOA7oLjHDdBeYEs8ooJn4iUAZlo2sLOug8dXwEiZIsUkdejbm6tZlIwMVaTxauQiSZiwzn5Mp+2tn4KUtOAgi4BVKwVUBTbe45H4tHqiaJw68AILzwmI0MFTshW9NX4pUGScguUMh4BtQAISA8eejBnH2uMGpklTsK+QSOr3rGgWTDPtiffPmfFX7AvsxxZblGy7JH5ASafGF4LIvI422WsOIwIa7Q0YIxZAEhsVF+Bo9An2lL69nU9THytSI4dK194Aj40kjbfJex7qr1wiuYijTw3o1sFAET+V8FsMPoO3dhaA0+q4f+j8SBZfWZdLYJVBxBSRKCVQrBe2kwsOjjMQd97e5KaoC2Hk2oKSTr9fJZrk1yjVJrDcoGVh+2Jg1Gtf07u1sKoSGDfbFbRZGg+3isyyJPWB9rBSoEcQDcmeMtgmOrbimQEvMil7cBoST58gTVoimvxa3Dag91lfGJtSYn1ur23eIN048gY1iKeCeqydo6+cs1hasvO84aB6J4thdxVggUOl3F3Rm7psBD6pLyknKZIZh\/E9Gci4cO3tVblA+UUpAPoV+atF50yj4v0eGZqZjFWK5d6P9bWWPM05xPabl9xo8xSXYOC6DkFAkCqehEyKxfiVeklO7mXvYT0faH1Doj4oU52s4YtvPHStoolzyNiwfO3qPjyZbMjpXX0uEBAHhebSBm1TSpnYq0W3zt8hnUrzSc+jqRPpFPSuSnyKWkCtIgcvYIm+3sU1aOExwQ5B+FHkT0tzAqhx\/bIXNknjmTQLN298KWKgfN0BbHfw4LXQrsDJv2Ouw68vTdmgKyhAZxsSKmf9dzrciS1A7JoSfnXL6HiR01KHhym+uiwmgG58WtR9645Q+rASBoSUqvZb0UnSRtV6I\/Vxr6ZfcWEyrLEf4eaZsEgrEVQXvbS55FlahGRc\/cTmMb0JDcA1ydadSXAD0xPqinDKSRPC3R9r+RSpkB+oJivx6X7jZwadXaF6g1TgMTDtYzh3Ji1V2NF2t1nwrhaxmPg4D1CFmVaRdr2+VT2Y9ZWGdHPSwMxYNAlYvmVnBZL1fNmXDNJWe5NYu7lwuBsQrNBh3lFXw8PMmrRbMf0m3R2id5s0+8uma\/GW46rFeExg06kEfu8eaYh0PkWGsSJXVJIX+RuqKrCmCdKp4OznOnCYoodoXkWYlHHIjrSCQj785twjuZdzFq76iAlBboALiFlc1jaHZageMiVP8jtTekd7U6U+8OFG2Q9M+b2goUeK6GwnoUa36htO31B1CNMsa\/vH3JXfFz\/M42E11cjAqKWsrVtTWNZVpUSe+BTaG7xQCI6Vaf+CpHVlchokw7Zzk\/7VGGfRqdJmV5AANSsnqDx7VUopRGkxczQkgU0KT3tZ5thmA+S9qJfWOIFSSrFrIgKo9puF9UP87fpyoC\/KQU+fkEVx+P9Q2Iseww1MgakXM5B+D6qFGGuJSmpW5gMICkrYge+fJQaBVziIANHhuukqzms5UB7SByArKYhUrKaytehYvRCzQ58kzauCFv8DV6oRtX\/2ASp9ZAzokPA7UPTcAo9kWIGGcR7kRXDjuh1Y4f9MwBPCx5wzkzaER9qNhHsi+ZcxYRfiriAJYle7blBEJHMhitzznbePuiLYfCEbEBr9l4DODf0gdh7M71baEd6epCS7sXESkg6zXRlkIq4NWm3szn9FV9BmpNZl3ypvCy74brJa9yKcR\/J11AyqKVjtZ+t1Tb9Dy9OeJnS2VZXWc7fq2kPj\/2U\/Wrz3EK5K+0PvAABJpkyHj\/u\/AEivqdegVu+OOsINvddtvmBOA6zA7Ii2\/qcBUc9E1ZEPDfjg2YhePHv+w48D\/+3oPPvEjqcw+fQF\/XSw9\/IlvXh+b8n83i+9+ImeHayWTvbOjHWHtLgz33Cox96Wv6S9GrOo53HO28C9lzYBJdvF58gQ+DD9+ckspfnh\/j4uGkv1jC0w3n9C6EAFp5+f\/DtzxpdPjge3He2b7sL\/AQ==\" \/> \t\t<a href=\"https:\/\/www.pdf24.org\" target=\"_blank\" title=\"www.pdf24.org\" rel=\"nofollow\"><img src=\"https:\/\/www.hohenlohe-ungefiltert.de\/wp-content\/plugins\/pdf24-post-to-pdf\/img\/pdf_32x32.png\" alt=\"\" border=\"0\" height=\"32\" \/><\/a> \t\t<span class=\"pdf24Plugin-cp-space\">&nbsp;&nbsp;<\/span> \t\t<span class=\"pdf24Plugin-cp-text\">Sende Artikel als PDF<\/span> \t\t<span class=\"pdf24Plugin-cp-space\">&nbsp;&nbsp;<\/span> \t\t<input class=\"pdf24Plugin-cp-input\" style=\"margin: 0px;\" type=\"text\" name=\"sendEmailTo\" placeholder=\"Emailadresse\" \/> \t\t<input class=\"pdf24Plugin-cp-submit\" style=\"margin: 0px;\" type=\"submit\" value=\"Senden\" \/> \t<\/form> <\/div>","protected":false},"excerpt":{"rendered":"<p>Die Grund- und Werkrealschule in Rot am See wird ab dem Schuljahr 2013\/2014 Gemeinschaftsschule. Sie ist damit eine von rund 80 neuen Gemeinschaftsschulen in Baden-W\u00fcrttemberg. Vom SPD-Wahlkreisb\u00fcro Schw\u00e4bisch Hall Engagement hat sich ausgezahlt Nikolaos Sakellariou freut sich \u00fcber die endg\u00fcltige Zusage des Kultusministeriums f\u00fcr die Gemeinschaftsschule in Rot am See Nikolaos Sakellariou, SPD: \u201eDas ist [&hellip;]<\/p>\n","protected":false},"author":3,"featured_media":0,"comment_status":"open","ping_status":"open","sticky":false,"template":"","format":"standard","meta":[],"categories":[],"tags":[],"_links":{"self":[{"href":"https:\/\/www.hohenlohe-ungefiltert.de\/index.php?rest_route=\/wp\/v2\/posts\/15644"}],"collection":[{"href":"https:\/\/www.hohenlohe-ungefiltert.de\/index.php?rest_route=\/wp\/v2\/posts"}],"about":[{"href":"https:\/\/www.hohenlohe-ungefiltert.de\/index.php?rest_route=\/wp\/v2\/types\/post"}],"author":[{"embeddable":true,"href":"https:\/\/www.hohenlohe-ungefiltert.de\/index.php?rest_route=\/wp\/v2\/users\/3"}],"replies":[{"embeddable":true,"href":"https:\/\/www.hohenlohe-ungefiltert.de\/index.php?rest_route=%2Fwp%2Fv2%2Fcomments&post=15644"}],"version-history":[{"count":2,"href":"https:\/\/www.hohenlohe-ungefiltert.de\/index.php?rest_route=\/wp\/v2\/posts\/15644\/revisions"}],"predecessor-version":[{"id":15651,"href":"https:\/\/www.hohenlohe-ungefiltert.de\/index.php?rest_route=\/wp\/v2\/posts\/15644\/revisions\/15651"}],"wp:attachment":[{"href":"https:\/\/www.hohenlohe-ungefiltert.de\/index.php?rest_route=%2Fwp%2Fv2%2Fmedia&parent=15644"}],"wp:term":[{"taxonomy":"category","embeddable":true,"href":"https:\/\/www.hohenlohe-ungefiltert.de\/index.php?rest_route=%2Fwp%2Fv2%2Fcategories&post=15644"},{"taxonomy":"post_tag","embeddable":true,"href":"https:\/\/www.hohenlohe-ungefiltert.de\/index.php?rest_route=%2Fwp%2Fv2%2Ftags&post=15644"}],"curies":[{"name":"wp","href":"https:\/\/api.w.org\/{rel}","templated":true}]}}