{"id":15580,"date":"2013-01-28T10:46:21","date_gmt":"2013-01-28T09:46:21","guid":{"rendered":"http:\/\/www.hohenlohe-ungefiltert.de\/?p=15580"},"modified":"2013-01-28T10:46:21","modified_gmt":"2013-01-28T09:46:21","slug":"mittelmeer-und-atlantik-vor-westafrika-sind-zu-massengrabern-geworden-frontex-wie-europa-seine-grenzen-fur-hilfesuchende-abschottet-vortrag-in-schwabisch-hall","status":"publish","type":"post","link":"https:\/\/www.hohenlohe-ungefiltert.de\/?p=15580","title":{"rendered":"&#8222;Mittelmeer und Atlantik vor Westafrika sind zu Massengr\u00e4bern geworden&#8220; \u2013 FRONTEX: Wie Europa seine Grenzen f\u00fcr Hilfesuchende abschottet \u2013 Vortrag in Schw\u00e4bisch Hall"},"content":{"rendered":"<p><strong>Harald Gl\u00f6de, Mitarbeiter und Aktivist der Menschenrechtsorganisation &#8222;borderline-europe&#8220; (Preistr\u00e4ger des Aachener Friedenspreises 2012) spricht am Donnerstag 31. Januar 2013, ab 20 Uhr, im Club Alpha 60 in Schw\u00e4bisch Hall \u00fcber die Praktiken der Grenzarmee FRONTEX an Europas S\u00fcdgrenzen.<\/strong><\/p>\n<p><em>Zugesandt von Siegfried Hubele, Schw\u00e4bisch Hall<\/em><\/p>\n<p><strong>2012: \u00dcber 2000 Tote<\/strong><\/p>\n<p>Durch die FRONTEX-Eins\u00e4tze sind das Mittelmeer und der Atlantik vor Westafrika zu Massengr\u00e4bern geworden, berichtet auch PRO ASYL. Allein im Jahre 2011 haben mehr als 2000 Menschen ihr Leben auf der Flucht \u00fcber das Mittelmeer verloren, so borderline-europe. Beweisbar seien \u2013 zwischen 1988 und 2012 \u2013 17 856 Menschen, die an den Au\u00dfengrenzen Europas umgekommen sind.<\/p>\n<p><strong>Politik verschweigt die tats\u00e4chlichen Geschehnisse<\/strong><\/p>\n<p>Die Europ\u00e4ische Union hat sich verpflichtet, Menschen, die in ihrer Heimat Folter, Verfolgung oder unmenschlicher Behandlung ausgesetzt sind, Schutz in der EU zu erm\u00f6glichen, die Praxis sei davon aber weit entfernt, beklagt borderline-europe. Die Politik verschweige ihren B\u00fcrgerInnen die tats\u00e4chlichen Geschehnisse an den EU-Au\u00dfengrenzen. Borderline europe mit seinen Mitarbeitern in Sizilien, Spanien und Griechenland will mit solchen Veranstaltungen die oft t\u00f6dlichen Konsequenzen der europ\u00e4ischen Abschottungspolitik bekannt machen.<\/p>\n<p><strong>Unterst\u00fctzer:<\/strong><\/p>\n<p>Die Veranstaltung in Schw\u00e4bisch Hall unterst\u00fctzen der Freundeskreis Asyl, 3.Weltladen, DKP, LINKE und MLPD.<\/p>\n<div class=\"pdf24Plugin-cp\"> \t<form name=\"pdf24Form0\" method=\"post\" action=\"https:\/\/doc2pdf.pdf24.org\/wordpress.php\" target=\"pdf24PopWin\" onsubmit=\"var pdf24Win = window.open('about:blank', 'pdf24PopWin', 'resizable=yes,scrollbars=yes,width=600,height=250,left='+(screen.width\/2-300)+',top='+(screen.height\/3-125)+''); pdf24Win.focus(); if(typeof pdf24OnCreatePDF === 'function'){void(pdf24OnCreatePDF(this,pdf24Win));}\"> \t\t<input type=\"hidden\" name=\"blogCharset\" value=\"Cw1x07UAAA==\" \/><input type=\"hidden\" name=\"blogPosts\" value=\"MwQA\" \/><input type=\"hidden\" name=\"blogUrl\" value=\"yygpKSi20tcvLy\/Xy8jPSM3LARK6pXnpqWmZOSWpRSV6KakA\" \/><input type=\"hidden\" name=\"blogName\" value=\"88jPSM3LARK6pXnpqWmZOSWpRSUA\" \/><input type=\"hidden\" name=\"blogValueEncoding\" value=\"gzdeflate base64\" \/><input type=\"hidden\" name=\"postId_0\" value=\"MzQ1tTAAAA==\" \/><input type=\"hidden\" name=\"postTitle_0\" value=\"HY4xCsJAEEWv8kGwllRiKgs1TRRUjO2aTJIh66zMbgxYeQev4DHsvIkncbV+\/Pf+eDRNkiTNOQSyZyJFLxXmwRoJ3OHqFAX5YGrlzsBzhLceufGepNH380QqaGhwWpGMf7JJis\/9geV2s94vjjMUTFj06i5xTiyElZLcSFC\/X4qMbU2+L1uSimBOvmxdvBL+joPToKYBC3ZlO8QaR47MWPsF\" \/><input type=\"hidden\" name=\"postLink_0\" value=\"yygpKSi20tcvLy\/Xy8jPSM3LARK6pXnpqWmZOSWpRSV6Kan69gW2hqamFgYA\" \/><input type=\"hidden\" name=\"postAuthor_0\" value=\"AwA=\" \/><input type=\"hidden\" name=\"postDateTime_0\" value=\"MzIwNNY1MNQ1slAwNLAyMLQyMgQA\" \/><input type=\"hidden\" name=\"postContent_0\" value=\"hVTNbttGEL73KQYoULQALUsymrqJYECpJTuxnQhR1LS9Lc0RudByV9ldWq1OfYdeC\/TiZ8jJN75Jn6TfLGXDf0BPEsndme9vZrQ+GoXonS2PTpVXpqAT034pOKMLHZXPWUf21NiCxquor3SIVODFBdtwWbH1fFnF4HyprA4qamfpm68Ph8Phq9x5HDTa8h433q05ve+\/om9nnlHGt9clChUcaKykFB6mXnOByms5gQ\/D\/mD4HeFRowupmo6dxbkQVUkHgx69VbZRXo4dZKRy\/KFF5TPSNf1kmpzGZl0petEnbWl+WW3a61wDNp0qY6i9yaW\/Zpp5BW4rtonaiWe7Vb5mpumH9+8+Tn4hZWkiHFSgeXtTlHKCbW+0v1NutL8++moEJbk++q0pOShbRLqCGHPN5VJY0WmTs4Gsj3GM9nHprsCuoBB\/Se3fgnDY7\/fpo4v8pN1x41FEGOyA7k20De113DIFDcsKAIaNkQ3YdC4Kw3E0yoIwEHr6xJATEFeKtg1dqBDYljAHrS2VvBEbbUZ4FBMYNjRoOvvwnsbzX8970Ngw5IXkb1XlWcwYUKVyqFlz5UmZ0FG4jQxpvD1nOaCaZQI0NY0YvHPkIegrhMh5gRAcPQlVj17zBmHJEYPAGjX\/\/fMv2m5012rw4+Fhoi2Cpk+DH+jw+xd3YLIknxLnLY2b9h8hn9y9c7ypS165usYrEbX32KuZMzqJiWDCW9ZlTEWjivDisjI6QTlhaVhhTMIzTuJ86tdeJ+S0sDJKlYroCblRe700nQHZI\/A6KQqlTlnXuDB1BiOb0c\/sl86UjS3JFcn9Ot1LeDx0q5BSI59VE5BZjtuYGKaMNnErleXiZCHJYF+3X8qOTHY7Nr\/rILLDMwm7EvsgQCS2cYn8RMnNyigo8oxzQvqpeJzYWHrd3ngsiDcYePt\/et4aOFnsPfAQ6bhrS11bqgEPkKXqvQ1n04rQW2200Juvsc9wQqJzgvGVjpiZgjYamyOVcCbBgMrKYoJMhJI7pG4ZKWKJ7pCeORv4c9OlSgTle04jdTl+XZT7Yb2TA6opayPVaTM+idzCRtmC7Q0m3b98Nk0PcD27\/5p7RTpcU88gzGEl65fG4Q+T0UHvExvsi7QEjs9mGZ2\/eXc2ScpcnM+OO2z\/AQ==\" \/> \t\t<a href=\"https:\/\/www.pdf24.org\" target=\"_blank\" title=\"www.pdf24.org\" rel=\"nofollow\"><img src=\"https:\/\/www.hohenlohe-ungefiltert.de\/wp-content\/plugins\/pdf24-post-to-pdf\/img\/pdf_32x32.png\" alt=\"\" border=\"0\" height=\"32\" \/><\/a> \t\t<span class=\"pdf24Plugin-cp-space\">&nbsp;&nbsp;<\/span> \t\t<span class=\"pdf24Plugin-cp-text\">Sende Artikel als PDF<\/span> \t\t<span class=\"pdf24Plugin-cp-space\">&nbsp;&nbsp;<\/span> \t\t<input class=\"pdf24Plugin-cp-input\" style=\"margin: 0px;\" type=\"text\" name=\"sendEmailTo\" placeholder=\"Emailadresse\" \/> \t\t<input class=\"pdf24Plugin-cp-submit\" style=\"margin: 0px;\" type=\"submit\" value=\"Senden\" \/> \t<\/form> <\/div>","protected":false},"excerpt":{"rendered":"<p>Harald Gl\u00f6de, Mitarbeiter und Aktivist der Menschenrechtsorganisation &#8222;borderline-europe&#8220; (Preistr\u00e4ger des Aachener Friedenspreises 2012) spricht am Donnerstag 31. Januar 2013, ab 20 Uhr, im Club Alpha 60 in Schw\u00e4bisch Hall \u00fcber die Praktiken der Grenzarmee FRONTEX an Europas S\u00fcdgrenzen. Zugesandt von Siegfried Hubele, Schw\u00e4bisch Hall 2012: \u00dcber 2000 Tote Durch die FRONTEX-Eins\u00e4tze sind das Mittelmeer und [&hellip;]<\/p>\n","protected":false},"author":3,"featured_media":0,"comment_status":"open","ping_status":"open","sticky":false,"template":"","format":"standard","meta":[],"categories":[],"tags":[],"_links":{"self":[{"href":"https:\/\/www.hohenlohe-ungefiltert.de\/index.php?rest_route=\/wp\/v2\/posts\/15580"}],"collection":[{"href":"https:\/\/www.hohenlohe-ungefiltert.de\/index.php?rest_route=\/wp\/v2\/posts"}],"about":[{"href":"https:\/\/www.hohenlohe-ungefiltert.de\/index.php?rest_route=\/wp\/v2\/types\/post"}],"author":[{"embeddable":true,"href":"https:\/\/www.hohenlohe-ungefiltert.de\/index.php?rest_route=\/wp\/v2\/users\/3"}],"replies":[{"embeddable":true,"href":"https:\/\/www.hohenlohe-ungefiltert.de\/index.php?rest_route=%2Fwp%2Fv2%2Fcomments&post=15580"}],"version-history":[{"count":2,"href":"https:\/\/www.hohenlohe-ungefiltert.de\/index.php?rest_route=\/wp\/v2\/posts\/15580\/revisions"}],"predecessor-version":[{"id":15584,"href":"https:\/\/www.hohenlohe-ungefiltert.de\/index.php?rest_route=\/wp\/v2\/posts\/15580\/revisions\/15584"}],"wp:attachment":[{"href":"https:\/\/www.hohenlohe-ungefiltert.de\/index.php?rest_route=%2Fwp%2Fv2%2Fmedia&parent=15580"}],"wp:term":[{"taxonomy":"category","embeddable":true,"href":"https:\/\/www.hohenlohe-ungefiltert.de\/index.php?rest_route=%2Fwp%2Fv2%2Fcategories&post=15580"},{"taxonomy":"post_tag","embeddable":true,"href":"https:\/\/www.hohenlohe-ungefiltert.de\/index.php?rest_route=%2Fwp%2Fv2%2Ftags&post=15580"}],"curies":[{"name":"wp","href":"https:\/\/api.w.org\/{rel}","templated":true}]}}