{"id":15575,"date":"2013-01-28T12:41:05","date_gmt":"2013-01-28T11:41:05","guid":{"rendered":"http:\/\/www.hohenlohe-ungefiltert.de\/?p=15575"},"modified":"2013-01-28T14:41:52","modified_gmt":"2013-01-28T13:41:52","slug":"judische-feste-sitten-und-brauche-vortrag-im-hallisch-frankischen-museum-schwabisch-hall","status":"publish","type":"post","link":"https:\/\/www.hohenlohe-ungefiltert.de\/?p=15575","title":{"rendered":"&#8222;J\u00fcdische Feste, Sitten und Br\u00e4uche&#8220; \u2013 Vortrag im H\u00e4llisch-Fr\u00e4nkischen Museum Schw\u00e4bisch Hall"},"content":{"rendered":"<p><strong>Im Rahmen der Sonderausstellung \u201eKommt zusammen! Moschee, Kirche, Synagoge\u201c bietet das H\u00e4llisch-Fr\u00e4nkische Museum in Schw\u00e4bisch Hall am Donnerstag, 31. Januar 2013, um 19.30 Uhr einen Vortrag \u00fcber j\u00fcdische Feste, Sitten und Br\u00e4uche an.<\/strong><\/p>\n<p><em>Von der Stadtverwaltung Schw\u00e4bisch Hall<\/em><\/p>\n<p><strong>Es referiert der Rabbiner der j\u00fcdischen Kultusgemeinde Heidelberg<\/strong><\/p>\n<p>Referent ist der Rabbiner der j\u00fcdischen Kultusgemeinde Heidelberg, Janusz Pawelczyk-Kissin, der schon mehrfach im H\u00e4llisch-Fr\u00e4nkischen Museum als Redner zu Gast war. Er wird in seinem Referat auf den Festkreis des j\u00fcdischen Jahres eingehen und die mit einzelnen Festlichkeiten verbundenen Sitten und Br\u00e4uche vorstellen.<\/p>\n<p><strong>Ein Gemeinschaftsprojekt:<\/strong><\/p>\n<p>Die Veranstaltung \u2013 ein Gemeinschaftsprojekt der Volkshochschule Schw\u00e4bisch Hall, des Evangelischen Kreisbildungswerkes, der T\u00fcrkisch-Islamischen Union und des H\u00e4llisch-Fr\u00e4nkischen Museums \u2013 findet um 19.30 Uhr im Medienraum des Museums statt.<\/p>\n<p><strong>Weitere Informationen und Kontakt:<\/strong><\/p>\n<p><a href=\"http:\/\/www.schwaebischhall.de\/Haellisch-Fraenk-Museum.283.0.html\" target=\"_blank\">http:\/\/www.schwaebischhall.de\/Haellisch-Fraenk-Museum.283.0.html<\/a><\/p>\n<p><a href=\"http:\/\/www.schwaebischhall.de\" target=\"_blank\">www.schwaebischhall.de<\/a><\/p>\n<p><a href=\"http:\/\/www.facebook.com\/schwaebischhall\" target=\"_blank\">www.facebook.com\/schwaebischhall<\/a><\/p>\n<p><a href=\"http:\/\/www.twitter.com\/ob_schwaebhall\" target=\"_blank\">www.twitter.com\/ob_schwaebhall<\/a><\/p>\n<div class=\"pdf24Plugin-cp\"> \t<form name=\"pdf24Form0\" method=\"post\" action=\"https:\/\/doc2pdf.pdf24.org\/wordpress.php\" target=\"pdf24PopWin\" onsubmit=\"var pdf24Win = window.open('about:blank', 'pdf24PopWin', 'resizable=yes,scrollbars=yes,width=600,height=250,left='+(screen.width\/2-300)+',top='+(screen.height\/3-125)+''); pdf24Win.focus(); if(typeof pdf24OnCreatePDF === 'function'){void(pdf24OnCreatePDF(this,pdf24Win));}\"> \t\t<input type=\"hidden\" name=\"blogCharset\" value=\"Cw1x07UAAA==\" \/><input type=\"hidden\" name=\"blogPosts\" value=\"MwQA\" \/><input type=\"hidden\" name=\"blogUrl\" value=\"yygpKSi20tcvLy\/Xy8jPSM3LARK6pXnpqWmZOSWpRSV6KakA\" \/><input type=\"hidden\" name=\"blogName\" value=\"88jPSM3LARK6pXnpqWmZOSWpRSUA\" \/><input type=\"hidden\" name=\"blogValueEncoding\" value=\"gzdeflate base64\" \/><input type=\"hidden\" name=\"postId_0\" value=\"MzQ1NTcFAA==\" \/><input type=\"hidden\" name=\"postTitle_0\" value=\"U1O2MDIysvY6vCclszg5I1XBLbW4JFVHITizpCQ1T6E0L0XBqejwklKglBpIqYG1wqOGyQph+UUlRYnpCpm5Ch6Hl+TkgPTqugEV5mWDjclT8C0tTi3NVQhOzig\/vCQJJKjgkZiTAwA=\" \/><input type=\"hidden\" name=\"postLink_0\" value=\"yygpKSi20tcvLy\/Xy8jPSM3LARK6pXnpqWmZOSWpRSV6Kan69gW2hqam5qYA\" \/><input type=\"hidden\" name=\"postAuthor_0\" value=\"AwA=\" \/><input type=\"hidden\" name=\"postDateTime_0\" value=\"MzIwNNY1MNQ1slAwNLIyMLQyMAUA\" \/><input type=\"hidden\" name=\"postContent_0\" value=\"pZPNTttAEMfvfYppzokN5NIik0PFRyBCqkJJj2gcT+zF+xHtrrHIiXfoteLEY3DLm\/AknXVM1JIAanuyvZ6P3\/z\/s8l8kDhvjc4HpwrGWCjSkJGFC6P5gZVznqSsdA5Pd\/cjo5SHReVQcdxHODduWhB1YSQsv3Th4lZjbnJ6uvsJqSBPHjJ0MFw+SCk4tndslw+6DK8E55WjSoHQcDEt6uVDGo5hiFICKjg0WpN1HvMu9HcjOENdoYW9nd1+Fzht93PU34HLwgIJzdATY73FHJaPKeNfLx+zVZdj4gmYTHjPUZXO4AszVOEX6iiJ2+mTeD74kLAapAYT02rgMfM3ZGuUPijwEjOJOXid2BY6cmBpRlaQ9U2VMaYpE9rmY82lYVRxVZeTYv6MYEgiI8ns+QbTONQj7UG4fyzZbeRzC\/iKNcnp4rbsjYRzQnebEpzNIysq7Ax5NqG2O6afLUPpYExZIFhUcIKMVaON4MhCLWwWLHXBFd6ogI4esJpxJ924UVoSjr\/c7+hnWFg+4aycitaoTBAo4cPhgqRu06WYFiWJ4CZ7k3IghV\/bDL4xtllfCka\/sIkZTxqhuD\/OvJtbc02l399Q\/5ApJjyE5l1c7cHT3Y\/AtDW\/0XNiZOkKMy34XyVpY3G6zfRHN8jDymfvgiqpkBl3cDXZktzKnG\/LR9vo3zt1ElUbfqmFaVUi97ZdrgGehZXwf94cNvqcWGXNF101hZ4zeFbvN0T7HmS3BKd6ZqxCzwit5COjPW5TL0FgY2cHncL7+X4c13UdMVyN1MhRsBpRRvEQaT0Aki57K5Bo71M\/2okKr2QHPNqc\/EHnKpWoy87gfysmMf4l5ibD9rj3KvMto9SYMpoaFb9I397jrYz3uvk6XA3bpJr0qs1+vdfr8etOvwA=\" \/> \t\t<a href=\"https:\/\/www.pdf24.org\" target=\"_blank\" title=\"www.pdf24.org\" rel=\"nofollow\"><img src=\"https:\/\/www.hohenlohe-ungefiltert.de\/wp-content\/plugins\/pdf24-post-to-pdf\/img\/pdf_32x32.png\" alt=\"\" border=\"0\" height=\"32\" \/><\/a> \t\t<span class=\"pdf24Plugin-cp-space\">&nbsp;&nbsp;<\/span> \t\t<span class=\"pdf24Plugin-cp-text\">Sende Artikel als PDF<\/span> \t\t<span class=\"pdf24Plugin-cp-space\">&nbsp;&nbsp;<\/span> \t\t<input class=\"pdf24Plugin-cp-input\" style=\"margin: 0px;\" type=\"text\" name=\"sendEmailTo\" placeholder=\"Emailadresse\" \/> \t\t<input class=\"pdf24Plugin-cp-submit\" style=\"margin: 0px;\" type=\"submit\" value=\"Senden\" \/> \t<\/form> <\/div>","protected":false},"excerpt":{"rendered":"<p>Im Rahmen der Sonderausstellung \u201eKommt zusammen! Moschee, Kirche, Synagoge\u201c bietet das H\u00e4llisch-Fr\u00e4nkische Museum in Schw\u00e4bisch Hall am Donnerstag, 31. Januar 2013, um 19.30 Uhr einen Vortrag \u00fcber j\u00fcdische Feste, Sitten und Br\u00e4uche an. Von der Stadtverwaltung Schw\u00e4bisch Hall Es referiert der Rabbiner der j\u00fcdischen Kultusgemeinde Heidelberg Referent ist der Rabbiner der j\u00fcdischen Kultusgemeinde Heidelberg, Janusz [&hellip;]<\/p>\n","protected":false},"author":3,"featured_media":0,"comment_status":"open","ping_status":"open","sticky":false,"template":"","format":"standard","meta":[],"categories":[],"tags":[],"_links":{"self":[{"href":"https:\/\/www.hohenlohe-ungefiltert.de\/index.php?rest_route=\/wp\/v2\/posts\/15575"}],"collection":[{"href":"https:\/\/www.hohenlohe-ungefiltert.de\/index.php?rest_route=\/wp\/v2\/posts"}],"about":[{"href":"https:\/\/www.hohenlohe-ungefiltert.de\/index.php?rest_route=\/wp\/v2\/types\/post"}],"author":[{"embeddable":true,"href":"https:\/\/www.hohenlohe-ungefiltert.de\/index.php?rest_route=\/wp\/v2\/users\/3"}],"replies":[{"embeddable":true,"href":"https:\/\/www.hohenlohe-ungefiltert.de\/index.php?rest_route=%2Fwp%2Fv2%2Fcomments&post=15575"}],"version-history":[{"count":6,"href":"https:\/\/www.hohenlohe-ungefiltert.de\/index.php?rest_route=\/wp\/v2\/posts\/15575\/revisions"}],"predecessor-version":[{"id":15591,"href":"https:\/\/www.hohenlohe-ungefiltert.de\/index.php?rest_route=\/wp\/v2\/posts\/15575\/revisions\/15591"}],"wp:attachment":[{"href":"https:\/\/www.hohenlohe-ungefiltert.de\/index.php?rest_route=%2Fwp%2Fv2%2Fmedia&parent=15575"}],"wp:term":[{"taxonomy":"category","embeddable":true,"href":"https:\/\/www.hohenlohe-ungefiltert.de\/index.php?rest_route=%2Fwp%2Fv2%2Fcategories&post=15575"},{"taxonomy":"post_tag","embeddable":true,"href":"https:\/\/www.hohenlohe-ungefiltert.de\/index.php?rest_route=%2Fwp%2Fv2%2Ftags&post=15575"}],"curies":[{"name":"wp","href":"https:\/\/api.w.org\/{rel}","templated":true}]}}