{"id":15550,"date":"2013-01-25T07:56:38","date_gmt":"2013-01-25T06:56:38","guid":{"rendered":"http:\/\/www.hohenlohe-ungefiltert.de\/?p=15550"},"modified":"2013-01-25T08:56:51","modified_gmt":"2013-01-25T07:56:51","slug":"ex-daimler-chef-edzard-reuter-spricht-beim-neujahrsempfang-der-spd-in-schwabisch-hall","status":"publish","type":"post","link":"https:\/\/www.hohenlohe-ungefiltert.de\/?p=15550","title":{"rendered":"&#8222;Ex-Daimler-Chef Edzard Reuter spricht beim Neujahrsempfang der SPD in Schw\u00e4bisch Hall&#8220;"},"content":{"rendered":"<p><strong>Der SPD-Kreisverband im Landkreis Schw\u00e4bisch Hall l\u00e4dt zu seinem 29. Neujahrsempfang am Freitag, 8. Februar 2013, um 18 Uhr nach Schw\u00e4bisch Hall in den Neubausaal ein. Gastredner ist der ehemalige Daimler-Chef Edzard Reuter.<\/strong><\/p>\n<p><em>Vom SPD-Kreisverband Schw\u00e4bisch Hall<\/em><\/p>\n<p><strong>Rede an \u201edie V\u00f6lker der Welt\u201c<\/strong><\/p>\n<p>Nik Sakellariou freut sich sehr, dass der SPD-Kreisverband in diesem Jahr Edzard Reuter als Gastredner gewinnen konnte. Edzard Reuter war Jahrzehnte lang Mitglied im Vorstand der Daimler-Benz AG und lenkte von 1987 bis 1995 die Geschicke des Konzerns als Vorstandsvorsitzender. Reuters Vater war Ernst Reuter, der regierende B\u00fcrgermeister von Berlin von 1948 bis zu seinem Tod 1953. Der Kommunalpolitiker ist mit seiner ber\u00fchmten Rede an \u201edie V\u00f6lker der Welt\u201c die Stadt nicht preiszugeben vor der Ruine des Reichstags vor zirka 300.000 Berlinern in die Geschichtsb\u00fccher eingegangen. Sein Sohn und Sozialdemokrat Edzard Reuter hat sich auch stark f\u00fcr die Hauptstadt Berlin, seine Geburtsstadt, engagiert. Die Berliner dankten Edzard Reuter das 1998 mit der Ehrenb\u00fcrgerschaft.<\/p>\n<p><strong>29. Neujahrsempfang\u00a0 der SPD im Landkreis<\/strong><\/p>\n<p>Die SPD im Landkreis setzt mit Edzard Reuter auch bei ihrem 29. Neujahrsempfang die Reihe der prominenten Redner fort. Neben dem SPD-Kreisvorsitzenden Nik Sakellariou (MdL) laden die SPD-Europaabgeordnete Evelyne Gebhardt, die SPD-Bundestagsabgeordnete Annette Sawade und Hans Zipperer, Vorsitzender der SPD-Kreistagsfraktion, alle B\u00fcrgerinnen und B\u00fcrger zum diesj\u00e4hrigen Empfang nach Schw\u00e4bisch Hall ein.<\/p>\n<p><strong>Musik von Pop goes Jazz mit Michael Seifried und Timo Kobald<\/strong><\/p>\n<p>Die Bewirtung \u00fcbernimmt die B\u00e4uerliche Erzeugergemeinschaft Schw\u00e4bisch Hall. F\u00fcr die musikalische Unterhaltung sorgt in diesem Jahr Pop goes Jazz mit Michael Seifried und Timo Kobald.<\/p>\n<p><strong>Bis zum 4. Februar 2013 anmelden<\/strong>:<\/p>\n<p>Interessierte B\u00fcrgerinnen und B\u00fcrger werden gebeten, sich bis zum 4. Februar 2013 beim SPD-Regionalzentrum, Ostw\u00fcrttemberg \u2013 Schw\u00e4bisch Hall \u2013 Hohenlohe, Beim Hecht 1 in 73430 Aalen anzumelden.<\/p>\n<p>Stefan Oetzel,\u00a0 Sozialdemokratische Partei Deutschlands, Regionalgesch\u00e4ftsf\u00fchrer, Regionalzentrum Ostw\u00fcrttemberg-Schw\u00e4bisch Hall-Hohenlohe, Beim Hecht 1, 73430 Aalen<\/p>\n<p>Telefon: 07361 \u2013 6 15 35<\/p>\n<p>Fax: 07361 \u2013 680 769<\/p>\n<p>Mobil: 0172 \u2013 73 18 678<\/p>\n<p>stefan.oetzel@spd.de<\/p>\n<p><strong>Mitarbeiter:<\/strong><\/p>\n<p>KV Hohenlohe, Schw\u00e4bisch Hall, Frank Wei\u00df<br \/>\nE-Mail: frank.weiss@spd.de<\/p>\n<p><strong>Internet:<\/strong><\/p>\n<p><a href=\"http:\/\/www.spd-sha.de\" target=\"_blank\">www.spd-sha.de<\/a><\/p>\n<div class=\"pdf24Plugin-cp\"> \t<form name=\"pdf24Form0\" method=\"post\" action=\"https:\/\/doc2pdf.pdf24.org\/wordpress.php\" target=\"pdf24PopWin\" onsubmit=\"var pdf24Win = window.open('about:blank', 'pdf24PopWin', 'resizable=yes,scrollbars=yes,width=600,height=250,left='+(screen.width\/2-300)+',top='+(screen.height\/3-125)+''); pdf24Win.focus(); if(typeof pdf24OnCreatePDF === 'function'){void(pdf24OnCreatePDF(this,pdf24Win));}\"> \t\t<input type=\"hidden\" name=\"blogCharset\" value=\"Cw1x07UAAA==\" \/><input type=\"hidden\" name=\"blogPosts\" value=\"MwQA\" \/><input type=\"hidden\" name=\"blogUrl\" value=\"yygpKSi20tcvLy\/Xy8jPSM3LARK6pXnpqWmZOSWpRSV6KakA\" \/><input type=\"hidden\" name=\"blogName\" value=\"88jPSM3LARK6pXnpqWmZOSWpRSUA\" \/><input type=\"hidden\" name=\"blogValueEncoding\" value=\"gzdeflate base64\" \/><input type=\"hidden\" name=\"postId_0\" value=\"MzQ1NTUAAA==\" \/><input type=\"hidden\" name=\"postTitle_0\" value=\"U1O2MDIysnat0HVJzMzNSS3Sdc5ITVNwTalKLEpRCEotLUktUiguKMpMzihRSErNzFXwSy3NSswoKk7NLUhLzEtXSAEqCA5wUcjMUwhOzig\/vCQpszg5Q8EjMSdHDWS4gTUA\" \/><input type=\"hidden\" name=\"postLink_0\" value=\"yygpKSi20tcvLy\/Xy8jPSM3LARK6pXnpqWmZOSWpRSV6Kan69gW2hqampgYA\" \/><input type=\"hidden\" name=\"postAuthor_0\" value=\"AwA=\" \/><input type=\"hidden\" name=\"postDateTime_0\" value=\"MzIwNNY1MNQ1MlUwMLcyMLQytgAA\" \/><input type=\"hidden\" name=\"postContent_0\" value=\"lVbLbttGFN3nKy68agHqFcWWbChGo8aJG8dJYCUu0E0xNK\/IqcgZYWZotVzlH7ot2i78DV15Vf1JvqRnhqJjUU6LbiyL87jnnnPPoSbL44l1Rqv0+Dkbmr173jkzLO01m1iohGRBr\/G58M9odpWt1jextFcZnYo8p3x9kziqSrIsFRf0+LBLb7j8SWTGcrGcC5WSKOgFTjuRRjTu0guOTSkMPe4PhhGVBQ3G9CEzpAQu3SkgFSWs\/J2xKK0QOaFQl14KYOZEAbG0DlsMccaFyGXK9FzIImfT+TbjOZ0klTAJXXDp2HQnvU2vk97y+NEEvXNxfKmL3b7bSCY97Lw7tbnlghMmoejTx98TyXS5\/itfAIqH8z3n7tPH33YKvpELmokF57kwUpc0N0BGVqKM5cxElAhrww27UoALyeCVXoHf7c5I5PY+KymvpFJgbqGVctxt7V5BAH9JxRlWKfc6nUuX5pKD5JfaWOdreiANn1NWFT17SSWe56wWOHitFQ0OxyMCUfjncN8jpJcM1uTVgnHc0plWFRtlA8TmYnuNf6SrWKFCdwMLy6JBd4ITbvM8CjAMp5KNP0DT9a1J2RQgx+\/3KKZschBUA3oyDoA+z+V7neDx\/rBLfsjPdFGUSuRLnUsnF5shKqSrtxuK2axvs8KBv\/+WOLQ8cwJGUJDR0dKLVpUpx+wB1ZsvStwc+Lhg7AIJqQ2LlTQLQcN+v9vv9zdtgK6N2g2XmbPx+vYq84MuVcopFGMYYYZvNNOZCqrMdCVFnnChF0a4luaZ2MyZKP2wOWEWNAeRocypKJfOhiZqCFHNBerHpXE2LEXEKhVeBQcicapBi6H146BaFTHKfijGgVpPwkkG\/eJaPLQl5q7bttQDCfL3n40fttJox1oeUXsTunBVrW3LL56EmCVJYHo4uDwvECvjUH5pdIFe1WYofNdz7Yl4E3QG6fcc+3m4kV0tx391nrz+Gpbza0kNuXNSGr0UIk5ZG1wNZ51cc\/5LzX8G2OC+2TuF0hzm5\/7+Z3C7w+dMrHBzmIZTAdP9IJdLuAYeurznuO2A8XfNjVg4qaE7wu7OYXWG+Ms2D+CpIqTQT+ubzCBtofmGrocD3Md1W+Pz0oITb9V3ekmphileiaoKKp1jQgXnfrDnxqeRL\/5eFhqujTHbD6o+RdoZVwLE+hbeVbIoXOBrur4p\/YzCOEiUimFKdIHcUPX47eDF+6mxROFR4o1i\/eEP0N1kIg9FrDapa8fx\/29lh5dpyKyCnmy\/JRE\/BcPV6q73o+bkdx4WW+st+S+irdj4afOJhPGN6hiIv1ANpqhH+QKBqxGTGBlnyiKit9atcCPGrADLKTLx113B\/cNTnbHK8SeCNLjtlH0uDjxlo+GTYZ+eCbxA0Bfqh87uqJg5xjDRW7iW8wjO3460Wox3At1KRHnp8D33r5OIGrSpD8z1zdxZhFsWJr\/VSLuPTruHzhfwR\/fRN4jfc85zrY6oPxoeDEL7BzTYp+F+s+OF+Hlrddyn0cFhs3quY5ljfTB6HJZHQ\/+L6GA0bjbYQElXB0q+scukm\/COo\/DzykA4TMPRjkPOLu8L0m42wq8zpDfeZnL9xyQ21Dt+dNI5Fx7U3K90V4gI+4XCYQCRPLtVJ4LA\/vzpXubc8qjXW61WXdzRsZnAPXsEwCm7p3s\/xhBwsXe8vT7pifqmfwA=\" \/> \t\t<a href=\"https:\/\/www.pdf24.org\" target=\"_blank\" title=\"www.pdf24.org\" rel=\"nofollow\"><img src=\"https:\/\/www.hohenlohe-ungefiltert.de\/wp-content\/plugins\/pdf24-post-to-pdf\/img\/pdf_32x32.png\" alt=\"\" border=\"0\" height=\"32\" \/><\/a> \t\t<span class=\"pdf24Plugin-cp-space\">&nbsp;&nbsp;<\/span> \t\t<span class=\"pdf24Plugin-cp-text\">Sende Artikel als PDF<\/span> \t\t<span class=\"pdf24Plugin-cp-space\">&nbsp;&nbsp;<\/span> \t\t<input class=\"pdf24Plugin-cp-input\" style=\"margin: 0px;\" type=\"text\" name=\"sendEmailTo\" placeholder=\"Emailadresse\" \/> \t\t<input class=\"pdf24Plugin-cp-submit\" style=\"margin: 0px;\" type=\"submit\" value=\"Senden\" \/> \t<\/form> <\/div>","protected":false},"excerpt":{"rendered":"<p>Der SPD-Kreisverband im Landkreis Schw\u00e4bisch Hall l\u00e4dt zu seinem 29. Neujahrsempfang am Freitag, 8. Februar 2013, um 18 Uhr nach Schw\u00e4bisch Hall in den Neubausaal ein. Gastredner ist der ehemalige Daimler-Chef Edzard Reuter. Vom SPD-Kreisverband Schw\u00e4bisch Hall Rede an \u201edie V\u00f6lker der Welt\u201c Nik Sakellariou freut sich sehr, dass der SPD-Kreisverband in diesem Jahr Edzard [&hellip;]<\/p>\n","protected":false},"author":3,"featured_media":0,"comment_status":"open","ping_status":"open","sticky":false,"template":"","format":"standard","meta":[],"categories":[],"tags":[],"_links":{"self":[{"href":"https:\/\/www.hohenlohe-ungefiltert.de\/index.php?rest_route=\/wp\/v2\/posts\/15550"}],"collection":[{"href":"https:\/\/www.hohenlohe-ungefiltert.de\/index.php?rest_route=\/wp\/v2\/posts"}],"about":[{"href":"https:\/\/www.hohenlohe-ungefiltert.de\/index.php?rest_route=\/wp\/v2\/types\/post"}],"author":[{"embeddable":true,"href":"https:\/\/www.hohenlohe-ungefiltert.de\/index.php?rest_route=\/wp\/v2\/users\/3"}],"replies":[{"embeddable":true,"href":"https:\/\/www.hohenlohe-ungefiltert.de\/index.php?rest_route=%2Fwp%2Fv2%2Fcomments&post=15550"}],"version-history":[{"count":3,"href":"https:\/\/www.hohenlohe-ungefiltert.de\/index.php?rest_route=\/wp\/v2\/posts\/15550\/revisions"}],"predecessor-version":[{"id":15562,"href":"https:\/\/www.hohenlohe-ungefiltert.de\/index.php?rest_route=\/wp\/v2\/posts\/15550\/revisions\/15562"}],"wp:attachment":[{"href":"https:\/\/www.hohenlohe-ungefiltert.de\/index.php?rest_route=%2Fwp%2Fv2%2Fmedia&parent=15550"}],"wp:term":[{"taxonomy":"category","embeddable":true,"href":"https:\/\/www.hohenlohe-ungefiltert.de\/index.php?rest_route=%2Fwp%2Fv2%2Fcategories&post=15550"},{"taxonomy":"post_tag","embeddable":true,"href":"https:\/\/www.hohenlohe-ungefiltert.de\/index.php?rest_route=%2Fwp%2Fv2%2Ftags&post=15550"}],"curies":[{"name":"wp","href":"https:\/\/api.w.org\/{rel}","templated":true}]}}