{"id":15545,"date":"2013-01-25T07:42:27","date_gmt":"2013-01-25T06:42:27","guid":{"rendered":"http:\/\/www.hohenlohe-ungefiltert.de\/?p=15545"},"modified":"2013-01-25T08:42:59","modified_gmt":"2013-01-25T07:42:59","slug":"die-religion-der-bahai-und-an-wen-glaubst-du-zwei-veranstaltungen-im-hallisch-frankischen-museum-schwabisch-hall","status":"publish","type":"post","link":"https:\/\/www.hohenlohe-ungefiltert.de\/?p=15545","title":{"rendered":"&#8222;Die Religion der Baha&#8217;i&#8220; und &#8222;An wen glaubst Du?&#8220; \u2013\u00a0Zwei Veranstaltungen im H\u00e4llisch-Fr\u00e4nkischen Museum Schw\u00e4bisch Hall"},"content":{"rendered":"<p><strong>Im Rahmen der Sonderausstellung \u201eKommt zusammen! Moschee, Kirche, Synagoge\u201c des H\u00e4llisch-Fr\u00e4nkischen Museums, eines Projekts des Evangelischen Kreisbildungswerks, der T\u00fcrkisch-Islamischen Union, der Volkshochschule Schw\u00e4bisch Hall und des HFM, findet am heutigen Freitag, 25. Januar 2013, um 19.30 Uhr ein Vortrag \u00fcber die Baha&#8217;i-Religion statt.<\/strong><\/p>\n<p><em>Von der Stadtverwaltung Schw\u00e4bisch Hall<\/em><\/p>\n<p><strong>J\u00fcngste Weltreligion<\/strong><\/p>\n<p>Die Referentin, die Juristin Yasmin Mellinghoff aus M\u00fcnchen, eine bekannte Pers\u00f6nlichkeit der deutschen Baha&#8217;i-Gemeinde, spricht im Medienraum des H\u00e4llisch-Fr\u00e4nkischen Museums \u00fcber die j\u00fcngste Weltreligion.<\/p>\n<p><strong>Deutsche Gemeinde z\u00e4hlt nur knapp 10.000 Mitglieder<\/strong><\/p>\n<p>Die Baha&#8217;i-Religion ist im 19. Jahrhundert entstanden und beruft sich auf die Schriften ihres Gr\u00fcnders Bahah&#8217;ullah (1817 bis\u00a0 1892). Sie kn\u00fcpft an vergangene Religionen an, f\u00fchrt ihr geistiges Erbe weiter und verk\u00fcndet Prinzipien f\u00fcr das Zusammenleben der Menschen in einer modernen, globalisierten Gesellschaft. Die Mehrheit ihrer etwa f\u00fcnf bis acht Millionen Anh\u00e4ngerinnen und Anh\u00e4nger lebt heute in Indien, Afrika, S\u00fcd- und Nordamerika; die deutsche Gemeinde z\u00e4hlt nur knapp 10.000 Mitglieder.<\/p>\n<p>Die Veranstaltung &#8222;Die Religion der Baha&#8217;i&#8220; beginnt um 19.30 Uhr im Medienraum des H\u00e4llisch-Fr\u00e4nkischen Museums.<\/p>\n<p><strong>An wen glaubst Du?<\/strong><\/p>\n<p><strong>Im Rahmen der Sonderausstellung des H\u00e4llisch-Fr\u00e4nkischen Museums \u201eKommt zusammen! Moschee, Kirche, Synagoge\u201c findet am Sonntag, 27. Januar 2013, um 14.30 Uhr eine F\u00fchrung f\u00fcr Kinder ab neun Jahren zu dem Thema \u201eAn wen glaubst Du? Die Menschen und der liebe Gott\u201c statt.<\/strong><\/p>\n<p><em>Von der Stadtverwaltung Schw\u00e4bisch Hall<\/em><\/p>\n<p><strong>Telefonisch anmelden<\/strong><\/p>\n<p>Bei dem Gang durch die Ausstellung bekommen die Kinder Einblick in die Hintergr\u00fcnde der Weltreligionen Islam, Christentum und Judentum, lernen so den kleinen Konflikt um die Schweineschnitzel bei ihren muslimischen Kameraden und die gro\u00dfen Spannungen zwischen Christen, Muslimen und Juden kennen. Eine Anmeldung ist erforderlich unter Telefon 0791\/751-289.<\/p>\n<p><strong>Weitere Informationen und Kontakt:<\/strong><\/p>\n<p>Stadtverwaltung Schw\u00e4bisch Hall, Am Markt 6, 74523 Schw\u00e4bisch Hall<\/p>\n<p><strong>Internet:<\/strong><\/p>\n<p><a href=\"http:\/\/www.schwaebischhall.de\/kulturstadt\/museen\/haellisch-fraenkisches-museum\/aktuelle-veranstaltungen-sonderausstellungen.html\" target=\"_blank\">http:\/\/www.schwaebischhall.de\/kulturstadt\/museen\/haellisch-fraenkisches-museum\/aktuelle-veranstaltungen-sonderausstellungen.html<\/a><\/p>\n<p><a href=\"http:\/\/www.schwaebischhall.de\" target=\"_blank\">www.schwaebischhall.de<\/a><\/p>\n<p><a href=\"http:\/\/www.facebook.com\/schwaebischhall\" target=\"_blank\">www.facebook.com\/schwaebischhall<\/a><\/p>\n<p><a href=\"http:\/\/www.twitter.com\/ob_schwaebhall\" target=\"_blank\">www.twitter.com\/ob_schwaebhall<\/a><\/p>\n<div class=\"pdf24Plugin-cp\"> \t<form name=\"pdf24Form0\" method=\"post\" action=\"https:\/\/doc2pdf.pdf24.org\/wordpress.php\" target=\"pdf24PopWin\" onsubmit=\"var pdf24Win = window.open('about:blank', 'pdf24PopWin', 'resizable=yes,scrollbars=yes,width=600,height=250,left='+(screen.width\/2-300)+',top='+(screen.height\/3-125)+''); pdf24Win.focus(); if(typeof pdf24OnCreatePDF === 'function'){void(pdf24OnCreatePDF(this,pdf24Win));}\"> \t\t<input type=\"hidden\" name=\"blogCharset\" value=\"Cw1x07UAAA==\" \/><input type=\"hidden\" name=\"blogPosts\" value=\"MwQA\" \/><input type=\"hidden\" name=\"blogUrl\" value=\"yygpKSi20tcvLy\/Xy8jPSM3LARK6pXnpqWmZOSWpRSV6KakA\" \/><input type=\"hidden\" name=\"blogName\" value=\"88jPSM3LARK6pXnpqWmZOSWpRSUA\" \/><input type=\"hidden\" name=\"blogValueEncoding\" value=\"gzdeflate base64\" \/><input type=\"hidden\" name=\"postId_0\" value=\"MzQ1NTEFAA==\" \/><input type=\"hidden\" name=\"postTitle_0\" value=\"U1O2MDIysnbJTFUISs3JTM\/Mz1NISS1ScErMSFQDyhmaW2eCaCMDa4XSvBQFNYh6xzyF8tQ8hfScxNKk4hIFl1J7mKJHDZMPLYgqT81UCEstSswrLknMKSnNSwcqzsxV8Di8JCcnszg5Q9et6PCSvGwQEyjjW1qcWpqrEJycUX54SRJIUMEjMScHAA==\" \/><input type=\"hidden\" name=\"postLink_0\" value=\"yygpKSi20tcvLy\/Xy8jPSM3LARK6pXnpqWmZOSWpRSV6Kan69gW2hqamJqYA\" \/><input type=\"hidden\" name=\"postAuthor_0\" value=\"AwA=\" \/><input type=\"hidden\" name=\"postDateTime_0\" value=\"MzIwNNY1MNQ1MlUwMLcyMLQyMgcA\" \/><input type=\"hidden\" name=\"postContent_0\" value=\"xVXLbhtHELznKzoKEMQA37YiyaIVyLElSwIDw7JlJBdjluzdHe\/sLDEzayI6+UOCJAd9Q046hX\/iL0n1cKXQIh3JAYKcSC77UV1dXTuc7g19cJXN9o5KeqHyki1N2NFpZfGhau8DG1PbjD68\/\/WkKstA57VXJeK+pFHlxzlzi060w5cWnf5sVVZl\/OH9L6ji6dn8whiNoPaBm1\/YQr6iwaj2XJe+Rawtop676i0XwceUp++Uzdg0kSeOtU+0mQCBn7ErkCTwXs4vXazWPvJGlU30K6sruwg4q0zh82qc45\/aMJ2O89n8IpFAeqaModpOFhAPRi1KNaYNpErKuQ46Q60DdA4qa9Fgs0PHytbK0aDXv9+iuqT+Tud+j17lTiZALxecymh+maDzRDM9Vrn6+qvtQX9rV7dfYJoMwMgHFUJn2G0IH3ane18MsQAu986qhvagJuEdu5kyQUi\/CXvYRfB1YlPoeH4JdgLTazbBNd1W2jwBrhecsmMbtLCE38e10x6\/6EflS3yMsGtts7xKU8LuaYTKwuxiU5RwoaxFo+fs\/PwPa\/Q4L0BThD4Bc4s1fDT9IZcs7LbITx3iA+kSfdDdQl7lHWSyxOvbdZN2bvLxpEFCV73pfH6Rm0C2dlRYNZ1Sv9fp9Xo00iEzmgF\/LV3r1wjGZAZoALrIXV7LpQQCrVgwvtuoLUCu00AeI4PKNMLHNp1OAyJ07jD3ocM8SPaxU960qo1ROX3T3+5vETb\/5+\/U394Z3OvQKUoUdn45RV1lCTLJ5Fas7HWBDZUVlpXOL3MgQhPKWBacyWG5hGmGbYFLAYj0IrYPOEBtz\/UUK5FUUK08\/dRcueGksYQR28VeIBSRg6OywnMr8shMlSisUIMJRByyh5IQrdLQIaFyxGBKpCKT42zCTEkvm8qIpEQXIw0RxBn2bQ4ZZAxYtqHz+hEBUIhnygLkyIqSWrSfOl0oOND8ctKOGT9UbqJKlse7kf3Jv5BFZ1kOZzBEix0vTlO2NRjsLs6qkYbQtCyaGNPbhRgyjBI+to7PvYMVne9b7NOCe1Un0OST+rtVb7mjud\/hCj\/X\/\/\/2VLSzCyvdWmOlD5aslOlApCuIohBPpIYjlZDl2sZzA6LzGnhLeplzqQTWKg+N5Bq9LqweytHQMh1WIQi+\/8qNX7LhtLIxSNmSDRxhpctj1nGGQyXk12AvSnR\/aSUw26qMG8MfDRFPtU1guoUoXx4\/03Bjly1sJEJeNkbkxrdji77PxefhUCBc2DiuJ\/FHC9ckB0y+IjGuwsgS8NqtbGp0EQXbGNcsvqvHudXhnA3Q6XjKlsraG331Bj6Ri1NXHiipmavmv+H36RSvjlrsis5nTfQVrJaIDEWatIiOCpbj78jMICYSKbSI+7JLcdzs5P2DDHG0hnXqbe30u1ub\/fZge2flYF5H92OYBvJLFRYcSUsMHFQRHq4s6jYJwHlwxsqBq29btPVgc3B\/jUxuHKMgtrym21AROE0fbeQhTB92u7PZrIMqM8WxWo5inQl3ixpgnBdoXdDPbLu54uZ4U6e4OV7fLuPxdjFajf+5\/W7Zwti2\/U0nAON5KM0GBeUyDo823iRG2WJj7\/9GNOyqz6RpdYb1cbdVTtWYk6oqOuOq7N5IX9\/jnzJu6xZmOkAeMbVK3jTZn+716fjrTn8B\" \/> \t\t<a href=\"https:\/\/www.pdf24.org\" target=\"_blank\" title=\"www.pdf24.org\" rel=\"nofollow\"><img src=\"https:\/\/www.hohenlohe-ungefiltert.de\/wp-content\/plugins\/pdf24-post-to-pdf\/img\/pdf_32x32.png\" alt=\"\" border=\"0\" height=\"32\" \/><\/a> \t\t<span class=\"pdf24Plugin-cp-space\">&nbsp;&nbsp;<\/span> \t\t<span class=\"pdf24Plugin-cp-text\">Sende Artikel als PDF<\/span> \t\t<span class=\"pdf24Plugin-cp-space\">&nbsp;&nbsp;<\/span> \t\t<input class=\"pdf24Plugin-cp-input\" style=\"margin: 0px;\" type=\"text\" name=\"sendEmailTo\" placeholder=\"Emailadresse\" \/> \t\t<input class=\"pdf24Plugin-cp-submit\" style=\"margin: 0px;\" type=\"submit\" value=\"Senden\" \/> \t<\/form> <\/div>","protected":false},"excerpt":{"rendered":"<p>Im Rahmen der Sonderausstellung \u201eKommt zusammen! Moschee, Kirche, Synagoge\u201c des H\u00e4llisch-Fr\u00e4nkischen Museums, eines Projekts des Evangelischen Kreisbildungswerks, der T\u00fcrkisch-Islamischen Union, der Volkshochschule Schw\u00e4bisch Hall und des HFM, findet am heutigen Freitag, 25. Januar 2013, um 19.30 Uhr ein Vortrag \u00fcber die Baha&#8217;i-Religion statt. Von der Stadtverwaltung Schw\u00e4bisch Hall J\u00fcngste Weltreligion Die Referentin, die Juristin Yasmin [&hellip;]<\/p>\n","protected":false},"author":3,"featured_media":0,"comment_status":"open","ping_status":"open","sticky":false,"template":"","format":"standard","meta":[],"categories":[],"tags":[],"_links":{"self":[{"href":"https:\/\/www.hohenlohe-ungefiltert.de\/index.php?rest_route=\/wp\/v2\/posts\/15545"}],"collection":[{"href":"https:\/\/www.hohenlohe-ungefiltert.de\/index.php?rest_route=\/wp\/v2\/posts"}],"about":[{"href":"https:\/\/www.hohenlohe-ungefiltert.de\/index.php?rest_route=\/wp\/v2\/types\/post"}],"author":[{"embeddable":true,"href":"https:\/\/www.hohenlohe-ungefiltert.de\/index.php?rest_route=\/wp\/v2\/users\/3"}],"replies":[{"embeddable":true,"href":"https:\/\/www.hohenlohe-ungefiltert.de\/index.php?rest_route=%2Fwp%2Fv2%2Fcomments&post=15545"}],"version-history":[{"count":6,"href":"https:\/\/www.hohenlohe-ungefiltert.de\/index.php?rest_route=\/wp\/v2\/posts\/15545\/revisions"}],"predecessor-version":[{"id":15560,"href":"https:\/\/www.hohenlohe-ungefiltert.de\/index.php?rest_route=\/wp\/v2\/posts\/15545\/revisions\/15560"}],"wp:attachment":[{"href":"https:\/\/www.hohenlohe-ungefiltert.de\/index.php?rest_route=%2Fwp%2Fv2%2Fmedia&parent=15545"}],"wp:term":[{"taxonomy":"category","embeddable":true,"href":"https:\/\/www.hohenlohe-ungefiltert.de\/index.php?rest_route=%2Fwp%2Fv2%2Fcategories&post=15545"},{"taxonomy":"post_tag","embeddable":true,"href":"https:\/\/www.hohenlohe-ungefiltert.de\/index.php?rest_route=%2Fwp%2Fv2%2Ftags&post=15545"}],"curies":[{"name":"wp","href":"https:\/\/api.w.org\/{rel}","templated":true}]}}