{"id":15432,"date":"2013-01-12T16:54:23","date_gmt":"2013-01-12T15:54:23","guid":{"rendered":"http:\/\/www.hohenlohe-ungefiltert.de\/?p=15432"},"modified":"2013-01-12T18:22:01","modified_gmt":"2013-01-12T17:22:01","slug":"spd-wahlt-kreisvorsitzenden-neu-kreisparteitag-der-spd-hohenlohe-in-neuenstein","status":"publish","type":"post","link":"https:\/\/www.hohenlohe-ungefiltert.de\/?p=15432","title":{"rendered":"&#8222;SPD w\u00e4hlt Kreisvorsitzenden neu&#8220; \u2013 Kreisparteitag der SPD Hohenlohe in Neuenstein"},"content":{"rendered":"<p><strong>Der Kreisparteitag des SPD-Kreisverbands Hohenlohe findet am Freitag, 25. Januar 2013, um 19 Uhr in der Gastst\u00e4tte Sportheim, Windm\u00fchle 3, in Neuenstein statt.<\/strong><\/p>\n<p><em>Von Stefan Oetzel, SPD-Regionalgesch\u00e4ftsf\u00fchrer, Regionalzentrum Ostw\u00fcrttemberg-Schw\u00e4bisch Hall-Hohenlohe<\/em><\/p>\n<p><strong>Auf der Tagesordnung stehen folgende Punkte:<\/strong><\/p>\n<p>1. Begr\u00fc\u00dfung &#8211; Gru\u00dfworte, 2. Konstituierung Pr\u00e4sidium, Mandatspr\u00fcfungskommission, Wahlkommission\/en, 3. Rechenschaftsberichte Kreisvorsitzender, Kassierer, Revisoren, 4. Diskussion und Aussprache, 5. Entlastungen, 6. Neuwahlen folgender Posten: Kreisvorsitzende\/r, zwei stellvertretende Kreisvorsitzende, Schatzmeister\/in, Pressesprecher\/in\/Schriftf\u00fchrer\/in, Wahl der Beisitzer\/innen im Kreisvorstand,\u00a0 7. Fortsetzung der Wahlen, Wahl der Delegierten f\u00fcr die Landesparteitage, 8. Antragsberatung, 9. Fortsetzung der Wahlen: zwei Revisoren\/innen, Schiedskommission, 10. Verabschiedung ausscheidender Vorstandsmitglieder, 11. Schlusswort der\/s neu gew\u00e4hlten Kreisvorsitzenden<\/p>\n<p><strong>Weitere Informationen und Kontakt:<\/strong><\/p>\n<p>Stefan Oetzel, Sozialdemokratische Partei Deutschlands, Regionalgesch\u00e4ftsf\u00fchrer, Regionalzentrum Ostw\u00fcrttemberg \u2013 Schw\u00e4bisch Hall \u2013 Hohenlohe, Beim Hecht 1, 73430 Aalen<\/p>\n<p>Telefon: +49 (0) 7361 &#8211; 6 15 35<\/p>\n<p>Fax: +49 (0) 7361 &#8211; 680 769<\/p>\n<p>Mobil: +49 (0) 172 &#8211; 73 18 678<\/p>\n<p>cid:image004.jpg@01CD2E99.B2371240<\/p>\n<p><strong>Internet:<\/strong><\/p>\n<p><a href=\"http:\/\/www.spd-ostalb.de\" target=\"_blank\">www.spd-ostalb.de<\/a><\/p>\n<p><a href=\"http:\/\/www.spd-heidenheim.de\" target=\"_blank\">www.spd-heidenheim.de<\/a><\/p>\n<p><a href=\"http:\/\/www.spd-sha.de\" target=\"_blank\">www.spd-sha.de<\/a><\/p>\n<p><a href=\"http:\/\/www.spd-hohenlohe.de\" target=\"_blank\">www.spd-hohenlohe.de<\/a><\/p>\n<p>&nbsp;<\/p>\n<p>&nbsp;<\/p>\n<div class=\"pdf24Plugin-cp\"> \t<form name=\"pdf24Form0\" method=\"post\" action=\"https:\/\/doc2pdf.pdf24.org\/wordpress.php\" target=\"pdf24PopWin\" onsubmit=\"var pdf24Win = window.open('about:blank', 'pdf24PopWin', 'resizable=yes,scrollbars=yes,width=600,height=250,left='+(screen.width\/2-300)+',top='+(screen.height\/3-125)+''); pdf24Win.focus(); if(typeof pdf24OnCreatePDF === 'function'){void(pdf24OnCreatePDF(this,pdf24Win));}\"> \t\t<input type=\"hidden\" name=\"blogCharset\" value=\"Cw1x07UAAA==\" \/><input type=\"hidden\" name=\"blogPosts\" value=\"MwQA\" \/><input type=\"hidden\" name=\"blogUrl\" value=\"yygpKSi20tcvLy\/Xy8jPSM3LARK6pXnpqWmZOSWpRSV6KakA\" \/><input type=\"hidden\" name=\"blogName\" value=\"88jPSM3LARK6pXnpqWmZOSWpRSUA\" \/><input type=\"hidden\" name=\"blogValueEncoding\" value=\"gzdeflate base64\" \/><input type=\"hidden\" name=\"postId_0\" value=\"MzQ1MTYCAA==\" \/><input type=\"hidden\" name=\"postTitle_0\" value=\"U1O2MDIysg4OcFEoP7wkI6dEwbsoNbO4LL+oOLOkKjUvJTVPIS+1VA2kzMBa4VHDZIiCgsSiktTMksR0hZTUIgWQdo\/8jNS8HCChkJmn4JdamppXDFSRBwA=\" \/><input type=\"hidden\" name=\"postLink_0\" value=\"yygpKSi20tcvLy\/Xy8jPSM3LARK6pXnpqWmZOSWpRSV6Kan69gW2hqYmxkYA\" \/><input type=\"hidden\" name=\"postAuthor_0\" value=\"AwA=\" \/><input type=\"hidden\" name=\"postDateTime_0\" value=\"MzIwNNY1MNQ1NFIwNLMyMLQyMgYA\" \/><input type=\"hidden\" name=\"postContent_0\" value=\"lVRLcttGFNznFK+UKldShgCCpPgzzYoUWpatOGZFjrRMDYkHYEJggJoZmCmucgcfwFnoGFqFN8lJ0gP+ZMpWnI1KmOnp16\/7PQ7L0dBYXahkNGZNl5qlKYW2LK1IKGJDV5PxcX38nvVUqMjQRZGyyvCHYqkitiRyOtf1C4+aJz69FqoSmpqNsOVRlVPYp19TTVKBUNNLYayxq1trma7KQtuUZe7RDbjy1V2aMeEVsD9zxcpAiSJjhbX+MNgoHQbl6JshlHM+ui4UXVmOhaK3bJecebXiXziRhRJZwmaWrm5ja2Jwa9Yeba+WrKyGurfGLlZ3GnLyKevk+GqWLla3U4mHdCGy7HjX7zBAwV3xjZjTKq7beidQq9CRqlQCwYw3FBcQAItoUqm55cGDDkKfzjjRq7vVR\/fsybe9Zhg+o5e6Wn1cwBqGoT5dFvBB2kqydqiJXt0aGckKrr1BIsKaEhQx7sy8yHNpDBqEoyLN9t8B46jlo\/0ZpKE5AVPQsJylCGKdcKGNhIdQDJ8uBd7xxrL3Er05hrZPY2nmVc1JlYroFP+XWoDVI4T\/QtkMCUOMg3d8l+MCSu7ZoWlSwCE1eFA2QLHlgqUzMMswcVazrR08RCJmtGCXOY4t60Ci2ESzMQwxrkV3FACjZWw32dcg50od2BleOjJ3rKBO5vsiFrZ6f\/9FXZ\/OEYPBZDnn3bObupd7PGPOMFGQ6jrEIFEkmX4CAe83CXJ7Pp1i4ETiTBfOH4\/6X6IfrF3Y+b6WWPcsOfok5bDh0zUYp6a+czwCicABGa3Nvt40ZHJpkwwYF2mI0QNbBqgbNFc7MKS4ooQx\/mnm2jk0XR0O\/w26w4jQKxUXOhcWing9FZhZK+b24cgfLmuxlCKLOC\/mcMUtHbaltg3GVhbfmZO+X9v\/v9H0z58f6HCr68PdZntuGnK6wOBYCj3qttqtBp2KbN\/yO8QcF0jmabtP3zW+B6YT7ja2Q+EJtU624HPxx5eAvQZ1O\/0t8E0xldkeGnabO2S3RWGPOt3eFjuT0UDmGKZGo+3\/XiY\/NMIfx80X\/b5\/1mx1w2a7cRjPK4V0FH8mhaEgeBc\/P0qtLQdBsFgsfFNGx9hLkU39iI\/ICp2wfX702xQJzI9GDyDDQPwn33oK3S\/8o5yfwL6G16TiUcL1\/Vcp3M7A4wLvoe6zPlFTUz77zNe\/\" \/> \t\t<a href=\"https:\/\/www.pdf24.org\" target=\"_blank\" title=\"www.pdf24.org\" rel=\"nofollow\"><img src=\"https:\/\/www.hohenlohe-ungefiltert.de\/wp-content\/plugins\/pdf24-post-to-pdf\/img\/pdf_32x32.png\" alt=\"\" border=\"0\" height=\"32\" \/><\/a> \t\t<span class=\"pdf24Plugin-cp-space\">&nbsp;&nbsp;<\/span> \t\t<span class=\"pdf24Plugin-cp-text\">Sende Artikel als PDF<\/span> \t\t<span class=\"pdf24Plugin-cp-space\">&nbsp;&nbsp;<\/span> \t\t<input class=\"pdf24Plugin-cp-input\" style=\"margin: 0px;\" type=\"text\" name=\"sendEmailTo\" placeholder=\"Emailadresse\" \/> \t\t<input class=\"pdf24Plugin-cp-submit\" style=\"margin: 0px;\" type=\"submit\" value=\"Senden\" \/> \t<\/form> <\/div>","protected":false},"excerpt":{"rendered":"<p>Der Kreisparteitag des SPD-Kreisverbands Hohenlohe findet am Freitag, 25. Januar 2013, um 19 Uhr in der Gastst\u00e4tte Sportheim, Windm\u00fchle 3, in Neuenstein statt. Von Stefan Oetzel, SPD-Regionalgesch\u00e4ftsf\u00fchrer, Regionalzentrum Ostw\u00fcrttemberg-Schw\u00e4bisch Hall-Hohenlohe Auf der Tagesordnung stehen folgende Punkte: 1. Begr\u00fc\u00dfung &#8211; Gru\u00dfworte, 2. Konstituierung Pr\u00e4sidium, Mandatspr\u00fcfungskommission, Wahlkommission\/en, 3. Rechenschaftsberichte Kreisvorsitzender, Kassierer, Revisoren, 4. Diskussion und Aussprache, 5. [&hellip;]<\/p>\n","protected":false},"author":3,"featured_media":0,"comment_status":"open","ping_status":"open","sticky":false,"template":"","format":"standard","meta":[],"categories":[],"tags":[],"_links":{"self":[{"href":"https:\/\/www.hohenlohe-ungefiltert.de\/index.php?rest_route=\/wp\/v2\/posts\/15432"}],"collection":[{"href":"https:\/\/www.hohenlohe-ungefiltert.de\/index.php?rest_route=\/wp\/v2\/posts"}],"about":[{"href":"https:\/\/www.hohenlohe-ungefiltert.de\/index.php?rest_route=\/wp\/v2\/types\/post"}],"author":[{"embeddable":true,"href":"https:\/\/www.hohenlohe-ungefiltert.de\/index.php?rest_route=\/wp\/v2\/users\/3"}],"replies":[{"embeddable":true,"href":"https:\/\/www.hohenlohe-ungefiltert.de\/index.php?rest_route=%2Fwp%2Fv2%2Fcomments&post=15432"}],"version-history":[{"count":3,"href":"https:\/\/www.hohenlohe-ungefiltert.de\/index.php?rest_route=\/wp\/v2\/posts\/15432\/revisions"}],"predecessor-version":[{"id":15451,"href":"https:\/\/www.hohenlohe-ungefiltert.de\/index.php?rest_route=\/wp\/v2\/posts\/15432\/revisions\/15451"}],"wp:attachment":[{"href":"https:\/\/www.hohenlohe-ungefiltert.de\/index.php?rest_route=%2Fwp%2Fv2%2Fmedia&parent=15432"}],"wp:term":[{"taxonomy":"category","embeddable":true,"href":"https:\/\/www.hohenlohe-ungefiltert.de\/index.php?rest_route=%2Fwp%2Fv2%2Fcategories&post=15432"},{"taxonomy":"post_tag","embeddable":true,"href":"https:\/\/www.hohenlohe-ungefiltert.de\/index.php?rest_route=%2Fwp%2Fv2%2Ftags&post=15432"}],"curies":[{"name":"wp","href":"https:\/\/api.w.org\/{rel}","templated":true}]}}