{"id":1542,"date":"2009-04-17T14:47:54","date_gmt":"2009-04-17T13:47:54","guid":{"rendered":"http:\/\/www.hohenlohe-ungefiltert.de\/?p=1542"},"modified":"2009-05-12T10:45:18","modified_gmt":"2009-05-12T09:45:18","slug":"interview-mit-heide-ruhle-europaabgeordnete-der-grunen-sie-wurde-nach-eigenen-angaben-von-einer-veranstaltung-in-wolpertshausen-ausgeladen","status":"publish","type":"post","link":"https:\/\/www.hohenlohe-ungefiltert.de\/?p=1542","title":{"rendered":"Interview mit Heide R\u00fchle, Europaabgeordnete der Gr\u00fcnen (Teil 1): Sie wurde nach eigenen Angaben von einer Veranstaltung in Wolpertshausen ausgeladen"},"content":{"rendered":"<p><strong><\/strong><\/p>\n<div id=\"attachment_1545\" style=\"width: 182px\" class=\"wp-caption alignleft\"><strong><strong><a href=\"https:\/\/www.hohenlohe-ungefiltert.de\/wp-content\/uploads\/2009\/04\/1232884230461.jpg\"><img aria-describedby=\"caption-attachment-1545\" loading=\"lazy\" class=\"size-full wp-image-1545\" title=\"1232884230461\" src=\"https:\/\/www.hohenlohe-ungefiltert.de\/wp-content\/uploads\/2009\/04\/1232884230461.jpg\" alt=\"Die gr\u00fcne EU-Abgeordnete Heide R\u00fchle aus Stuttgart\" width=\"172\" height=\"172\" srcset=\"https:\/\/www.hohenlohe-ungefiltert.de\/wp-content\/uploads\/2009\/04\/1232884230461.jpg 172w, https:\/\/www.hohenlohe-ungefiltert.de\/wp-content\/uploads\/2009\/04\/1232884230461-150x150.jpg 150w\" sizes=\"(max-width: 172px) 100vw, 172px\" \/><\/a><\/strong><\/strong><p id=\"caption-attachment-1545\" class=\"wp-caption-text\">Die gr\u00fcne EU-Abgeordnete Heide R\u00fchle aus Stuttgart<\/p><\/div>\n<p><strong><\/strong><\/p>\n<p>Interview von Ralf Garmatter, Hohenlohe-ungefiltert:<\/p>\n<p><strong>Sie sagten, dass Sie vor etwa zwei Wochen von einer Veranstaltung in Wolpertshausen ausgeladen worden seien: Um welche Veranstaltung handelte es sich dabei? Bei welcher Veranstaltung in Wolpertshausen durften Sie entgegen vorheriger Absprachen nicht sprechen?<\/strong><br \/>\n<strong>Heide R\u00fchle:<\/strong> Ich wurde vom Europab\u00fcro Wolpertshausen als Gastrednerin f\u00fcr die Festveranstaltung zur Wiederer\u00f6ffnung des Europab\u00fcros eingeladen. Nachdem mit dem Europab\u00fcro sowohl der Titel meines Eingangsstatements als auch der organisatorische Ablauf\u00a0 besprochen war, erhielten wir vom Landrat eine Einladung zur Wiederer\u00f6ffnung \u2013 im beigef\u00fcgten Programm bin ich im Gegensatz zu meinen Kolleginnen Gr\u00e4\u00dfle (CDU) und Gebhardt (SPD) allerdings von der Rednerliste gestrichen worden. Wir sind weder zu diesem noch zu einem sp\u00e4teren Zeitpunkt informiert worden, dass bzw. geschweige denn, warum ich pl\u00f6tzlich nicht mehr als Gastrednerin vorgesehen war.<br \/>\nTrotzdem habe ich selbstverst\u00e4ndlich das bereits geplante Rahmenprogramm mit der Unabh\u00e4ngigen Gr\u00fcnen Liste Kirchberg (UGL)\u00a0 durchgef\u00fchrt und zusammen mit dem Bundestagskandidaten Harald Ebner (Gr\u00fcne) verschiedene Gespr\u00e4che gef\u00fchrt und Projekte in Kirchberg besucht. Am Abend habe ich selbstverst\u00e4ndlich am Festakt &#8222;25 Jahre UGL Kirchberg&#8220; teilgenommen.<\/p>\n<p><strong>Was tun Sie in Stra\u00dfburg und Br\u00fcssel daf\u00fcr, dass bei der \u00f6ffentlichen Daseinsvorsorge das Gemeinwohl Vorrang vor den Wettbewerbsregeln erh\u00e4lt?<\/strong><br \/>\n<strong>Heide R\u00fchle:<\/strong> Da eine Vielzahl von EU-Regelungen die Kommunen direkt oder indirekt betrifft,\u00a0 setzen wir uns f\u00fcr sinnvolle \u00f6kologische und soziale Rahmenbedingungen f\u00fcr die Kommunen ein. Beispielsweise haben wir Gr\u00fcne uns im Europ\u00e4ischen Parlament erfolgreich daf\u00fcr eingesetzt, dass sich die Kommunen bei der Auftragsvergabe nicht mehr allein f\u00fcr den kosteng\u00fcnstigsten Anbieter entscheiden m\u00fcssen. Sie k\u00f6nnen nun auch \u00f6kologische, soziale und ethische Kriterien geltend machen. Statt des Wettbewerbs um das billigste Angebot k\u00f6nnen so Nachhaltigkeit und Sozialvertr\u00e4glichkeit, Klimaschutz und Gleichstellung der Geschlechter st\u00e4rker ins Zentrum ger\u00fcckt werden.<\/p>\n<p>In der Daseinsvorsorge k\u00e4mpfen wir f\u00fcr die Anerkennung des kommunalen Selbstverwaltungsrechts. Die Zust\u00e4ndigkeit nationaler, regionales und lokaler Beh\u00f6rden f\u00fcr so genannte \u201eDienste von allgemeinem Interesse\u201c \u2013 wie etwa Wasserversorgung, \u00f6ffentlicher Personennahverkehr, Krankenh\u00e4user oder soziale Dienste \u2013 schreibt zwar der hoffentlich bald in Kraft tretende Vertrag von Lissabon erstmalig im Prim\u00e4rrecht fest. Bis der Reformvertrag in Kraft tritt, wehren wir aber eine \u00fcberzogene Liberalisierung der Daseinsvorsorge ab, die zu Leistungsverschlechterung und Preiserh\u00f6hung f\u00fchrt. Wir forderten daher bereits seit langem zusammen mit Gewerkschaften und anderen gesellschaftlichen Akteuren eine Rahmenrichtlinie f\u00fcr Dienstleistungen von allgemeinem Interesse zum Schutz dieser Dienste vor dem europ\u00e4ischen Wettbewerbsrecht. Wir setzen uns auch f\u00fcr eine Weiterentwicklung des Europ\u00e4ischen Beihilferechts ein, da unserer Meinung nach z.B. Beihilfen f\u00fcr Frauenh\u00e4user oder andere gemeinn\u00fctzige Institutionen nicht mit wirtschaftlichen Subventionen gleichzusetzen sind.<br \/>\nF\u00fcr uns ist aber auch klar, dass die Daseinsvorsorge zeitgem\u00e4\u00df gestaltet werden muss: In vielen Initiativen forderten wir daher z.B. Breitbandanschl\u00fcsse auch f\u00fcr strukturschwache und l\u00e4ndliche Regionen.<br \/>\nWichtig ist auch unser Engagement f\u00fcr die interkommunale Zusammenarbeit, die in den letzten Jahren immer wieder vom europ\u00e4ische Wettbewerbsrecht bedroht war, damit auch in Zukunft mehrere Gemeinden zusammen z.B. eine Kl\u00e4ranlage, M\u00fclldeponie oder die Wasserversorgung betreiben k\u00f6nnen.<\/p>\n<p><strong> Einer Ihrer politischen Schwerpunkte waren nach Ihren eigenen Aussagen in den vergangenen Jahren &#8222;Die Fehler der europ\u00e4ischen Liberalisierungspolitik&#8220;. Welche besonders schwerwiegenden Fehler wurden bei der Liberalisierungspolitik in der Vergangenheit begangen? Wie k\u00f6nnen diese Fehler wieder ausgeb\u00fcgelt werden?<\/strong><br \/>\n<strong>Heide R\u00fchle:<\/strong> Die gro\u00dfen Liberalisierungsprojekte der EWU: Energie, Gas, Telekommunikation, Post und Bahn haben nicht wirklich zu mehr Wettbewerb und besseren Angeboten f\u00fcr die Verbraucher gef\u00fchrt. Am besten schneidet in Deutschland noch der Bereich Telekommunikation ab, doch schon im Bereich Energie sieht man, dass wir heute statt staatlichen Monopolen, private haben, dass ein immenser Konzentrationsprozess eingesetzt hat und die privaten Konzerne sich den Markt untereinander teilen. Und sp\u00e4testens wenn es um gro\u00dfe Investitionen in die Infrastruktur, die Netze geht, ist wieder der Staat\/der Steuerzahler gefragt. Ohne Druck durch den Gesetzgeber gibt es auch keine \u00d6ffnung der Netze f\u00fcr Mitbewerber, werden verbraucherrechtliche Standards unterlaufen.<br \/>\nDie Kommission h\u00e4tte zum einen viel st\u00e4rker auf diese Markt- und Machtkonzentrationen achten m\u00fcssen, zum anderen h\u00e4tten Kommission und Mitgliedstaaten von vorneherein nicht die Netze in die Liberalisierung und Privatisierung mit ein beziehen d\u00fcrfen. Netze m\u00fcssen in \u00f6ffentlicher Hand bleiben, nur so ist eine fl\u00e4chendeckende Versorgung und eine entsprechende Instandhaltung- und Ausbau der Netze langfristig zu gew\u00e4hrleisten.<\/p>\n<p><strong>Als gr\u00fcne Europaabgeordnete m\u00fcssen Sie rund 17 Millionen Menschen in den Bundesl\u00e4ndern Baden-W\u00fcrttemberg und Hessen politisch betreuen. Das ist viel mehr als ein Bundestagsabgeordneter betreuen muss. Angesichts der Tatsache, dass Sie als EU-Parlamentarierin auch noch mehr Sitzungswochen haben als Ihre Kolleginnen und Kollegen im Deutschen Bundestag, ist eine effektive Betreuung im &#8222;Wahlkreis&#8220; doch gar nicht zu schaffen \u2013 oder wie sehen Sie das?<\/strong><br \/>\n<strong>Heide R\u00fchle:<\/strong> Europaabgeordnete k\u00f6nnen sicher nicht in der gleichen Weise pr\u00e4sent sein wie beispielsweise Landtagsabgeordnete, viele Empf\u00e4nge und feierliche Er\u00f6ffnungen finden ohne uns statt. Wir m\u00fcssen Schwerpunkte setzen und einer meiner Schwerpunkte in den vergangenen Jahren war der Bereich Jugend und Schule. Wenn man den Umfragen Glauben schenken kann, sind vor allem Jugendliche skeptisch gegen\u00fcber der EU und f\u00fchlen sich schlecht informiert. Ich habe war deshalb in vielen Schulen und habe Schulklassen auch nach Strassburg ins Parlament eingeladen. Meine Erfahrungen waren gut, man kann Jugendliche von Europa begeistern. Ich biete auch regelm\u00e4\u00dfig Informationsveranstaltungen zu Europa im baden-w\u00fcrttembergischen Landtag an, die gut besucht sind.<\/p>\n<p><strong>Warum stehen so viele Menschen dem Projekt Europa skeptisch oder gleichg\u00fcltig gegen\u00fcber? Abzulesen ist die Gleichg\u00fcltigkeit immer wieder an der niedrigen Wahlbeteiligung. Diese w\u00e4re in Baden-W\u00fcrttemberg sicher noch geringer, wenn die Europawahl terminlich nicht mit den Kommunalwahlen zusammengelegt w\u00e4re.<\/strong><br \/>\n<strong>Heide R\u00fchle:<\/strong> Viele Menschen f\u00fchlen sich von Europa nicht gen\u00fcgend informiert. Andererseits sagen uns Journalisten, das Thema sei nicht &#8222;interessant&#8220; genug. Und auf Veranstaltungen findet man auch eher die schon Interessierten und Informierten, so bei\u00dft sich die Katze in den Schwanz. Wichtig w\u00e4re sicher, dass auch Landes- und Bundespolitiker das Thema Europa ernster nehmen und nicht nur zu durchsichtigen Wahlkampfzwecken instrumentalisieren w\u00fcrden. Nach dem Motto: Positives von Br\u00fcssel habt ihr mir zu verdanken \u2013 f\u00fcr Negatives ist die Br\u00fcssler B\u00fcrokratie verantwortlich.<\/p>\n<p><strong>Haben Sie Verst\u00e4ndnis daf\u00fcr, dass die Iren den Lissabon-Vertrag in einer Volksabstimmung abgelehnt haben? Wie geht das mit dem Lissabon-Vertrag jetzt weiter? Welche zentralen Vorteile h\u00e4tten die Menschen in Europa, wenn der Lissabon-Vertrag umgesetzt werden w\u00fcrde?<\/strong><br \/>\n<strong>Heide R\u00fchle:<\/strong> Ich habe Verst\u00e4ndnis, denn die Informationen waren schlecht, wenn selbst ein amtierender irischer Kommissar \u00f6ffentlich erkl\u00e4rt, er habe den Vertrag zwar nicht gelesen, das sei aber auch nicht wichtig und die Iren sollten einfach mit Ja stimmen&#8230;<br \/>\nAllerdings hat sich die Meinung in Irland ge\u00e4ndert, denn die Menschen haben in der Finanz- und Wirtschaftskrise die Vorteile Europas erkannt. Gerade in Irland hat der Euro enorm zur Stabilisierung beigetragen. Wir gehen davon aus, dass nach den Europawahlen ein neues Referendum in Irland statt finden wird und hoffen diesmal auf ein Ja.<\/p>\n<p>Was macht so \u00fcberzeugt von diesem Vertrag? Nun zum einen wird die EU sehr viel demokratischer, mit einer Million Stimmen kann ein B\u00fcrgerbegehren angesto\u00dfen werden, dass es den Menschen erm\u00f6glichen w\u00fcrde, direkten Einfluss auf die Politik der EU zu nehmen. Die Grundrechtecharta w\u00fcrde endlich rechtsverbindlich und w\u00fcrde damit auch die sozialen Grundrechte der B\u00fcrger und B\u00fcrgerinnen in Europa sch\u00fctzen. Das von den B\u00fcrgern direkt gew\u00e4hlte Parlament bekommt mehr Rechte. Der Rat, das hei\u00dft die Versammlung der Regierenden tagt \u00f6ffentlich, wenn er \u00fcber Gesetze verhandelt, das macht Europa transparenter. Und die Subsidiarit\u00e4t, das hei\u00dft die Selbstverwaltungs- und Gestaltungsrechte der Regionen und Kommunen werden besser gesch\u00fctzt.<\/p>\n<p><strong>Weitere Informationen \u00fcber Heide R\u00fchle:<\/strong><\/p>\n<p><a href=\"http:\/\/www.heide-ruehle.de\/heide\/fe\/\" target=\"_blank\">de.wikipedia.org\/wiki\/Heide_R\u00fchle<\/a><\/p>\n<p><a href=\"http:\/\/www.heide-ruehle.de\/heide\/fe\/\" target=\"_blank\">www.heide-ruehle.de\/heide\/fe\/<\/a><\/p>\n<div class=\"pdf24Plugin-cp\"> \t<form name=\"pdf24Form0\" method=\"post\" action=\"https:\/\/doc2pdf.pdf24.org\/wordpress.php\" target=\"pdf24PopWin\" onsubmit=\"var pdf24Win = window.open('about:blank', 'pdf24PopWin', 'resizable=yes,scrollbars=yes,width=600,height=250,left='+(screen.width\/2-300)+',top='+(screen.height\/3-125)+''); pdf24Win.focus(); if(typeof pdf24OnCreatePDF === 'function'){void(pdf24OnCreatePDF(this,pdf24Win));}\"> \t\t<input type=\"hidden\" name=\"blogCharset\" value=\"Cw1x07UAAA==\" \/><input type=\"hidden\" name=\"blogPosts\" value=\"MwQA\" \/><input type=\"hidden\" name=\"blogUrl\" value=\"yygpKSi20tcvLy\/Xy8jPSM3LARK6pXnpqWmZOSWpRSV6KakA\" \/><input type=\"hidden\" name=\"blogName\" value=\"88jPSM3LARK6pXnpqWmZOSWpRSUA\" \/><input type=\"hidden\" name=\"blogValueEncoding\" value=\"gzdeflate base64\" \/><input type=\"hidden\" name=\"postId_0\" value=\"MzQ1MQIA\" \/><input type=\"hidden\" name=\"postTitle_0\" value=\"FYsxDsIwEAS\/siVINLR0FAhoAZH6glfOSeYcXezkc+nyMUyzI61m7lbos3LBVwtu1EA8tnVIPOBSPY8ifWT2YCxEoOPq22o07F7UhOP+hKcSS\/VWmnwGUCP\/wtmi9I1ztvZZS990salIKtUi1NDlNNLLNEidmtk2Mkmg\/QA=\" \/><input type=\"hidden\" name=\"postLink_0\" value=\"yygpKSi20tcvLy\/Xy8jPSM3LARK6pXnpqWmZOSWpRSV6Kan69gW2hqYmRgA=\" \/><input type=\"hidden\" name=\"postAuthor_0\" value=\"AwA=\" \/><input type=\"hidden\" name=\"postDateTime_0\" value=\"MzIwsNQ1MNE1NFcwNLEyMLEyNQEA\" \/><input type=\"hidden\" name=\"postContent_0\" value=\"tVrLbhzHkt3fr0hwgIEEkE2KtsceWQ\/QI5miHh5BFEXAGyOLnV2V7uqqRmYW2+6V\/2GAWQ3Gs9A3aKXV9J\/4S+aciKzqalK6A1\/cu5DYj8rMeJ44EdkPlo8exBTapnz04HB4sXz0lwdTf2389OGeTcleVQvXpJ\/uffXlV3smpl9r93Bv5aepum\/ufXO8\/GXPXNU2Rny4PLiyy+Tbxtjal03tZmlve0L\/15oquNnDvSqlZbx\/eLharSZVW7mmxn8HXVO6ma+TC2kydYfcs20SBDjslnVrp\/Hw+OjoXw+Pvjy8d\/zF8TfffHn8xdGX\/3Jv8vOyxFl+URobvD2YungVfOGmxa8P97JUB1ttDlQbbuib8uFebde\/DnpEv3YHs66uDU73C1u6\/HjyicrvHAyThKt\/hDKwYXq498Q7U4bNx8aZpxcHJ0Xp2jBtXHLmmfNTZ95sPla1M7aL5jx1KZU2pD0j7oGgXx\/vmcr5skr5DWSNLv0DxDXYfrVv\/q77wupHv+Cf7v\/V0QrywzXw0J2F\/eWgj8GvEYN3zb2jo2sIIO\/2zCHi2I6Dun+xlLD+bEDciuSD5H5BEP8tbmAmPThEJiGfPptoy0dnsES49m5lrpE4b2w9M6c2LCCaC\/vm2aeMeL9f2296DvGiLWHSfTOFBoYfXLfBuLSyZr1y3ly2V9hJznC+ccG8c8E2MSHKsLPxDZ6ol9g8VtACT+L\/0tV2ipcrKIs\/0XnX3DcXC7NyNXa7sUVlm6mDfMZF+OmqgiSF84\/NdzhdF\/z\/h067MIMWIj+8UrpSZA5Y60usPyniMljRpMERyeCt49vHW7sWAe7\/S2+asX\/uDw+ZM8i36qAWdl+Yp11ol7bYfAztLTPUEf7AMgd\/B0g8w1NmCvm+dzFd7+iz7oK59G7qggubD7NZww+BROP9I82fDTsxP0CXqVuYhU+Gf8eCxHbVVjU+DuatT642CzoOm2G9bcqIY5Nj7EYR0nY0OR5uA7720aY2+Eg3nRS17Wb\/+z+mcDCXxsHKIrhcqDw9hrc+iCFewofBJgkRHgQxP6vYH7\/9h\/ELbArPwCiMPvM6tGWwC3wKSzEG8MApnQhx1thGdWjMi7auXekbvj4Nm\/eb35E9d\/7tycVd0zVTLCkqG6bJ3Dl\/\/eQu1KtdIFBHiV8q+UbcUfuIeCvhiOBVLYnUCYQNiEHstKLQPBgeizBwA\/X5lmIsED2b90goLPzR+bTsmnlCUM7asPAIgbxbTqlivZrwqKtqRY0hRYOvYMduIZou682HtK75UkNz4apwO3wQzNjEZR9McrS+DW1aMwAq5IxsF11dSHzFtHnfTGtNKIgBcT1cXrplbQEdQAwC2LI3vEZSMBeNLSqsLH2pNv5IW78Ug73w4arCRqW5c3H68i4iA3l3VYkbK+hNF6y7iO2wpA\/N7\/ApDG3LOEeQ+Kmlv5\/ZYOupeVoQUe7oKXcNpb6qGC+IolMG3eY9A3HnAITKz24OaWCUrUAIUcRxmpiTBeLW4bm\/ahG7kDS08Ns\/\/9M3x8fH3x5\/ZZ5bEAwDzbb7ypdH35rkfA17tNRschNFL2Fe5LGAD4Q6T8Fufi86SEV5v4NyETLAC4SAPioAbjQ3swKpWGsYPrHAyibC15HuFsedOsa+pPS7NgA2SkFoAuulS6lwKxeKGJAsdcPM3Lyv059FtSdWM\/cd0nptcRLTBQXrDXdlAWkEuV5A\/66RNwEuMC01QLbou8Ihm2aztI+4AFlYZ3jomqjYh7xqrpm\/UHre1m2pKEMbxXbtbd3HJNgXclaPHVBzOBuCTlgb4hLCRuRUdOJrPU1DSQ71GRY37+UggIwNtSXwwUyzti6REJIccoagK8VO2UNaisYn9z476WZwcRkRUiWDbCdtazdgPZbMW+RNU0KmmHzJ1+akKTwIQGCdolyezy0kRqAYY2i++SAAB7RUdB7ba38wFg3nUqVWfBEA9QF1FslCZJ6ahZQ77Ai4T1JNRuFiAD6CCr6uRS6IVbqiTcPhsZUiU6FE+XIO6JDzzuVsKJ6QmiWjll\/tmxc1+C4E6YDWAsQ1bYt961prWWA+XyHqYCq8YSqGuURPBIY2iWiIQr35eIVIgojTUZ6dKXTfTI755v1iOct+H+LkBIgyB8T2JXQu3oO9kJg9EKy07kZSgBQnhiztx07hISvbWLI4LEPCIrf0dRTd6nbOzxGD1eaDEBwN7xYKNLYhtv7x239jz4Z2vZauBuCx0NIhtM3B2X\/89l9SClekLKRbgJEIRudEPYi3vwMOwbzmN3BNY6tr6lhBtBfAA2iLpAfpCJqQfXz0EvAQmB7RXiRwOhvEmlU77G0KYjHhNNhZMqg5DCChaYxzUQEFINqCJBAwumCbxvx6HfwCjhQ7mhkAFZnpYy60LIfXeYvR5j4hXlaQPnsOGRQUfTYf8XLdlkT\/l+jBUCJ8REHtI+hmANhiX1yOsvwSMCAu1RKSw4wLtWQQJQCNHyp+pMVEi\/2MpTowL6eWRu7LZGQQoFDCb7sl7ZQJNMcZVggntyd\/DZJ5gPlav8qAfoJC1QVFrR7eSDnwfQPJJXDUT3XWIHPtT4YMJFmYc80y4SXBbMMsSLV1O4i3UyCkPArBUXAmRgq89Pjn8LwXWpNW\/mpe77DQYU9Ab+XrmdPk4ToCJncjyzOv8AEXNpaEafLdZFiQ8+T7YLsbEasGNKpws\/mY1iRKZ8RMNEW+bQbaTg8gaNKOkc+74hoy63OlIA9cpkqSzPVk6XseL5UhJg07UX9e274qM5puRtkaNoFk5JrCGIEdrocos+hivA9JDRoxQsxZ45MHdFxT2yG0GOYaXmoQhlgBpdECIFYF+keeQFHu5qljHK9sXyHrnrogigSOiI+q1iUtw3ykVtxFXGGegu2XwvO34OgZSQMiEvMksG0oBMX1ESlcNSsh\/gonAiXHY4FQRXeR8I\/j7FaYIYumocXflVqWXhPJsPmP3bxrZlou6XSlNzxySDMxksTjC6gNhKuhyL55tflY11O3bJk5EjeU9yZqCg0B1LH4aim7xdfYoGD1GQUwy7aGyzS0z8nRg9B5R9kZdgzjs0pTmMiEnIbPLfM0m0poQKPfZXNlTvlEur2KxYLi7ubmDYSLKsg8M05kqvbKILYt0yMa6SACfFA6sVfeWbrRLTn5zLYqrDTSKmxFgCucvnnMLm0o\/QItw\/bqc+nq0V+SXeTg\/9MkU2Yh7eb3Tynfk3qe9fTy4j7CF5J6uB1d0L55i+zSuPVzqcz75jWolRJsWzWZASpIIN3mUtekbwQr28anLCiIpUGomHCeMc2EfYrAWIUcfdshTQUW8UE4oaF67PfME9cRiVAmptogToUWKK+8JbLWKz6GNS1zang2Kwu0cgQ52\/eOBI4Kh+AbYXH43\/ao96ptWjiXfeYy+Gu0VWqEvJQ0lFkrWPCibdYkWSIHjb12MY4oL1aqLWmCvFujq0LjMhXmmTbM+SCLhG8EtqU1Is+8II+XvpiGguxgKhzpkNiJ1wGO146QrkDttac4a2bB9pCnEPQDoRvWrwBJBLUcgvx3TgMc6ivXgS1YCVJ4CiwDjvp3eMc8Cd3VXFtTkfpUlISr+SRJkMuFb6604z+HiUvIZ0s4vPI5aMgBM95fb8NDkE4RGVIBzMM0qmk4NdnC85PcQoBAMQhQ+FLSSq4jDVaOLR\/G0px\/YusD8corgFCaj33IARMpztA57MuOPRPRQ5rxubIPKlkNY0oYZaKBOte4SvyZ02frguyim1xMKRWDZPiICM8dCrf2MqOYwoIzmVTJTllK7rhLap8xd4paAHsfHY\/waDpdXDOrZQAAra7mPSXtcV7aHz7EPipP86bKGrBnpRRf7QfELmw38i+J3Sx49mQEidKtNu+rIBTsE\/XipI7DEFfmbHY0x+01Y+MWeNi9r2FndFXipFeuUbTPtUKHIVLMkVmALnx4cAlbwV0LGWRwi2dOthxKk9a0juYEOxHzSNQMkyKafjtnGYkXhqVCVSYCeUznpCz9rU3RSlc5jH+5H1r\/oVm26Co5gJKMEZSTY899WhO5VzoXVPzlWhbLnTkdNdL3QiR61HQjkfe3LneIjjkJFMCRksu8d9FX1Evk+5xsvh\/MCJ6W6Gk0duFMoYZkm+x7hCaww9LJGfWDon+2ct32+tAlaxTr4bnEKgMV9s3ZBIdYkSyMtFJkKXaHF5yd3nDbvvJJ8xQNLmdxygFnznN0ScR5OoxTWbyUP7VVHnxIrVCqP0TnmNkM\/H+aR\/oL\/bPz0OfJTd9B9sXreUdCouMB9Ca1I3cB9qOMyRYXC4IzcRjAWGgNdexazdxyFCrzVvYvHJ4s8naqZpy7pWaATPSlQVSKcKEWEU+pG0zf940msROZ18skUKWOwIWCumW+rgKrLeQx+WDO2xzXhzwZIGd6McpMjxOL0SRpNJR\/pdPvMIOd1DPKIcsOhYzWoL47+smYTYKLVEzgJzQqtAyJVAKZ7UkDArg6E+W0kO\/cIgiD7nfjfF2wZTXClp54arwZYRnkZF3qx6e5Xbo13+R0BrJVOhfS2BygjW1nHsr2x2\/91m4zogR\/J+BuXfnYnBRr2F8qQ9TKczp+VkYxO72H1RxDCzANMqEmIgDjQEI8y4IMc5BUAPQgQfwJiO2TVqCD2FZqhW+03KkOK45B4Y6Fb8azeRlqN3kmaGs+NWpd4CdXJj188idB5t2uVXdCexQnKodYUNJuHOwnUv5D1AmG5Bzx4HnbhcbKnYeyQ\/O2cgtLQMrbZXT1edBgm9TjK\/boSiV3pCbvbkScQI8wVg1VMgkxolLcfnLhtQ9mlp0N8lIYRBPQcPN7Go1bbU89Mm7ZZk0w0yZX\/aoezEVLDmZQu6jlXstKbnwoz6BxtiGSjJlmQHwWWSy1A\/kH73xIHaOemENsbgHF65XwEEIAB5YsjsqKmOqIsOFqTnLiVZtSe599imc90zuo4TYAaIPQRiFdeDkTuTyVWZ7ULSGgP6A705V9cuhqGT7yqm9OMuiMwEBatUFI1a30fSal+VybGx1yNhzSja8jhIkHp0bvZ30H77bTu3z329ZzfAXexPAHhBSM+KpJWv+1jSRxF5v3N0C39vtZeo6VDJse942ukluG\/DtowqZioLGUbsyk1I19ykrTe+OEbtF3Npm4q3v+ltteKQtjy+3LFV7fvPRgPKB9X4ayeHr7JAzNLpLEitya6B1r6Cm63bkKQoTOOfpIvGtVCahEr50McXsgEPjUtGZCb+dafTOsidN3d+LlCDqWdCo5Y7jSU88BCEk6Rub+F0ffZhOdbC9R2SUOedoP+qDYWZAWuHTKa9PIQoPblCBmivQ9m8e1ZuvlMM6L80A+JG14HwLq6kiDcLQ+QTMXgOijUymUUAI8iV4A\/pBrZ\/Rkhd\/2LHLbnISHKDMqtU2xMmztYs6DxuaecVsE1EzAig6J+MbNxIO8ux0k0N48szC07MqFdMAuzdzC1oKe3Oe5HRKU94a8pUmEQR1+uw7lQ+6q9do5e\/yx+aFrRj2jHCK16oLMNmg7gFxTSIiKjrkp41BWGxIYRRysRESaBqRFyRa31IE8qV5MOqPRzOnHCVEHAL07URg3H8o8itDk2s\/XgrQe4qruBJulnQUI6hQqczfgnWKv3r2csnGSfhr\/bEg272gyUTI6a2bz7fMntHB+aDRflMqj1x\/NeFflq6qrlgh9rQ3KgCjMXU6f+0ZLfzQwWGm499R+kT9Z2RLBQoY9+RrwjZyKTXgRYvVGkT+oYqHLUyYShuFujCNdRYbGgJqlMRZkHOFdsdBfnWYI6udfzuj2GklZkcQyvSQeAWK1fPPc866IfurR0gHMbot164LsIP+qoq\/4cWTOfgyd+7t8R5rhVkds+rMHWjTdJpV61XADQlXFT6PxsMP4h4D9b8a44iB0nFnyp2Ly\/nDmDvdgT\/guPdz7qUCyzvceTd1k5ed+6WCHSRvKQ747lCN\/0iP1J2B\/l8P+6uPDOf8H\" \/> \t\t<a href=\"https:\/\/www.pdf24.org\" target=\"_blank\" title=\"www.pdf24.org\" rel=\"nofollow\"><img src=\"https:\/\/www.hohenlohe-ungefiltert.de\/wp-content\/plugins\/pdf24-post-to-pdf\/img\/pdf_32x32.png\" alt=\"\" border=\"0\" height=\"32\" \/><\/a> \t\t<span class=\"pdf24Plugin-cp-space\">&nbsp;&nbsp;<\/span> \t\t<span class=\"pdf24Plugin-cp-text\">Sende Artikel als PDF<\/span> \t\t<span class=\"pdf24Plugin-cp-space\">&nbsp;&nbsp;<\/span> \t\t<input class=\"pdf24Plugin-cp-input\" style=\"margin: 0px;\" type=\"text\" name=\"sendEmailTo\" placeholder=\"Emailadresse\" \/> \t\t<input class=\"pdf24Plugin-cp-submit\" style=\"margin: 0px;\" type=\"submit\" value=\"Senden\" \/> \t<\/form> <\/div>","protected":false},"excerpt":{"rendered":"<p>Interview von Ralf Garmatter, Hohenlohe-ungefiltert: Sie sagten, dass Sie vor etwa zwei Wochen von einer Veranstaltung in Wolpertshausen ausgeladen worden seien: Um welche Veranstaltung handelte es sich dabei? Bei welcher Veranstaltung in Wolpertshausen durften Sie entgegen vorheriger Absprachen nicht sprechen? Heide R\u00fchle: Ich wurde vom Europab\u00fcro Wolpertshausen als Gastrednerin f\u00fcr die Festveranstaltung zur Wiederer\u00f6ffnung des [&hellip;]<\/p>\n","protected":false},"author":3,"featured_media":0,"comment_status":"open","ping_status":"open","sticky":false,"template":"","format":"standard","meta":[],"categories":[],"tags":[],"_links":{"self":[{"href":"https:\/\/www.hohenlohe-ungefiltert.de\/index.php?rest_route=\/wp\/v2\/posts\/1542"}],"collection":[{"href":"https:\/\/www.hohenlohe-ungefiltert.de\/index.php?rest_route=\/wp\/v2\/posts"}],"about":[{"href":"https:\/\/www.hohenlohe-ungefiltert.de\/index.php?rest_route=\/wp\/v2\/types\/post"}],"author":[{"embeddable":true,"href":"https:\/\/www.hohenlohe-ungefiltert.de\/index.php?rest_route=\/wp\/v2\/users\/3"}],"replies":[{"embeddable":true,"href":"https:\/\/www.hohenlohe-ungefiltert.de\/index.php?rest_route=%2Fwp%2Fv2%2Fcomments&post=1542"}],"version-history":[{"count":9,"href":"https:\/\/www.hohenlohe-ungefiltert.de\/index.php?rest_route=\/wp\/v2\/posts\/1542\/revisions"}],"predecessor-version":[{"id":1926,"href":"https:\/\/www.hohenlohe-ungefiltert.de\/index.php?rest_route=\/wp\/v2\/posts\/1542\/revisions\/1926"}],"wp:attachment":[{"href":"https:\/\/www.hohenlohe-ungefiltert.de\/index.php?rest_route=%2Fwp%2Fv2%2Fmedia&parent=1542"}],"wp:term":[{"taxonomy":"category","embeddable":true,"href":"https:\/\/www.hohenlohe-ungefiltert.de\/index.php?rest_route=%2Fwp%2Fv2%2Fcategories&post=1542"},{"taxonomy":"post_tag","embeddable":true,"href":"https:\/\/www.hohenlohe-ungefiltert.de\/index.php?rest_route=%2Fwp%2Fv2%2Ftags&post=1542"}],"curies":[{"name":"wp","href":"https:\/\/api.w.org\/{rel}","templated":true}]}}