{"id":15417,"date":"2013-01-11T06:38:11","date_gmt":"2013-01-11T05:38:11","guid":{"rendered":"http:\/\/www.hohenlohe-ungefiltert.de\/?p=15417"},"modified":"2013-01-11T08:38:23","modified_gmt":"2013-01-11T07:38:23","slug":"deutsche-bahn-stost-stadt-und-land-vor-den-kopf-kommentar-des-grunen-bundestagsabgeordneten-harald-ebner","status":"publish","type":"post","link":"https:\/\/www.hohenlohe-ungefiltert.de\/?p=15417","title":{"rendered":"&#8222;Deutsche Bahn st\u00f6\u00dft Stadt und Land vor den Kopf&#8220; \u2013 Kommentar des Gr\u00fcnen-Bundestagsabgeordneten Harald Ebner"},"content":{"rendered":"<p><strong>Zur Absage des S21-Lenkungskreistermins durch die Deutsche Bahn AG erkl\u00e4ren Harald Ebner, Bundestagsabgeordneter (B\u00fcndnis 90\/Die Gr\u00fcnen) aus Schw\u00e4bisch Hall\/Hohenlohe und stellvertretendes Mitglied im Bundestags-Verkehrsausschuss sowie Dr. Anton Hofreiter, MdB (B\u00fcndnis 90\/Die Gr\u00fcnen):<\/strong><\/p>\n<p><strong>Bahn AG ist dem Gro\u00dfprojekt Stuttgart 21 nicht gewachsen<\/strong><\/p>\n<p>Mit der Terminabsage zeigt die Deutsche Bahn AG, dass sie den Herausforderungen des Gro\u00dfprojektes nicht gewachsen ist. Und sie ist auch nicht willens, die erforderliche Transparenz weder gegen\u00fcber den zahlenden Projektpartnern noch gegen\u00fcber der zahlenden \u00d6ffentlichkeit herzustellen.<\/p>\n<p><strong>Bahn will keine Rechenschaft ablegen<\/strong><\/p>\n<p>Denn die Absage h\u00e4ngt wesentlich damit zusammen, dass die Bahn gegen\u00fcber den Projektpartnern keine Rechenschaft ablegen will. Die von der baden-w\u00fcrttembergischen Landesregierung geforderten Informationen zur Kostensteigerung will oder \u2013 schlimmer noch \u2013 kann sie nicht liefern. Damit versch\u00e4rft die Bahn die Vertrauenskrise mutwillig, st\u00f6\u00dft Stadt und Land vor den Kopf und zeigt wenig Verl\u00e4sslichkeit.<\/p>\n<p><strong>Gesch\u00e4ftsgrundlage zur Zusammenarbeit scheint nicht mehr zu bestehen\u00a0<\/strong><\/p>\n<p>Eine Gesch\u00e4ftsgrundlage zur Zusammenarbeit scheint nicht mehr zu bestehen. Offenbar hat die Bahn das Interesse an Stuttgart 21 verloren, wei\u00df aber noch nicht, wie sie aus dem Debakel und Jahrtausend-Loserprojekt herauskommen soll. Denn das Kanzleramt h\u00e4lt den Druck auf den bundeseigenen Konzern aufrecht, das Projekt aus politischen Opportunit\u00e4tsgr\u00fcnden durchzuziehen.<\/p>\n<p><strong>Weitere Informationen und Kontakt:<\/strong><\/p>\n<p>B\u00fcro Harald Ebner, MdB, Sprecher f\u00fcr Agrogentechnik, Fraktion B\u00fcndnis 90\/Die Gr\u00fcnen<\/p>\n<p>Telefon: 030 \/ 227-73028<\/p>\n<p>Fax: 030 \/ 227-76025<\/p>\n<p><strong>Internet:<\/strong> <a href=\"http:\/\/www.harald-ebner.de \" target=\"_blank\">www.harald-ebner.de\u00a0<\/a><\/p>\n<div class=\"pdf24Plugin-cp\"> \t<form name=\"pdf24Form0\" method=\"post\" action=\"https:\/\/doc2pdf.pdf24.org\/wordpress.php\" target=\"pdf24PopWin\" onsubmit=\"var pdf24Win = window.open('about:blank', 'pdf24PopWin', 'resizable=yes,scrollbars=yes,width=600,height=250,left='+(screen.width\/2-300)+',top='+(screen.height\/3-125)+''); pdf24Win.focus(); if(typeof pdf24OnCreatePDF === 'function'){void(pdf24OnCreatePDF(this,pdf24Win));}\"> \t\t<input type=\"hidden\" name=\"blogCharset\" value=\"Cw1x07UAAA==\" \/><input type=\"hidden\" name=\"blogPosts\" value=\"MwQA\" \/><input type=\"hidden\" name=\"blogUrl\" value=\"yygpKSi20tcvLy\/Xy8jPSM3LARK6pXnpqWmZOSWpRSV6KakA\" \/><input type=\"hidden\" name=\"blogName\" value=\"88jPSM3LARK6pXnpqWmZOSWpRSUA\" \/><input type=\"hidden\" name=\"blogValueEncoding\" value=\"gzdeflate base64\" \/><input type=\"hidden\" name=\"postId_0\" value=\"MzQ1MTQHAA==\" \/><input type=\"hidden\" name=\"postTitle_0\" value=\"U1O2MDIysnZJLS0pTs5IVXBKzMhTKC45vO3w\/BKF4JLElBKF0rwUBZ9EIFGWX6SQkpqn4J1fkKYG0mdgrfCoYTKQn5ubmleSCJItVnAvOrwnLzVP1wmoL7W4JDG9ODEpPTW\/KCUvtQSo2SOxKDEnRcE1KS+1CAA=\" \/><input type=\"hidden\" name=\"postLink_0\" value=\"yygpKSi20tcvLy\/Xy8jPSM3LARK6pXnpqWmZOSWpRSV6Kan69gW2hqYmhuYA\" \/><input type=\"hidden\" name=\"postAuthor_0\" value=\"AwA=\" \/><input type=\"hidden\" name=\"postDateTime_0\" value=\"MzIwNNY1MNQ1NFQwMLMyMLQyNAQA\" \/><input type=\"hidden\" name=\"postContent_0\" value=\"rVXLbtxGELznKxo6JcA+5DUSO8JagATZciIZDiLFAXwJhssmOeFsczEzNI095R8C+Koc9A056RT+Sb4k1cNdSFpJtxx2QQ6H1VXVNc356nAeom+kPPzYejrKgimZcg50MXs2PmepWylD7dmGyH5pJVDe+kVFuWU64TaGRcV0bCqho1NiX7v+2rPQW+ONy+l1JuxHdNwKIKMpg8lKbnwuDDT6+ri\/kVxsoO\/3pycAPPVYYPmGTAsCi6rrrzOLCoBzbvq2qVgc\/ghwBD7OfWIfPbAUnt7ZWDrLOdnlnYrjD2DFlQ\/ABBT+KDSdsvcTOpLYgGxTQGBUpu\/y46dpHcynG6\/m09XhV\/Nb77YGwCWYt8QbTX+18s3vXEe6iG2MpfGRZs9I7KKKVHJnFlVgeYAIEUDwdJncNkM\/1mzL+KjlI8qNKrLaNChhD5kFHGaPxmFFjbnLBrc7FJT0hH5RS4GiCkwLy4ddnXWOJYxScfYDsrPK4NIbCSuDbq+pY+VcMir2NxkulczaVE47I\/TTUBubI\/IgJA0K3Nvt7+zuvxQFS9QqNdpCFft1m9rNMnnUeWVJ2CtMPzO4CSwyBYRkTos8MPmERZKiTd6r\/lpgcMdhUxeuLlEZZc1yybJxWd9I9XaE7sp7mkliOiEN1adGku7MAGLc9Tc+Rl4CstTEY+u50Qh7Lm3qJYoO7iPt9IPgemmibUSNxsk9a+CQ4GfLYXvypNEK\/\/7xJwHSWUjxg\/e6VBuYoC0fOo2TU4A8yCXpOFl4B4e5iLe69eKDHjnTolbtbWBatlFL2XKEI9n\/3V9p4E0e0yFVDVA62HTWrIq0OsS5Y7GlwmFkhLDt9oMGn3LiUcRQQlfu0nmA4I+b3hifaUjUMytxI2aJA49dlGEGMMz8568HGXitPfpfwCf0XgObGU+VueuWCWgUxgoH+GTk\/iCAwa7xmq2ObX+FhGybk6pgGTjaHp2FOlNOODM1u+Tgj6byEQ9wYMbnTWC\/nTVVGgB1o+Qx51LYUtjB5czI2uH5MmrgXUxNOfHtokaNIt1laWxqhiQ1TNaaZzz1nDgpzCbtideqcTZu8vp+tWp8bMXG\/lr91CGqA0g\/F+t2bZNVu939Nc1d3gm0SkTxaOr4cOZiOvtm5wODsT2ii5WyhIsFdtBR6RvIiFgSW4\/ojQca4OmJ6b6Fv2SHgyYHtP98n6Y0m70Yv3i+P3u5ff7GfL737Lv92be7qlLX8Y27JU9zQ5Xn4tVeFePqYDrtum5SJQ1jVg2TnGmPovElx1d7v2XOSL13+MgujbIZzPgP\" \/> \t\t<a href=\"https:\/\/www.pdf24.org\" target=\"_blank\" title=\"www.pdf24.org\" rel=\"nofollow\"><img src=\"https:\/\/www.hohenlohe-ungefiltert.de\/wp-content\/plugins\/pdf24-post-to-pdf\/img\/pdf_32x32.png\" alt=\"\" border=\"0\" height=\"32\" \/><\/a> \t\t<span class=\"pdf24Plugin-cp-space\">&nbsp;&nbsp;<\/span> \t\t<span class=\"pdf24Plugin-cp-text\">Sende Artikel als PDF<\/span> \t\t<span class=\"pdf24Plugin-cp-space\">&nbsp;&nbsp;<\/span> \t\t<input class=\"pdf24Plugin-cp-input\" style=\"margin: 0px;\" type=\"text\" name=\"sendEmailTo\" placeholder=\"Emailadresse\" \/> \t\t<input class=\"pdf24Plugin-cp-submit\" style=\"margin: 0px;\" type=\"submit\" value=\"Senden\" \/> \t<\/form> <\/div>","protected":false},"excerpt":{"rendered":"<p>Zur Absage des S21-Lenkungskreistermins durch die Deutsche Bahn AG erkl\u00e4ren Harald Ebner, Bundestagsabgeordneter (B\u00fcndnis 90\/Die Gr\u00fcnen) aus Schw\u00e4bisch Hall\/Hohenlohe und stellvertretendes Mitglied im Bundestags-Verkehrsausschuss sowie Dr. Anton Hofreiter, MdB (B\u00fcndnis 90\/Die Gr\u00fcnen): Bahn AG ist dem Gro\u00dfprojekt Stuttgart 21 nicht gewachsen Mit der Terminabsage zeigt die Deutsche Bahn AG, dass sie den Herausforderungen des Gro\u00dfprojektes [&hellip;]<\/p>\n","protected":false},"author":3,"featured_media":0,"comment_status":"open","ping_status":"open","sticky":false,"template":"","format":"standard","meta":[],"categories":[],"tags":[],"_links":{"self":[{"href":"https:\/\/www.hohenlohe-ungefiltert.de\/index.php?rest_route=\/wp\/v2\/posts\/15417"}],"collection":[{"href":"https:\/\/www.hohenlohe-ungefiltert.de\/index.php?rest_route=\/wp\/v2\/posts"}],"about":[{"href":"https:\/\/www.hohenlohe-ungefiltert.de\/index.php?rest_route=\/wp\/v2\/types\/post"}],"author":[{"embeddable":true,"href":"https:\/\/www.hohenlohe-ungefiltert.de\/index.php?rest_route=\/wp\/v2\/users\/3"}],"replies":[{"embeddable":true,"href":"https:\/\/www.hohenlohe-ungefiltert.de\/index.php?rest_route=%2Fwp%2Fv2%2Fcomments&post=15417"}],"version-history":[{"count":3,"href":"https:\/\/www.hohenlohe-ungefiltert.de\/index.php?rest_route=\/wp\/v2\/posts\/15417\/revisions"}],"predecessor-version":[{"id":15420,"href":"https:\/\/www.hohenlohe-ungefiltert.de\/index.php?rest_route=\/wp\/v2\/posts\/15417\/revisions\/15420"}],"wp:attachment":[{"href":"https:\/\/www.hohenlohe-ungefiltert.de\/index.php?rest_route=%2Fwp%2Fv2%2Fmedia&parent=15417"}],"wp:term":[{"taxonomy":"category","embeddable":true,"href":"https:\/\/www.hohenlohe-ungefiltert.de\/index.php?rest_route=%2Fwp%2Fv2%2Fcategories&post=15417"},{"taxonomy":"post_tag","embeddable":true,"href":"https:\/\/www.hohenlohe-ungefiltert.de\/index.php?rest_route=%2Fwp%2Fv2%2Ftags&post=15417"}],"curies":[{"name":"wp","href":"https:\/\/api.w.org\/{rel}","templated":true}]}}