{"id":15369,"date":"2013-01-09T10:58:40","date_gmt":"2013-01-09T09:58:40","guid":{"rendered":"http:\/\/www.hohenlohe-ungefiltert.de\/?p=15369"},"modified":"2013-01-09T10:58:40","modified_gmt":"2013-01-09T09:58:40","slug":"was-ist-schlimmer-stuttgart-21-oder-die-zerlegung-und-privatisierung-der-bahn-kritischer-artikel-auf-den-nachdenkseiten","status":"publish","type":"post","link":"https:\/\/www.hohenlohe-ungefiltert.de\/?p=15369","title":{"rendered":"&#8222;Was ist schlimmer \u2013 Stuttgart 21 oder die Zerlegung und Privatisierung der Bahn?&#8220; \u2013 Kritischer Artikel auf den NachDenkSeiten"},"content":{"rendered":"<p><strong>Was ist schlimmer \u2013 Stuttgart 21 oder die Zerlegung und Privatisierung der Bahn?<\/strong><\/p>\n<p><em>Von Albrecht M\u00fcller, NachDenkSeiten<\/em><\/p>\n<p><strong>Verkehrspolitischer GAU wie Stuttgart 21<\/strong><\/p>\n<p>Stuttgart 21, werden Sie sagen, wenn Sie sich gegen dieses Wahnsinnsprojekt engagiert haben und im Raum Stuttgart leben. Wir NachDenkSeiten-Macher haben uns auch gegen das Projekt engagiert, aber wir k\u00f6nnen uns vorstellen, was die Zerschlagung der Bahn, was die Trennung von Betrieb und Netz und daraus folgend die weitere Privatisierung bedeutet. Das ist ein verkehrspolitischer GAU wie Stuttgart 21.<\/p>\n<p><strong>Verkehrsminister Winfried Hermann: \u201eDie Bahn wird zerlegt werden m\u00fcssen\u201c<\/strong><\/p>\n<p>Dank des Hinweises auf die Silvesterrede, die der Schauspieler Walter Sittler zur 154. Montagsdemo in Stuttgart hielt, bin ich auf einen Artikel in der Stuttgarter Zeitung vom 23. Dezember gesto\u00dfen. Der Artikel gr\u00fcndet auf \u00c4u\u00dferungen des baden-w\u00fcrttembergischen Verkehrsministers Winfried Hermann und des EU-Vize-Kommissionspr\u00e4sidenten und Verkehrskommissars Siim Kallas. Die \u00dcberschrift und zugleich die Hauptbotschaft ist interessant und alarmierend zugleich: \u201aVerkehrsminister Winfried Hermann: \u201eDie Bahn wird zerlegt werden m\u00fcssen\u201c\u2019.<\/p>\n<p><strong>Was hei\u00dft Zerlegung und wo endet das? (&#8230;)<\/strong><\/p>\n<p><strong>Zum Artikel auf den NachDenkseiten:<\/strong><\/p>\n<p><a href=\"http:\/\/www.nachdenkseiten.de\/?p=15677#more-15677\" target=\"_blank\">http:\/\/www.nachdenkseiten.de\/?p=15677#more-15677<\/a><\/p>\n<div class=\"pdf24Plugin-cp\"> \t<form name=\"pdf24Form0\" method=\"post\" action=\"https:\/\/doc2pdf.pdf24.org\/wordpress.php\" target=\"pdf24PopWin\" onsubmit=\"var pdf24Win = window.open('about:blank', 'pdf24PopWin', 'resizable=yes,scrollbars=yes,width=600,height=250,left='+(screen.width\/2-300)+',top='+(screen.height\/3-125)+''); pdf24Win.focus(); if(typeof pdf24OnCreatePDF === 'function'){void(pdf24OnCreatePDF(this,pdf24Win));}\"> \t\t<input type=\"hidden\" name=\"blogCharset\" value=\"Cw1x07UAAA==\" \/><input type=\"hidden\" name=\"blogPosts\" value=\"MwQA\" \/><input type=\"hidden\" name=\"blogUrl\" value=\"yygpKSi20tcvLy\/Xy8jPSM3LARK6pXnpqWmZOSWpRSV6KakA\" \/><input type=\"hidden\" name=\"blogName\" value=\"88jPSM3LARK6pXnpqWmZOSWpRSUA\" \/><input type=\"hidden\" name=\"blogValueEncoding\" value=\"gzdeflate base64\" \/><input type=\"hidden\" name=\"postId_0\" value=\"MzQ1NrMEAA==\" \/><input type=\"hidden\" name=\"postTitle_0\" value=\"HYwxCgIxEAC\/siBcramEK0SxE0S44sBuSdZkudwKm421f\/CHvsTEdmaYYbN3zo0zFuBiUHzKvK6k8H1\/YLJqFlEN3A6eodHABHfSTLFKhCoBbsovNC5M2lGPTpjkMPTxdvx\/Lsqt8Km5oxovlAHro7UCV\/TpTLJMxEbyAw==\" \/><input type=\"hidden\" name=\"postLink_0\" value=\"yygpKSi20tcvLy\/Xy8jPSM3LARK6pXnpqWmZOSWpRSV6Kan69gW2hqbGZpYA\" \/><input type=\"hidden\" name=\"postAuthor_0\" value=\"AwA=\" \/><input type=\"hidden\" name=\"postDateTime_0\" value=\"MzIwNNY1MNQ1sFQwNLAyMLQyMQAA\" \/><input type=\"hidden\" name=\"postContent_0\" value=\"rVRLahtBEN3nFIUMIQF9YieOgyPL2CjEYGxMFFvgTejRlGY66ukZums0oJUXuUFWCSbe5AxZaTc38UlSNRrZQiKQQHb9qc+r9153N+t1PbnURr2h8qA9gR\/FRicJOri\/+QoDyoki5Qh2tiEN+TTUCNfoDEa5jSC3IVw4PVWkvUYnRxJ0rGJ72O3UpbudrPeky60w6V2lFo5M4HAUE5yVc2PQNeFcjeI+2skANaHtdjjwIakucoVugrHzWWo0NxvF3Ob90SUUjGcV5UbX1csmFOhCtDDgLK8itHJi670exRAhH8qQHj0MeQyvrfWZSz\/jhABtpCKekyBWAcfJ+DqBDypPVkAY5Ls2DLVbG6x1pircy2QPKn\/syQJcrPdpAoc6HtLBpPxlbZ02TZ0nZO4EP+fVooh2KloV4fH6o+M55WrKChwjOY1Bhf8caVYtQuVU7mGcGoYTVkmFwHa4LnGAIeaE1IZ+7RrUFqZ\/qVD7T9Im2nItzhpqO2Z8IZygS5S1++zFH30uIyMJGSHMKgvSUs+knHuP9v7mdkP\/vrIT5sPDibY8j+iq8nE13kCbKUpHxwM1qyMhbjCKmYhMoxEsygikgSaS7Sx3sL37qg1nqSUV+RCTFHj4xwFjzmPdAj4UQ0kvZocxHjnSEzQSXXVZZvD6mnleaJPAzkumFWeYiPARw0vLO7FTn7fLEpEr5zZEqqqXX3KOEGHERTxeoJiSVlHOHVFVJqrUsLBOtN9gemEErvHusnWlZ9g6TZNEe69TeQTlT6+5NNXOX5abLGIU1xtofg6nyhjlGTHzWd4GlS+dHlOVNMsjg0KMsH2i8oyClDhA8b04SVtxHFezi3hllEvYd7iSK374\/l9dc3\/zbcOW8iPGqMs7WvvwipQfqLDPT\/YQnj3derPz8sXb55v\/Xb2\/5t9hqVxlPW69\/Bh89THsb+YqiB2ODxoxUbbf6RRF0bacEz7ktEPsHGYH27uv9\/a2ktRhq1o2gJSLkA4anwLD1m\/0\/rVCt6MWMH4D\" \/> \t\t<a href=\"https:\/\/www.pdf24.org\" target=\"_blank\" title=\"www.pdf24.org\" rel=\"nofollow\"><img src=\"https:\/\/www.hohenlohe-ungefiltert.de\/wp-content\/plugins\/pdf24-post-to-pdf\/img\/pdf_32x32.png\" alt=\"\" border=\"0\" height=\"32\" \/><\/a> \t\t<span class=\"pdf24Plugin-cp-space\">&nbsp;&nbsp;<\/span> \t\t<span class=\"pdf24Plugin-cp-text\">Sende Artikel als PDF<\/span> \t\t<span class=\"pdf24Plugin-cp-space\">&nbsp;&nbsp;<\/span> \t\t<input class=\"pdf24Plugin-cp-input\" style=\"margin: 0px;\" type=\"text\" name=\"sendEmailTo\" placeholder=\"Emailadresse\" \/> \t\t<input class=\"pdf24Plugin-cp-submit\" style=\"margin: 0px;\" type=\"submit\" value=\"Senden\" \/> \t<\/form> <\/div>","protected":false},"excerpt":{"rendered":"<p>Was ist schlimmer \u2013 Stuttgart 21 oder die Zerlegung und Privatisierung der Bahn? Von Albrecht M\u00fcller, NachDenkSeiten Verkehrspolitischer GAU wie Stuttgart 21 Stuttgart 21, werden Sie sagen, wenn Sie sich gegen dieses Wahnsinnsprojekt engagiert haben und im Raum Stuttgart leben. Wir NachDenkSeiten-Macher haben uns auch gegen das Projekt engagiert, aber wir k\u00f6nnen uns vorstellen, was [&hellip;]<\/p>\n","protected":false},"author":3,"featured_media":0,"comment_status":"open","ping_status":"open","sticky":false,"template":"","format":"standard","meta":[],"categories":[],"tags":[],"_links":{"self":[{"href":"https:\/\/www.hohenlohe-ungefiltert.de\/index.php?rest_route=\/wp\/v2\/posts\/15369"}],"collection":[{"href":"https:\/\/www.hohenlohe-ungefiltert.de\/index.php?rest_route=\/wp\/v2\/posts"}],"about":[{"href":"https:\/\/www.hohenlohe-ungefiltert.de\/index.php?rest_route=\/wp\/v2\/types\/post"}],"author":[{"embeddable":true,"href":"https:\/\/www.hohenlohe-ungefiltert.de\/index.php?rest_route=\/wp\/v2\/users\/3"}],"replies":[{"embeddable":true,"href":"https:\/\/www.hohenlohe-ungefiltert.de\/index.php?rest_route=%2Fwp%2Fv2%2Fcomments&post=15369"}],"version-history":[{"count":1,"href":"https:\/\/www.hohenlohe-ungefiltert.de\/index.php?rest_route=\/wp\/v2\/posts\/15369\/revisions"}],"predecessor-version":[{"id":15370,"href":"https:\/\/www.hohenlohe-ungefiltert.de\/index.php?rest_route=\/wp\/v2\/posts\/15369\/revisions\/15370"}],"wp:attachment":[{"href":"https:\/\/www.hohenlohe-ungefiltert.de\/index.php?rest_route=%2Fwp%2Fv2%2Fmedia&parent=15369"}],"wp:term":[{"taxonomy":"category","embeddable":true,"href":"https:\/\/www.hohenlohe-ungefiltert.de\/index.php?rest_route=%2Fwp%2Fv2%2Fcategories&post=15369"},{"taxonomy":"post_tag","embeddable":true,"href":"https:\/\/www.hohenlohe-ungefiltert.de\/index.php?rest_route=%2Fwp%2Fv2%2Ftags&post=15369"}],"curies":[{"name":"wp","href":"https:\/\/api.w.org\/{rel}","templated":true}]}}