{"id":15356,"date":"2013-01-06T12:26:06","date_gmt":"2013-01-06T11:26:06","guid":{"rendered":"http:\/\/www.hohenlohe-ungefiltert.de\/?p=15356"},"modified":"2013-01-06T12:26:06","modified_gmt":"2013-01-06T11:26:06","slug":"heinrich-wicker-von-der-hitlerjugend-zum-fuhrer-eines-todesmarsches-veroffentlichungen-der-initiative-gedenkstatte-konzentrationslager-schwabisch-hall-hessental","status":"publish","type":"post","link":"https:\/\/www.hohenlohe-ungefiltert.de\/?p=15356","title":{"rendered":"&#8222;Heinrich Wicker \u2013 von der Hitlerjugend zum F\u00fchrer eines Todesmarsches&#8220; \u2013 Ver\u00f6ffentlichungen der Initiative Gedenkst\u00e4tte Konzentrationslager Schw\u00e4bisch Hall-Hessental"},"content":{"rendered":"<p><strong>Drei B\u00fccher hat die KZ-Gedenkst\u00e4tten-Initiative Hessental ver\u00f6ffentlicht. Im neuesten Werk schreibt Peter Koppenh\u00f6fer \u00fcber &#8222;Heinrich Wicker \u2013 von der Hitlerjugend zum F\u00fchrer eines Todesmarsches&#8220;. Hohenlohe-ungefiltert ver\u00f6ffentlicht Informationen zu den drei B\u00fcchern.<\/strong><\/p>\n<p><em>Informationen von der Initiative Gedenkst\u00e4tte Konzentrationslager Schw\u00e4bisch Hall-Hessental<\/em><\/p>\n<p><strong>Eine der blutigsten Aktionen bei der Aufl\u00f6sung der Lager im deutschen S\u00fcdwesten<\/strong><\/p>\n<p><strong>Ver\u00f6ffentlichungen zur Geschichte des KZ Hessental, Band 3<\/strong><\/p>\n<p><strong>Peter Koppenh\u00f6fer: Heinrich Wicker \u2013 von der Hitlerjugend zum F\u00fchrer eines Todesmarsches<\/strong><\/p>\n<p>Peter Koppenh\u00f6fer, ehemaliger Lehrer und langj\u00e4hriger Mitarbeiter der KZ-Gedenkst\u00e4tte Mannheim-Sandhofen, hat die Geschichte des f\u00fcr den Hessentaler Todesmarsch verantwortlichen SS-Untersturmf\u00fchrers Heinrich Wicker in diesem Buch aufgearbeitet.<\/p>\n<p>Die R\u00e4umung des KZ-Hessental im April 1945 gilt als eine der blutigsten Aktionen bei der Aufl\u00f6sung der Lager im deutschen S\u00fcdwesten. Etwa ein Viertel der H\u00e4ftlinge starb bei diesem Marsch in die imagin\u00e4re &#8222;Alpenfestung&#8220;. Hauptverantwortlicher war Heinrich Wicker, damals 23 Jahre alt. In seiner Laufbahn war er immer als der J\u00fcngste dabei. Der Hitlerjugend trat er bei, als in Deutschland erst zirka 30 Prozent der Jugendlichen in der HJ waren. Mit 22 Jahren, seit 1944, leitete er verschiedene KZs. Schlie\u00dflich kam er als Organisator des Hessentaler Todesmarsches nach Dachau, wo er kurz darauf unter nicht ganz gekl\u00e4rten Umst\u00e4nden, denen Koppenh\u00f6fer in allen Details nachgeht, starb.<\/p>\n<p>Ohne das Verhalten der SS-Leute und der Mitglieder der Wachmannschaften w\u00e4re das Funktionieren des KZ-Systems bis in die letzten Tage des NS-Regimes nicht m\u00f6glich gewesen. Aber es ist sehr schwierig, diese Personengruppe durch Quellen n\u00e4her zu fassen. Eine Ausnahme ist Heinrich Wicker, wie diese pr\u00e4zis belegte Biographie deutlich macht.<\/p>\n<p><strong>Ver\u00f6ffentlichungen zur Geschichte des KZ Hesental, Band 2:<\/strong><\/p>\n<p><strong>Majer Blajwajs: Mein Leben w\u00e4hrend des Holocaust<\/strong><\/p>\n<p>Als die deutschen Truppen im September 1939 in Polen und in seiner Heimatstadt Radom einmarschieren, ist Majer Blajwajs elf Jahre alt. Aus einem beh\u00fcteten Leben in einer gro\u00dfen Familie mit acht Geschwistern wird er als Kind herausgerissen und muss sein Leben in Ghettos und Konzentrationslagern selbst in die Hand nehmen.<\/p>\n<p>Nur knapp entgeht er einem Transport nach Treblinka und kommt schlie\u00dflich nach Hessental. Dieses Lager ist f\u00fcr ihn so schlimm, dass er es als Todeslager bezeichnet. Kurz vor Aufl\u00f6sung des Lagers erkrankt er an Typhus. Auf dem \u201eTodesmarsch\u201c soll er zusammen mit anderen Kranken ermordet und am Wegesrand verscharrt werden. Nur mit der Hilfe von Freunden kann er dem entkommen.<\/p>\n<p>Inzwischen lebt er in Israel. Da beschlie\u00dft er mit \u00fcber 60 Jahren, seine Erinnerungen aufzusschreiben. Er stellt erschrocken fest, dass die Jugendlichen, auch die neue Generation in Israel, nicht sehr viel \u00fcber den Holocaust wissen. Deshalb erz\u00e4hlt er, was er und seine Familie durch die Nationalsozialisten erlitten haben, so dass es nicht in Vergessenheit ger\u00e4t.<\/p>\n<p><strong>Ver\u00f6ffentlichungen zur Geschichte des KZ Hessental, Band 1:<\/strong><\/p>\n<p><strong>Jacob Gutman: Die Erinnerungen eines Holocaust-\u00dcberlebenden<\/strong><\/p>\n<p>In seiner Heimatstadt Radom in Polen erlebt Jacob Gutman als knapp 17-j\u00e4hriger Junge den Einmarsch der deutschen Truppen im September 1939. Die Judenverfolgungen der deutschen Besatzer ersch\u00fcttern sein Leben und das seiner Familie aufs \u00c4u\u00dferste. Sechs leidvolle Jahre verbrachte er in Ghettos und Konzentrationslagern, darunter war auch das Lager Hessental. Er hat nur mit sehr gro\u00dfem Gl\u00fcck dieses Lager \u00fcberlebt.<\/p>\n<p>In eindringlicher Schilderung berichtet Jakob Gutman \u00fcber seine Erlebnisse in der KZ-Haft und seine Bem\u00fchungen, nach der Befreiung 1945 eine neue Grundlage f\u00fcr seine Zukunft zu schaffen. Heute lebt er mit seiner Familie in Montreal, Kanada.<\/p>\n<p><strong>Die Brosch\u00fcre KZ-Gedenkst\u00e4tte Hessental<\/strong><\/p>\n<p>In dieser Brosch\u00fcre, unserer ersten Ver\u00f6ffentlichung, finden Sie alle Texte und Bilder, die auf dem Gel\u00e4nde der Gedenkst\u00e4tte, auf Stelen oder im Waggon, ver\u00f6ffentlicht sind. So erhalten Sie einen guten \u00dcberblick \u00fcber die Geschichte des Lagers, die Bedingungen, unter denen die j\u00fcdischen Gefangenen arbeiten mussten, Opfer und Morde, den Todesmarsch und die Arbeit der Initiative.<\/p>\n<p><strong>Weitere Informationen im Internet:<\/strong><\/p>\n<p><a href=\"http:\/\/www.kz-hessental.de\/index.php\/veroeffentlichungen\/buecher\" target=\"_blank\">http:\/\/www.kz-hessental.de\/index.php\/veroeffentlichungen\/buecher<\/a><\/p>\n<p><strong>B\u00fccher bestellen:<\/strong><\/p>\n<p>Die von uns herausgegebenen B\u00fccher k\u00f6nnen Sie direkt bei uns bestellen. Sie kosten jeweils 5 Euro zuz\u00fcglich Porto. Die Brosch\u00fcre \u00fcber die Gedenkst\u00e4tte ist f\u00fcr nur 3 Euro plus Porto zu erhalten. Um zu bestellen, wenden Sie sich per E-Mail an folgende Adressen oder rufen Sie bei uns an.<\/p>\n<p>E-Mail: folker.foertsch@t-online.de oder Telefon 0791-85 75 62<\/p>\n<p>E-Mail: Marion-Urbitsch@t-online.de oder Telefon 0791-84 427<\/p>\n<div class=\"pdf24Plugin-cp\"> \t<form name=\"pdf24Form0\" method=\"post\" action=\"https:\/\/doc2pdf.pdf24.org\/wordpress.php\" target=\"pdf24PopWin\" onsubmit=\"var pdf24Win = window.open('about:blank', 'pdf24PopWin', 'resizable=yes,scrollbars=yes,width=600,height=250,left='+(screen.width\/2-300)+',top='+(screen.height\/3-125)+''); pdf24Win.focus(); if(typeof pdf24OnCreatePDF === 'function'){void(pdf24OnCreatePDF(this,pdf24Win));}\"> \t\t<input type=\"hidden\" name=\"blogCharset\" value=\"Cw1x07UAAA==\" \/><input type=\"hidden\" name=\"blogPosts\" value=\"MwQA\" \/><input type=\"hidden\" name=\"blogUrl\" value=\"yygpKSi20tcvLy\/Xy8jPSM3LARK6pXnpqWmZOSWpRSV6KakA\" \/><input type=\"hidden\" name=\"blogName\" value=\"88jPSM3LARK6pXnpqWmZOSWpRSUA\" \/><input type=\"hidden\" name=\"blogValueEncoding\" value=\"gzdeflate base64\" \/><input type=\"hidden\" name=\"postId_0\" value=\"MzQ1NjUDAA==\" \/><input type=\"hidden\" name=\"postTitle_0\" value=\"HYxBCsIwEEWvMiB0J0hXQvcacanoOibTdmw6gSSt0JV38Ao9gyt3uYkncezuw3\/vFattWZaVQuJApoUrmQ4DfJ8vGD2Dla0oOQz3oUG2MA097PKnDXKIgxHO3mLsdYimxVj8c5tq8S8Y8ruukZOT8sDiL70DUyKdaETYo0XuYspzSghHz5PQQT7P0elG4JNpH3m+kdRBaefWCmMUSLsf\" \/><input type=\"hidden\" name=\"postLink_0\" value=\"yygpKSi20tcvLy\/Xy8jPSM3LARK6pXnpqWmZOSWpRSV6Kan69gW2hqbGpmYA\" \/><input type=\"hidden\" name=\"postAuthor_0\" value=\"AwA=\" \/><input type=\"hidden\" name=\"postDateTime_0\" value=\"MzIwNNY1MNQ1MFMwNLIyMLQyMAMA\" \/><input type=\"hidden\" name=\"postContent_0\" value=\"rVhNc9tGEr3vr5jyVu2JpCzZjmNFUa1YkvVl2V5Ljqpy2RoIDWDEwYA1A4gJTznsP9hranPRb\/BJN\/yT\/JJ93QNQ\/LA3WxVfZJPA9HS\/fu9ND\/em+3uh9pXL9w89GTVuH24K8qrQtUoNqfMfh8eUkpuEur2va3LDU2dqo2tzR+qEQiBXa6vuyLefsgwfrLkp6pE6LZWjhgJWqGvyExVuCsRPavWeasQ\/r6ZTcgUW4UP7kODv3\/767c7OzncnZJxHEHVtbib4+vdf\/q3uKqdS\/P\/E1Jb8bZOTS9W8KdXr9gFhvcIaCuqqSimU2mMvChLu6XcjdVIV5Cz+DBuXU2Ys9q\/XM1anLqt8iboqh5TnDfbDnkuQuNHeVofU3tZ0\/y97QI7K\/dV1faJLIK3Ah7rdHHt6WRCszvHy5U0xa+8Tg7TVibZ2uMB1bws7LHbrdj9CrbJJYpva5ALxwaRLIEHC\/OygyWz7KaBi+fhGNjIlPjQ1w+PUZfuQzqRBm3V1n39YwYjRY2Q8SkIIRo3zCODIIxMGaqzRm2dfjLnZ\/l31tVq+senmZgNFBZXaGsbjDUmkBpGtdvlte194eXBhau0BJa\/mJNZVoC60cwWZcniJaosKEA0WkllDJ2sfvJBpgRECLqXNTNSunlVeUObOXA4\/Omwd6saXWSw3bIBkHO8WqFTjBt\/qJsupS7oe9QAcIp8P7X1TRiJwrx7ZxXw4mHpj1far5y9UDmUobYMg+1UJNlJH9UxzXPWDgfjIxta29xlqBq1UYLxj7FjTRcQmFom4OjeuvffUu8SBRUszREcCj0rXzbReg9Ormfbr4A1UqksudeeZOtPAF3WzaTkVuHgup8kSXThZLIWV+MsrOPGz9sExLIiClEfqcJ2nrG9ehqcDWYU6DiMwluXBvVVz4ydaPXuq3vuKPSGGlgAdEUwngTNOg2EEL9XOTkwZjEOyNffu+UBZ6TvxpgCACch8Zf8OIzYYa6j9jcOqiS5VV8s7n2tngq4rL+T4AkPxxGmsPMQf3QzUrOIAk8bPAYAHUlAQK8WJkSLkXOU0sWgXM+djyaJxKSfMKblV70eNsDxifGptbNwqp6IeRFIsqPyuYFbqoOBKBdpFERyI5Q2QJVFxGrWbW64+Svca4UqoFXXojBfNhEYc6HXjhNWgpAQTdVz+jMaWQcGOe\/ZZque88gocl9feXg4\/UG5KBkZqLttPuYCbExjPnTrgEw3PDRodYDN8\/s2wkckHkeI4B31gReW+ARwqbTzW\/6MhAQNcZ+riGMp0kIDi+gdNcLooScJucBrxu9hT397PUUBClnJgMzZV7vW04BcAlqRaaj6o\/5TlLzv+zu4XLf9C36KWsdW3M30bdtUFG8EbSmIzmMpppF9lqxvdhHoj0gELr0s+msuVoObYcS5pio4x3tuvnr3ipr2vGEMmhFkoGmjhlAal0lp90GlVsh1Ffkv\/B4LpaqqKbLbsD4BfzLEEsEX7wILrC8FGcZ\/cV+1v+OK1Lg1oqEpIlJGOCM6wCUYJtMqnvQrPDRJFt1E5PNRwuyX3sglBsn\/c4riguq6CPP7MJMHF2gRldMQ94cY4AmHcotFv0cyJ09OpwmLWmerO0hKYahemMM4o9ytPCdwZHsXbTaqyrJnFj04iby08AzbI3Av9UYA05OgzcNFQxZVlyc6LsqI4uHrxmTgHJTQnxHU4v9Q5u8tdtXbOdMF5\/QTJTiR5DTb8PC2awA3K8FaJAeI\/S\/71+y+\/IgNrlSgqaHi5i32BK7H0zzkW\/iVfVj6lWgqGTV5TTsEziNFTtQc2M8IrECQDyUHikGIzkpHltaeGvQ426zigpAN8GL6lLpy6+cxEJltKpAz07BSbEQOpgUUPtTzkjeKU\/M3TZfuHJxx540C8KFWYMSrsZm2xDTgPzlvLUfjr6oYL5YOz6wTzZPnQwXnF4wR\/zQM8aIvgwrHHDAed7Ymx3Rkc5zE3mXJ6EYPj0bkOKcCvEyQwh9olE3iVFhIw0LGMXi\/RB3n7t7IrOFLNDQY2GUPIW8O3EAxbiUBQdXzqnZhHDPK5kLLg4xF0wcg2+nqj7faXje5M31SJOm5qHDi7LIfV5sSJdQHQsP0VoFnWdvqZIfz0f1jXwuNkfa2WNxZVRYVvvxw+zrRnnIS06Kg3PhUPyT\/0VJE2AmAxhJBVNo8FrS4fEyaJOSubY8Me6+hICwOTE1qHvqy+4+BsUO2\/GtgmxiLCuEI3ReCJJr2DaqlzYOyceC2diWr5IzNkgvs4mfAUF2mte39a8q2jeN11naCF1dHGS3VscfubxGO1XypkZ9yX5MzNTdHsvBs6MXIZm0rnoWUvjOI+TR77FDXTixjxHAumH\/p4UMfAsqSQMZW4Cwjyg+i9\/N6YMmidt5EhXt6MwsXeKSMRbTjG+LGZNA5RMVjIQJSxQE9kfup9KEKw0iGkdFEBXWIRnGunU70hKGbI2FfSeb\/5u4FautNuEl3g9UvrB6gb30Qysd439DpQmRGjvWQKMU2u6KduDBwL9DJoMbvEg4\/JyhQqoK2kNpB3LuGSiFal8RpzrfO8As7rPxMEbAqG8gTcDaG8P8PlVN7wZ1E1Dk6wpnPFzTthPMVigmNKQZuurZGucUzmh7e4Q3XnxDFlml9il4\/XPCcjQs3r3k2zzk0v+ASTSXvlkinaQ8ADWbr2G8VGM6\/l6ktrP4oAllPODwf0ZzxQK6g0+\/5JUdfT3a2t2Ww2msyHxUJmKW1xw34aTYvpFmCtaNV+t5KGWDpPFMb+nOrvn\/wzwWVp8mT\/z0bc29IbVt3\/zpWQHI\/kNitiRvORDiYuxrOcjYy9rls+aT8515EgNZ4wkfAllpcsIo\/k6aQSHt\/igsC3nBfqqPEVdDhvH+LV4T0Gryo67ZKOlim0LKfFeMWu9SwGm1rMpxKG9d0TdIQbGH9e5IPDlxbKCbz1FFscDS9w\/eJhiv2dX1AHqResoyh8k3Vr+gr14zwTV+\/yWlxFRlmFWz5K+Hs9rBxmSEKvYpQrqCwDqE9fvtoefvtCvXyhvtlZj4LLPxg3\/OgT8\/9Eea6e77yUGP8F\" \/> \t\t<a href=\"https:\/\/www.pdf24.org\" target=\"_blank\" title=\"www.pdf24.org\" rel=\"nofollow\"><img src=\"https:\/\/www.hohenlohe-ungefiltert.de\/wp-content\/plugins\/pdf24-post-to-pdf\/img\/pdf_32x32.png\" alt=\"\" border=\"0\" height=\"32\" \/><\/a> \t\t<span class=\"pdf24Plugin-cp-space\">&nbsp;&nbsp;<\/span> \t\t<span class=\"pdf24Plugin-cp-text\">Sende Artikel als PDF<\/span> \t\t<span class=\"pdf24Plugin-cp-space\">&nbsp;&nbsp;<\/span> \t\t<input class=\"pdf24Plugin-cp-input\" style=\"margin: 0px;\" type=\"text\" name=\"sendEmailTo\" placeholder=\"Emailadresse\" \/> \t\t<input class=\"pdf24Plugin-cp-submit\" style=\"margin: 0px;\" type=\"submit\" value=\"Senden\" \/> \t<\/form> <\/div>","protected":false},"excerpt":{"rendered":"<p>Drei B\u00fccher hat die KZ-Gedenkst\u00e4tten-Initiative Hessental ver\u00f6ffentlicht. Im neuesten Werk schreibt Peter Koppenh\u00f6fer \u00fcber &#8222;Heinrich Wicker \u2013 von der Hitlerjugend zum F\u00fchrer eines Todesmarsches&#8220;. Hohenlohe-ungefiltert ver\u00f6ffentlicht Informationen zu den drei B\u00fcchern. Informationen von der Initiative Gedenkst\u00e4tte Konzentrationslager Schw\u00e4bisch Hall-Hessental Eine der blutigsten Aktionen bei der Aufl\u00f6sung der Lager im deutschen S\u00fcdwesten Ver\u00f6ffentlichungen zur Geschichte des [&hellip;]<\/p>\n","protected":false},"author":3,"featured_media":0,"comment_status":"open","ping_status":"open","sticky":false,"template":"","format":"standard","meta":[],"categories":[],"tags":[],"_links":{"self":[{"href":"https:\/\/www.hohenlohe-ungefiltert.de\/index.php?rest_route=\/wp\/v2\/posts\/15356"}],"collection":[{"href":"https:\/\/www.hohenlohe-ungefiltert.de\/index.php?rest_route=\/wp\/v2\/posts"}],"about":[{"href":"https:\/\/www.hohenlohe-ungefiltert.de\/index.php?rest_route=\/wp\/v2\/types\/post"}],"author":[{"embeddable":true,"href":"https:\/\/www.hohenlohe-ungefiltert.de\/index.php?rest_route=\/wp\/v2\/users\/3"}],"replies":[{"embeddable":true,"href":"https:\/\/www.hohenlohe-ungefiltert.de\/index.php?rest_route=%2Fwp%2Fv2%2Fcomments&post=15356"}],"version-history":[{"count":2,"href":"https:\/\/www.hohenlohe-ungefiltert.de\/index.php?rest_route=\/wp\/v2\/posts\/15356\/revisions"}],"predecessor-version":[{"id":15358,"href":"https:\/\/www.hohenlohe-ungefiltert.de\/index.php?rest_route=\/wp\/v2\/posts\/15356\/revisions\/15358"}],"wp:attachment":[{"href":"https:\/\/www.hohenlohe-ungefiltert.de\/index.php?rest_route=%2Fwp%2Fv2%2Fmedia&parent=15356"}],"wp:term":[{"taxonomy":"category","embeddable":true,"href":"https:\/\/www.hohenlohe-ungefiltert.de\/index.php?rest_route=%2Fwp%2Fv2%2Fcategories&post=15356"},{"taxonomy":"post_tag","embeddable":true,"href":"https:\/\/www.hohenlohe-ungefiltert.de\/index.php?rest_route=%2Fwp%2Fv2%2Ftags&post=15356"}],"curies":[{"name":"wp","href":"https:\/\/api.w.org\/{rel}","templated":true}]}}