{"id":15338,"date":"2013-01-06T11:43:58","date_gmt":"2013-01-06T10:43:58","guid":{"rendered":"http:\/\/www.hohenlohe-ungefiltert.de\/?p=15338"},"modified":"2013-01-06T11:43:58","modified_gmt":"2013-01-06T10:43:58","slug":"von-energieeffizienter-warme-elektrischen-haushaltsgeraten-bis-hin-zur-mobilitat-burger-beim-energie-und-klimaschutzkonzept-beteiligen","status":"publish","type":"post","link":"https:\/\/www.hohenlohe-ungefiltert.de\/?p=15338","title":{"rendered":"&#8222;Von energieeffizienter W\u00e4rme, elektrischen Haushaltsger\u00e4ten bis hin zur Mobilit\u00e4t&#8220; \u2013 B\u00fcrger beim Energie- und Klimaschutzkonzept beteiligen"},"content":{"rendered":"<p><strong>Die Stadt Schw\u00e4bisch Hall unterst\u00fctzt die Initiative der Landesregierung zur B\u00fcrger- und \u00d6ffentlichkeitsbeteiligung bei der Entwicklung eines integrierten Energie- und Klimaschutzkonzeptes. Sie ruft alle interessierten Schw\u00e4bisch Hallerinnen und Haller dazu auf, sich an dem Vorhaben der Landesregierung zu beteiligen.<\/strong><\/p>\n<p><em>Von der Stadtverwaltung Schw\u00e4bisch Hall<\/em><\/p>\n<p><strong>Wesentliche Klimaschutzziele im Gesetz verankern<\/strong><\/p>\n<p>Die baden-w\u00fcrttembergische Landesregierung will beim Klimaschutz Vorbild sein. Deshalb sollen die wesentlichen Klimaschutzziele in einem eigenst\u00e4ndigen Gesetz verankert werden. Aufbauend auf den geplanten gesetzlichen Vorgaben wurde parallel der Entwurf eines integrierten Energie- und Klimaschutzkonzeptes als zentrales Umsetzunginstrument ausgearbeitet.<\/p>\n<p><strong>B\u00fcrgerInnen k\u00f6nnen eigene Ideen einbringen<\/strong><\/p>\n<p>Da die Ma\u00dfnahmen zur Erreichung der Klimaschutzziele auch alle B\u00fcrgerinnen und B\u00fcrger in ihrem Alltag \u2013 bei der energieeffizienten W\u00e4rmebereitstellung und Nutzung von elektrischen Haushaltsger\u00e4ten bis hin zum Mobilit\u00e4tsverhalten \u2013 betreffen, k\u00f6nnen interessierte B\u00fcrgerinnen und B\u00fcrger in einem neuartigen Verfahren im Internet vom 17. Dezember 2012 bis zum 1. Februar 2013 die vorgesehenen Ma\u00dfnahmen bewerten sowie eigene Ideen und Vorschl\u00e4ge einbringen.<\/p>\n<p><strong>F\u00fcr die Teilnahme an einem B\u00fcrgertisch bewerben\u00a0<\/strong><\/p>\n<p>Das Umweltministerium wird au\u00dferdem in den vier Regierungsbezirken des Landes runde Tische anbieten, an denen jeweils etwa 25 zuf\u00e4llig ausgew\u00e4hlte B\u00fcrgerinnen und B\u00fcrger teilnehmen k\u00f6nnen. Die Auswahl der Teilnehmerinnen und Teilnehmer erfolgt nach dem Zufallsprinzip \u00fcber eine eigens damit beauftragte Agentur. Zus\u00e4tzlich k\u00f6nnen sich alle B\u00fcrgerinnen und B\u00fcrger im Internet auch f\u00fcr die Teilnahme an einem weiteren B\u00fcrgertisch bewerben.<\/p>\n<p><strong>Bewerbung und Kontakt:<\/strong><\/p>\n<p>Die Beteiligung an der Entwicklung des integrierten Energie- und Klimaschutzkonzeptes und die Bewerbung f\u00fcr den zus\u00e4tzlichen B\u00fcrgertisch ist m\u00f6glich im <strong>Internet <\/strong>unter <a href=\"http:\/\/www.beko.baden-wuerttemberg.de\" target=\"_blank\">http:\/\/www.beko.baden-wuerttemberg.de<\/a>, per Mail an poststelle@um.bwl.de oder schriftlich an:<\/p>\n<p>Ministerium f\u00fcr Umwelt, Klima und Energiewirtschaft,\u00a0 -Stichwort BEKO-, Kernerplatz 9, 70182 Stuttgart<\/p>\n<div class=\"pdf24Plugin-cp\"> \t<form name=\"pdf24Form0\" method=\"post\" action=\"https:\/\/doc2pdf.pdf24.org\/wordpress.php\" target=\"pdf24PopWin\" onsubmit=\"var pdf24Win = window.open('about:blank', 'pdf24PopWin', 'resizable=yes,scrollbars=yes,width=600,height=250,left='+(screen.width\/2-300)+',top='+(screen.height\/3-125)+''); pdf24Win.focus(); if(typeof pdf24OnCreatePDF === 'function'){void(pdf24OnCreatePDF(this,pdf24Win));}\"> \t\t<input type=\"hidden\" name=\"blogCharset\" value=\"Cw1x07UAAA==\" \/><input type=\"hidden\" name=\"blogPosts\" value=\"MwQA\" \/><input type=\"hidden\" name=\"blogUrl\" value=\"yygpKSi20tcvLy\/Xy8jPSM3LARK6pXnpqWmZOSWpRSV6KakA\" \/><input type=\"hidden\" name=\"blogName\" value=\"88jPSM3LARK6pXnpqWmZOSWpRSUA\" \/><input type=\"hidden\" name=\"blogValueEncoding\" value=\"gzdeflate base64\" \/><input type=\"hidden\" name=\"postId_0\" value=\"MzQ1NrYAAA==\" \/><input type=\"hidden\" name=\"postTitle_0\" value=\"JY0xCsJAEEWvMiCkUpBUQjpBEMRW60R\/skM2E5mdbbbyDl4hx7Dbm3gSV2z\/e7xfrXZ1XTeXWQgCHRjoe04MMShd86IT1gSP0ZTDzUHo2MbgWm9hgObFytJxIMdCKSqd5449WwHVL71t6PN80T6\/tejUgSc6\/I82FOVOJ89TW8LR0jhLwsOKZCiNAfIF\" \/><input type=\"hidden\" name=\"postLink_0\" value=\"yygpKSi20tcvLy\/Xy8jPSM3LARK6pXnpqWmZOSWpRSV6Kan69gW2hqbGxhYA\" \/><input type=\"hidden\" name=\"postAuthor_0\" value=\"AwA=\" \/><input type=\"hidden\" name=\"postDateTime_0\" value=\"MzIwNNY1MNQ1MFMwNLQyMLQytQAA\" \/><input type=\"hidden\" name=\"postContent_0\" value=\"nVbBbttGEL33KwY+y1LsokhrKEJtxGkN1y1Quw7QS7E0h9RW5FLYHZoAT\/mHAr0mB31DTj6Ff9Iv6ZslJSuSa7S9SOJyZ3bmvTdvNV3OpkF85fLZa8t0LSYVur6bN90qseFuTt+boqDaCfsg3YO0Qin2XTgr1oi9Z0rZ0w\/GpRw855Z97XJqa09n3YPP2R8iOKXuzyxjJ4W9my\/YSkhY2BY2180J25jk3Elj7xaFrrF1HMji2Nwjp7DDa\/bI3+e7LGxpUF4t7aJyLS+Fw5iuUZmvMyHUzDHacwhD\/G5T7K1zWNd0\/TOlpq3J1NmIAgol41BXSbeVn5uE3T90Sute2I2nkwHL6WQ5+2IKbLmc3VZ9aMT2nn1jCtHQ3YKmE2zeBA6J3nIYcOPtplvL2mFJ3+G9tIS0xi3Yu70KlNXEpOwOGxAiwmWiOAZNuNtMY8E16Ci3j9L+E1ukFEDKmF5zmJsioVABMhfF0DzW6J4o0kU2S3wCIoho5VL9tVu6II9HnWM6rbPE1AxewAWgc5TzsjBO4i8NGs5CZXlkpqkRSUvjlcdio6baZ\/9LSdBPoBY9IR+efin1TABkUb6vS7xAZSFn4wGWsIx3WRu0fxEFtug+xu\/YP0Yn5fjgEggQK\/uMmYjqleneOzPHaXGczr1ndK00aXt7MJtaFau6Hw5\/VPewoEzYuQcTp0UhJqe\/3v2xGT7uMeEss8gXoX7brXzJUIsOrHARB1Pz\/VhHNOgewsbRC\/FRTg4qrlUcAmh8t9IcUDfNrXZQ0lUFGVnwLwGc6z5s6GsQz+oPow1Wn83usx312nJcGy9RVrfsM4M2nY7HheZxLKi1pKOXKt82TgAdvzg6juVpaUdjesOJRw5d\/zLifw9xQWzoC6m2yEi46WUUqgbbPmNVa4MogUbRrXLeYnlPIm\/QQjznBuYRU6vf9N0M7Um0hngeRP7pwxNKUXE2XEhpnQVH3qKZxnqdnO69jlOpGOkI3QNK+nk96jDg1vpFNLUw+ACsE19003uDcYmFsYGTaIMKwu+oxGIyWBpDx18BuaxbFXC+fhpgZvPiObbUJh1HEAeewQcQOK1DY+b92N6s92zFP64RuK2KXMgZIKPd\/VpnEH1YYntrl9Q9KLeK4mA38PTSCkCElWCcc9R3inWp\/RixAWKMZrIRXm\/8z4\/Rlqzi1GXPUNmoQagYn+R03zjii\/WgXVZOzEJOnjT1s60r1Li9GzT9766nL9KYeV1E31l0oA1Uu71Ad1R2H\/MII7BZt7LBaFN9\/BdBU0OYzuzVwVxkeTKZNE0zTnhRjYdbqubNLTVO+YDE4Cx5dfBbgitgcTD7V2HTiZmNaInjrowtFJ9lFXoX42\/rcpw0BXZRpaihCW+zeH9h48ka46utkYo49JM26rGLYA2QYuAESUwmo08f6PBakKmpcKGdnV\/+dIgAxcHjBsNt982IXr44+voY\/wZqkRymFc\/7Gw==\" \/> \t\t<a href=\"https:\/\/www.pdf24.org\" target=\"_blank\" title=\"www.pdf24.org\" rel=\"nofollow\"><img src=\"https:\/\/www.hohenlohe-ungefiltert.de\/wp-content\/plugins\/pdf24-post-to-pdf\/img\/pdf_32x32.png\" alt=\"\" border=\"0\" height=\"32\" \/><\/a> \t\t<span class=\"pdf24Plugin-cp-space\">&nbsp;&nbsp;<\/span> \t\t<span class=\"pdf24Plugin-cp-text\">Sende Artikel als PDF<\/span> \t\t<span class=\"pdf24Plugin-cp-space\">&nbsp;&nbsp;<\/span> \t\t<input class=\"pdf24Plugin-cp-input\" style=\"margin: 0px;\" type=\"text\" name=\"sendEmailTo\" placeholder=\"Emailadresse\" \/> \t\t<input class=\"pdf24Plugin-cp-submit\" style=\"margin: 0px;\" type=\"submit\" value=\"Senden\" \/> \t<\/form> <\/div>","protected":false},"excerpt":{"rendered":"<p>Die Stadt Schw\u00e4bisch Hall unterst\u00fctzt die Initiative der Landesregierung zur B\u00fcrger- und \u00d6ffentlichkeitsbeteiligung bei der Entwicklung eines integrierten Energie- und Klimaschutzkonzeptes. Sie ruft alle interessierten Schw\u00e4bisch Hallerinnen und Haller dazu auf, sich an dem Vorhaben der Landesregierung zu beteiligen. Von der Stadtverwaltung Schw\u00e4bisch Hall Wesentliche Klimaschutzziele im Gesetz verankern Die baden-w\u00fcrttembergische Landesregierung will beim Klimaschutz [&hellip;]<\/p>\n","protected":false},"author":3,"featured_media":0,"comment_status":"open","ping_status":"open","sticky":false,"template":"","format":"standard","meta":[],"categories":[],"tags":[],"_links":{"self":[{"href":"https:\/\/www.hohenlohe-ungefiltert.de\/index.php?rest_route=\/wp\/v2\/posts\/15338"}],"collection":[{"href":"https:\/\/www.hohenlohe-ungefiltert.de\/index.php?rest_route=\/wp\/v2\/posts"}],"about":[{"href":"https:\/\/www.hohenlohe-ungefiltert.de\/index.php?rest_route=\/wp\/v2\/types\/post"}],"author":[{"embeddable":true,"href":"https:\/\/www.hohenlohe-ungefiltert.de\/index.php?rest_route=\/wp\/v2\/users\/3"}],"replies":[{"embeddable":true,"href":"https:\/\/www.hohenlohe-ungefiltert.de\/index.php?rest_route=%2Fwp%2Fv2%2Fcomments&post=15338"}],"version-history":[{"count":2,"href":"https:\/\/www.hohenlohe-ungefiltert.de\/index.php?rest_route=\/wp\/v2\/posts\/15338\/revisions"}],"predecessor-version":[{"id":15355,"href":"https:\/\/www.hohenlohe-ungefiltert.de\/index.php?rest_route=\/wp\/v2\/posts\/15338\/revisions\/15355"}],"wp:attachment":[{"href":"https:\/\/www.hohenlohe-ungefiltert.de\/index.php?rest_route=%2Fwp%2Fv2%2Fmedia&parent=15338"}],"wp:term":[{"taxonomy":"category","embeddable":true,"href":"https:\/\/www.hohenlohe-ungefiltert.de\/index.php?rest_route=%2Fwp%2Fv2%2Fcategories&post=15338"},{"taxonomy":"post_tag","embeddable":true,"href":"https:\/\/www.hohenlohe-ungefiltert.de\/index.php?rest_route=%2Fwp%2Fv2%2Ftags&post=15338"}],"curies":[{"name":"wp","href":"https:\/\/api.w.org\/{rel}","templated":true}]}}