{"id":15288,"date":"2012-12-21T16:26:29","date_gmt":"2012-12-21T15:26:29","guid":{"rendered":"http:\/\/www.hohenlohe-ungefiltert.de\/?p=15288"},"modified":"2012-12-26T19:31:30","modified_gmt":"2012-12-26T18:31:30","slug":"das-adelheidstift-hat-in-stuttgart-nicht-die-prioritat-wie-ich-es-mir-wunsche-sozialministerium-sagte-gesprachstermin-ab","status":"publish","type":"post","link":"https:\/\/www.hohenlohe-ungefiltert.de\/?p=15288","title":{"rendered":"&#8222;B\u00fcrgermeister Ohr: Das Adelheidstift hat in Stuttgart nicht die Priorit\u00e4t wie ich es mir w\u00fcnsche&#8220; \u2013 Sozialministerium sagte den Gespr\u00e4chstermin \u00fcber die Kirchberger Behinderten-Kureinrichtung ab"},"content":{"rendered":"<p><strong>Wegen des Erhalts der DRK-Kurklinik Adelheidstift in Kirchberg\/Jagst hatten Kirchbergs B\u00fcrgermeister Stefan Ohr und die SPD-Bundestagsabgeordnete Annette Sawade gro\u00dfe Hoffnungen in ein Gespr\u00e4ch mit Baden-W\u00fcrttembergs Sozialministerin Katrin Altpeter (SPD) gesetzt. Das f\u00fcr Donnerstag, 20. Dezember 2012, geplante Treffen wurde abgesagt.<\/strong><\/p>\n<p><em>Von Ralf Garmatter, Hohenlohe-ungefiltert<\/em><\/p>\n<p><strong>Neuer Termin wird derzeit abgesprochen<\/strong><\/p>\n<p>Als Ursache nennt die Pressestelle des Sozialministeriums einen &#8222;terminlichen Grund der Ministerin&#8220;. Auf Nachfrage von Hohenlohe-ungefiltert wollte Anna Zaoralek, Mitarbeiterin der Pressestelle, nicht sagen, welcher Termin der Ministerin wichtiger gewesen ist als die Zukunft der Kirchberger Kureinrichtung f\u00fcr behinderte Menschen und deren Angeh\u00f6rige. Der Termin sei bereits vor einer Woche abgesagt worden, so Zaoralek. Ein neuer Termin werde derzeit abgesprochen. Inhaltlich gebe es keinen neuen Sachstand. Zaoralek wies ausdr\u00fccklich darauf hin, dass es beim Thema Adelheidstift &#8222;keinerlei Entscheidungsbefugnis der Politik&#8220; gebe. \u00dcber Monate hinweg habe das Sozialminsterium wegen des Adelheidstifts Gespr\u00e4che gef\u00fchrt und das Thema begleitet.<\/p>\n<p><strong>Auch Nik Sakellariou w\u00e4re dabei gewesen<\/strong><\/p>\n<p>&#8222;Der Termin fand nicht statt&#8220;, teilte Christian Gaus, Mitarbeiter im Wahlkreisb\u00fcro von Annette Sawade (SPD) in K\u00fcnzelsau, auf Nachfrage von Hohenlohe-ungefiltert mit. Der Termin sei &#8222;diese Woche&#8220; abgesagt worden. Am Gespr\u00e4ch teilnehmen sollten laut Gaus Sozialministerin Katrin Altpeter, Bundestagsabgeordnete Annette Sawade (SPD), Kirchbergs B\u00fcrgermeister Stefan Ohr, Landtagsabgeordneter Nik Sakellariou (SPD), au\u00dferdem Vertreter des M\u00fcttergenesungswerks, des DRK und der AOK. Ein neuer Termin werde f\u00fcr Anfang 2013 geplant, so Gaus.<\/p>\n<p><strong>Keine Anlaufstelle mehr f\u00fcr Menschen in Pflegestufe 3<\/strong><\/p>\n<p>Auf Nachfrage von Hohenlohe-ungefiltert kritisiert Kirchbergs B\u00fcrgermeister Stefan Ohr: &#8222;Das Adelheidstift hat in Stuttgart nicht die Priorit\u00e4t wie ich es mir w\u00fcnsche.&#8220; Im neuen Jahr solle es aber ein Gespr\u00e4ch im Sozialministerium geben. Durch die Schlie\u00dfung des Kurheims Adelheidstift h\u00e4tten behinderte Menschen in Pflegestufe 3 in Baden-W\u00fcrttemberg, sogar in ganz S\u00fcddeutschland, keine Anlaufstelle mehr, sagt Ohr. Ein Ergebnis des Gespr\u00e4chs m\u00fcsse sein, dass die Tagess\u00e4tze f\u00fcr Kurg\u00e4ste deutlich erh\u00f6ht werden. Nur dann k\u00f6nne das Adelheidstift kostendeckend arbeiten, meint der Kirchberger B\u00fcrgermeister.<\/p>\n<p><strong>Anderen Grund f\u00fcr die Absage genannt<\/strong><\/p>\n<p>Gegen\u00fcber Kirchbergs B\u00fcrgermeister Stefan Ohr hatte das Sozialministerium Baden-W\u00fcrttemberg offensichtlich einen anderen Grund f\u00fcr die Terminabsage genannt. Die Lokalzeitung Hohenloher Tagblatt (HT) in Crailsheim zitiert in ihrer Ausgabe vom 22. Dezember 2012 den Kirchberger B\u00fcrgermeister. Im 16-zeiligen HT-Artikel hei\u00dft es unter anderem: Als Grund f\u00fcr die Absage habe das Ministerium die Erkrankung eines Mitarbeiters angegeben, der\u00a0 an dem Gespr\u00e4ch teilnehmen sollte. B\u00fcrgermeister Ohr habe sich von der der Absage &#8222;entt\u00e4uscht&#8220; gezeigt, hei\u00dft es im HT-Bericht weiter. Das Gespr\u00e4ch solle nun Anfang 2013 stattfinden, ein genauer Termin stehe aber noch nicht fest.<\/p>\n<p><strong>Weitere Informationen in Hohenlohe-ungefiltert \u00fcber das Kurheim Adelheidstift:<\/strong><\/p>\n<p>\u201cKrankenkassen m\u00fcssten mehr Kuren genehmigen und h\u00f6here Tagess\u00e4tze bezahlen\u201d \u2013 Ungewisse Zukunft des Adelheidstifts in Kirchberg\/Jagst, Kurheim f\u00fcr behinderte Menschen: Politiker und DRK antworten <a href=\"https:\/\/www.hohenlohe-ungefiltert.de\/?p=15047\" target=\"_blank\">https:\/\/www.hohenlohe-ungefiltert.de\/?p=15047<\/a><\/p>\n<p>\u201cKeine Kurklinik mehr f\u00fcr behinderte Menschen\u201d \u2013 Adelheidstift in Kirchberg\/Jagst schlie\u00dft seine T\u00fcren <a href=\"https:\/\/www.hohenlohe-ungefiltert.de\/?p=14889\" target=\"_blank\">https:\/\/www.hohenlohe-ungefiltert.de\/?p=14889<\/a><\/p>\n<p>\u201cMensch sein, hei\u00dft Herz haben und Herz zeigen\u201d \u2013 Leserbrief von Kurgast Sandy Heller zur Schlie\u00dfung des Behindertenkurheims Adelheidstift in Kirchberg\/Jagst <a href=\"https:\/\/www.hohenlohe-ungefiltert.de\/?p=14840\" target=\"_blank\">https:\/\/www.hohenlohe-ungefiltert.de\/?p=14840<\/a><\/p>\n<p>\u201cKein Herz f\u00fcr behinderte Menschen\u201d \u2013 Investor: Fehlanzeige \/ DRK-Kurheim Adelheidstift wird am 23. Oktober 2012 geschlossen <a href=\"https:\/\/www.hohenlohe-ungefiltert.de\/?p=14771\" target=\"_blank\">https:\/\/www.hohenlohe-ungefiltert.de\/?p=14771<\/a><\/p>\n<p>\u201cDRK-Haus Adelheidstift in Kirchberg\/Jagst nicht schlie\u00dfen\u201d \u2013 Offener Brief der SPD-Bundestagsabgeordneten Annette Sawade <a href=\"https:\/\/www.hohenlohe-ungefiltert.de\/?p=14736\" target=\"_blank\">https:\/\/www.hohenlohe-ungefiltert.de\/?p=14736<\/a><\/p>\n<p>\u201cGro\u00dfer Verlust f\u00fcr behinderte Menschen \u2013 Mutter-Kind-Kurheim Adelheidstift in Kirchberg\/Jagst wird geschlossen\u201d \u2013 Investor dringend gesucht <a href=\"https:\/\/www.hohenlohe-ungefiltert.de\/?p=14724\" target=\"_blank\">https:\/\/www.hohenlohe-ungefiltert.de\/?p=14724<\/a><\/p>\n<p>\u201cWichtige soziale Einrichtung f\u00fcr Eltern mit behinderten Kindern darf nicht verloren gehen\u201d \u2013 Offener Brief von Annette Sawade (SPD) zur geplanten Schlie\u00dfung des DRK-Kurheims Adelheidstift in Kirchberg\/Jagst <a href=\"https:\/\/www.hohenlohe-ungefiltert.de\/?p=14419\" target=\"_blank\">https:\/\/www.hohenlohe-ungefiltert.de\/?p=14419<\/a><\/p>\n<p>\u201cVielfalt leben \u2013 Gemeinsam f\u00fcr den Erhalt des Adelheidstifts\u201d \u2013 Offene Petition f\u00fcr Behindertenkurheim in Kirchberg\/Jagst unterschreiben <a href=\"https:\/\/www.hohenlohe-ungefiltert.de\/?p=14257\" target=\"_blank\">https:\/\/www.hohenlohe-ungefiltert.de\/?p=14257<\/a><\/p>\n<div class=\"pdf24Plugin-cp\"> \t<form name=\"pdf24Form0\" method=\"post\" action=\"https:\/\/doc2pdf.pdf24.org\/wordpress.php\" target=\"pdf24PopWin\" onsubmit=\"var pdf24Win = window.open('about:blank', 'pdf24PopWin', 'resizable=yes,scrollbars=yes,width=600,height=250,left='+(screen.width\/2-300)+',top='+(screen.height\/3-125)+''); pdf24Win.focus(); if(typeof pdf24OnCreatePDF === 'function'){void(pdf24OnCreatePDF(this,pdf24Win));}\"> \t\t<input type=\"hidden\" name=\"blogCharset\" value=\"Cw1x07UAAA==\" \/><input type=\"hidden\" name=\"blogPosts\" value=\"MwQA\" \/><input type=\"hidden\" name=\"blogUrl\" value=\"yygpKSi20tcvLy\/Xy8jPSM3LARK6pXnpqWmZOSWpRSV6KakA\" \/><input type=\"hidden\" name=\"blogName\" value=\"88jPSM3LARK6pXnpqWmZOSWpRSUA\" \/><input type=\"hidden\" name=\"blogValueEncoding\" value=\"gzdeflate base64\" \/><input type=\"hidden\" name=\"postId_0\" value=\"MzQ1srAAAA==\" \/><input type=\"hidden\" name=\"postTitle_0\" value=\"HY49CsJAEEav8oGQTpBUopVBsEihkBOs2TE7YCYyOyFg5R28gsdItzfxJG4svx94r1hty7LcV2nWjrQnjkaKc9Adji7i4OkeiH00vhmCM7CgsdGsc2oQboPBM+GiPChb+himHHMPiuhZMaVZYhuoWEibPb6vN5rhye7es\/xxPPaIrjOCJ8GJ4kPTpw3LlC9I8zUrLZCatQ05ZFNUFFg8qZGs61GJRReZUTq46w8=\" \/><input type=\"hidden\" name=\"postLink_0\" value=\"yygpKSi20tcvLy\/Xy8jPSM3LARK6pXnpqWmZOSWpRSV6Kan69gW2hqZGFhYA\" \/><input type=\"hidden\" name=\"postAuthor_0\" value=\"AwA=\" \/><input type=\"hidden\" name=\"postDateTime_0\" value=\"MzIwNNIFIiNDBUMzK0MjKyNLAA==\" \/><input type=\"hidden\" name=\"postContent_0\" value=\"tVhNb9xGEr3nVxS8wCIBRjPSSLG9iqxgFGklR5ZtRIoF5LLoEYtkg2RT6G5qsHPyf8g1gffg35CTTpl\/4l+SV03OJ0e2VkIOkkZDdnfVq\/deFbl3vb\/nvC1Nsn\/JCRuK2NGRTVXuHT5bOvzpdOO0slmujc5oEHGeso6c17EnbehU26t0yDbp\/agS5ylV3vPC144OJrc2YVuwdh77nXuOlaE3qaXKRBRppvO3hxsH+Iedxx5qmHBpI8OeaWDwB3\/P1UhFTIktJx+YTso4NpWRaBEB4+eY3bWdfLxKqdCeDnCv2bjEuVhb1FGcl2Ot8gJJSBQSuPLyZ5D7a5a4vkYU31DCjv3Yd+lQOYqxAx2WiMFKZB3qb+ICj8Oe+Ger38GC61wZhHhhOY4R0aiyiFSScCrx3b1eg+5e73r\/qz2gzcX+u9LQTyqP6VjZQgCzHSSVssnxa0Myi3WOb\/1eD3fPVjY7veYKx18AUsQ\/0jaSOo0ZiYdTr215ha1aBw9yRz9bp3CRDBvjA\/ZvLTsH4DnPOdR+BaiqcIIwEvvnP573+\/3vfDg313IGHdtQQ4RzNkM23Lf5XZcGVUyvcVxsVcJ0g5zX5kijMs\/rWiv6RZVW5Zx1sKFXdoisQrXkiMVQO2QQgSdgzKZDI84RzwyU5YCAEW7V4CCqNUKBQRswVQEPQeCXKqsMyCyLZrSVz5VF4lbWItqaDENONXhqEe4ZGxcwaBDApwGSSid\/WBwlPJmF41hjJXaDpG5KG\/C0dCllmhEFKIA3SMWVMxC6dITVZqncLOxaV+8uvTSiWqkM8hwyoZhZXTrZwkBEVyl4bKLu7ARAg7tU5SI7ub3KwtpIWYXKIdEOPjsn+6AOBV2kXKgVB2hIEc6xOfI8Ml5g0REwc0OOqwRlqMtX5trrrKFHCLFLk99ESmelUYAUR444gYUgeJw8p2LDRGQ\/dailKNxc\/\/AIRqVS0CrUBbvUYQ85yYVMoshlOQ0qJP0a3nauMlBLWV1WNJp8tBIEEp+SpiWoJveFQsPYoikxPXTd5Nohz8J1+iG1YJ6G\/R0D8yWOEwC+VGmegSZuCK6VQTErBliblLjX5NaMOXeq6pC6p85gjS1aNjlAB45rRk7rs0JMyLlYsFlJyHBaoBwuyNdQriof8vqi13boXm4fku3cq5V06BWgX9nPtqra7KgqdBEkVdA74GLDrUKqs8mteDE4xk7oC7FlqJJcQhecCp0Gb07vVGZwiYFBWIk0iO1pfwi6FnBa9DsV6WAJ4IsbGy4YzTHsNDMZHPA2zkF\/56uYabvt7vckQWYhQqfl432A3Z0yRPrhsvTR6SWsc195nyjsVxO\/biq6xDmTj14MhsRVgGGhLXR1GzLqTmn2smjc6UeFpIVLwbiU2MJyZ4dAWr0puAi4eVhZcS6ZJa7SXPPkg1i2FA4ujpCLVvCITUi7ztBXsZYv2iOFVBRpy8VEmTGdT26jiCtxPxQ86tTe2y5sh4KqgG1NoiMAP6w9csHHgNbkFt1ORDr1YUnvAtV1DsGPG64hv2TyEfuTHB4MnC2aECoRGAlwXlegtzKGsskfUFgwxWU0shIbAIarDL+psSQcCz6YdmNcJkvbT03dDevZIAQpkQ+G0qtRMINQfIu\/x2Ltk9vh4lmfmx3DnLncJWakaBeLSpnNnBC0hii0RbU+0lrQaileUAxXXpWZyqXzCrtm+rJSlWGOgOjrk4tgzz9YpXMnxKMx9CZqw7c6tWIflUukw92UBfX7KwMlwDafA1v0svV0AzHkWnrhycXGwKKrck44bfLBi3gqI2DV2RW7JIPf+mLMOu3ZAnpy\/chmVplM0hSo3GKngjjhJ0F44o32z\/\/hCxI3\/Ux76K6Wsq4hjpeiBL+KggvbaWyN77Dx8JEKqvLzyQHpJ7DUecbAGUgccJjWQHwdsBLPmsdUewueG5b8OfTpWDwA2YjhSMEXbB3BhikN3xi0x8bkYnhDi\/iX4VjGHBaXMtbr0tRust6Ja7IL+o1HLYtytyWRT+9\/O5WqsMlgB9g6WIS4WGgYMq+G8IF74IZUXJxAYlr0jSGPMWiw+fT+d\/r0\/lf6GUGNtJjNfBRuTVjtR73OLO67RuPd6czH9bOeNFH0QgwUEvSeIughfvEk9f7a7fZ6o9Gom66Dqhtx7\/vrF1vfbu48e0IgYsL+xZP\/QHIme7L\/fy3f66klPINHzx9v5513TTpTvL74DOyaHuSDewN8bPighHeeP\/\/XIxKW5SsJ17k0XaXRzwmeJoIWa8qEf0Vh84xfYTq0Q6s5DkqVnqOQ5zks5r+4H7qyNEaXWW2+BzMQ4SVr+\/Aa9B4C087mo2Da2VzDixqIL5HhpbmBF5QYlP7N0vgDcNSbvjZp67p+Ylfw\/u0uvcl8ObN+KBT4lUHaDwDh2bOtx4CA5SsgSAonMs9\/sWTNI09T\/Tk4b6TrShML1BFzv\/NVT+tR5yEIbD99FALbT1cQOA7vm6w8JuQV8rzzHYAke1bJw8PGKS7eUfk1yAUyLBR+lVYU4cEpkakMN1WC8kNw6e88Cpf+zgoul80LFfRUmb1YBtnlFyVHsoUJb+PmeEn68snIO4a4Yc0NsC3rzpXexZw7n4TFdKZv4EzLfhY0+Pf4zs7Wo+wZy1eAfac5j1XuKZfxKiBxzDKFO9W0WZkP69eza7r0Mnr0lr2WKaRe2TbjdSiE2RF0tKyHD\/Oh\/rePadKyfAbKXw==\" \/> \t\t<a href=\"https:\/\/www.pdf24.org\" target=\"_blank\" title=\"www.pdf24.org\" rel=\"nofollow\"><img src=\"https:\/\/www.hohenlohe-ungefiltert.de\/wp-content\/plugins\/pdf24-post-to-pdf\/img\/pdf_32x32.png\" alt=\"\" border=\"0\" height=\"32\" \/><\/a> \t\t<span class=\"pdf24Plugin-cp-space\">&nbsp;&nbsp;<\/span> \t\t<span class=\"pdf24Plugin-cp-text\">Sende Artikel als PDF<\/span> \t\t<span class=\"pdf24Plugin-cp-space\">&nbsp;&nbsp;<\/span> \t\t<input class=\"pdf24Plugin-cp-input\" style=\"margin: 0px;\" type=\"text\" name=\"sendEmailTo\" placeholder=\"Emailadresse\" \/> \t\t<input class=\"pdf24Plugin-cp-submit\" style=\"margin: 0px;\" type=\"submit\" value=\"Senden\" \/> \t<\/form> <\/div>","protected":false},"excerpt":{"rendered":"<p>Wegen des Erhalts der DRK-Kurklinik Adelheidstift in Kirchberg\/Jagst hatten Kirchbergs B\u00fcrgermeister Stefan Ohr und die SPD-Bundestagsabgeordnete Annette Sawade gro\u00dfe Hoffnungen in ein Gespr\u00e4ch mit Baden-W\u00fcrttembergs Sozialministerin Katrin Altpeter (SPD) gesetzt. Das f\u00fcr Donnerstag, 20. Dezember 2012, geplante Treffen wurde abgesagt. Von Ralf Garmatter, Hohenlohe-ungefiltert Neuer Termin wird derzeit abgesprochen Als Ursache nennt die Pressestelle des [&hellip;]<\/p>\n","protected":false},"author":3,"featured_media":0,"comment_status":"open","ping_status":"open","sticky":false,"template":"","format":"standard","meta":[],"categories":[],"tags":[],"_links":{"self":[{"href":"https:\/\/www.hohenlohe-ungefiltert.de\/index.php?rest_route=\/wp\/v2\/posts\/15288"}],"collection":[{"href":"https:\/\/www.hohenlohe-ungefiltert.de\/index.php?rest_route=\/wp\/v2\/posts"}],"about":[{"href":"https:\/\/www.hohenlohe-ungefiltert.de\/index.php?rest_route=\/wp\/v2\/types\/post"}],"author":[{"embeddable":true,"href":"https:\/\/www.hohenlohe-ungefiltert.de\/index.php?rest_route=\/wp\/v2\/users\/3"}],"replies":[{"embeddable":true,"href":"https:\/\/www.hohenlohe-ungefiltert.de\/index.php?rest_route=%2Fwp%2Fv2%2Fcomments&post=15288"}],"version-history":[{"count":7,"href":"https:\/\/www.hohenlohe-ungefiltert.de\/index.php?rest_route=\/wp\/v2\/posts\/15288\/revisions"}],"predecessor-version":[{"id":15297,"href":"https:\/\/www.hohenlohe-ungefiltert.de\/index.php?rest_route=\/wp\/v2\/posts\/15288\/revisions\/15297"}],"wp:attachment":[{"href":"https:\/\/www.hohenlohe-ungefiltert.de\/index.php?rest_route=%2Fwp%2Fv2%2Fmedia&parent=15288"}],"wp:term":[{"taxonomy":"category","embeddable":true,"href":"https:\/\/www.hohenlohe-ungefiltert.de\/index.php?rest_route=%2Fwp%2Fv2%2Fcategories&post=15288"},{"taxonomy":"post_tag","embeddable":true,"href":"https:\/\/www.hohenlohe-ungefiltert.de\/index.php?rest_route=%2Fwp%2Fv2%2Ftags&post=15288"}],"curies":[{"name":"wp","href":"https:\/\/api.w.org\/{rel}","templated":true}]}}