{"id":15263,"date":"2012-12-21T09:29:25","date_gmt":"2012-12-21T08:29:25","guid":{"rendered":"http:\/\/www.hohenlohe-ungefiltert.de\/?p=15263"},"modified":"2012-12-21T10:15:57","modified_gmt":"2012-12-21T09:15:57","slug":"die-privatisierung-von-wasser-ist-ein-unding-kommentar-der-europaabgeordneten-evelyne-gebhardt-spd","status":"publish","type":"post","link":"https:\/\/www.hohenlohe-ungefiltert.de\/?p=15263","title":{"rendered":"&#8222;Die Privatisierung von Wasser ist ein Unding&#8220; \u2013 Kommentar der Europaabgeordneten Evelyne Gebhardt (SPD)"},"content":{"rendered":"<p><strong>Wegen des Berichts, der am 13. Dezember 2012 in der ARD-Sendung \u201eMonitor\u201c ausgestrahlt wurde, erreichten die Europaabgeordnete Evelyne Gebhardt (SPD) aus Mulfingen einige Nachfragen. Ihre Stellungnahme dazu ist unten zu lesen.<\/strong><\/p>\n<p><em>Vom Europab\u00fcro in K\u00fcnzelsau<\/em><\/p>\n<p><strong>Stellungnahme von Evelyne Gebhardt:<\/strong><\/p>\n<p>Die Privatisierung von Wasser ist ein Unding. Wasser ist ein \u00f6ffentliches Gut. Der Zugang zu Wasser ist ein Menschenrecht. Deshalb habe ich auch keine Sekunde gez\u00f6gert, als es um meine Unterschrift f\u00fcr die europ\u00e4ische B\u00fcrgerinitiative right2water ging.<\/p>\n<p><strong>Link:<\/strong> <a href=\"http:\/\/www.right2water.eu\/de\" target=\"_blank\">http:\/\/www.right2water.eu\/de<\/a><\/p>\n<p>Ein hohes Niveau von Qualit\u00e4t, Bezahlbarkeit und Sicherheit der \u00f6ffentlichen Daseinsvorsorge und damit der Wasserversorgung ist f\u00fcr uns Sozialdemokraten und Sozialdemokratinnen im Europ\u00e4ischen Parlament von \u00e4u\u00dferster Wichtigkeit. Das bedeutet, dass wir einen sehr hohen Wert darauf legen, daf\u00fcr zu sorgen, dass die Gestaltungsfreiheit bei der Ausf\u00fchrung der Dienste von allgemeinem wirtschaftlichen Interesse weiterhin in der Hand der Kommunen und Regionen bleibt.<\/p>\n<p><strong>Strikt gegen Liberalisierung<\/strong><\/p>\n<p>Wir in der S&amp;D-Fraktion sprechen uns ausdr\u00fccklich gegen eine Liberalisierung bzw. Privatisierung dieser Dienste auch nur ansatzweise aus.<\/p>\n<p><strong>Kommunalwirtschaftliche Strukturen bei der Trinkwasserversorgung gew\u00e4hrleisten<\/strong><\/p>\n<p>Ich kann versichern, dass wir Sozialdemokraten und Sozialdemokratinnen bei den laufenden Verhandlungen alles daf\u00fcr tun werden, dass die kommunalwirtschaftlichen Strukturen bei der Trinkwasserversorgung in Deutschland gew\u00e4hrleistet bleiben. Die Autonomie \u00f6ffentlicher Einrichtungen bei der Entscheidung \u00fcber die Art der Erbringung \u00f6ffentlicher Dienstleistungen muss bestehen bleiben \u2013 und das wird sie nach bisherigem Stand der Verhandlungen auch. Ich setze mich daf\u00fcr ein, dass der Wasserbereich ausdr\u00fccklich aus dem Anwendungsbereich der Konzessionsrichtlinie herausgenommen wird. Die Ausschussabstimmungen sind f\u00fcr Mitte Januar 2013 vorgesehen.<\/p>\n<p><strong>Entscheidung liegt bei den Kommunen<\/strong><\/p>\n<p>Eines muss ich diesbez\u00fcglich jedoch klarstellen: Auf keinen Fall handelt es sich bei der Konzessionsrichtlinie um die Privatisierung von Wasser. Es liegt in der Entscheidung der Kommunen, heute schon und in Zukunft, ob sie dieses hohe Gut in ihrer Hand behalten oder in fremde H\u00e4nde geben wollen. Diese Entscheidung k\u00f6nnen und wollen wir ihnen nicht abnehmen. Entscheiden sie sich allerdings gegen jede Vernunft, das Wasser zu privatisieren, dann ist es notwendig, dass wir allgemeine Regeln zur Sicherung der Qualit\u00e4t und Bezahlbarkeit des Wassers aufstellen. In nur elf Mitgliedstaaten ist bisher dieses Sicherungssystem in Gesetzen verankert. Wir m\u00fcssen daf\u00fcr sorgen, dass auch in anderen europ\u00e4ischen L\u00e4ndern den B\u00fcrgerinnen und B\u00fcrgern eine vern\u00fcnftige Wasserversorgung zur Verf\u00fcgung gestellt wird. Negativbeispiele wie die Wasserversorgung in London d\u00fcrfen nicht zur Normalit\u00e4t werden. Das ist der Auftrag, den wir haben.<\/p>\n<p><strong>Verheerende Politik<\/strong><\/p>\n<p>Es wird au\u00dferdem die verheerende Politik angesprochen, die durch die Regierungen der Mitgliedstaaten erzwungen wird. Ich bedaure sehr, dass Frau Merkel und andere Regierungschefs die Privatisierung der Wassernetze in Portugal oder Griechenland guthei\u00dfen.<\/p>\n<p>Herzliche Gr\u00fc\u00dfe,<\/p>\n<p>Evelyne Gebhardt<\/p>\n<p><strong>Weitere Informationen und Kontakt:<\/strong><\/p>\n<p>Evelyne Gebhardt, MdEP, Europab\u00fcro, Keltergasse 47, 74653 K\u00fcnzelsau<\/p>\n<p>Telefon: 0 79 40 &#8211; 5 91 22<\/p>\n<p>Fax: 0 79 40 &#8211; 5 91 44<\/p>\n<p><strong>Internet:<\/strong><\/p>\n<p><a href=\"http:\/\/www.evelyne-gebhardt.eu\" target=\"_blank\">www.evelyne-gebhardt.eu<\/a><\/p>\n<p><strong>Link zur Fernsehsendung Monitor vom 13. Dezember 2012:<\/strong><\/p>\n<p><a href=\"http:\/\/www.wdr.de\/tv\/monitor\/sendungen\/2012\/1213\/wasser.php5\" target=\"_blank\">http:\/\/www.wdr.de\/tv\/monitor\/sendungen\/2012\/1213\/wasser.php5<\/a><\/p>\n<p><strong>Link zum Beitrag auf Youtube der Fernsehsendung Monitor vom 13. Dezember 2012:<\/strong><\/p>\n<p><a href=\"http:\/\/www.youtube.com\/watch?v=Xq4ncp-iNNA\" target=\"_blank\">http:\/\/www.youtube.com\/watch?v=Xq4ncp-iNNA<\/a><\/p>\n<p>&nbsp;<\/p>\n<div class=\"pdf24Plugin-cp\"> \t<form name=\"pdf24Form0\" method=\"post\" action=\"https:\/\/doc2pdf.pdf24.org\/wordpress.php\" target=\"pdf24PopWin\" onsubmit=\"var pdf24Win = window.open('about:blank', 'pdf24PopWin', 'resizable=yes,scrollbars=yes,width=600,height=250,left='+(screen.width\/2-300)+',top='+(screen.height\/3-125)+''); pdf24Win.focus(); if(typeof pdf24OnCreatePDF === 'function'){void(pdf24OnCreatePDF(this,pdf24Win));}\"> \t\t<input type=\"hidden\" name=\"blogCharset\" value=\"Cw1x07UAAA==\" \/><input type=\"hidden\" name=\"blogPosts\" value=\"MwQA\" \/><input type=\"hidden\" name=\"blogUrl\" value=\"yygpKSi20tcvLy\/Xy8jPSM3LARK6pXnpqWmZOSWpRSV6KakA\" \/><input type=\"hidden\" name=\"blogName\" value=\"88jPSM3LARK6pXnpqWmZOSWpRSUA\" \/><input type=\"hidden\" name=\"blogValueEncoding\" value=\"gzdeflate base64\" \/><input type=\"hidden\" name=\"postId_0\" value=\"MzQ1MjMGAA==\" \/><input type=\"hidden\" name=\"postTitle_0\" value=\"FcsxCsJAEAXQq3wQgnaylZA2wcImIGI9YT\/rgJmV2c2CnXfwhp5E7d\/rNocQQj8oMbk2qVqUvlpCy4arlEKHlgqq4WJRLXX\/su\/xeb1xystCq+KIPzeunh8ic2L2aKw0jI33pxFHzjfxWLE9T8PuCw==\" \/><input type=\"hidden\" name=\"postLink_0\" value=\"yygpKSi20tcvLy\/Xy8jPSM3LARK6pXnpqWmZOSWpRSV6Kan69gW2hqZGZsYA\" \/><input type=\"hidden\" name=\"postAuthor_0\" value=\"AwA=\" \/><input type=\"hidden\" name=\"postDateTime_0\" value=\"MzIwNNIFIiNDBQNLK0MjKyNTAA==\" \/><input type=\"hidden\" name=\"postContent_0\" value=\"rVfNchw1EL7zFF2hKgVVm93YcQgkjimn7DghsctgwMCF0nh6ZsTOaBZJs0v2lHfgSsHFz5CTb\/smeRK+lrTr\/TEmVHGxd2akVvfXX3\/d2h3t7TpvW1PunXPJhnJ29Iytvqi86+HJkmpo60GfDnjKTYbn7ftb26RN+Lb\/zcG9MzZ5Z0p6\/\/bP49Zo39r3b\/8g1bmSYVlVtadJZ3PuEVvLYliO0UyHnW1HSmUltzY37PFmzPUbw3TEWaVs7umTs9ODT8UWHXd1oY14yNrokulEXVSFVXjTp5eVZTrzXNdwxKiqYcrVtCPtPHVGzsNDzQ5rdwcp3N3BaO+jXYTPzd73bZO8yWZXtpXoXs2uzJRrp7rdAVYsVqfdq4eNW7Ph++ONkw4Q86nVY+W102wFM9l4rpwDlOIrQqPvTI44++uvZ++Kgo2vgR8ydNR5yYiln7pSwQ7CW1t\/zMZhqbEMwGWtq1SdUaUyJtgApvgzxEoAx8PO5EwlT2fvSra+R6p2hGO6hpqw5DuAaGHP6sJTAYxCAlkgm11qOYie4S02IzleI8Ixk9Vl5bcnCluplJjWQXytzfAaJtpVhDwWT+9U3o8eDwaTyaS\/ZKPP3SDnO+QVzvFP7\/yc1coM7+zdtnp3oBbwHwKVqhX0TuCd6gL4X3eq1n52iZif8RRkzZQFKkKbnM4EbFvJo5B9OQWGDpQDNG7cWtfCobAhV01aG7Mx5vBRMi15CcB1xtFZO9Wqzrlph1YJPcNpKy+1MXivEy8TyIZOla1VAy+C97PLbvYXzhCEz6WydCnO98U5yjjnzjMiy+EMTbQVYsCG48oGJMA9ZBufreoK1AdqSRYHN8GoEJdJ2yXfRyhoVXuE4wpUcgAmYx2VoHPYVwVWyzPIbuBXcFPVdcmBSI244RGKKuY4vhRqMdCiCewBbqQpqcsLJZjix6u2aTqTcPqGS93KQ1azznx\/szStHnqwWcTitYZkIcWp4DZq8hyopNPO7qpm9OTg3nOrhh4nkBtJ8YRTnWhQbmdXF0NxOxkPpbF2AmXTSX+9zAGeW8Ik1J7pIK3GKT9F3E5euo1QYtyqXgMNUme7oe+sgJDw\/xaVN5yss67kyeyysgAK55qN6F+KBihjSLYEspsltnwwS6MPhmrQCM0Av75HHpE8UUgO+UfVJWKBPsg0+sEys4Y3B2o+PFIk8QB0x+ZaWLMSuI9UkU4hGrzf+da0DX4tV7QlCEToe9Hp+XGHRoyyDj1udiUdUDzet7HQD20Gf4ILq9ZisoMD0WDTOSlK+FPNyYv\/79\/+nqQjgJ4TOEMGvY0y7WAHra4BCvNKWAMWREL3w2LHfsrUCDcTziDnHOCFHsF5juK\/TGZpr0go7ZtJbOVuvi7WHvqgcygIF9CpofBM8Cx0eOAINQqez8F1gAt\/VOa8lqyKo07D\/+DWsfaogK+U6VQYJR5AISAzTkDZ4P8K9rXm0i+4NpeEDU4jiyBbADuEgNLL0NiuyhDrL5y3QvpaiWqCl+YxXC5iJzT0HFQlAZgxtcCMFMWCCTcjgR6Z39bY+3Toku9JaFaiWpa3HmCFYhO+trHasOOnDt25gIq3WeBG0BIX9FvGAFmi0TaTWmaMNi+12ophfINQN+jtL2aXscUL5yatBB7yBeFZcWc4e2fmQhuXBSnQlbw0EjWpzDCGHuxf7AwZ5oiWFLuVEcYllQTkLLw1MQwheppV0GNG17BFQYAYhRHGkWm98FGXS5J03UmkDXAtg51NfXqO5qKlhyBWu7pMt\/FwUfQiUQAlZIIec10IQUEVztHqguiJN7EU59AvjnPuDSw0AjNao1RgUFJMJWirmODgcDO7wmlmXpQrLTW0AewVuonA8Uqnfx0yZk1g+2K4mucmvUg9CIcazKuFl8F4Y\/QQiIA\/HEg9IYTtU9GecCnjGkjuRpprtOFIshtGGDjVmhzUzHF6sSCE2D9pbTOHPap7HEIEvTgeFLgLSCoTo2QQ3Sx4kTcWMECZ0xb29HCzwJNQqjD7iHCJt+PNnQAWsY5sK3j2wqq8s1ETwhQRksixKNfTznY6iV8jTC+DEOQKrSgMUCmHGBY6zNpgVx3yEnN5bV1yWbibFOJalU3QbqB72lqPeb6OxXtkdRg\/Yj\/rPAoNAV9j9gIuxnHgCFqOT70FQmtXkXWUz8OgxWB9IWnzcZwS9yFxHtPP5t1l3WSPjvPD097yralHr6CabEsJinYe9ejRzmcPH6zcpKKxb0GzooXy3qdHX9DOfbr78efbW1tP6CF9sUXb2\/N1z9Vv\/7BmZ2c9pjBGAslN12+6VnAM516ZwsFtYfNi8Q8Ll+8UyzeZUAfP4QTo4dKdOF2I0Q5uuER\/mKuT3PZzHvjxoInGBsk4m4FYGWxtbz0YxHmoP6pGD2+9If1na7dE20BctVS1SCn92Ha+w+VSqPv\/o\/AmWu9ftA288xfVl+OnP\/y6Yy5G9\/TJyf6tMf\/L3uUI75rMjZ6Ep78B\" \/> \t\t<a href=\"https:\/\/www.pdf24.org\" target=\"_blank\" title=\"www.pdf24.org\" rel=\"nofollow\"><img src=\"https:\/\/www.hohenlohe-ungefiltert.de\/wp-content\/plugins\/pdf24-post-to-pdf\/img\/pdf_32x32.png\" alt=\"\" border=\"0\" height=\"32\" \/><\/a> \t\t<span class=\"pdf24Plugin-cp-space\">&nbsp;&nbsp;<\/span> \t\t<span class=\"pdf24Plugin-cp-text\">Sende Artikel als PDF<\/span> \t\t<span class=\"pdf24Plugin-cp-space\">&nbsp;&nbsp;<\/span> \t\t<input class=\"pdf24Plugin-cp-input\" style=\"margin: 0px;\" type=\"text\" name=\"sendEmailTo\" placeholder=\"Emailadresse\" \/> \t\t<input class=\"pdf24Plugin-cp-submit\" style=\"margin: 0px;\" type=\"submit\" value=\"Senden\" \/> \t<\/form> <\/div>","protected":false},"excerpt":{"rendered":"<p>Wegen des Berichts, der am 13. Dezember 2012 in der ARD-Sendung \u201eMonitor\u201c ausgestrahlt wurde, erreichten die Europaabgeordnete Evelyne Gebhardt (SPD) aus Mulfingen einige Nachfragen. Ihre Stellungnahme dazu ist unten zu lesen. Vom Europab\u00fcro in K\u00fcnzelsau Stellungnahme von Evelyne Gebhardt: Die Privatisierung von Wasser ist ein Unding. Wasser ist ein \u00f6ffentliches Gut. Der Zugang zu Wasser [&hellip;]<\/p>\n","protected":false},"author":3,"featured_media":0,"comment_status":"open","ping_status":"open","sticky":false,"template":"","format":"standard","meta":[],"categories":[],"tags":[],"_links":{"self":[{"href":"https:\/\/www.hohenlohe-ungefiltert.de\/index.php?rest_route=\/wp\/v2\/posts\/15263"}],"collection":[{"href":"https:\/\/www.hohenlohe-ungefiltert.de\/index.php?rest_route=\/wp\/v2\/posts"}],"about":[{"href":"https:\/\/www.hohenlohe-ungefiltert.de\/index.php?rest_route=\/wp\/v2\/types\/post"}],"author":[{"embeddable":true,"href":"https:\/\/www.hohenlohe-ungefiltert.de\/index.php?rest_route=\/wp\/v2\/users\/3"}],"replies":[{"embeddable":true,"href":"https:\/\/www.hohenlohe-ungefiltert.de\/index.php?rest_route=%2Fwp%2Fv2%2Fcomments&post=15263"}],"version-history":[{"count":3,"href":"https:\/\/www.hohenlohe-ungefiltert.de\/index.php?rest_route=\/wp\/v2\/posts\/15263\/revisions"}],"predecessor-version":[{"id":15265,"href":"https:\/\/www.hohenlohe-ungefiltert.de\/index.php?rest_route=\/wp\/v2\/posts\/15263\/revisions\/15265"}],"wp:attachment":[{"href":"https:\/\/www.hohenlohe-ungefiltert.de\/index.php?rest_route=%2Fwp%2Fv2%2Fmedia&parent=15263"}],"wp:term":[{"taxonomy":"category","embeddable":true,"href":"https:\/\/www.hohenlohe-ungefiltert.de\/index.php?rest_route=%2Fwp%2Fv2%2Fcategories&post=15263"},{"taxonomy":"post_tag","embeddable":true,"href":"https:\/\/www.hohenlohe-ungefiltert.de\/index.php?rest_route=%2Fwp%2Fv2%2Ftags&post=15263"}],"curies":[{"name":"wp","href":"https:\/\/api.w.org\/{rel}","templated":true}]}}